{"id":17954,"date":"2022-08-30T11:15:00","date_gmt":"2022-08-30T16:15:00","guid":{"rendered":"https:\/\/cuernavaca.gob.mx\/?p=17954"},"modified":"2025-05-06T12:07:55","modified_gmt":"2025-05-06T18:07:55","slug":"b367-30-08-22-cobija-el-ayuntamiento-de-cuernavaca-la-expresion-de-jovenes-creadores","status":"publish","type":"post","link":"https:\/\/cuernavaca.gob.mx\/?p=17954","title":{"rendered":"B367 30\/08\/22 COBIJA EL AYUNTAMIENTO DE CUERNAVACA LA EXPRESI\u00d3N DE J\u00d3VENES CREADORES"},"content":{"rendered":"\n<p><\/p>\n\n\n\n<p>\u2022<strong> La iniciativa surgi\u00f3 de la Direcci\u00f3n de Infraestructura y Casas de la Cultura con apoyo del regidor Adri\u00e1n Mart\u00ednez Terrazas<\/strong><\/p>\n\n\n\n<p><strong>\u2022 Hubo hip hop, mercadito cultural, K-Pop, anime, cosplay y mucho m\u00e1s<\/strong><\/p>\n\n\n\n<p>Como parte del compromiso del Ayuntamiento de Cuernavaca de fomentar y llevar la cultura a las colonias de la ciudad, se realiz\u00f3 el \u201cEncuentro de j\u00f3venes creadores 2022\u201d #LaCulturaNosRepresenta, organizado por la Secretar\u00eda de Desarrollo Humano y Participaci\u00f3n Social, a trav\u00e9s de la Direcci\u00f3n de Infraestructura y Casas de la Cultura, en esta ocasi\u00f3n habilitando como escenario el Parque Denver en la colonia Lomas de Ahuatl\u00e1n.<\/p>\n\n\n\n<p>M\u00e1s de 10 j\u00f3venes artistas de Cuernavaca mostraron ante 150 personas el talento que cada uno posee en rubros como baile, canto, artesan\u00eda y performance; Jonathan N\u00fa\u00f1ez Garc\u00eda, director de Infraestructura y Casas de la Cultura, refiri\u00f3 que es encomienda del presidente municipal, Jos\u00e9 Luis Uri\u00f3stegui Salgado, descentralizar las actividades art\u00edsticas y culturales, cumpliendo con otro de las prioridades de esta administraci\u00f3n, la apropiaci\u00f3n de los espacios p\u00fablicos.<\/p>\n\n\n\n<p>En el \u201cEncuentro de j\u00f3venes creadores 2022\u201d que tuvo el apoyo del regidor Adri\u00e1n Mart\u00ednez Terrazas para su realizaci\u00f3n, cont\u00f3 con la participaci\u00f3n de Bamboo Fest, donde j\u00f3venes cantaron en japon\u00e9s, ingl\u00e9s y espa\u00f1ol; posteriormente los asistentes disfrutaron de danza K-Pop y la presencia de cosplayers, para despu\u00e9s dar paso al g\u00e9nero pop-rock con Kirizo Band y al baile urbano con On Da Beat Studio.<\/p>\n\n\n\n<p>Para el cierre, se present\u00f3 la cantante y compositora Velvet Villanueva; el compositor y productor morelense Tans, con composiciones de rap, hip hop, trap y reggaet\u00f3n, las cuales pusieron a bailar a los asistentes, quienes tambi\u00e9n aprovecharon para recorrer el \u201cmercadito cultural\u201d, en el que artesanos de la ciudad ofrecieron sus productos promoviendo el consumo local.<\/p>\n\n\n\n<p>Laura Hern\u00e1ndez Cruz, secretaria de Desarrollo Humano y Participaci\u00f3n Social, destac\u00f3 la importancia de que cada vez m\u00e1s j\u00f3venes atiendan las convocatorias y se sumen al rescate de los espacios p\u00fablicos para desarrollar diferentes actividades que incentivan hacer comunidad.<\/p>\n\n\n\n<figure class=\"wp-container-2 wp-block-gallery-1 wp-block-gallery has-nested-images columns-default is-cropped\">\n<figure class=\"wp-block-image size-large\"><img loading=\"lazy\" width=\"1024\" height=\"677\" data-id=\"17957\"  src=\"https:\/\/cuernavaca.gob.mx\/wp-content\/uploads\/2022\/08\/jovenes-creadores-1-1024x677.jpeg\" alt=\"\" class=\"wp-image-17957\" srcset=\"https:\/\/cuernavaca.gob.mx\/wp-content\/uploads\/2022\/08\/jovenes-creadores-1-1024x677.jpeg 1024w, https:\/\/cuernavaca.gob.mx\/wp-content\/uploads\/2022\/08\/jovenes-creadores-1-300x198.jpeg 300w, https:\/\/cuernavaca.gob.mx\/wp-content\/uploads\/2022\/08\/jovenes-creadores-1-768x508.jpeg 768w, https:\/\/cuernavaca.gob.mx\/wp-content\/uploads\/2022\/08\/jovenes-creadores-1-600x397.jpeg 600w, https:\/\/cuernavaca.gob.mx\/wp-content\/uploads\/2022\/08\/jovenes-creadores-1-560x370.jpeg 560w, https:\/\/cuernavaca.gob.mx\/wp-content\/uploads\/2022\/08\/jovenes-creadores-1.jpeg 1280w\" sizes=\"(max-width: 1024px) 100vw, 1024px\" \/><\/figure>\n\n\n\n<figure class=\"wp-block-image size-large\"><img loading=\"lazy\" width=\"1024\" height=\"768\" data-id=\"17964\"  src=\"https:\/\/cuernavaca.gob.mx\/wp-content\/uploads\/2022\/08\/jovenes-creadores-2-1024x768.jpeg\" alt=\"\" class=\"wp-image-17964\" srcset=\"https:\/\/cuernavaca.gob.mx\/wp-content\/uploads\/2022\/08\/jovenes-creadores-2-1024x768.jpeg 1024w, https:\/\/cuernavaca.gob.mx\/wp-content\/uploads\/2022\/08\/jovenes-creadores-2-300x225.jpeg 300w, https:\/\/cuernavaca.gob.mx\/wp-content\/uploads\/2022\/08\/jovenes-creadores-2-768x576.jpeg 768w, https:\/\/cuernavaca.gob.mx\/wp-content\/uploads\/2022\/08\/jovenes-creadores-2-600x450.jpeg 600w, https:\/\/cuernavaca.gob.mx\/wp-content\/uploads\/2022\/08\/jovenes-creadores-2-560x420.jpeg 560w, https:\/\/cuernavaca.gob.mx\/wp-content\/uploads\/2022\/08\/jovenes-creadores-2.jpeg 1280w\" sizes=\"(max-width: 1024px) 100vw, 1024px\" \/><\/figure>\n\n\n\n<figure class=\"wp-block-image size-large\"><img loading=\"lazy\" width=\"1024\" height=\"768\" data-id=\"17960\"  src=\"https:\/\/cuernavaca.gob.mx\/wp-content\/uploads\/2022\/08\/jovenes-creadores-3-1024x768.jpeg\" alt=\"\" class=\"wp-image-17960\" srcset=\"https:\/\/cuernavaca.gob.mx\/wp-content\/uploads\/2022\/08\/jovenes-creadores-3-1024x768.jpeg 1024w, https:\/\/cuernavaca.gob.mx\/wp-content\/uploads\/2022\/08\/jovenes-creadores-3-300x225.jpeg 300w, https:\/\/cuernavaca.gob.mx\/wp-content\/uploads\/2022\/08\/jovenes-creadores-3-768x576.jpeg 768w, https:\/\/cuernavaca.gob.mx\/wp-content\/uploads\/2022\/08\/jovenes-creadores-3-600x450.jpeg 600w, https:\/\/cuernavaca.gob.mx\/wp-content\/uploads\/2022\/08\/jovenes-creadores-3-560x420.jpeg 560w, https:\/\/cuernavaca.gob.mx\/wp-content\/uploads\/2022\/08\/jovenes-creadores-3.jpeg 1280w\" sizes=\"(max-width: 1024px) 100vw, 1024px\" \/><\/figure>\n\n\n\n<figure class=\"wp-block-image size-large\"><img loading=\"lazy\" width=\"1024\" height=\"768\" data-id=\"17958\"  src=\"https:\/\/cuernavaca.gob.mx\/wp-content\/uploads\/2022\/08\/jovenes-creadores-4-1024x768.jpeg\" alt=\"\" class=\"wp-image-17958\" srcset=\"https:\/\/cuernavaca.gob.mx\/wp-content\/uploads\/2022\/08\/jovenes-creadores-4-1024x768.jpeg 1024w, https:\/\/cuernavaca.gob.mx\/wp-content\/uploads\/2022\/08\/jovenes-creadores-4-300x225.jpeg 300w, https:\/\/cuernavaca.gob.mx\/wp-content\/uploads\/2022\/08\/jovenes-creadores-4-768x576.jpeg 768w, https:\/\/cuernavaca.gob.mx\/wp-content\/uploads\/2022\/08\/jovenes-creadores-4-600x450.jpeg 600w, https:\/\/cuernavaca.gob.mx\/wp-content\/uploads\/2022\/08\/jovenes-creadores-4-560x420.jpeg 560w, https:\/\/cuernavaca.gob.mx\/wp-content\/uploads\/2022\/08\/jovenes-creadores-4.jpeg 1280w\" sizes=\"(max-width: 1024px) 100vw, 1024px\" \/><\/figure>\n\n\n\n<figure class=\"wp-block-image size-large\"><img loading=\"lazy\" width=\"768\" height=\"1024\" data-id=\"17956\"  src=\"https:\/\/cuernavaca.gob.mx\/wp-content\/uploads\/2022\/08\/jovenes-creadores-5-768x1024.jpeg\" alt=\"\" class=\"wp-image-17956\" srcset=\"https:\/\/cuernavaca.gob.mx\/wp-content\/uploads\/2022\/08\/jovenes-creadores-5-768x1024.jpeg 768w, https:\/\/cuernavaca.gob.mx\/wp-content\/uploads\/2022\/08\/jovenes-creadores-5-225x300.jpeg 225w, https:\/\/cuernavaca.gob.mx\/wp-content\/uploads\/2022\/08\/jovenes-creadores-5-450x600.jpeg 450w, https:\/\/cuernavaca.gob.mx\/wp-content\/uploads\/2022\/08\/jovenes-creadores-5-420x560.jpeg 420w, https:\/\/cuernavaca.gob.mx\/wp-content\/uploads\/2022\/08\/jovenes-creadores-5.jpeg 960w\" sizes=\"(max-width: 768px) 100vw, 768px\" \/><\/figure>\n\n\n\n<figure class=\"wp-block-image size-large\"><img loading=\"lazy\" width=\"1024\" height=\"966\" data-id=\"17955\"  src=\"https:\/\/cuernavaca.gob.mx\/wp-content\/uploads\/2022\/08\/jovenes-creadores-6-1024x966.jpeg\" alt=\"\" class=\"wp-image-17955\" srcset=\"https:\/\/cuernavaca.gob.mx\/wp-content\/uploads\/2022\/08\/jovenes-creadores-6-1024x966.jpeg 1024w, https:\/\/cuernavaca.gob.mx\/wp-content\/uploads\/2022\/08\/jovenes-creadores-6-300x283.jpeg 300w, https:\/\/cuernavaca.gob.mx\/wp-content\/uploads\/2022\/08\/jovenes-creadores-6-768x725.jpeg 768w, https:\/\/cuernavaca.gob.mx\/wp-content\/uploads\/2022\/08\/jovenes-creadores-6-600x566.jpeg 600w, https:\/\/cuernavaca.gob.mx\/wp-content\/uploads\/2022\/08\/jovenes-creadores-6-560x529.jpeg 560w, https:\/\/cuernavaca.gob.mx\/wp-content\/uploads\/2022\/08\/jovenes-creadores-6.jpeg 1280w\" sizes=\"(max-width: 1024px) 100vw, 1024px\" \/><\/figure>\n\n\n\n<figure class=\"wp-block-image size-large\"><img loading=\"lazy\" width=\"1024\" height=\"683\" data-id=\"17959\"  src=\"https:\/\/cuernavaca.gob.mx\/wp-content\/uploads\/2022\/08\/jovenes-creadores-7-1024x683.jpeg\" alt=\"\" class=\"wp-image-17959\" srcset=\"https:\/\/cuernavaca.gob.mx\/wp-content\/uploads\/2022\/08\/jovenes-creadores-7-1024x683.jpeg 1024w, https:\/\/cuernavaca.gob.mx\/wp-content\/uploads\/2022\/08\/jovenes-creadores-7-300x200.jpeg 300w, https:\/\/cuernavaca.gob.mx\/wp-content\/uploads\/2022\/08\/jovenes-creadores-7-768x512.jpeg 768w, https:\/\/cuernavaca.gob.mx\/wp-content\/uploads\/2022\/08\/jovenes-creadores-7-600x400.jpeg 600w, https:\/\/cuernavaca.gob.mx\/wp-content\/uploads\/2022\/08\/jovenes-creadores-7-560x374.jpeg 560w, https:\/\/cuernavaca.gob.mx\/wp-content\/uploads\/2022\/08\/jovenes-creadores-7.jpeg 1280w\" sizes=\"(max-width: 1024px) 100vw, 1024px\" \/><\/figure>\n\n\n\n<figure class=\"wp-block-image size-large\"><img loading=\"lazy\" width=\"1024\" height=\"683\" data-id=\"17962\"  src=\"https:\/\/cuernavaca.gob.mx\/wp-content\/uploads\/2022\/08\/jovenes-creadores-8-1024x683.jpeg\" alt=\"\" class=\"wp-image-17962\" srcset=\"https:\/\/cuernavaca.gob.mx\/wp-content\/uploads\/2022\/08\/jovenes-creadores-8-1024x683.jpeg 1024w, https:\/\/cuernavaca.gob.mx\/wp-content\/uploads\/2022\/08\/jovenes-creadores-8-300x200.jpeg 300w, https:\/\/cuernavaca.gob.mx\/wp-content\/uploads\/2022\/08\/jovenes-creadores-8-768x512.jpeg 768w, https:\/\/cuernavaca.gob.mx\/wp-content\/uploads\/2022\/08\/jovenes-creadores-8-600x400.jpeg 600w, https:\/\/cuernavaca.gob.mx\/wp-content\/uploads\/2022\/08\/jovenes-creadores-8-560x374.jpeg 560w, https:\/\/cuernavaca.gob.mx\/wp-content\/uploads\/2022\/08\/jovenes-creadores-8.jpeg 1280w\" sizes=\"(max-width: 1024px) 100vw, 1024px\" \/><\/figure>\n\n\n\n<figure class=\"wp-block-image size-large\"><img loading=\"lazy\" width=\"1024\" height=\"683\" data-id=\"17961\"  src=\"https:\/\/cuernavaca.gob.mx\/wp-content\/uploads\/2022\/08\/jovenes-creadores-9-1024x683.jpeg\" alt=\"\" class=\"wp-image-17961\" srcset=\"https:\/\/cuernavaca.gob.mx\/wp-content\/uploads\/2022\/08\/jovenes-creadores-9-1024x683.jpeg 1024w, https:\/\/cuernavaca.gob.mx\/wp-content\/uploads\/2022\/08\/jovenes-creadores-9-300x200.jpeg 300w, https:\/\/cuernavaca.gob.mx\/wp-content\/uploads\/2022\/08\/jovenes-creadores-9-768x512.jpeg 768w, https:\/\/cuernavaca.gob.mx\/wp-content\/uploads\/2022\/08\/jovenes-creadores-9-600x400.jpeg 600w, https:\/\/cuernavaca.gob.mx\/wp-content\/uploads\/2022\/08\/jovenes-creadores-9-560x374.jpeg 560w, https:\/\/cuernavaca.gob.mx\/wp-content\/uploads\/2022\/08\/jovenes-creadores-9.jpeg 1280w\" sizes=\"(max-width: 1024px) 100vw, 1024px\" \/><\/figure>\n\n\n\n<figure class=\"wp-block-image size-large\"><img loading=\"lazy\" width=\"1024\" height=\"683\" data-id=\"17963\"  src=\"https:\/\/cuernavaca.gob.mx\/wp-content\/uploads\/2022\/08\/jovenes-creadores-10-1024x683.jpeg\" alt=\"\" class=\"wp-image-17963\" srcset=\"https:\/\/cuernavaca.gob.mx\/wp-content\/uploads\/2022\/08\/jovenes-creadores-10-1024x683.jpeg 1024w, https:\/\/cuernavaca.gob.mx\/wp-content\/uploads\/2022\/08\/jovenes-creadores-10-300x200.jpeg 300w, https:\/\/cuernavaca.gob.mx\/wp-content\/uploads\/2022\/08\/jovenes-creadores-10-768x512.jpeg 768w, https:\/\/cuernavaca.gob.mx\/wp-content\/uploads\/2022\/08\/jovenes-creadores-10-600x400.jpeg 600w, https:\/\/cuernavaca.gob.mx\/wp-content\/uploads\/2022\/08\/jovenes-creadores-10-560x374.jpeg 560w, https:\/\/cuernavaca.gob.mx\/wp-content\/uploads\/2022\/08\/jovenes-creadores-10.jpeg 1280w\" sizes=\"(max-width: 1024px) 100vw, 1024px\" \/><\/figure>\n<\/figure>\n","protected":false},"excerpt":{"rendered":"<p>\u2022 La iniciativa surgi\u00f3 de la Direcci\u00f3n de Infraestructura y Casas de la Cultura con apoyo del regidor Adri\u00e1n Mart\u00ednez Terrazas \u2022 Hubo hip hop, mercadito cultural, K-Pop, anime, cosplay y mucho m\u00e1s Como parte del compromiso del Ayuntamiento de Cuernavaca de fomentar y llevar la cultura a las colonias de la ciudad, se realiz\u00f3 [&hellip;]<\/p>\n","protected":false},"author":1,"featured_media":17962,"comment_status":"closed","ping_status":"open","sticky":false,"template":"","format":"standard","meta":[],"categories":[862],"tags":[2233,121,313,2229,120,166,206,383,2232],"aioseo_notices":[],"_links":{"self":[{"href":"https:\/\/cuernavaca.gob.mx\/index.php?rest_route=\/wp\/v2\/posts\/17954"}],"collection":[{"href":"https:\/\/cuernavaca.gob.mx\/index.php?rest_route=\/wp\/v2\/posts"}],"about":[{"href":"https:\/\/cuernavaca.gob.mx\/index.php?rest_route=\/wp\/v2\/types\/post"}],"author":[{"embeddable":true,"href":"https:\/\/cuernavaca.gob.mx\/index.php?rest_route=\/wp\/v2\/users\/1"}],"replies":[{"embeddable":true,"href":"https:\/\/cuernavaca.gob.mx\/index.php?rest_route=%2Fwp%2Fv2%2Fcomments&post=17954"}],"version-history":[{"count":1,"href":"https:\/\/cuernavaca.gob.mx\/index.php?rest_route=\/wp\/v2\/posts\/17954\/revisions"}],"predecessor-version":[{"id":17965,"href":"https:\/\/cuernavaca.gob.mx\/index.php?rest_route=\/wp\/v2\/posts\/17954\/revisions\/17965"}],"wp:featuredmedia":[{"embeddable":true,"href":"https:\/\/cuernavaca.gob.mx\/index.php?rest_route=\/wp\/v2\/media\/17962"}],"wp:attachment":[{"href":"https:\/\/cuernavaca.gob.mx\/index.php?rest_route=%2Fwp%2Fv2%2Fmedia&parent=17954"}],"wp:term":[{"taxonomy":"category","embeddable":true,"href":"https:\/\/cuernavaca.gob.mx\/index.php?rest_route=%2Fwp%2Fv2%2Fcategories&post=17954"},{"taxonomy":"post_tag","embeddable":true,"href":"https:\/\/cuernavaca.gob.mx\/index.php?rest_route=%2Fwp%2Fv2%2Ftags&post=17954"}],"curies":[{"name":"wp","href":"https:\/\/api.w.org\/{rel}","templated":true}]}}