{"id":17980,"date":"2022-08-30T16:20:00","date_gmt":"2022-08-30T21:20:00","guid":{"rendered":"https:\/\/cuernavaca.gob.mx\/?p=17980"},"modified":"2025-05-06T12:07:55","modified_gmt":"2025-05-06T18:07:55","slug":"b368-30-08-22-avanza-cuernavaca-en-el-cumplimiento-de-los-indicadores-para-la-atencion-de-la-alerta-de-violencia-de-genero","status":"publish","type":"post","link":"https:\/\/cuernavaca.gob.mx\/?p=17980","title":{"rendered":"B368 30\/08\/22 AVANZA CUERNAVACA EN EL CUMPLIMIENTO DE LOS INDICADORES PARA LA ATENCI\u00d3N DE LA ALERTA DE VIOLENCIA DE G\u00c9NERO"},"content":{"rendered":"\n<p><strong>\u2022 Al tercer trimestre del a\u00f1o, distintas dependencias del Gobierno Municipal presentaron informes en la Sesi\u00f3n Ordinaria del PASEMUN convocado por el Instituto de la Mujer<\/strong><\/p>\n\n\n\n<p><strong>\u2022 El objetivo principal es sociabilizar y concientizar sobre la declaratoria de Violencia de G\u00e9nero<\/strong><\/p>\n\n\n\n<p>En tan solo siete meses, el Ayuntamiento de Cuernavaca ha tenido avances significativos en la atenci\u00f3n de cada uno de los indicadores que incluye el cumplimiento de la declaratoria de Alerta de Violencia de G\u00e9nero (AVG), con la finalidad de abonar a que las mujeres vivan una vida de libre de violencia en la capital del estado, impulsando, a trav\u00e9s de un trabajo integral, acciones tanto al interior como al exterior de la administraci\u00f3n p\u00fablica.<\/p>\n\n\n\n<p>En el marco de la tercera sesi\u00f3n ordinaria del Sistema Municipal para Prevenir, Atender, Sancionar y Erradicar la Violencia contra las mujeres en el municipio (PASEMUN) convocado por el Instituto de la Mujer de Cuernavaca y presidido por el alcalde Jos\u00e9 Luis Uri\u00f3stegui Salgado, se presentaron los informes sobre los indicadores que han atendido hasta el tercer trimestre del a\u00f1o por parte de los titulares del Secretariado Ejecutivo del Consejo Municipal de Seguridad P\u00fablica, la Secretar\u00eda de Desarrollo Sustentable y Servicios P\u00fablicos, el Sistema Municipal DIF, la Secretar\u00eda de Protecci\u00f3n y Auxilio Ciudadano (SEPRAC), la Secretar\u00eda de Desarrollo Humano y Participaci\u00f3n Social, as\u00ed como la Direcci\u00f3n General de Comunicaci\u00f3n Social.<\/p>\n\n\n\n<p>Con lo respecta al Secretariado Ejecutivo del Consejo Municipal de Seguridad P\u00fablica, Marco Olvera Benedicto, destac\u00f3 que la continuaci\u00f3n y fortalecimiento de las marchas exploratorias en distintas colonias de la ciudad, tienen el objetivo de identificar puntos espec\u00edficos que afectan de manera directa o indirecta la seguridad p\u00fablica; tambi\u00e9n se realizaron capacitaciones a los distintos sectores etarios de la poblaci\u00f3n, particularmente a ni\u00f1as y ni\u00f1os para hacerlos conscientes en cuanto a problemas de la violencia y a mujeres integrantes de la Red Mujeres Constructoras de Paz (MUCPAZ).<\/p>\n\n\n\n<p>La Secretar\u00eda de Desarrollo Sustentable y Servicios P\u00fablicos, en voz del director de proyectos, Juan Carlos Camacho Manjarrez, indic\u00f3 que ha iniciado con el rescate de espacios p\u00fablicos, mediante la poda constante de \u00e1rboles y la reparaci\u00f3n de luminarias que se han llevado a cabo en la medida de contar con el material o la compra de insumos a partir de las condiciones presupuestales; en tanto, Luis Flores Garc\u00eda, director general del Sistema DIF Cuernavaca, se\u00f1al\u00f3 que se han abierto de manera permanente distintos talleres preventivos que se imparten en el \u00e1rea de Fortalecimiento Familiar, como salud emocional, en familia, valor a tu persona, el origen de la violencia, aprendiendo a conocernos y orientaciones familiares; adem\u00e1s de que ha dado cumplimiento al vaciado de datos del Banco Estatal de Datos e Informaci\u00f3n sobre Casos de Violencia contra las Mujeres (BANAVIM-M).<\/p>\n\n\n\n<p>Por su lado, Laura Hern\u00e1ndez Cruz, secretaria de Desarrollo Humano y Participaci\u00f3n Social, dijo que, si bien tiene a su cargo la Direcci\u00f3n de Salud y Educaci\u00f3n, ha llevado a cabo distintas actividades que han involucrado a la ni\u00f1ez y a los j\u00f3venes, as\u00ed como ha otorgado capacitaciones a elementos policiacos en atenci\u00f3n a la diversidad sexual, aprovechando el rescate de las bibliotecas p\u00fablicas en la ciudad para generar acciones de sensibilizaci\u00f3n.<\/p>\n\n\n\n<p>La secretaria de Protecci\u00f3n y Auxilio Ciudadano (SEPRAC), Alicia V\u00e1zquez Luna inform\u00f3 que, as\u00ed como han monitoreado las tendencias de violencia contra las mujeres, han participado en las marchas exploratorias, y efectuado operativos en lugares donde se tenga conocimiento de la comisi\u00f3n de conductas violentas o de delitos contras las mujeres, los elementos adscritos a la dependencia han sido capacitados en temas desde derechos humanos hasta perspectiva de g\u00e9nero, encabezando, a la par, capacitaciones a la sociedad y difusi\u00f3n en redes sociales en temas como violencia sexual cibern\u00e9tica, lo que ha recuperado la confianza ciudadana.<\/p>\n\n\n\n<p>Asimismo, la Direcci\u00f3n General de Comunicaci\u00f3n a cargo de Guillermo Correa G\u00f3mez, ha continuado con la generaci\u00f3n de campa\u00f1as permanentes, disuasivas, expansivas e integrales encaminadas a la sociabilizaci\u00f3n de la Alerta de Violencia de G\u00e9nero, la prevenci\u00f3n de la violencia de g\u00e9nero, y dem\u00e1s materiales producidos en conjunto con el Instituto de la Mujer para crear conciencia social y promover una cultura de respeto e igualdad.<\/p>\n\n\n\n<p>En este sentido, la directora general del Instituto de la Mujer de Cuernavaca, Lorena Castillo Castillo, explic\u00f3 que todas estas acciones se han implementado en coordinaci\u00f3n entre las mismas dependencias, siendo necesario a partir de este momento focalizar para identificar como potencializar lo que ya se realiz\u00f3, teniendo como prop\u00f3sito la seguridad de las mujeres.<\/p>\n\n\n\n<p>\u201cSocialmente estamos tocando a las y los ciudadanos que est\u00e1n esperando que nosotros respondamos. Tenemos poco, pero tenemos much\u00edsima creatividad y justamente el tema de la mujer al ser transversal puede ser tocado de much\u00edsimas maneras y llegar a esa sensibilidad que nosotros queremos\u201d, asegur\u00f3.<\/p>\n\n\n\n<p>Finalmente, el alcalde Jos\u00e9 Luis Uri\u00f3stegui Salgado, solicit\u00f3 a las y los titulares de las distintas dependencias definir para la pr\u00f3xima sesi\u00f3n los indicadores acordes a lo que cada una de las \u00e1reas estime conveniente que pueda sumarse para a partir de ello, con el n\u00famero concreto, hacer la valoraci\u00f3n de los resultados y de qu\u00e9 manera, con las acciones que cada \u00e1rea va a implementar, abonan a la disminuci\u00f3n gradual de la violencia de g\u00e9nero.<\/p>\n\n\n\n<figure class=\"wp-container-2 wp-block-gallery-1 wp-block-gallery has-nested-images columns-default is-cropped\">\n<figure class=\"wp-block-image size-large\"><img loading=\"lazy\" width=\"1024\" height=\"683\" data-id=\"17985\"  src=\"https:\/\/cuernavaca.gob.mx\/wp-content\/uploads\/2022\/08\/sesion-PASEMUN-1-1024x683.jpeg\" alt=\"\" class=\"wp-image-17985\" srcset=\"https:\/\/cuernavaca.gob.mx\/wp-content\/uploads\/2022\/08\/sesion-PASEMUN-1-1024x683.jpeg 1024w, https:\/\/cuernavaca.gob.mx\/wp-content\/uploads\/2022\/08\/sesion-PASEMUN-1-300x200.jpeg 300w, https:\/\/cuernavaca.gob.mx\/wp-content\/uploads\/2022\/08\/sesion-PASEMUN-1-768x512.jpeg 768w, https:\/\/cuernavaca.gob.mx\/wp-content\/uploads\/2022\/08\/sesion-PASEMUN-1-1536x1024.jpeg 1536w, https:\/\/cuernavaca.gob.mx\/wp-content\/uploads\/2022\/08\/sesion-PASEMUN-1-600x400.jpeg 600w, https:\/\/cuernavaca.gob.mx\/wp-content\/uploads\/2022\/08\/sesion-PASEMUN-1-560x373.jpeg 560w, https:\/\/cuernavaca.gob.mx\/wp-content\/uploads\/2022\/08\/sesion-PASEMUN-1.jpeg 1599w\" sizes=\"(max-width: 1024px) 100vw, 1024px\" \/><\/figure>\n\n\n\n<figure class=\"wp-block-image size-large\"><img loading=\"lazy\" width=\"1024\" height=\"683\" data-id=\"17981\"  src=\"https:\/\/cuernavaca.gob.mx\/wp-content\/uploads\/2022\/08\/sesion-PASEMUN-2-1024x683.jpeg\" alt=\"\" class=\"wp-image-17981\" srcset=\"https:\/\/cuernavaca.gob.mx\/wp-content\/uploads\/2022\/08\/sesion-PASEMUN-2-1024x683.jpeg 1024w, https:\/\/cuernavaca.gob.mx\/wp-content\/uploads\/2022\/08\/sesion-PASEMUN-2-300x200.jpeg 300w, https:\/\/cuernavaca.gob.mx\/wp-content\/uploads\/2022\/08\/sesion-PASEMUN-2-768x512.jpeg 768w, https:\/\/cuernavaca.gob.mx\/wp-content\/uploads\/2022\/08\/sesion-PASEMUN-2-1536x1024.jpeg 1536w, https:\/\/cuernavaca.gob.mx\/wp-content\/uploads\/2022\/08\/sesion-PASEMUN-2-600x400.jpeg 600w, https:\/\/cuernavaca.gob.mx\/wp-content\/uploads\/2022\/08\/sesion-PASEMUN-2-560x373.jpeg 560w, https:\/\/cuernavaca.gob.mx\/wp-content\/uploads\/2022\/08\/sesion-PASEMUN-2.jpeg 1599w\" sizes=\"(max-width: 1024px) 100vw, 1024px\" \/><\/figure>\n\n\n\n<figure class=\"wp-block-image size-large\"><img loading=\"lazy\" width=\"1024\" height=\"683\" data-id=\"17984\"  src=\"https:\/\/cuernavaca.gob.mx\/wp-content\/uploads\/2022\/08\/sesion-PASEMUN-3-1024x683.jpeg\" alt=\"\" class=\"wp-image-17984\" srcset=\"https:\/\/cuernavaca.gob.mx\/wp-content\/uploads\/2022\/08\/sesion-PASEMUN-3-1024x683.jpeg 1024w, https:\/\/cuernavaca.gob.mx\/wp-content\/uploads\/2022\/08\/sesion-PASEMUN-3-300x200.jpeg 300w, https:\/\/cuernavaca.gob.mx\/wp-content\/uploads\/2022\/08\/sesion-PASEMUN-3-768x512.jpeg 768w, https:\/\/cuernavaca.gob.mx\/wp-content\/uploads\/2022\/08\/sesion-PASEMUN-3-1536x1024.jpeg 1536w, https:\/\/cuernavaca.gob.mx\/wp-content\/uploads\/2022\/08\/sesion-PASEMUN-3-600x400.jpeg 600w, https:\/\/cuernavaca.gob.mx\/wp-content\/uploads\/2022\/08\/sesion-PASEMUN-3-560x373.jpeg 560w, https:\/\/cuernavaca.gob.mx\/wp-content\/uploads\/2022\/08\/sesion-PASEMUN-3.jpeg 1599w\" sizes=\"(max-width: 1024px) 100vw, 1024px\" \/><\/figure>\n\n\n\n<figure class=\"wp-block-image size-large\"><img loading=\"lazy\" width=\"1024\" height=\"683\" data-id=\"17986\"  src=\"https:\/\/cuernavaca.gob.mx\/wp-content\/uploads\/2022\/08\/sesion-PASEMUN-4-1024x683.jpeg\" alt=\"\" class=\"wp-image-17986\" srcset=\"https:\/\/cuernavaca.gob.mx\/wp-content\/uploads\/2022\/08\/sesion-PASEMUN-4-1024x683.jpeg 1024w, https:\/\/cuernavaca.gob.mx\/wp-content\/uploads\/2022\/08\/sesion-PASEMUN-4-300x200.jpeg 300w, https:\/\/cuernavaca.gob.mx\/wp-content\/uploads\/2022\/08\/sesion-PASEMUN-4-768x512.jpeg 768w, https:\/\/cuernavaca.gob.mx\/wp-content\/uploads\/2022\/08\/sesion-PASEMUN-4-1536x1024.jpeg 1536w, https:\/\/cuernavaca.gob.mx\/wp-content\/uploads\/2022\/08\/sesion-PASEMUN-4-600x400.jpeg 600w, https:\/\/cuernavaca.gob.mx\/wp-content\/uploads\/2022\/08\/sesion-PASEMUN-4-560x373.jpeg 560w, https:\/\/cuernavaca.gob.mx\/wp-content\/uploads\/2022\/08\/sesion-PASEMUN-4.jpeg 1599w\" sizes=\"(max-width: 1024px) 100vw, 1024px\" \/><\/figure>\n\n\n\n<figure class=\"wp-block-image size-large\"><img loading=\"lazy\" width=\"1024\" height=\"683\" data-id=\"17982\"  src=\"https:\/\/cuernavaca.gob.mx\/wp-content\/uploads\/2022\/08\/sesion-PASEMUN-5-1024x683.jpeg\" alt=\"\" class=\"wp-image-17982\" srcset=\"https:\/\/cuernavaca.gob.mx\/wp-content\/uploads\/2022\/08\/sesion-PASEMUN-5-1024x683.jpeg 1024w, https:\/\/cuernavaca.gob.mx\/wp-content\/uploads\/2022\/08\/sesion-PASEMUN-5-300x200.jpeg 300w, https:\/\/cuernavaca.gob.mx\/wp-content\/uploads\/2022\/08\/sesion-PASEMUN-5-768x512.jpeg 768w, https:\/\/cuernavaca.gob.mx\/wp-content\/uploads\/2022\/08\/sesion-PASEMUN-5-1536x1024.jpeg 1536w, https:\/\/cuernavaca.gob.mx\/wp-content\/uploads\/2022\/08\/sesion-PASEMUN-5-600x400.jpeg 600w, https:\/\/cuernavaca.gob.mx\/wp-content\/uploads\/2022\/08\/sesion-PASEMUN-5-560x373.jpeg 560w, https:\/\/cuernavaca.gob.mx\/wp-content\/uploads\/2022\/08\/sesion-PASEMUN-5.jpeg 1599w\" sizes=\"(max-width: 1024px) 100vw, 1024px\" \/><\/figure>\n\n\n\n<figure class=\"wp-block-image size-large\"><img loading=\"lazy\" width=\"1024\" height=\"683\" data-id=\"17983\"  src=\"https:\/\/cuernavaca.gob.mx\/wp-content\/uploads\/2022\/08\/sesion-PASEMUN-6-1024x683.jpeg\" alt=\"\" class=\"wp-image-17983\" srcset=\"https:\/\/cuernavaca.gob.mx\/wp-content\/uploads\/2022\/08\/sesion-PASEMUN-6-1024x683.jpeg 1024w, https:\/\/cuernavaca.gob.mx\/wp-content\/uploads\/2022\/08\/sesion-PASEMUN-6-300x200.jpeg 300w, https:\/\/cuernavaca.gob.mx\/wp-content\/uploads\/2022\/08\/sesion-PASEMUN-6-768x512.jpeg 768w, https:\/\/cuernavaca.gob.mx\/wp-content\/uploads\/2022\/08\/sesion-PASEMUN-6-1536x1024.jpeg 1536w, https:\/\/cuernavaca.gob.mx\/wp-content\/uploads\/2022\/08\/sesion-PASEMUN-6-600x400.jpeg 600w, https:\/\/cuernavaca.gob.mx\/wp-content\/uploads\/2022\/08\/sesion-PASEMUN-6-560x373.jpeg 560w, https:\/\/cuernavaca.gob.mx\/wp-content\/uploads\/2022\/08\/sesion-PASEMUN-6.jpeg 1599w\" sizes=\"(max-width: 1024px) 100vw, 1024px\" \/><\/figure>\n\n\n\n<figure class=\"wp-block-image size-large\"><img loading=\"lazy\" width=\"1024\" height=\"683\" data-id=\"17988\"  src=\"https:\/\/cuernavaca.gob.mx\/wp-content\/uploads\/2022\/08\/sesion-PASEMUN-7-1024x683.jpeg\" alt=\"\" class=\"wp-image-17988\" srcset=\"https:\/\/cuernavaca.gob.mx\/wp-content\/uploads\/2022\/08\/sesion-PASEMUN-7-1024x683.jpeg 1024w, https:\/\/cuernavaca.gob.mx\/wp-content\/uploads\/2022\/08\/sesion-PASEMUN-7-300x200.jpeg 300w, https:\/\/cuernavaca.gob.mx\/wp-content\/uploads\/2022\/08\/sesion-PASEMUN-7-768x512.jpeg 768w, https:\/\/cuernavaca.gob.mx\/wp-content\/uploads\/2022\/08\/sesion-PASEMUN-7-1536x1024.jpeg 1536w, https:\/\/cuernavaca.gob.mx\/wp-content\/uploads\/2022\/08\/sesion-PASEMUN-7-600x400.jpeg 600w, https:\/\/cuernavaca.gob.mx\/wp-content\/uploads\/2022\/08\/sesion-PASEMUN-7-560x373.jpeg 560w, https:\/\/cuernavaca.gob.mx\/wp-content\/uploads\/2022\/08\/sesion-PASEMUN-7.jpeg 1599w\" sizes=\"(max-width: 1024px) 100vw, 1024px\" \/><\/figure>\n\n\n\n<figure class=\"wp-block-image size-large\"><img loading=\"lazy\" width=\"1024\" height=\"683\" data-id=\"17987\"  src=\"https:\/\/cuernavaca.gob.mx\/wp-content\/uploads\/2022\/08\/sesion-PASEMUN-8-1024x683.jpeg\" alt=\"\" class=\"wp-image-17987\" srcset=\"https:\/\/cuernavaca.gob.mx\/wp-content\/uploads\/2022\/08\/sesion-PASEMUN-8-1024x683.jpeg 1024w, https:\/\/cuernavaca.gob.mx\/wp-content\/uploads\/2022\/08\/sesion-PASEMUN-8-300x200.jpeg 300w, https:\/\/cuernavaca.gob.mx\/wp-content\/uploads\/2022\/08\/sesion-PASEMUN-8-768x512.jpeg 768w, https:\/\/cuernavaca.gob.mx\/wp-content\/uploads\/2022\/08\/sesion-PASEMUN-8-1536x1024.jpeg 1536w, https:\/\/cuernavaca.gob.mx\/wp-content\/uploads\/2022\/08\/sesion-PASEMUN-8-600x400.jpeg 600w, https:\/\/cuernavaca.gob.mx\/wp-content\/uploads\/2022\/08\/sesion-PASEMUN-8-560x373.jpeg 560w, https:\/\/cuernavaca.gob.mx\/wp-content\/uploads\/2022\/08\/sesion-PASEMUN-8.jpeg 1599w\" sizes=\"(max-width: 1024px) 100vw, 1024px\" \/><\/figure>\n\n\n\n<figure class=\"wp-block-image size-large\"><img loading=\"lazy\" width=\"1024\" height=\"683\" data-id=\"17989\"  src=\"https:\/\/cuernavaca.gob.mx\/wp-content\/uploads\/2022\/08\/sesion-PASEMUN-9-1024x683.jpeg\" alt=\"\" class=\"wp-image-17989\" srcset=\"https:\/\/cuernavaca.gob.mx\/wp-content\/uploads\/2022\/08\/sesion-PASEMUN-9-1024x683.jpeg 1024w, https:\/\/cuernavaca.gob.mx\/wp-content\/uploads\/2022\/08\/sesion-PASEMUN-9-300x200.jpeg 300w, https:\/\/cuernavaca.gob.mx\/wp-content\/uploads\/2022\/08\/sesion-PASEMUN-9-768x512.jpeg 768w, https:\/\/cuernavaca.gob.mx\/wp-content\/uploads\/2022\/08\/sesion-PASEMUN-9-1536x1024.jpeg 1536w, https:\/\/cuernavaca.gob.mx\/wp-content\/uploads\/2022\/08\/sesion-PASEMUN-9-600x400.jpeg 600w, https:\/\/cuernavaca.gob.mx\/wp-content\/uploads\/2022\/08\/sesion-PASEMUN-9-560x373.jpeg 560w, https:\/\/cuernavaca.gob.mx\/wp-content\/uploads\/2022\/08\/sesion-PASEMUN-9.jpeg 1599w\" sizes=\"(max-width: 1024px) 100vw, 1024px\" \/><\/figure>\n<\/figure>\n","protected":false},"excerpt":{"rendered":"<p>\u2022 Al tercer trimestre del a\u00f1o, distintas dependencias del Gobierno Municipal presentaron informes en la Sesi\u00f3n Ordinaria del PASEMUN convocado por el Instituto de la Mujer \u2022 El objetivo principal es sociabilizar y concientizar sobre la declaratoria de Violencia de G\u00e9nero En tan solo siete meses, el Ayuntamiento de Cuernavaca ha tenido avances significativos en [&hellip;]<\/p>\n","protected":false},"author":1,"featured_media":17985,"comment_status":"closed","ping_status":"open","sticky":false,"template":"","format":"standard","meta":[],"categories":[17],"tags":[2236,1111,1423,120,206,202,1291,125,672],"aioseo_notices":[],"_links":{"self":[{"href":"https:\/\/cuernavaca.gob.mx\/index.php?rest_route=\/wp\/v2\/posts\/17980"}],"collection":[{"href":"https:\/\/cuernavaca.gob.mx\/index.php?rest_route=\/wp\/v2\/posts"}],"about":[{"href":"https:\/\/cuernavaca.gob.mx\/index.php?rest_route=\/wp\/v2\/types\/post"}],"author":[{"embeddable":true,"href":"https:\/\/cuernavaca.gob.mx\/index.php?rest_route=\/wp\/v2\/users\/1"}],"replies":[{"embeddable":true,"href":"https:\/\/cuernavaca.gob.mx\/index.php?rest_route=%2Fwp%2Fv2%2Fcomments&post=17980"}],"version-history":[{"count":1,"href":"https:\/\/cuernavaca.gob.mx\/index.php?rest_route=\/wp\/v2\/posts\/17980\/revisions"}],"predecessor-version":[{"id":17990,"href":"https:\/\/cuernavaca.gob.mx\/index.php?rest_route=\/wp\/v2\/posts\/17980\/revisions\/17990"}],"wp:featuredmedia":[{"embeddable":true,"href":"https:\/\/cuernavaca.gob.mx\/index.php?rest_route=\/wp\/v2\/media\/17985"}],"wp:attachment":[{"href":"https:\/\/cuernavaca.gob.mx\/index.php?rest_route=%2Fwp%2Fv2%2Fmedia&parent=17980"}],"wp:term":[{"taxonomy":"category","embeddable":true,"href":"https:\/\/cuernavaca.gob.mx\/index.php?rest_route=%2Fwp%2Fv2%2Fcategories&post=17980"},{"taxonomy":"post_tag","embeddable":true,"href":"https:\/\/cuernavaca.gob.mx\/index.php?rest_route=%2Fwp%2Fv2%2Ftags&post=17980"}],"curies":[{"name":"wp","href":"https:\/\/api.w.org\/{rel}","templated":true}]}}