{"id":18112,"date":"2022-09-02T15:00:00","date_gmt":"2022-09-02T20:00:00","guid":{"rendered":"https:\/\/cuernavaca.gob.mx\/?p=18112"},"modified":"2025-05-06T12:08:21","modified_gmt":"2025-05-06T18:08:21","slug":"b378-02-09-22-reconoce-alcalde-de-cuernavaca-trabajo-y-aportaciones-del-gran-artista-rafael-cauduro","status":"publish","type":"post","link":"https:\/\/cuernavaca.gob.mx\/?p=18112","title":{"rendered":"B378 02\/09\/22 RECONOCE ALCALDE DE CUERNAVACA TRABAJO Y APORTACIONES DEL GRAN ARTISTA RAFAEL CAUDURO"},"content":{"rendered":"\n<p><strong>\u2022\u00a0\u00a0\u00a0\u00a0\u00a0\u00a0\u00a0\u00a0\u00a0\u00a0Jos\u00e9 Luis Uri\u00f3stegui asisti\u00f3 a la inauguraci\u00f3n de la exposici\u00f3n &#8220;Un Cauduro es un Cauduro (es un Cauduro) en el Museo de Arte Contempor\u00e1neo Juan Soriano (MMAC)<\/strong><\/p>\n\n\n\n<p>Al ser el arte prioritario para detonar el renacer de Cuernavaca, el presidente municipal, Jos\u00e9 Luis Uri\u00f3stegui Salgado, asisti\u00f3 a la inauguraci\u00f3n de la exposici\u00f3n &#8220;Un Cauduro es un Cauduro (es un Cauduro), que albergar\u00e1 hasta el 28 de enero del 2023 el Museo de Arte Contempor\u00e1neo Juan Soriano (MMAC), mostrando las obras de uno de los artistas m\u00e1s relevantes del pa\u00eds y quien ha encontrado en la ciudad de la Eterna Primavera, no solo un hogar, sino un espacio de inspiraci\u00f3n, Rafael Cauduro.&nbsp;<\/p>\n\n\n\n<p>En este emblem\u00e1tico espacio cultural y art\u00edstico que cobija la capital del estado, Jos\u00e9 Luis Uri\u00f3stegui reconoci\u00f3 la influencia que ha tenido Cuernavaca para que grandes artistas de talla internacional y nacional decidan establecerse en Morelos, c\u00f3mo es el caso de Rafael Cauduro, quien desde finales de los a\u00f1os 70 reside aqu\u00ed, erigiendo su estudio.&nbsp;<\/p>\n\n\n\n<p>La inauguraci\u00f3n fue encabezada por la secretaria de Turismo y Cultura del estado, Julieta Goldzweig Cornejo y la directora general del MMAC, Helena Gonz\u00e1lez L\u00f3pez; quienes estuvieron acompa\u00f1adas de la subdirectora general de Patrimonio Art\u00edstico e Inmueble del INBAL, Dolores Mart\u00ednez Orralde; la directora de la Casa Estudio Rafael Cauduro, Liliana P\u00e9rez Cano; la curadora de la exposici\u00f3n, Alesha Mercado Besserer; y Elena Cauduro, hija del gran artista pl\u00e1stico.&nbsp;<\/p>\n\n\n\n<p>La exposici\u00f3n &#8220;Un Cauduro es un Cauduro (es un Cauduro)&#8221; es un homenaje a cinco d\u00e9cadas de trabajo de este artista mexicano, uno de los m\u00e1s relevantes y reconocidos en los \u00e1mbitos nacional e internacional de la actualidad, ofreciendo adem\u00e1s a los visitantes la oportunidad de conocer una r\u00e9plica del estudio en el que conceb\u00eda y materializaba algunas de sus obras, formando parte de la celebraci\u00f3n de los 100 a\u00f1os del muralismo mexicano.&nbsp;<\/p>\n\n\n\n<p>Al presidente municipal le acompa\u00f1aron a esta inauguraci\u00f3n el director de Cultura, Juan Contreras de Oteyza y el director de Turismo, Luis Cagide R\u00edos. La entrada es gratuita y el horario para visitarla es de martes a domingo de 10:00 a 17:00 horas en el Museo de Arte Contempor\u00e1neo Juan Soriano (MMAC).<\/p>\n\n\n\n<figure class=\"wp-container-2 wp-block-gallery-1 wp-block-gallery has-nested-images columns-default is-cropped\">\n<figure class=\"wp-block-image size-large\"><img loading=\"lazy\" width=\"1024\" height=\"682\" data-id=\"18115\"  src=\"https:\/\/cuernavaca.gob.mx\/wp-content\/uploads\/2022\/09\/exposicion-Rafael-Cauduro-1-1024x682.jpeg\" alt=\"\" class=\"wp-image-18115\" srcset=\"https:\/\/cuernavaca.gob.mx\/wp-content\/uploads\/2022\/09\/exposicion-Rafael-Cauduro-1-1024x682.jpeg 1024w, https:\/\/cuernavaca.gob.mx\/wp-content\/uploads\/2022\/09\/exposicion-Rafael-Cauduro-1-300x200.jpeg 300w, https:\/\/cuernavaca.gob.mx\/wp-content\/uploads\/2022\/09\/exposicion-Rafael-Cauduro-1-768x512.jpeg 768w, https:\/\/cuernavaca.gob.mx\/wp-content\/uploads\/2022\/09\/exposicion-Rafael-Cauduro-1-600x400.jpeg 600w, https:\/\/cuernavaca.gob.mx\/wp-content\/uploads\/2022\/09\/exposicion-Rafael-Cauduro-1-560x373.jpeg 560w, https:\/\/cuernavaca.gob.mx\/wp-content\/uploads\/2022\/09\/exposicion-Rafael-Cauduro-1.jpeg 1280w\" sizes=\"(max-width: 1024px) 100vw, 1024px\" \/><\/figure>\n\n\n\n<figure class=\"wp-block-image size-large\"><img loading=\"lazy\" width=\"1024\" height=\"682\" data-id=\"18114\"  src=\"https:\/\/cuernavaca.gob.mx\/wp-content\/uploads\/2022\/09\/exposicion-Rafael-Cauduro-2-1024x682.jpeg\" alt=\"\" class=\"wp-image-18114\" srcset=\"https:\/\/cuernavaca.gob.mx\/wp-content\/uploads\/2022\/09\/exposicion-Rafael-Cauduro-2-1024x682.jpeg 1024w, https:\/\/cuernavaca.gob.mx\/wp-content\/uploads\/2022\/09\/exposicion-Rafael-Cauduro-2-300x200.jpeg 300w, https:\/\/cuernavaca.gob.mx\/wp-content\/uploads\/2022\/09\/exposicion-Rafael-Cauduro-2-768x512.jpeg 768w, https:\/\/cuernavaca.gob.mx\/wp-content\/uploads\/2022\/09\/exposicion-Rafael-Cauduro-2-600x400.jpeg 600w, https:\/\/cuernavaca.gob.mx\/wp-content\/uploads\/2022\/09\/exposicion-Rafael-Cauduro-2-560x373.jpeg 560w, https:\/\/cuernavaca.gob.mx\/wp-content\/uploads\/2022\/09\/exposicion-Rafael-Cauduro-2.jpeg 1280w\" sizes=\"(max-width: 1024px) 100vw, 1024px\" \/><\/figure>\n\n\n\n<figure class=\"wp-block-image size-large\"><img loading=\"lazy\" width=\"1024\" height=\"682\" data-id=\"18113\"  src=\"https:\/\/cuernavaca.gob.mx\/wp-content\/uploads\/2022\/09\/exposicion-Rafael-Cauduro-3-1024x682.jpeg\" alt=\"\" class=\"wp-image-18113\" srcset=\"https:\/\/cuernavaca.gob.mx\/wp-content\/uploads\/2022\/09\/exposicion-Rafael-Cauduro-3-1024x682.jpeg 1024w, https:\/\/cuernavaca.gob.mx\/wp-content\/uploads\/2022\/09\/exposicion-Rafael-Cauduro-3-300x200.jpeg 300w, https:\/\/cuernavaca.gob.mx\/wp-content\/uploads\/2022\/09\/exposicion-Rafael-Cauduro-3-768x512.jpeg 768w, https:\/\/cuernavaca.gob.mx\/wp-content\/uploads\/2022\/09\/exposicion-Rafael-Cauduro-3-600x400.jpeg 600w, https:\/\/cuernavaca.gob.mx\/wp-content\/uploads\/2022\/09\/exposicion-Rafael-Cauduro-3-560x373.jpeg 560w, https:\/\/cuernavaca.gob.mx\/wp-content\/uploads\/2022\/09\/exposicion-Rafael-Cauduro-3.jpeg 1280w\" sizes=\"(max-width: 1024px) 100vw, 1024px\" \/><\/figure>\n\n\n\n<figure class=\"wp-block-image size-large\"><img loading=\"lazy\" width=\"1024\" height=\"576\" data-id=\"18116\"  src=\"https:\/\/cuernavaca.gob.mx\/wp-content\/uploads\/2022\/09\/exposicion-Rafael-Cauduro-4-1024x576.jpeg\" alt=\"\" class=\"wp-image-18116\" srcset=\"https:\/\/cuernavaca.gob.mx\/wp-content\/uploads\/2022\/09\/exposicion-Rafael-Cauduro-4-1024x576.jpeg 1024w, https:\/\/cuernavaca.gob.mx\/wp-content\/uploads\/2022\/09\/exposicion-Rafael-Cauduro-4-300x169.jpeg 300w, https:\/\/cuernavaca.gob.mx\/wp-content\/uploads\/2022\/09\/exposicion-Rafael-Cauduro-4-768x432.jpeg 768w, https:\/\/cuernavaca.gob.mx\/wp-content\/uploads\/2022\/09\/exposicion-Rafael-Cauduro-4-600x338.jpeg 600w, https:\/\/cuernavaca.gob.mx\/wp-content\/uploads\/2022\/09\/exposicion-Rafael-Cauduro-4-560x315.jpeg 560w, https:\/\/cuernavaca.gob.mx\/wp-content\/uploads\/2022\/09\/exposicion-Rafael-Cauduro-4.jpeg 1280w\" sizes=\"(max-width: 1024px) 100vw, 1024px\" \/><\/figure>\n\n\n\n<figure class=\"wp-block-image size-large\"><img loading=\"lazy\" width=\"1024\" height=\"682\" data-id=\"18118\"  src=\"https:\/\/cuernavaca.gob.mx\/wp-content\/uploads\/2022\/09\/exposicion-Rafael-Cauduro-5-1024x682.jpeg\" alt=\"\" class=\"wp-image-18118\" srcset=\"https:\/\/cuernavaca.gob.mx\/wp-content\/uploads\/2022\/09\/exposicion-Rafael-Cauduro-5-1024x682.jpeg 1024w, https:\/\/cuernavaca.gob.mx\/wp-content\/uploads\/2022\/09\/exposicion-Rafael-Cauduro-5-300x200.jpeg 300w, https:\/\/cuernavaca.gob.mx\/wp-content\/uploads\/2022\/09\/exposicion-Rafael-Cauduro-5-768x512.jpeg 768w, https:\/\/cuernavaca.gob.mx\/wp-content\/uploads\/2022\/09\/exposicion-Rafael-Cauduro-5-600x400.jpeg 600w, https:\/\/cuernavaca.gob.mx\/wp-content\/uploads\/2022\/09\/exposicion-Rafael-Cauduro-5-560x373.jpeg 560w, https:\/\/cuernavaca.gob.mx\/wp-content\/uploads\/2022\/09\/exposicion-Rafael-Cauduro-5.jpeg 1280w\" sizes=\"(max-width: 1024px) 100vw, 1024px\" \/><\/figure>\n\n\n\n<figure class=\"wp-block-image size-large\"><img loading=\"lazy\" width=\"1024\" height=\"682\" data-id=\"18120\"  src=\"https:\/\/cuernavaca.gob.mx\/wp-content\/uploads\/2022\/09\/exposicion-Rafael-Cauduro-6-1024x682.jpeg\" alt=\"\" class=\"wp-image-18120\" srcset=\"https:\/\/cuernavaca.gob.mx\/wp-content\/uploads\/2022\/09\/exposicion-Rafael-Cauduro-6-1024x682.jpeg 1024w, https:\/\/cuernavaca.gob.mx\/wp-content\/uploads\/2022\/09\/exposicion-Rafael-Cauduro-6-300x200.jpeg 300w, https:\/\/cuernavaca.gob.mx\/wp-content\/uploads\/2022\/09\/exposicion-Rafael-Cauduro-6-768x512.jpeg 768w, https:\/\/cuernavaca.gob.mx\/wp-content\/uploads\/2022\/09\/exposicion-Rafael-Cauduro-6-600x400.jpeg 600w, https:\/\/cuernavaca.gob.mx\/wp-content\/uploads\/2022\/09\/exposicion-Rafael-Cauduro-6-560x373.jpeg 560w, https:\/\/cuernavaca.gob.mx\/wp-content\/uploads\/2022\/09\/exposicion-Rafael-Cauduro-6.jpeg 1280w\" sizes=\"(max-width: 1024px) 100vw, 1024px\" \/><\/figure>\n\n\n\n<figure class=\"wp-block-image size-large\"><img loading=\"lazy\" width=\"1024\" height=\"682\" data-id=\"18117\"  src=\"https:\/\/cuernavaca.gob.mx\/wp-content\/uploads\/2022\/09\/exposicion-Rafael-Cauduro-7-1024x682.jpeg\" alt=\"\" class=\"wp-image-18117\" srcset=\"https:\/\/cuernavaca.gob.mx\/wp-content\/uploads\/2022\/09\/exposicion-Rafael-Cauduro-7-1024x682.jpeg 1024w, https:\/\/cuernavaca.gob.mx\/wp-content\/uploads\/2022\/09\/exposicion-Rafael-Cauduro-7-300x200.jpeg 300w, https:\/\/cuernavaca.gob.mx\/wp-content\/uploads\/2022\/09\/exposicion-Rafael-Cauduro-7-768x512.jpeg 768w, https:\/\/cuernavaca.gob.mx\/wp-content\/uploads\/2022\/09\/exposicion-Rafael-Cauduro-7-600x400.jpeg 600w, https:\/\/cuernavaca.gob.mx\/wp-content\/uploads\/2022\/09\/exposicion-Rafael-Cauduro-7-560x373.jpeg 560w, https:\/\/cuernavaca.gob.mx\/wp-content\/uploads\/2022\/09\/exposicion-Rafael-Cauduro-7.jpeg 1280w\" sizes=\"(max-width: 1024px) 100vw, 1024px\" \/><\/figure>\n\n\n\n<figure class=\"wp-block-image size-large\"><img loading=\"lazy\" width=\"1024\" height=\"682\" data-id=\"18119\"  src=\"https:\/\/cuernavaca.gob.mx\/wp-content\/uploads\/2022\/09\/exposicion-Rafael-Cauduro-8-1024x682.jpeg\" alt=\"\" class=\"wp-image-18119\" srcset=\"https:\/\/cuernavaca.gob.mx\/wp-content\/uploads\/2022\/09\/exposicion-Rafael-Cauduro-8-1024x682.jpeg 1024w, https:\/\/cuernavaca.gob.mx\/wp-content\/uploads\/2022\/09\/exposicion-Rafael-Cauduro-8-300x200.jpeg 300w, https:\/\/cuernavaca.gob.mx\/wp-content\/uploads\/2022\/09\/exposicion-Rafael-Cauduro-8-768x512.jpeg 768w, https:\/\/cuernavaca.gob.mx\/wp-content\/uploads\/2022\/09\/exposicion-Rafael-Cauduro-8-600x400.jpeg 600w, https:\/\/cuernavaca.gob.mx\/wp-content\/uploads\/2022\/09\/exposicion-Rafael-Cauduro-8-560x373.jpeg 560w, https:\/\/cuernavaca.gob.mx\/wp-content\/uploads\/2022\/09\/exposicion-Rafael-Cauduro-8.jpeg 1280w\" sizes=\"(max-width: 1024px) 100vw, 1024px\" \/><\/figure>\n\n\n\n<figure class=\"wp-block-image size-large\"><img loading=\"lazy\" width=\"1024\" height=\"715\" data-id=\"18121\"  src=\"https:\/\/cuernavaca.gob.mx\/wp-content\/uploads\/2022\/09\/exposicion-Rafael-Cauduro-9-1024x715.jpeg\" alt=\"\" class=\"wp-image-18121\" srcset=\"https:\/\/cuernavaca.gob.mx\/wp-content\/uploads\/2022\/09\/exposicion-Rafael-Cauduro-9-1024x715.jpeg 1024w, https:\/\/cuernavaca.gob.mx\/wp-content\/uploads\/2022\/09\/exposicion-Rafael-Cauduro-9-300x210.jpeg 300w, https:\/\/cuernavaca.gob.mx\/wp-content\/uploads\/2022\/09\/exposicion-Rafael-Cauduro-9-768x536.jpeg 768w, https:\/\/cuernavaca.gob.mx\/wp-content\/uploads\/2022\/09\/exposicion-Rafael-Cauduro-9-600x419.jpeg 600w, https:\/\/cuernavaca.gob.mx\/wp-content\/uploads\/2022\/09\/exposicion-Rafael-Cauduro-9-560x391.jpeg 560w, https:\/\/cuernavaca.gob.mx\/wp-content\/uploads\/2022\/09\/exposicion-Rafael-Cauduro-9.jpeg 1280w\" sizes=\"(max-width: 1024px) 100vw, 1024px\" \/><\/figure>\n\n\n\n<figure class=\"wp-block-image size-large\"><img loading=\"lazy\" width=\"1024\" height=\"682\" data-id=\"18122\"  src=\"https:\/\/cuernavaca.gob.mx\/wp-content\/uploads\/2022\/09\/exposicion-Rafael-Cauduro-10-1024x682.jpeg\" alt=\"\" class=\"wp-image-18122\" srcset=\"https:\/\/cuernavaca.gob.mx\/wp-content\/uploads\/2022\/09\/exposicion-Rafael-Cauduro-10-1024x682.jpeg 1024w, https:\/\/cuernavaca.gob.mx\/wp-content\/uploads\/2022\/09\/exposicion-Rafael-Cauduro-10-300x200.jpeg 300w, https:\/\/cuernavaca.gob.mx\/wp-content\/uploads\/2022\/09\/exposicion-Rafael-Cauduro-10-768x512.jpeg 768w, https:\/\/cuernavaca.gob.mx\/wp-content\/uploads\/2022\/09\/exposicion-Rafael-Cauduro-10-600x400.jpeg 600w, https:\/\/cuernavaca.gob.mx\/wp-content\/uploads\/2022\/09\/exposicion-Rafael-Cauduro-10-560x373.jpeg 560w, https:\/\/cuernavaca.gob.mx\/wp-content\/uploads\/2022\/09\/exposicion-Rafael-Cauduro-10.jpeg 1280w\" sizes=\"(max-width: 1024px) 100vw, 1024px\" \/><\/figure>\n\n\n\n<figure class=\"wp-block-image size-large\"><img loading=\"lazy\" width=\"1024\" height=\"682\" data-id=\"18123\"  src=\"https:\/\/cuernavaca.gob.mx\/wp-content\/uploads\/2022\/09\/exposicion-Rafael-Cauduro-11-1024x682.jpeg\" alt=\"\" class=\"wp-image-18123\" srcset=\"https:\/\/cuernavaca.gob.mx\/wp-content\/uploads\/2022\/09\/exposicion-Rafael-Cauduro-11-1024x682.jpeg 1024w, https:\/\/cuernavaca.gob.mx\/wp-content\/uploads\/2022\/09\/exposicion-Rafael-Cauduro-11-300x200.jpeg 300w, https:\/\/cuernavaca.gob.mx\/wp-content\/uploads\/2022\/09\/exposicion-Rafael-Cauduro-11-768x512.jpeg 768w, https:\/\/cuernavaca.gob.mx\/wp-content\/uploads\/2022\/09\/exposicion-Rafael-Cauduro-11-600x400.jpeg 600w, https:\/\/cuernavaca.gob.mx\/wp-content\/uploads\/2022\/09\/exposicion-Rafael-Cauduro-11-560x373.jpeg 560w, https:\/\/cuernavaca.gob.mx\/wp-content\/uploads\/2022\/09\/exposicion-Rafael-Cauduro-11.jpeg 1280w\" sizes=\"(max-width: 1024px) 100vw, 1024px\" \/><\/figure>\n\n\n\n<figure class=\"wp-block-image size-large\"><img loading=\"lazy\" width=\"1024\" height=\"682\" data-id=\"18124\"  src=\"https:\/\/cuernavaca.gob.mx\/wp-content\/uploads\/2022\/09\/exposicion-Rafael-Cauduro-12-1024x682.jpeg\" alt=\"\" class=\"wp-image-18124\" srcset=\"https:\/\/cuernavaca.gob.mx\/wp-content\/uploads\/2022\/09\/exposicion-Rafael-Cauduro-12-1024x682.jpeg 1024w, https:\/\/cuernavaca.gob.mx\/wp-content\/uploads\/2022\/09\/exposicion-Rafael-Cauduro-12-300x200.jpeg 300w, https:\/\/cuernavaca.gob.mx\/wp-content\/uploads\/2022\/09\/exposicion-Rafael-Cauduro-12-768x512.jpeg 768w, https:\/\/cuernavaca.gob.mx\/wp-content\/uploads\/2022\/09\/exposicion-Rafael-Cauduro-12-600x400.jpeg 600w, https:\/\/cuernavaca.gob.mx\/wp-content\/uploads\/2022\/09\/exposicion-Rafael-Cauduro-12-560x373.jpeg 560w, https:\/\/cuernavaca.gob.mx\/wp-content\/uploads\/2022\/09\/exposicion-Rafael-Cauduro-12.jpeg 1280w\" sizes=\"(max-width: 1024px) 100vw, 1024px\" \/><\/figure>\n<\/figure>\n","protected":false},"excerpt":{"rendered":"<p>\u2022\u00a0\u00a0\u00a0\u00a0\u00a0\u00a0\u00a0\u00a0\u00a0\u00a0Jos\u00e9 Luis Uri\u00f3stegui asisti\u00f3 a la inauguraci\u00f3n de la exposici\u00f3n &#8220;Un Cauduro es un Cauduro (es un Cauduro) en el Museo de Arte Contempor\u00e1neo Juan Soriano (MMAC) Al ser el arte prioritario para detonar el renacer de Cuernavaca, el presidente municipal, Jos\u00e9 Luis Uri\u00f3stegui Salgado, asisti\u00f3 a la inauguraci\u00f3n de la exposici\u00f3n &#8220;Un Cauduro es [&hellip;]<\/p>\n","protected":false},"author":1,"featured_media":18119,"comment_status":"closed","ping_status":"open","sticky":false,"template":"","format":"standard","meta":[],"categories":[21],"tags":[1300,1090,121,190,1426,120,206,844,2282,2281],"aioseo_notices":[],"_links":{"self":[{"href":"https:\/\/cuernavaca.gob.mx\/index.php?rest_route=\/wp\/v2\/posts\/18112"}],"collection":[{"href":"https:\/\/cuernavaca.gob.mx\/index.php?rest_route=\/wp\/v2\/posts"}],"about":[{"href":"https:\/\/cuernavaca.gob.mx\/index.php?rest_route=\/wp\/v2\/types\/post"}],"author":[{"embeddable":true,"href":"https:\/\/cuernavaca.gob.mx\/index.php?rest_route=\/wp\/v2\/users\/1"}],"replies":[{"embeddable":true,"href":"https:\/\/cuernavaca.gob.mx\/index.php?rest_route=%2Fwp%2Fv2%2Fcomments&post=18112"}],"version-history":[{"count":1,"href":"https:\/\/cuernavaca.gob.mx\/index.php?rest_route=\/wp\/v2\/posts\/18112\/revisions"}],"predecessor-version":[{"id":18125,"href":"https:\/\/cuernavaca.gob.mx\/index.php?rest_route=\/wp\/v2\/posts\/18112\/revisions\/18125"}],"wp:featuredmedia":[{"embeddable":true,"href":"https:\/\/cuernavaca.gob.mx\/index.php?rest_route=\/wp\/v2\/media\/18119"}],"wp:attachment":[{"href":"https:\/\/cuernavaca.gob.mx\/index.php?rest_route=%2Fwp%2Fv2%2Fmedia&parent=18112"}],"wp:term":[{"taxonomy":"category","embeddable":true,"href":"https:\/\/cuernavaca.gob.mx\/index.php?rest_route=%2Fwp%2Fv2%2Fcategories&post=18112"},{"taxonomy":"post_tag","embeddable":true,"href":"https:\/\/cuernavaca.gob.mx\/index.php?rest_route=%2Fwp%2Fv2%2Ftags&post=18112"}],"curies":[{"name":"wp","href":"https:\/\/api.w.org\/{rel}","templated":true}]}}