{"id":18180,"date":"2022-09-04T16:30:00","date_gmt":"2022-09-04T21:30:00","guid":{"rendered":"https:\/\/cuernavaca.gob.mx\/?p=18180"},"modified":"2025-05-06T12:08:20","modified_gmt":"2025-05-06T18:08:20","slug":"b384-04-09-22-respalda-gobierno-municipal-estrategia-digital-para-detonar-el-desarrollo-economico-de-cuernavaca","status":"publish","type":"post","link":"https:\/\/cuernavaca.gob.mx\/?p=18180","title":{"rendered":"B384 04\/09\/22 RESPALDA GOBIERNO MUNICIPAL ESTRATEGIA DIGITAL PARA DETONAR EL DESARROLLO ECON\u00d3MICO DE CUERNAVACA"},"content":{"rendered":"\n<ul><li><strong>El presidente municipal asisti\u00f3 a la presentaci\u00f3n del programa &#8220;Comunidades Digitales de Consumo&#8221;, de Canaco- Servytur Cuernavaca<\/strong><\/li><\/ul>\n\n\n\n<p>En el marco del 100 aniversario de la C\u00e1mara Nacional de Comercio, Servicios y Turismo de Cuernavaca (Canaco- Servytur), el presidente municipal, Jos\u00e9 Luis Uri\u00f3stegui Salgado, fue anfitri\u00f3n de la presentaci\u00f3n del programa &#8220;Comunidades Digitales de Consumo&#8221;, que busca potenciar la presencia comercial del estado y la ciudad a trav\u00e9s del desarrollo digital, fortaleciendo el trabajo formal.<\/p>\n\n\n\n<p>En el patio del Museo de la Ciudad, el alcalde destac\u00f3 que para Cuernavaca ha sido siempre un privilegio decir que son una ciudad tur\u00edstica que ofrece servicios de calidad con un trato amable, honr\u00e1ndose de recibir la visita de personas de otros estados y pa\u00edses; sin embargo, el comercio se ha vuelto una actividad cotidiana para la poblaci\u00f3n, por lo cual es necesario pensar en los cuernavacenses, pero tambi\u00e9n en los paseantes de fuera.<\/p>\n\n\n\n<p>Al recordar las palabras que el embajador y miembro del Consejo Directivo de CONPEHT (Confederaci\u00f3n Panamericana de Escuelas de Hoteler\u00eda, Gastronom\u00eda y Turismo), Joan Passolas Farrerons, en su visita a la ciudad donde brind\u00f3 la conferencia magna \u201cEl Futuro Tur\u00edstico de Cuernavaca\u201d, se\u00f1al\u00f3 que al hablar de comunidades digitales, se tienen que generar acciones que empaten a quienes no conocen el manejo de estos nuevos medios, en especial al crear la aplicaci\u00f3n &#8220;Mis descuentos. \u00a1Yo, Morelos!&#8221;, que pretende construir una comunidad de consumo local.&nbsp;<\/p>\n\n\n\n<p>Jos\u00e9 Luis Uri\u00f3stegui refrend\u00f3 el apoyo de la presente administraci\u00f3n municipal para consolidar este proyecto, logrando alcanzar a un mayor n\u00famero de personas que en conjunto generan la econom\u00eda que la capital del estado requiere, felicitando a los socios de Canaco, a trav\u00e9s de su presidente en la capital morelense, Rodrigo L\u00f3pez Laguardia, por esta iniciativa.<\/p>\n\n\n\n<p>&#8220;Necesitamos m\u00e1s actividad comercial, reactivar la econom\u00eda de la ciudad y hacer que el comercio informal, como lo refer\u00eda Rodrigo, no desaparezca, sino se transforme, que entre a la formalidad, que las personas que hoy no tienen posibilidades de prestaciones de seguridad social y que su familia tambi\u00e9n est\u00e1 desamparada de los servicios de salud, empiece a pensar distinto, no solo es el d\u00eda a d\u00eda, no solo es levantarte vender y a ver cu\u00e1nto obtengo para la subsistencia&#8221;, refiri\u00f3.<\/p>\n\n\n\n<p>Para contar con m\u00e1s informaci\u00f3n de la app &#8220;Mis descuentos. \u00a1Yo, Morelos!&#8221;, y el proyecto &#8220;Comunidades Digitales de Consumo&#8221;, las personas interesadas pueden visitar la p\u00e1gina y redes sociales de Canaco- Servytur Cuernavaca.<\/p>\n\n\n\n<p>En el presidium estuvo conformado tambi\u00e9n por la secretaria de Desarrollo Econ\u00f3mico y Turismo del estado, Ana Cecilia Rodr\u00edguez Gonz\u00e1lez; el director general del FIDECOMP, Juan Diego Pons D\u00edaz de Le\u00f3n; el presidente municipal de Jojutla, Juan \u00c1ngel Flores Bustamante; el presidente del Consejo Coordinador Empresarial (CCE), Antonio S\u00e1nchez Pur\u00f3n; la titular del Centro de Innovaci\u00f3n Tecnol\u00f3gica de Canaco- Servytur Cuernavaca, Shantal Hern\u00e1ndez Villase\u00f1or.<\/p>\n\n\n\n<p>Asimismo, por la titular de la Comisi\u00f3n de Mujeres de Canaco, Julia Brenda Villanueva Jim\u00e9nez; la representante de la Comisi\u00f3n de Salud de Canaco, Judith Barranco del Valle; el consejero nacional de Canaco- Servytur y expresidente de Canaco- Servytur Cuernavaca, Alejandro Uribe Garc\u00eda; el titular del Centro de Inteligencia Financiera de Canaco- Servytur Cuernavaca, David Ricardo L\u00f3pez Jim\u00e9nez; y el titular de la Comisi\u00f3n de J\u00f3venes Canaco, Caleb Garc\u00eda Mondrag\u00f3n.<\/p>\n\n\n\n<p>Al evento acudieron por parte del Ayuntamiento de Cuernavaca, el director de Turismo, Luis Cagide R\u00edos y el director del Mercado Adolfo L\u00f3pez Mateos, Luis Anguiano Torre; adem\u00e1s de representantes de c\u00e1maras empresariales, asociaciones y sindicatos.<\/p>\n\n\n\n<figure class=\"wp-container-2 wp-block-gallery-1 wp-block-gallery has-nested-images columns-default is-cropped\">\n<figure class=\"wp-block-image size-large\"><img loading=\"lazy\" width=\"1024\" height=\"682\" data-id=\"18184\"  src=\"https:\/\/cuernavaca.gob.mx\/wp-content\/uploads\/2022\/09\/estrategia-digital-1-1024x682.jpeg\" alt=\"\" class=\"wp-image-18184\" srcset=\"https:\/\/cuernavaca.gob.mx\/wp-content\/uploads\/2022\/09\/estrategia-digital-1-1024x682.jpeg 1024w, https:\/\/cuernavaca.gob.mx\/wp-content\/uploads\/2022\/09\/estrategia-digital-1-300x200.jpeg 300w, https:\/\/cuernavaca.gob.mx\/wp-content\/uploads\/2022\/09\/estrategia-digital-1-768x512.jpeg 768w, https:\/\/cuernavaca.gob.mx\/wp-content\/uploads\/2022\/09\/estrategia-digital-1-600x400.jpeg 600w, https:\/\/cuernavaca.gob.mx\/wp-content\/uploads\/2022\/09\/estrategia-digital-1-560x373.jpeg 560w, https:\/\/cuernavaca.gob.mx\/wp-content\/uploads\/2022\/09\/estrategia-digital-1.jpeg 1280w\" sizes=\"(max-width: 1024px) 100vw, 1024px\" \/><\/figure>\n\n\n\n<figure class=\"wp-block-image size-large\"><img loading=\"lazy\" width=\"1024\" height=\"682\" data-id=\"18186\"  src=\"https:\/\/cuernavaca.gob.mx\/wp-content\/uploads\/2022\/09\/estrategia-digital-2-1024x682.jpeg\" alt=\"\" class=\"wp-image-18186\" srcset=\"https:\/\/cuernavaca.gob.mx\/wp-content\/uploads\/2022\/09\/estrategia-digital-2-1024x682.jpeg 1024w, https:\/\/cuernavaca.gob.mx\/wp-content\/uploads\/2022\/09\/estrategia-digital-2-300x200.jpeg 300w, https:\/\/cuernavaca.gob.mx\/wp-content\/uploads\/2022\/09\/estrategia-digital-2-768x512.jpeg 768w, https:\/\/cuernavaca.gob.mx\/wp-content\/uploads\/2022\/09\/estrategia-digital-2-600x400.jpeg 600w, https:\/\/cuernavaca.gob.mx\/wp-content\/uploads\/2022\/09\/estrategia-digital-2-560x373.jpeg 560w, https:\/\/cuernavaca.gob.mx\/wp-content\/uploads\/2022\/09\/estrategia-digital-2.jpeg 1280w\" sizes=\"(max-width: 1024px) 100vw, 1024px\" \/><\/figure>\n\n\n\n<figure class=\"wp-block-image size-large\"><img loading=\"lazy\" width=\"1024\" height=\"682\" data-id=\"18182\"  src=\"https:\/\/cuernavaca.gob.mx\/wp-content\/uploads\/2022\/09\/estrategia-digital-3-1024x682.jpeg\" alt=\"\" class=\"wp-image-18182\" srcset=\"https:\/\/cuernavaca.gob.mx\/wp-content\/uploads\/2022\/09\/estrategia-digital-3-1024x682.jpeg 1024w, https:\/\/cuernavaca.gob.mx\/wp-content\/uploads\/2022\/09\/estrategia-digital-3-300x200.jpeg 300w, https:\/\/cuernavaca.gob.mx\/wp-content\/uploads\/2022\/09\/estrategia-digital-3-768x512.jpeg 768w, https:\/\/cuernavaca.gob.mx\/wp-content\/uploads\/2022\/09\/estrategia-digital-3-600x400.jpeg 600w, https:\/\/cuernavaca.gob.mx\/wp-content\/uploads\/2022\/09\/estrategia-digital-3-560x373.jpeg 560w, https:\/\/cuernavaca.gob.mx\/wp-content\/uploads\/2022\/09\/estrategia-digital-3.jpeg 1280w\" sizes=\"(max-width: 1024px) 100vw, 1024px\" \/><\/figure>\n\n\n\n<figure class=\"wp-block-image size-large\"><img loading=\"lazy\" width=\"1024\" height=\"682\" data-id=\"18185\"  src=\"https:\/\/cuernavaca.gob.mx\/wp-content\/uploads\/2022\/09\/estrategia-digital-4-1024x682.jpeg\" alt=\"\" class=\"wp-image-18185\" srcset=\"https:\/\/cuernavaca.gob.mx\/wp-content\/uploads\/2022\/09\/estrategia-digital-4-1024x682.jpeg 1024w, https:\/\/cuernavaca.gob.mx\/wp-content\/uploads\/2022\/09\/estrategia-digital-4-300x200.jpeg 300w, https:\/\/cuernavaca.gob.mx\/wp-content\/uploads\/2022\/09\/estrategia-digital-4-768x512.jpeg 768w, https:\/\/cuernavaca.gob.mx\/wp-content\/uploads\/2022\/09\/estrategia-digital-4-600x400.jpeg 600w, https:\/\/cuernavaca.gob.mx\/wp-content\/uploads\/2022\/09\/estrategia-digital-4-560x373.jpeg 560w, https:\/\/cuernavaca.gob.mx\/wp-content\/uploads\/2022\/09\/estrategia-digital-4.jpeg 1280w\" sizes=\"(max-width: 1024px) 100vw, 1024px\" \/><\/figure>\n\n\n\n<figure class=\"wp-block-image size-large\"><img loading=\"lazy\" width=\"1024\" height=\"682\" data-id=\"18183\"  src=\"https:\/\/cuernavaca.gob.mx\/wp-content\/uploads\/2022\/09\/estrategia-digital-5-1024x682.jpeg\" alt=\"\" class=\"wp-image-18183\" srcset=\"https:\/\/cuernavaca.gob.mx\/wp-content\/uploads\/2022\/09\/estrategia-digital-5-1024x682.jpeg 1024w, https:\/\/cuernavaca.gob.mx\/wp-content\/uploads\/2022\/09\/estrategia-digital-5-300x200.jpeg 300w, https:\/\/cuernavaca.gob.mx\/wp-content\/uploads\/2022\/09\/estrategia-digital-5-768x512.jpeg 768w, https:\/\/cuernavaca.gob.mx\/wp-content\/uploads\/2022\/09\/estrategia-digital-5-600x400.jpeg 600w, https:\/\/cuernavaca.gob.mx\/wp-content\/uploads\/2022\/09\/estrategia-digital-5-560x373.jpeg 560w, https:\/\/cuernavaca.gob.mx\/wp-content\/uploads\/2022\/09\/estrategia-digital-5.jpeg 1280w\" sizes=\"(max-width: 1024px) 100vw, 1024px\" \/><\/figure>\n\n\n\n<figure class=\"wp-block-image size-large\"><img loading=\"lazy\" width=\"1024\" height=\"682\" data-id=\"18181\"  src=\"https:\/\/cuernavaca.gob.mx\/wp-content\/uploads\/2022\/09\/estrategia-digital-6-1024x682.jpeg\" alt=\"\" class=\"wp-image-18181\" srcset=\"https:\/\/cuernavaca.gob.mx\/wp-content\/uploads\/2022\/09\/estrategia-digital-6-1024x682.jpeg 1024w, https:\/\/cuernavaca.gob.mx\/wp-content\/uploads\/2022\/09\/estrategia-digital-6-300x200.jpeg 300w, https:\/\/cuernavaca.gob.mx\/wp-content\/uploads\/2022\/09\/estrategia-digital-6-768x512.jpeg 768w, https:\/\/cuernavaca.gob.mx\/wp-content\/uploads\/2022\/09\/estrategia-digital-6-600x400.jpeg 600w, https:\/\/cuernavaca.gob.mx\/wp-content\/uploads\/2022\/09\/estrategia-digital-6-560x373.jpeg 560w, https:\/\/cuernavaca.gob.mx\/wp-content\/uploads\/2022\/09\/estrategia-digital-6.jpeg 1280w\" sizes=\"(max-width: 1024px) 100vw, 1024px\" \/><\/figure>\n<\/figure>\n","protected":false},"excerpt":{"rendered":"<p>El presidente municipal asisti\u00f3 a la presentaci\u00f3n del programa &#8220;Comunidades Digitales de Consumo&#8221;, de Canaco- Servytur Cuernavaca En el marco del 100 aniversario de la C\u00e1mara Nacional de Comercio, Servicios y Turismo de Cuernavaca (Canaco- Servytur), el presidente municipal, Jos\u00e9 Luis Uri\u00f3stegui Salgado, fue anfitri\u00f3n de la presentaci\u00f3n del programa &#8220;Comunidades Digitales de Consumo&#8221;, que [&hellip;]<\/p>\n","protected":false},"author":1,"featured_media":18182,"comment_status":"closed","ping_status":"open","sticky":false,"template":"","format":"standard","meta":[],"categories":[2294],"tags":[2295,121,375,539,895,120,206,378,194],"aioseo_notices":[],"_links":{"self":[{"href":"https:\/\/cuernavaca.gob.mx\/index.php?rest_route=\/wp\/v2\/posts\/18180"}],"collection":[{"href":"https:\/\/cuernavaca.gob.mx\/index.php?rest_route=\/wp\/v2\/posts"}],"about":[{"href":"https:\/\/cuernavaca.gob.mx\/index.php?rest_route=\/wp\/v2\/types\/post"}],"author":[{"embeddable":true,"href":"https:\/\/cuernavaca.gob.mx\/index.php?rest_route=\/wp\/v2\/users\/1"}],"replies":[{"embeddable":true,"href":"https:\/\/cuernavaca.gob.mx\/index.php?rest_route=%2Fwp%2Fv2%2Fcomments&post=18180"}],"version-history":[{"count":1,"href":"https:\/\/cuernavaca.gob.mx\/index.php?rest_route=\/wp\/v2\/posts\/18180\/revisions"}],"predecessor-version":[{"id":18187,"href":"https:\/\/cuernavaca.gob.mx\/index.php?rest_route=\/wp\/v2\/posts\/18180\/revisions\/18187"}],"wp:featuredmedia":[{"embeddable":true,"href":"https:\/\/cuernavaca.gob.mx\/index.php?rest_route=\/wp\/v2\/media\/18182"}],"wp:attachment":[{"href":"https:\/\/cuernavaca.gob.mx\/index.php?rest_route=%2Fwp%2Fv2%2Fmedia&parent=18180"}],"wp:term":[{"taxonomy":"category","embeddable":true,"href":"https:\/\/cuernavaca.gob.mx\/index.php?rest_route=%2Fwp%2Fv2%2Fcategories&post=18180"},{"taxonomy":"post_tag","embeddable":true,"href":"https:\/\/cuernavaca.gob.mx\/index.php?rest_route=%2Fwp%2Fv2%2Ftags&post=18180"}],"curies":[{"name":"wp","href":"https:\/\/api.w.org\/{rel}","templated":true}]}}