{"id":18203,"date":"2022-09-05T12:00:00","date_gmt":"2022-09-05T17:00:00","guid":{"rendered":"https:\/\/cuernavaca.gob.mx\/?p=18203"},"modified":"2025-05-06T12:08:19","modified_gmt":"2025-05-06T18:08:19","slug":"f162-05-09-22-realiza-ayuntamiento-jornada-de-bacheo-nocturno-en-el-norte-de-la-ciudad","status":"publish","type":"post","link":"https:\/\/cuernavaca.gob.mx\/?p=18203","title":{"rendered":"F162 05\/09\/22 REALIZA AYUNTAMIENTO JORNADA DE BACHEO NOCTURNO EN EL NORTE DE LA CIUDAD"},"content":{"rendered":"\n<p>El Ayuntamiento de Cuernavaca, a trav\u00e9s de la Secretar\u00eda de Desarrollo Urbano y Obras P\u00fablicas (SDUYOP), inici\u00f3 el Plan de Bacheo durante el mes de septiembre, con el cual se dar\u00e1 mantenimiento correctivo en las vialidades m\u00e1s da\u00f1adas de la ciudad, a fin de mejorar el flujo vehicular.<\/p>\n\n\n\n<p>Alejandro Rosas L\u00f3pez, titular de la SDUyOP, se\u00f1al\u00f3 que las brigadas iniciaron trabajos de bacheo nocturno en un tramo de Calle Ajusco y General Francisco Villa en la colonia Buenavista, as\u00ed como en Calle Palmas Norte, Tabach\u00edn y Avenida L\u00e1zaro C\u00e1rdenas en la colonia Jiquilpan.<\/p>\n\n\n\n<p>Explic\u00f3 que \u00e9stas son utilizadas como v\u00edas alternas durante los festejos que se realizan en avenida Emiliano Zapata, en el marco de la Feria de Tlaltenango, por lo que resulta importante realizar mantenimiento para agilizar la circulaci\u00f3n pues ambas vialidades estaban bastante da\u00f1adas.<\/p>\n\n\n\n<p>El funcionario municipal agreg\u00f3 que adem\u00e1s del bacheo nocturno, se trabaj\u00f3 tambi\u00e9n en Avenida Universidad en Chamilpa y en Avenida Amates y Gustavo Petricholi y hoy las brigadas trabajar\u00e1n en la colonia Antonio Barona.<\/p>\n\n\n\n<p>Alejandro Rosas se\u00f1al\u00f3 que, con este plan, se trata de cumplir los compromisos adquiridos por el presidente municipal, Jos\u00e9 Luis Uri\u00f3stegui Salgado para con la ciudadan\u00eda, adem\u00e1s de atender las denuncias y reportes realizados a trav\u00e9s de redes sociales.<\/p>\n\n\n\n<figure class=\"wp-container-2 wp-block-gallery-1 wp-block-gallery has-nested-images columns-default is-cropped\">\n<figure class=\"wp-block-image size-large\"><img loading=\"lazy\" width=\"1024\" height=\"576\" data-id=\"18205\"  src=\"https:\/\/cuernavaca.gob.mx\/wp-content\/uploads\/2022\/09\/bacheo-nocturno-1-1024x576.jpg\" alt=\"\" class=\"wp-image-18205\" srcset=\"https:\/\/cuernavaca.gob.mx\/wp-content\/uploads\/2022\/09\/bacheo-nocturno-1-1024x576.jpg 1024w, https:\/\/cuernavaca.gob.mx\/wp-content\/uploads\/2022\/09\/bacheo-nocturno-1-300x169.jpg 300w, https:\/\/cuernavaca.gob.mx\/wp-content\/uploads\/2022\/09\/bacheo-nocturno-1-768x432.jpg 768w, https:\/\/cuernavaca.gob.mx\/wp-content\/uploads\/2022\/09\/bacheo-nocturno-1-600x338.jpg 600w, https:\/\/cuernavaca.gob.mx\/wp-content\/uploads\/2022\/09\/bacheo-nocturno-1-560x315.jpg 560w, https:\/\/cuernavaca.gob.mx\/wp-content\/uploads\/2022\/09\/bacheo-nocturno-1.jpg 1280w\" sizes=\"(max-width: 1024px) 100vw, 1024px\" \/><\/figure>\n\n\n\n<figure class=\"wp-block-image size-large\"><img loading=\"lazy\" width=\"1024\" height=\"770\" data-id=\"18207\"  src=\"https:\/\/cuernavaca.gob.mx\/wp-content\/uploads\/2022\/09\/bacheo-nocturno-2-1024x770.jpg\" alt=\"\" class=\"wp-image-18207\" srcset=\"https:\/\/cuernavaca.gob.mx\/wp-content\/uploads\/2022\/09\/bacheo-nocturno-2-1024x770.jpg 1024w, https:\/\/cuernavaca.gob.mx\/wp-content\/uploads\/2022\/09\/bacheo-nocturno-2-300x226.jpg 300w, https:\/\/cuernavaca.gob.mx\/wp-content\/uploads\/2022\/09\/bacheo-nocturno-2-768x578.jpg 768w, https:\/\/cuernavaca.gob.mx\/wp-content\/uploads\/2022\/09\/bacheo-nocturno-2-600x451.jpg 600w, https:\/\/cuernavaca.gob.mx\/wp-content\/uploads\/2022\/09\/bacheo-nocturno-2-560x421.jpg 560w, https:\/\/cuernavaca.gob.mx\/wp-content\/uploads\/2022\/09\/bacheo-nocturno-2.jpg 1280w\" sizes=\"(max-width: 1024px) 100vw, 1024px\" \/><\/figure>\n\n\n\n<figure class=\"wp-block-image size-large\"><img loading=\"lazy\" width=\"1024\" height=\"576\" data-id=\"18206\"  src=\"https:\/\/cuernavaca.gob.mx\/wp-content\/uploads\/2022\/09\/bacheo-nocturno-3-1024x576.jpg\" alt=\"\" class=\"wp-image-18206\" srcset=\"https:\/\/cuernavaca.gob.mx\/wp-content\/uploads\/2022\/09\/bacheo-nocturno-3-1024x576.jpg 1024w, https:\/\/cuernavaca.gob.mx\/wp-content\/uploads\/2022\/09\/bacheo-nocturno-3-300x169.jpg 300w, https:\/\/cuernavaca.gob.mx\/wp-content\/uploads\/2022\/09\/bacheo-nocturno-3-768x432.jpg 768w, https:\/\/cuernavaca.gob.mx\/wp-content\/uploads\/2022\/09\/bacheo-nocturno-3-600x338.jpg 600w, https:\/\/cuernavaca.gob.mx\/wp-content\/uploads\/2022\/09\/bacheo-nocturno-3-560x315.jpg 560w, https:\/\/cuernavaca.gob.mx\/wp-content\/uploads\/2022\/09\/bacheo-nocturno-3.jpg 1280w\" sizes=\"(max-width: 1024px) 100vw, 1024px\" \/><\/figure>\n\n\n\n<figure class=\"wp-block-image size-large\"><img loading=\"lazy\" width=\"1024\" height=\"576\" data-id=\"18208\"  src=\"https:\/\/cuernavaca.gob.mx\/wp-content\/uploads\/2022\/09\/bacheo-nocturno-4-1024x576.jpg\" alt=\"\" class=\"wp-image-18208\" srcset=\"https:\/\/cuernavaca.gob.mx\/wp-content\/uploads\/2022\/09\/bacheo-nocturno-4-1024x576.jpg 1024w, https:\/\/cuernavaca.gob.mx\/wp-content\/uploads\/2022\/09\/bacheo-nocturno-4-300x169.jpg 300w, https:\/\/cuernavaca.gob.mx\/wp-content\/uploads\/2022\/09\/bacheo-nocturno-4-768x432.jpg 768w, https:\/\/cuernavaca.gob.mx\/wp-content\/uploads\/2022\/09\/bacheo-nocturno-4-600x338.jpg 600w, https:\/\/cuernavaca.gob.mx\/wp-content\/uploads\/2022\/09\/bacheo-nocturno-4-560x315.jpg 560w, https:\/\/cuernavaca.gob.mx\/wp-content\/uploads\/2022\/09\/bacheo-nocturno-4.jpg 1280w\" sizes=\"(max-width: 1024px) 100vw, 1024px\" \/><\/figure>\n<\/figure>\n","protected":false},"excerpt":{"rendered":"<p>El Ayuntamiento de Cuernavaca, a trav\u00e9s de la Secretar\u00eda de Desarrollo Urbano y Obras P\u00fablicas (SDUYOP), inici\u00f3 el Plan de Bacheo durante el mes de septiembre, con el cual se dar\u00e1 mantenimiento correctivo en las vialidades m\u00e1s da\u00f1adas de la ciudad, a fin de mejorar el flujo vehicular. Alejandro Rosas L\u00f3pez, titular de la SDUyOP, [&hellip;]<\/p>\n","protected":false},"author":1,"featured_media":18208,"comment_status":"closed","ping_status":"open","sticky":false,"template":"","format":"standard","meta":[],"categories":[18],"tags":[360,357,121,120,206,356,358,433,143,342],"aioseo_notices":[],"_links":{"self":[{"href":"https:\/\/cuernavaca.gob.mx\/index.php?rest_route=\/wp\/v2\/posts\/18203"}],"collection":[{"href":"https:\/\/cuernavaca.gob.mx\/index.php?rest_route=\/wp\/v2\/posts"}],"about":[{"href":"https:\/\/cuernavaca.gob.mx\/index.php?rest_route=\/wp\/v2\/types\/post"}],"author":[{"embeddable":true,"href":"https:\/\/cuernavaca.gob.mx\/index.php?rest_route=\/wp\/v2\/users\/1"}],"replies":[{"embeddable":true,"href":"https:\/\/cuernavaca.gob.mx\/index.php?rest_route=%2Fwp%2Fv2%2Fcomments&post=18203"}],"version-history":[{"count":1,"href":"https:\/\/cuernavaca.gob.mx\/index.php?rest_route=\/wp\/v2\/posts\/18203\/revisions"}],"predecessor-version":[{"id":18210,"href":"https:\/\/cuernavaca.gob.mx\/index.php?rest_route=\/wp\/v2\/posts\/18203\/revisions\/18210"}],"wp:featuredmedia":[{"embeddable":true,"href":"https:\/\/cuernavaca.gob.mx\/index.php?rest_route=\/wp\/v2\/media\/18208"}],"wp:attachment":[{"href":"https:\/\/cuernavaca.gob.mx\/index.php?rest_route=%2Fwp%2Fv2%2Fmedia&parent=18203"}],"wp:term":[{"taxonomy":"category","embeddable":true,"href":"https:\/\/cuernavaca.gob.mx\/index.php?rest_route=%2Fwp%2Fv2%2Fcategories&post=18203"},{"taxonomy":"post_tag","embeddable":true,"href":"https:\/\/cuernavaca.gob.mx\/index.php?rest_route=%2Fwp%2Fv2%2Ftags&post=18203"}],"curies":[{"name":"wp","href":"https:\/\/api.w.org\/{rel}","templated":true}]}}