{"id":18308,"date":"2022-09-07T18:00:00","date_gmt":"2022-09-07T23:00:00","guid":{"rendered":"https:\/\/cuernavaca.gob.mx\/?p=18308"},"modified":"2025-05-06T12:08:17","modified_gmt":"2025-05-06T18:08:17","slug":"b393-07-09-22-aprueba-cabildo-de-cuernavaca-codigo-de-conducta-para-las-y-los-servidores-publicos-del-gobierno-municipal","status":"publish","type":"post","link":"https:\/\/cuernavaca.gob.mx\/?p=18308","title":{"rendered":"B393 07\/09\/22 APRUEBA CABILDO DE CUERNAVACA C\u00d3DIGO DE CONDUCTA PARA LAS Y LOS SERVIDORES P\u00daBLICOS DEL GOBIERNO MUNICIPAL"},"content":{"rendered":"\n<p><strong>\u2022 La norma jur\u00eddica pretende actualizar los principios de la funci\u00f3n p\u00fablica para que en la actuaci\u00f3n impere una conducta integra que responda a las necesidades de la sociedad<\/strong><\/p>\n\n\n\n<p>Con la finalidad de erradicar la corrupci\u00f3n y malos tratos a la ciudadan\u00eda, abonando a la cultura de la rendici\u00f3n de cuentas, el Cabildo de Cuernavaca aprob\u00f3 el C\u00f3digo de Conducta para las Personas al Servicio P\u00fablico del Gobierno Municipal y sus organismos descentralizados, que busca potencializar y actualizar los principios de la funci\u00f3n p\u00fablica para que en la actuaci\u00f3n de las funcionarias y los funcionarios impere una conducta integra que responda a las necesidades de la sociedad.<\/p>\n\n\n\n<p>En el marco de la sesi\u00f3n ordinaria de Cabildo convocada para este mi\u00e9rcoles, la regidora presidenta de la Comisi\u00f3n de Gobernaci\u00f3n y Reglamentos, Paz Hern\u00e1ndez Pardo, asever\u00f3 que con esta norma jur\u00eddica se fortalecer\u00e1n las instituciones municipales, al dar a conocer el conjunto de conductas que se requieren observar en el ejercicio diario del servicio p\u00fablico, \u201cya que es necesario evitar que el cargo p\u00fablico, el poder o los recursos p\u00fablicos sean utilizados para beneficios personales, evitando y sancionando los hechos de corrupci\u00f3n que se puedan suscitar al interior de la administraci\u00f3n municipal\u201d.<\/p>\n\n\n\n<p>Por su lado, la regidora, Wendi Salinas Ruiz, destac\u00f3 que con este C\u00f3digo de Conducta la capital morelense ser\u00e1 un ejemplo en el estado debido a que en el rubro de sanciones se adicionaron art\u00edculos y fracciones que establecen las y los servidores p\u00fablicos deben abstenerse de introducir y usar dentro de las instalaciones del Gobierno Municipal pl\u00e1sticos de un solo uso, fomentando con estas acciones el cuidado del medio ambiente.<\/p>\n\n\n\n<p>El C\u00f3digo de Conducta para las Personas al Servicio P\u00fablico del Ayuntamiento de Cuernavaca y sus organismos descentralizado, que entrar\u00e1 en vigencia a trav\u00e9s de su publicaci\u00f3n en la Gaceta Oficial, fue revisado por la Consejer\u00eda Jur\u00eddica, as\u00ed como por la Direcci\u00f3n de Mejora Regulatoria para verificar que el mismo se hiciera en concordancia con la normativa aplicable del municipio, reforzando el C\u00f3digo de \u00c9tica para las y los Servidores P\u00fablicos del Ayuntamiento y sus organismos descentralizados, que fue aprobado a finales del mes de julio con el objetivo de garantizar un actuar con base en los derechos humanos, profesionalizando y normando la funci\u00f3n institucional por medio de acciones afirmativas.<\/p>\n\n\n\n<figure class=\"wp-container-2 wp-block-gallery-1 wp-block-gallery has-nested-images columns-default is-cropped\">\n<figure class=\"wp-block-image size-large\"><img loading=\"lazy\" width=\"1024\" height=\"682\" data-id=\"18313\"  src=\"https:\/\/cuernavaca.gob.mx\/wp-content\/uploads\/2022\/09\/codigo-conducta-1-1024x682.jpeg\" alt=\"\" class=\"wp-image-18313\" srcset=\"https:\/\/cuernavaca.gob.mx\/wp-content\/uploads\/2022\/09\/codigo-conducta-1-1024x682.jpeg 1024w, https:\/\/cuernavaca.gob.mx\/wp-content\/uploads\/2022\/09\/codigo-conducta-1-300x200.jpeg 300w, https:\/\/cuernavaca.gob.mx\/wp-content\/uploads\/2022\/09\/codigo-conducta-1-768x512.jpeg 768w, https:\/\/cuernavaca.gob.mx\/wp-content\/uploads\/2022\/09\/codigo-conducta-1-600x400.jpeg 600w, https:\/\/cuernavaca.gob.mx\/wp-content\/uploads\/2022\/09\/codigo-conducta-1-560x373.jpeg 560w, https:\/\/cuernavaca.gob.mx\/wp-content\/uploads\/2022\/09\/codigo-conducta-1.jpeg 1280w\" sizes=\"(max-width: 1024px) 100vw, 1024px\" \/><\/figure>\n\n\n\n<figure class=\"wp-block-image size-large\"><img loading=\"lazy\" width=\"1024\" height=\"682\" data-id=\"18312\"  src=\"https:\/\/cuernavaca.gob.mx\/wp-content\/uploads\/2022\/09\/codigo-conducta-2-1024x682.jpeg\" alt=\"\" class=\"wp-image-18312\" srcset=\"https:\/\/cuernavaca.gob.mx\/wp-content\/uploads\/2022\/09\/codigo-conducta-2-1024x682.jpeg 1024w, https:\/\/cuernavaca.gob.mx\/wp-content\/uploads\/2022\/09\/codigo-conducta-2-300x200.jpeg 300w, https:\/\/cuernavaca.gob.mx\/wp-content\/uploads\/2022\/09\/codigo-conducta-2-768x512.jpeg 768w, https:\/\/cuernavaca.gob.mx\/wp-content\/uploads\/2022\/09\/codigo-conducta-2-600x400.jpeg 600w, https:\/\/cuernavaca.gob.mx\/wp-content\/uploads\/2022\/09\/codigo-conducta-2-560x373.jpeg 560w, https:\/\/cuernavaca.gob.mx\/wp-content\/uploads\/2022\/09\/codigo-conducta-2.jpeg 1280w\" sizes=\"(max-width: 1024px) 100vw, 1024px\" \/><\/figure>\n\n\n\n<figure class=\"wp-block-image size-large\"><img loading=\"lazy\" width=\"1024\" height=\"682\" data-id=\"18311\"  src=\"https:\/\/cuernavaca.gob.mx\/wp-content\/uploads\/2022\/09\/codigo-conducta-3-1024x682.jpeg\" alt=\"\" class=\"wp-image-18311\" srcset=\"https:\/\/cuernavaca.gob.mx\/wp-content\/uploads\/2022\/09\/codigo-conducta-3-1024x682.jpeg 1024w, https:\/\/cuernavaca.gob.mx\/wp-content\/uploads\/2022\/09\/codigo-conducta-3-300x200.jpeg 300w, https:\/\/cuernavaca.gob.mx\/wp-content\/uploads\/2022\/09\/codigo-conducta-3-768x512.jpeg 768w, https:\/\/cuernavaca.gob.mx\/wp-content\/uploads\/2022\/09\/codigo-conducta-3-600x400.jpeg 600w, https:\/\/cuernavaca.gob.mx\/wp-content\/uploads\/2022\/09\/codigo-conducta-3-560x373.jpeg 560w, https:\/\/cuernavaca.gob.mx\/wp-content\/uploads\/2022\/09\/codigo-conducta-3.jpeg 1280w\" sizes=\"(max-width: 1024px) 100vw, 1024px\" \/><\/figure>\n\n\n\n<figure class=\"wp-block-image size-large\"><img loading=\"lazy\" width=\"1024\" height=\"682\" data-id=\"18309\"  src=\"https:\/\/cuernavaca.gob.mx\/wp-content\/uploads\/2022\/09\/codigo-conducta-4-1024x682.jpeg\" alt=\"\" class=\"wp-image-18309\" srcset=\"https:\/\/cuernavaca.gob.mx\/wp-content\/uploads\/2022\/09\/codigo-conducta-4-1024x682.jpeg 1024w, https:\/\/cuernavaca.gob.mx\/wp-content\/uploads\/2022\/09\/codigo-conducta-4-300x200.jpeg 300w, https:\/\/cuernavaca.gob.mx\/wp-content\/uploads\/2022\/09\/codigo-conducta-4-768x512.jpeg 768w, https:\/\/cuernavaca.gob.mx\/wp-content\/uploads\/2022\/09\/codigo-conducta-4-600x400.jpeg 600w, https:\/\/cuernavaca.gob.mx\/wp-content\/uploads\/2022\/09\/codigo-conducta-4-560x373.jpeg 560w, https:\/\/cuernavaca.gob.mx\/wp-content\/uploads\/2022\/09\/codigo-conducta-4.jpeg 1280w\" sizes=\"(max-width: 1024px) 100vw, 1024px\" \/><\/figure>\n\n\n\n<figure class=\"wp-block-image size-large\"><img loading=\"lazy\" width=\"1024\" height=\"576\" data-id=\"18310\"  src=\"https:\/\/cuernavaca.gob.mx\/wp-content\/uploads\/2022\/09\/codigo-conducta-5-1024x576.jpeg\" alt=\"\" class=\"wp-image-18310\" srcset=\"https:\/\/cuernavaca.gob.mx\/wp-content\/uploads\/2022\/09\/codigo-conducta-5-1024x576.jpeg 1024w, https:\/\/cuernavaca.gob.mx\/wp-content\/uploads\/2022\/09\/codigo-conducta-5-300x169.jpeg 300w, https:\/\/cuernavaca.gob.mx\/wp-content\/uploads\/2022\/09\/codigo-conducta-5-768x432.jpeg 768w, https:\/\/cuernavaca.gob.mx\/wp-content\/uploads\/2022\/09\/codigo-conducta-5-600x338.jpeg 600w, https:\/\/cuernavaca.gob.mx\/wp-content\/uploads\/2022\/09\/codigo-conducta-5-560x315.jpeg 560w, https:\/\/cuernavaca.gob.mx\/wp-content\/uploads\/2022\/09\/codigo-conducta-5.jpeg 1280w\" sizes=\"(max-width: 1024px) 100vw, 1024px\" \/><\/figure>\n<\/figure>\n","protected":false},"excerpt":{"rendered":"<p>\u2022 La norma jur\u00eddica pretende actualizar los principios de la funci\u00f3n p\u00fablica para que en la actuaci\u00f3n impere una conducta integra que responda a las necesidades de la sociedad Con la finalidad de erradicar la corrupci\u00f3n y malos tratos a la ciudadan\u00eda, abonando a la cultura de la rendici\u00f3n de cuentas, el Cabildo de Cuernavaca [&hellip;]<\/p>\n","protected":false},"author":1,"featured_media":18312,"comment_status":"closed","ping_status":"open","sticky":false,"template":"","format":"standard","meta":[],"categories":[20],"tags":[2320,1707,121,2321,1929,120,206,1548,470],"aioseo_notices":[],"_links":{"self":[{"href":"https:\/\/cuernavaca.gob.mx\/index.php?rest_route=\/wp\/v2\/posts\/18308"}],"collection":[{"href":"https:\/\/cuernavaca.gob.mx\/index.php?rest_route=\/wp\/v2\/posts"}],"about":[{"href":"https:\/\/cuernavaca.gob.mx\/index.php?rest_route=\/wp\/v2\/types\/post"}],"author":[{"embeddable":true,"href":"https:\/\/cuernavaca.gob.mx\/index.php?rest_route=\/wp\/v2\/users\/1"}],"replies":[{"embeddable":true,"href":"https:\/\/cuernavaca.gob.mx\/index.php?rest_route=%2Fwp%2Fv2%2Fcomments&post=18308"}],"version-history":[{"count":1,"href":"https:\/\/cuernavaca.gob.mx\/index.php?rest_route=\/wp\/v2\/posts\/18308\/revisions"}],"predecessor-version":[{"id":18314,"href":"https:\/\/cuernavaca.gob.mx\/index.php?rest_route=\/wp\/v2\/posts\/18308\/revisions\/18314"}],"wp:featuredmedia":[{"embeddable":true,"href":"https:\/\/cuernavaca.gob.mx\/index.php?rest_route=\/wp\/v2\/media\/18312"}],"wp:attachment":[{"href":"https:\/\/cuernavaca.gob.mx\/index.php?rest_route=%2Fwp%2Fv2%2Fmedia&parent=18308"}],"wp:term":[{"taxonomy":"category","embeddable":true,"href":"https:\/\/cuernavaca.gob.mx\/index.php?rest_route=%2Fwp%2Fv2%2Fcategories&post=18308"},{"taxonomy":"post_tag","embeddable":true,"href":"https:\/\/cuernavaca.gob.mx\/index.php?rest_route=%2Fwp%2Fv2%2Ftags&post=18308"}],"curies":[{"name":"wp","href":"https:\/\/api.w.org\/{rel}","templated":true}]}}