{"id":18453,"date":"2022-09-10T14:00:00","date_gmt":"2022-09-10T19:00:00","guid":{"rendered":"https:\/\/cuernavaca.gob.mx\/?p=18453"},"modified":"2025-05-06T12:08:55","modified_gmt":"2025-05-06T18:08:55","slug":"b402-10-09-22-crece-el-interes-y-adhesion-al-programa-de-adopcion-de-espacios-publicos-en-cuernavaca","status":"publish","type":"post","link":"https:\/\/cuernavaca.gob.mx\/?p=18453","title":{"rendered":"B402 10\/09\/22 CRECE EL INTER\u00c9S Y ADHESI\u00d3N AL PROGRAMA DE ADOPCI\u00d3N DE ESPACIOS P\u00daBLICOS EN CUERNAVACA"},"content":{"rendered":"\n<p><strong>* Empresarios, organizaciones y corporativos se hacen cargo de la limpieza y mantenimiento de camellones, glorietas entre otros<\/strong><\/p>\n\n\n\n<p>M\u00e1s interesados, entre los que se encuentran empresarios, corporativos, restaurantes y organizaciones civiles, se siguen sumando al proyecto de Adopci\u00f3n de Espacios P\u00fablicos que promueve el Ayuntamiento de Cuernavaca a trav\u00e9s de la Secretar\u00eda de Desarrollo Sustentable y Servicios P\u00fablicos, en esta ocasi\u00f3n fue el Hotel Villa Bejar Cuernavaca y Servicios Inmobiliarios Cuernavaca S.C. (Plaza Corporativa), fortaleciendo el trabajo en conjunto entre sociedad y gobierno para el rescate de la imagen urbana de la ciudad.<\/p>\n\n\n\n<p>El secretario de Desarrollo Urbano y Servicios P\u00fablicos, Omar Israel Albavera V\u00e1zquez, agradeci\u00f3 y reconoci\u00f3 la gran respuesta que ha tenido la iniciativa privada para participar en este programa que parte de la pol\u00edtica municipal de recuperaci\u00f3n del espacio p\u00fablico que da vida a la capital morelense; destacando que en las \u00faltimas semanas se han logrado signar cinco cartas compromiso con distintas empresas y negocios.<\/p>\n\n\n\n<p>A la fecha se han adherido a esta gran apuesta de la presente administraci\u00f3n, AFES Comercial S.A. de C.V., Consultores Inmobiliarios Profesionales, Fomento Social Mar\u00eda F\u00e9lix A.C., Grupo Iragorri Automotriz S.A. de C.V. (sucursal Nagoya), Hotel Villa Bejar Cuernavaca, Las Ma\u00f1anitas, M\u00e9xico Luxury Estates S.A. de C.V., Multisistema de Seguridad de Morelos S.A. de C.V., el restaurante El Rey de la Arrachera (sucursal Acapatzingo), el restaurante La Perra Dirty Pizza, y Servicios Inmobiliarios Cuernavaca S.C. (Plaza Corporativa).<\/p>\n\n\n\n<p>Ante la complejidad financiera que enfrenta el municipio consecuencia de lo heredddo por anteriores administraciones, el Programa de Adopci\u00f3n de Espacios P\u00fablicos conservar\u00e1 limpia y con mantenimiento permanente al municipio; adem\u00e1s de que generar\u00e1 un ahorro a la Secretar\u00eda de Desarrollo Sustentable y Servicios P\u00fablicos que podr\u00e1 redireccionar para la atenci\u00f3n de otros servicios, ofreciendo asesoramiento permanente a los interesados en tareas de recuperaci\u00f3n y rehabilitaci\u00f3n.<\/p>\n\n\n\n<p>La ciudadan\u00eda, sociedad civil organizada y empresarios interesados en suscribirse al programa pueden hacerlo a trav\u00e9s de la Secretar\u00eda de Desarrollo Sustentable y Servicios P\u00fablicos, trabajando juntos para que Cuernavaca renazca m\u00e1s bella y en orden, como la ciudad de la Eterna Primavera.<\/p>\n\n\n\n<figure class=\"wp-container-2 wp-block-gallery-1 wp-block-gallery has-nested-images columns-default is-cropped\">\n<figure class=\"wp-block-image size-large\"><img loading=\"lazy\" width=\"1024\" height=\"768\" data-id=\"18454\"  src=\"https:\/\/cuernavaca.gob.mx\/wp-content\/uploads\/2022\/09\/adopta-espacio-publico-1-1024x768.jpg\" alt=\"\" class=\"wp-image-18454\" srcset=\"https:\/\/cuernavaca.gob.mx\/wp-content\/uploads\/2022\/09\/adopta-espacio-publico-1-1024x768.jpg 1024w, https:\/\/cuernavaca.gob.mx\/wp-content\/uploads\/2022\/09\/adopta-espacio-publico-1-300x225.jpg 300w, https:\/\/cuernavaca.gob.mx\/wp-content\/uploads\/2022\/09\/adopta-espacio-publico-1-768x576.jpg 768w, https:\/\/cuernavaca.gob.mx\/wp-content\/uploads\/2022\/09\/adopta-espacio-publico-1-600x450.jpg 600w, https:\/\/cuernavaca.gob.mx\/wp-content\/uploads\/2022\/09\/adopta-espacio-publico-1-560x420.jpg 560w, https:\/\/cuernavaca.gob.mx\/wp-content\/uploads\/2022\/09\/adopta-espacio-publico-1.jpg 1440w\" sizes=\"(max-width: 1024px) 100vw, 1024px\" \/><\/figure>\n\n\n\n<figure class=\"wp-block-image size-large\"><img loading=\"lazy\" width=\"1024\" height=\"768\" data-id=\"18459\"  src=\"https:\/\/cuernavaca.gob.mx\/wp-content\/uploads\/2022\/09\/adopta-espacio-publico-2-1024x768.jpg\" alt=\"\" class=\"wp-image-18459\" srcset=\"https:\/\/cuernavaca.gob.mx\/wp-content\/uploads\/2022\/09\/adopta-espacio-publico-2-1024x768.jpg 1024w, https:\/\/cuernavaca.gob.mx\/wp-content\/uploads\/2022\/09\/adopta-espacio-publico-2-300x225.jpg 300w, https:\/\/cuernavaca.gob.mx\/wp-content\/uploads\/2022\/09\/adopta-espacio-publico-2-768x576.jpg 768w, https:\/\/cuernavaca.gob.mx\/wp-content\/uploads\/2022\/09\/adopta-espacio-publico-2-600x450.jpg 600w, https:\/\/cuernavaca.gob.mx\/wp-content\/uploads\/2022\/09\/adopta-espacio-publico-2-560x420.jpg 560w, https:\/\/cuernavaca.gob.mx\/wp-content\/uploads\/2022\/09\/adopta-espacio-publico-2.jpg 1440w\" sizes=\"(max-width: 1024px) 100vw, 1024px\" \/><\/figure>\n\n\n\n<figure class=\"wp-block-image size-large\"><img loading=\"lazy\" width=\"1024\" height=\"766\" data-id=\"18455\"  src=\"https:\/\/cuernavaca.gob.mx\/wp-content\/uploads\/2022\/09\/adopta-espacio-publico-3-1024x766.jpg\" alt=\"\" class=\"wp-image-18455\" srcset=\"https:\/\/cuernavaca.gob.mx\/wp-content\/uploads\/2022\/09\/adopta-espacio-publico-3-1024x766.jpg 1024w, https:\/\/cuernavaca.gob.mx\/wp-content\/uploads\/2022\/09\/adopta-espacio-publico-3-300x225.jpg 300w, https:\/\/cuernavaca.gob.mx\/wp-content\/uploads\/2022\/09\/adopta-espacio-publico-3-768x575.jpg 768w, https:\/\/cuernavaca.gob.mx\/wp-content\/uploads\/2022\/09\/adopta-espacio-publico-3-600x449.jpg 600w, https:\/\/cuernavaca.gob.mx\/wp-content\/uploads\/2022\/09\/adopta-espacio-publico-3-560x419.jpg 560w, https:\/\/cuernavaca.gob.mx\/wp-content\/uploads\/2022\/09\/adopta-espacio-publico-3.jpg 1280w\" sizes=\"(max-width: 1024px) 100vw, 1024px\" \/><\/figure>\n\n\n\n<figure class=\"wp-block-image size-large\"><img loading=\"lazy\" width=\"1024\" height=\"768\" data-id=\"18461\"  src=\"https:\/\/cuernavaca.gob.mx\/wp-content\/uploads\/2022\/09\/adopta-espacio-publico-4-1024x768.jpg\" alt=\"\" class=\"wp-image-18461\" srcset=\"https:\/\/cuernavaca.gob.mx\/wp-content\/uploads\/2022\/09\/adopta-espacio-publico-4-1024x768.jpg 1024w, https:\/\/cuernavaca.gob.mx\/wp-content\/uploads\/2022\/09\/adopta-espacio-publico-4-300x225.jpg 300w, https:\/\/cuernavaca.gob.mx\/wp-content\/uploads\/2022\/09\/adopta-espacio-publico-4-768x576.jpg 768w, https:\/\/cuernavaca.gob.mx\/wp-content\/uploads\/2022\/09\/adopta-espacio-publico-4-600x450.jpg 600w, https:\/\/cuernavaca.gob.mx\/wp-content\/uploads\/2022\/09\/adopta-espacio-publico-4-560x420.jpg 560w, https:\/\/cuernavaca.gob.mx\/wp-content\/uploads\/2022\/09\/adopta-espacio-publico-4.jpg 1440w\" sizes=\"(max-width: 1024px) 100vw, 1024px\" \/><\/figure>\n\n\n\n<figure class=\"wp-block-image size-large\"><img loading=\"lazy\" width=\"1024\" height=\"768\" data-id=\"18457\"  src=\"https:\/\/cuernavaca.gob.mx\/wp-content\/uploads\/2022\/09\/adopta-espacio-publico-5-1024x768.jpg\" alt=\"\" class=\"wp-image-18457\" srcset=\"https:\/\/cuernavaca.gob.mx\/wp-content\/uploads\/2022\/09\/adopta-espacio-publico-5-1024x768.jpg 1024w, https:\/\/cuernavaca.gob.mx\/wp-content\/uploads\/2022\/09\/adopta-espacio-publico-5-300x225.jpg 300w, https:\/\/cuernavaca.gob.mx\/wp-content\/uploads\/2022\/09\/adopta-espacio-publico-5-768x576.jpg 768w, https:\/\/cuernavaca.gob.mx\/wp-content\/uploads\/2022\/09\/adopta-espacio-publico-5-600x450.jpg 600w, https:\/\/cuernavaca.gob.mx\/wp-content\/uploads\/2022\/09\/adopta-espacio-publico-5-560x420.jpg 560w, https:\/\/cuernavaca.gob.mx\/wp-content\/uploads\/2022\/09\/adopta-espacio-publico-5.jpg 1440w\" sizes=\"(max-width: 1024px) 100vw, 1024px\" \/><\/figure>\n\n\n\n<figure class=\"wp-block-image size-large\"><img loading=\"lazy\" width=\"1024\" height=\"768\" data-id=\"18456\"  src=\"https:\/\/cuernavaca.gob.mx\/wp-content\/uploads\/2022\/09\/adopta-espacio-publico-6-1024x768.jpg\" alt=\"\" class=\"wp-image-18456\" srcset=\"https:\/\/cuernavaca.gob.mx\/wp-content\/uploads\/2022\/09\/adopta-espacio-publico-6-1024x768.jpg 1024w, https:\/\/cuernavaca.gob.mx\/wp-content\/uploads\/2022\/09\/adopta-espacio-publico-6-300x225.jpg 300w, https:\/\/cuernavaca.gob.mx\/wp-content\/uploads\/2022\/09\/adopta-espacio-publico-6-768x576.jpg 768w, https:\/\/cuernavaca.gob.mx\/wp-content\/uploads\/2022\/09\/adopta-espacio-publico-6-600x450.jpg 600w, https:\/\/cuernavaca.gob.mx\/wp-content\/uploads\/2022\/09\/adopta-espacio-publico-6-560x420.jpg 560w, https:\/\/cuernavaca.gob.mx\/wp-content\/uploads\/2022\/09\/adopta-espacio-publico-6.jpg 1165w\" sizes=\"(max-width: 1024px) 100vw, 1024px\" \/><\/figure>\n\n\n\n<figure class=\"wp-block-image size-large\"><img loading=\"lazy\" width=\"1024\" height=\"1024\" data-id=\"18458\"  src=\"https:\/\/cuernavaca.gob.mx\/wp-content\/uploads\/2022\/09\/adopta-espacio-publico-7-1024x1024.jpg\" alt=\"\" class=\"wp-image-18458\" srcset=\"https:\/\/cuernavaca.gob.mx\/wp-content\/uploads\/2022\/09\/adopta-espacio-publico-7-1024x1024.jpg 1024w, https:\/\/cuernavaca.gob.mx\/wp-content\/uploads\/2022\/09\/adopta-espacio-publico-7-300x300.jpg 300w, https:\/\/cuernavaca.gob.mx\/wp-content\/uploads\/2022\/09\/adopta-espacio-publico-7-150x150.jpg 150w, https:\/\/cuernavaca.gob.mx\/wp-content\/uploads\/2022\/09\/adopta-espacio-publico-7-768x768.jpg 768w, https:\/\/cuernavaca.gob.mx\/wp-content\/uploads\/2022\/09\/adopta-espacio-publico-7-600x600.jpg 600w, https:\/\/cuernavaca.gob.mx\/wp-content\/uploads\/2022\/09\/adopta-espacio-publico-7-560x560.jpg 560w, https:\/\/cuernavaca.gob.mx\/wp-content\/uploads\/2022\/09\/adopta-espacio-publico-7.jpg 1200w\" sizes=\"(max-width: 1024px) 100vw, 1024px\" \/><\/figure>\n\n\n\n<figure class=\"wp-block-image size-large\"><img loading=\"lazy\" width=\"1024\" height=\"768\" data-id=\"18460\"  src=\"https:\/\/cuernavaca.gob.mx\/wp-content\/uploads\/2022\/09\/adopta-espacio-publico-8-1024x768.jpg\" alt=\"\" class=\"wp-image-18460\" srcset=\"https:\/\/cuernavaca.gob.mx\/wp-content\/uploads\/2022\/09\/adopta-espacio-publico-8-1024x768.jpg 1024w, https:\/\/cuernavaca.gob.mx\/wp-content\/uploads\/2022\/09\/adopta-espacio-publico-8-300x225.jpg 300w, https:\/\/cuernavaca.gob.mx\/wp-content\/uploads\/2022\/09\/adopta-espacio-publico-8-768x576.jpg 768w, https:\/\/cuernavaca.gob.mx\/wp-content\/uploads\/2022\/09\/adopta-espacio-publico-8-600x450.jpg 600w, https:\/\/cuernavaca.gob.mx\/wp-content\/uploads\/2022\/09\/adopta-espacio-publico-8-560x420.jpg 560w, https:\/\/cuernavaca.gob.mx\/wp-content\/uploads\/2022\/09\/adopta-espacio-publico-8.jpg 1440w\" sizes=\"(max-width: 1024px) 100vw, 1024px\" \/><\/figure>\n<\/figure>\n","protected":false},"excerpt":{"rendered":"<p>* Empresarios, organizaciones y corporativos se hacen cargo de la limpieza y mantenimiento de camellones, glorietas entre otros M\u00e1s interesados, entre los que se encuentran empresarios, corporativos, restaurantes y organizaciones civiles, se siguen sumando al proyecto de Adopci\u00f3n de Espacios P\u00fablicos que promueve el Ayuntamiento de Cuernavaca a trav\u00e9s de la Secretar\u00eda de Desarrollo Sustentable [&hellip;]<\/p>\n","protected":false},"author":1,"featured_media":18458,"comment_status":"closed","ping_status":"open","sticky":false,"template":"","format":"standard","meta":[],"categories":[2271],"tags":[2342,121,302,303,220,120,2288,206],"aioseo_notices":[],"_links":{"self":[{"href":"https:\/\/cuernavaca.gob.mx\/index.php?rest_route=\/wp\/v2\/posts\/18453"}],"collection":[{"href":"https:\/\/cuernavaca.gob.mx\/index.php?rest_route=\/wp\/v2\/posts"}],"about":[{"href":"https:\/\/cuernavaca.gob.mx\/index.php?rest_route=\/wp\/v2\/types\/post"}],"author":[{"embeddable":true,"href":"https:\/\/cuernavaca.gob.mx\/index.php?rest_route=\/wp\/v2\/users\/1"}],"replies":[{"embeddable":true,"href":"https:\/\/cuernavaca.gob.mx\/index.php?rest_route=%2Fwp%2Fv2%2Fcomments&post=18453"}],"version-history":[{"count":1,"href":"https:\/\/cuernavaca.gob.mx\/index.php?rest_route=\/wp\/v2\/posts\/18453\/revisions"}],"predecessor-version":[{"id":18462,"href":"https:\/\/cuernavaca.gob.mx\/index.php?rest_route=\/wp\/v2\/posts\/18453\/revisions\/18462"}],"wp:featuredmedia":[{"embeddable":true,"href":"https:\/\/cuernavaca.gob.mx\/index.php?rest_route=\/wp\/v2\/media\/18458"}],"wp:attachment":[{"href":"https:\/\/cuernavaca.gob.mx\/index.php?rest_route=%2Fwp%2Fv2%2Fmedia&parent=18453"}],"wp:term":[{"taxonomy":"category","embeddable":true,"href":"https:\/\/cuernavaca.gob.mx\/index.php?rest_route=%2Fwp%2Fv2%2Fcategories&post=18453"},{"taxonomy":"post_tag","embeddable":true,"href":"https:\/\/cuernavaca.gob.mx\/index.php?rest_route=%2Fwp%2Fv2%2Ftags&post=18453"}],"curies":[{"name":"wp","href":"https:\/\/api.w.org\/{rel}","templated":true}]}}