{"id":18544,"date":"2022-09-12T18:00:00","date_gmt":"2022-09-12T23:00:00","guid":{"rendered":"https:\/\/cuernavaca.gob.mx\/?p=18544"},"modified":"2025-05-06T12:08:53","modified_gmt":"2025-05-06T18:08:53","slug":"f168-12-09-22-da-respuesta-jose-luis-uriostegui-a-trabajadores-pensionados-y-jubilados-del-sapac-inconformes-por-retraso-en-sus-pagos","status":"publish","type":"post","link":"https:\/\/cuernavaca.gob.mx\/?p=18544","title":{"rendered":"F168 12\/09\/22  DA RESPUESTA JOS\u00c9 LUIS URI\u00d3STEGUI A TRABAJADORES PENSIONADOS Y JUBILADOS DEL SAPAC INCONFORMES POR RETRASO EN SUS PAGOS"},"content":{"rendered":"\n<p>Este lunes el presidente municipal de Cuernavaca, Jos\u00e9 Luis Uri\u00f3stegui Salgado y la directora de Administraci\u00f3n y Finanzas del Sistema de Agua Potable y Alcantarillado (SAPAC), Patricia Alegr\u00eda Loyola, atendieron a un grupo de jubilados y pensionados del organismo, quienes se manifestaron en la avenida Morelos ante la falta de pago de la mensualidad que corresponde.<\/p>\n\n\n\n<p>Tras escuchar sus inquietudes, el alcalde de Cuernavaca precis\u00f3 a los manifestantes que el compromiso de esta administraci\u00f3n es transparentar el manejo de los recursos p\u00fablicos, incluidos los que est\u00e1n siendo destinados para el pago de trabajadores y ex trabajadores, por lo que neg\u00f3 que este retraso responda a movimientos discrecionales, sino a un ajuste administrativo para permitir contar con liquidez y cubrir los pagos que corresponden.<\/p>\n\n\n\n<p>En este sentido, Patricia Alegr\u00eda, directora de Administraci\u00f3n y Finanzas del SAPAC, inform\u00f3 que fue un error de comunicaci\u00f3n interna hacia la plantilla de trabajadores jubilados sobre los ajustes del calendario de pagos que cada mes se realiza, por lo que este martes 13 de septiembre recibir\u00e1n el deposito correspondiente, asumiendo el compromiso de revisar tambi\u00e9n solicitudes de pensi\u00f3n por viudez para las esposas de ex trabajadores.<\/p>\n\n\n\n<figure class=\"wp-container-2 wp-block-gallery-1 wp-block-gallery has-nested-images columns-default is-cropped\">\n<figure class=\"wp-block-image size-large\"><img loading=\"lazy\" width=\"1024\" height=\"682\" data-id=\"18547\"  src=\"https:\/\/cuernavaca.gob.mx\/wp-content\/uploads\/2022\/09\/inconformes-sapac-1-1024x682.jpg\" alt=\"\" class=\"wp-image-18547\" srcset=\"https:\/\/cuernavaca.gob.mx\/wp-content\/uploads\/2022\/09\/inconformes-sapac-1-1024x682.jpg 1024w, https:\/\/cuernavaca.gob.mx\/wp-content\/uploads\/2022\/09\/inconformes-sapac-1-300x200.jpg 300w, https:\/\/cuernavaca.gob.mx\/wp-content\/uploads\/2022\/09\/inconformes-sapac-1-768x512.jpg 768w, https:\/\/cuernavaca.gob.mx\/wp-content\/uploads\/2022\/09\/inconformes-sapac-1-600x400.jpg 600w, https:\/\/cuernavaca.gob.mx\/wp-content\/uploads\/2022\/09\/inconformes-sapac-1-560x373.jpg 560w, https:\/\/cuernavaca.gob.mx\/wp-content\/uploads\/2022\/09\/inconformes-sapac-1.jpg 1280w\" sizes=\"(max-width: 1024px) 100vw, 1024px\" \/><\/figure>\n\n\n\n<figure class=\"wp-block-image size-large\"><img loading=\"lazy\" width=\"1024\" height=\"682\" data-id=\"18546\"  src=\"https:\/\/cuernavaca.gob.mx\/wp-content\/uploads\/2022\/09\/inconformes-sapac-2-1024x682.jpg\" alt=\"\" class=\"wp-image-18546\" srcset=\"https:\/\/cuernavaca.gob.mx\/wp-content\/uploads\/2022\/09\/inconformes-sapac-2-1024x682.jpg 1024w, https:\/\/cuernavaca.gob.mx\/wp-content\/uploads\/2022\/09\/inconformes-sapac-2-300x200.jpg 300w, https:\/\/cuernavaca.gob.mx\/wp-content\/uploads\/2022\/09\/inconformes-sapac-2-768x512.jpg 768w, https:\/\/cuernavaca.gob.mx\/wp-content\/uploads\/2022\/09\/inconformes-sapac-2-600x400.jpg 600w, https:\/\/cuernavaca.gob.mx\/wp-content\/uploads\/2022\/09\/inconformes-sapac-2-560x373.jpg 560w, https:\/\/cuernavaca.gob.mx\/wp-content\/uploads\/2022\/09\/inconformes-sapac-2.jpg 1280w\" sizes=\"(max-width: 1024px) 100vw, 1024px\" \/><\/figure>\n\n\n\n<figure class=\"wp-block-image size-large\"><img loading=\"lazy\" width=\"1024\" height=\"682\" data-id=\"18548\"  src=\"https:\/\/cuernavaca.gob.mx\/wp-content\/uploads\/2022\/09\/inconformes-sapac-3-1024x682.jpg\" alt=\"\" class=\"wp-image-18548\" srcset=\"https:\/\/cuernavaca.gob.mx\/wp-content\/uploads\/2022\/09\/inconformes-sapac-3-1024x682.jpg 1024w, https:\/\/cuernavaca.gob.mx\/wp-content\/uploads\/2022\/09\/inconformes-sapac-3-300x200.jpg 300w, https:\/\/cuernavaca.gob.mx\/wp-content\/uploads\/2022\/09\/inconformes-sapac-3-768x512.jpg 768w, https:\/\/cuernavaca.gob.mx\/wp-content\/uploads\/2022\/09\/inconformes-sapac-3-600x400.jpg 600w, https:\/\/cuernavaca.gob.mx\/wp-content\/uploads\/2022\/09\/inconformes-sapac-3-560x373.jpg 560w, https:\/\/cuernavaca.gob.mx\/wp-content\/uploads\/2022\/09\/inconformes-sapac-3.jpg 1280w\" sizes=\"(max-width: 1024px) 100vw, 1024px\" \/><\/figure>\n\n\n\n<figure class=\"wp-block-image size-large\"><img loading=\"lazy\" width=\"1024\" height=\"682\" data-id=\"18545\"  src=\"https:\/\/cuernavaca.gob.mx\/wp-content\/uploads\/2022\/09\/inconformes-sapac-4-1024x682.jpg\" alt=\"\" class=\"wp-image-18545\" srcset=\"https:\/\/cuernavaca.gob.mx\/wp-content\/uploads\/2022\/09\/inconformes-sapac-4-1024x682.jpg 1024w, https:\/\/cuernavaca.gob.mx\/wp-content\/uploads\/2022\/09\/inconformes-sapac-4-300x200.jpg 300w, https:\/\/cuernavaca.gob.mx\/wp-content\/uploads\/2022\/09\/inconformes-sapac-4-768x512.jpg 768w, https:\/\/cuernavaca.gob.mx\/wp-content\/uploads\/2022\/09\/inconformes-sapac-4-600x400.jpg 600w, https:\/\/cuernavaca.gob.mx\/wp-content\/uploads\/2022\/09\/inconformes-sapac-4-560x373.jpg 560w, https:\/\/cuernavaca.gob.mx\/wp-content\/uploads\/2022\/09\/inconformes-sapac-4.jpg 1280w\" sizes=\"(max-width: 1024px) 100vw, 1024px\" \/><\/figure>\n<\/figure>\n","protected":false},"excerpt":{"rendered":"<p>Este lunes el presidente municipal de Cuernavaca, Jos\u00e9 Luis Uri\u00f3stegui Salgado y la directora de Administraci\u00f3n y Finanzas del Sistema de Agua Potable y Alcantarillado (SAPAC), Patricia Alegr\u00eda Loyola, atendieron a un grupo de jubilados y pensionados del organismo, quienes se manifestaron en la avenida Morelos ante la falta de pago de la mensualidad que [&hellip;]<\/p>\n","protected":false},"author":1,"featured_media":18546,"comment_status":"closed","ping_status":"open","sticky":false,"template":"","format":"standard","meta":[],"categories":[145],"tags":[615,529,2368,121,120,367,830],"aioseo_notices":[],"_links":{"self":[{"href":"https:\/\/cuernavaca.gob.mx\/index.php?rest_route=\/wp\/v2\/posts\/18544"}],"collection":[{"href":"https:\/\/cuernavaca.gob.mx\/index.php?rest_route=\/wp\/v2\/posts"}],"about":[{"href":"https:\/\/cuernavaca.gob.mx\/index.php?rest_route=\/wp\/v2\/types\/post"}],"author":[{"embeddable":true,"href":"https:\/\/cuernavaca.gob.mx\/index.php?rest_route=\/wp\/v2\/users\/1"}],"replies":[{"embeddable":true,"href":"https:\/\/cuernavaca.gob.mx\/index.php?rest_route=%2Fwp%2Fv2%2Fcomments&post=18544"}],"version-history":[{"count":1,"href":"https:\/\/cuernavaca.gob.mx\/index.php?rest_route=\/wp\/v2\/posts\/18544\/revisions"}],"predecessor-version":[{"id":18549,"href":"https:\/\/cuernavaca.gob.mx\/index.php?rest_route=\/wp\/v2\/posts\/18544\/revisions\/18549"}],"wp:featuredmedia":[{"embeddable":true,"href":"https:\/\/cuernavaca.gob.mx\/index.php?rest_route=\/wp\/v2\/media\/18546"}],"wp:attachment":[{"href":"https:\/\/cuernavaca.gob.mx\/index.php?rest_route=%2Fwp%2Fv2%2Fmedia&parent=18544"}],"wp:term":[{"taxonomy":"category","embeddable":true,"href":"https:\/\/cuernavaca.gob.mx\/index.php?rest_route=%2Fwp%2Fv2%2Fcategories&post=18544"},{"taxonomy":"post_tag","embeddable":true,"href":"https:\/\/cuernavaca.gob.mx\/index.php?rest_route=%2Fwp%2Fv2%2Ftags&post=18544"}],"curies":[{"name":"wp","href":"https:\/\/api.w.org\/{rel}","templated":true}]}}