{"id":18551,"date":"2022-09-12T17:30:00","date_gmt":"2022-09-12T22:30:00","guid":{"rendered":"https:\/\/cuernavaca.gob.mx\/?p=18551"},"modified":"2025-05-06T12:08:53","modified_gmt":"2025-05-06T18:08:53","slug":"f167-12-09-22-toma-protesta-el-presidente-municipal-a-nuevos-integrantes-del-consejo-consultivo-del-sapac","status":"publish","type":"post","link":"https:\/\/cuernavaca.gob.mx\/?p=18551","title":{"rendered":"F167 12\/09\/22 TOMA PROTESTA EL PRESIDENTE MUNICIPAL A NUEVOS INTEGRANTES DEL CONSEJO CONSULTIVO DEL SAPAC"},"content":{"rendered":"\n<p>Durante la Sesi\u00f3n Extraordinaria de Junta de Gobierno del Sistema de Agua Potable y Alcantarillado de Cuernavaca (SAPAC), el presidente municipal Jos\u00e9 Luis Uri\u00f3stegui Salgado, tom\u00f3 protesta a Marta Isabel Moreno Guti\u00e9rrez como presidenta y como vicepresidente a Rodrigo L\u00f3pez Laguardia, del Consejo Consultivo Ciudadano, resultado de la revisi\u00f3n de propuestas de diferentes sectores de la sociedad civil.<\/p>\n\n\n\n<p>Marta Isabel Moreno y Rodrigo L\u00f3pez, tendr\u00e1n como prop\u00f3sito proponer, analizar y dar sus puntos de vista sobre las acciones y programas que implemente el SAPAC, bas\u00e1ndose en principios de transparencia y rendici\u00f3n de cuentas.<\/p>\n\n\n\n<p>En esta misma sesi\u00f3n, tambi\u00e9n se realiz\u00f3 la presentaci\u00f3n del anteproyecto de la Ley de Ingresos 2023 del SAPAC, por parte de la directora de Administraci\u00f3n y Finanzas. Patricia Alegr\u00eda Loyola, basando en la Ley Estatal de Agua Potable y la Ley General de Hacienda del estado de Morelos, detallando las necesidades y requerimientos del organismo<\/p>\n\n\n\n<p>La sesi\u00f3n de la Junta de Gobierno del SAPAC, cont\u00f3 con la participaci\u00f3n de la S\u00edndico Municipal, Ver\u00f3nica Atenco P\u00e9rez; la regidora Wendi Salinas Ru\u00edz, presidenta de la Comisi\u00f3n de Organismos Descentralizados; los regidores Adri\u00e1n Mart\u00ednez Terrazas, presidente de la Comisi\u00f3n de Hacienda, Programaci\u00f3n y Presupuesto, Fernando Carrillo Alvarado, presidente de la Comisi\u00f3n de Regidor Servicios P\u00fablicos Municipales, V\u00edctor Hugo Manzo God\u00ednez, presidente de la Comisi\u00f3n de Planificaci\u00f3n y Desarrollo.<\/p>\n\n\n\n<p>Tambi\u00e9n presentes, Evelia Flores Hern\u00e1ndez, directora del SAPAC; Eleael Acevedo Vel\u00e1zquez, Comisario del SAPAC; Huber Rom\u00e1n Cuevas, Secretario T\u00e9cnico del SAPAC; el representante de la CONAGUA, \u00c1ngel Ortega Mata y la representante de la Entidad Superior de Auditor\u00eda y Fiscalizaci\u00f3n del Congreso del Estado, Magally Pichardo Madero.<\/p>\n\n\n\n<figure class=\"wp-container-2 wp-block-gallery-1 wp-block-gallery has-nested-images columns-default is-cropped\">\n<figure class=\"wp-block-image size-large\"><img loading=\"lazy\" width=\"1024\" height=\"682\" data-id=\"18558\"  src=\"https:\/\/cuernavaca.gob.mx\/wp-content\/uploads\/2022\/09\/integrantes-sapac-1-1024x682.jpg\" alt=\"\" class=\"wp-image-18558\" srcset=\"https:\/\/cuernavaca.gob.mx\/wp-content\/uploads\/2022\/09\/integrantes-sapac-1-1024x682.jpg 1024w, https:\/\/cuernavaca.gob.mx\/wp-content\/uploads\/2022\/09\/integrantes-sapac-1-300x200.jpg 300w, https:\/\/cuernavaca.gob.mx\/wp-content\/uploads\/2022\/09\/integrantes-sapac-1-768x512.jpg 768w, https:\/\/cuernavaca.gob.mx\/wp-content\/uploads\/2022\/09\/integrantes-sapac-1-600x400.jpg 600w, https:\/\/cuernavaca.gob.mx\/wp-content\/uploads\/2022\/09\/integrantes-sapac-1-560x373.jpg 560w, https:\/\/cuernavaca.gob.mx\/wp-content\/uploads\/2022\/09\/integrantes-sapac-1.jpg 1280w\" sizes=\"(max-width: 1024px) 100vw, 1024px\" \/><\/figure>\n\n\n\n<figure class=\"wp-block-image size-large\"><img loading=\"lazy\" width=\"1024\" height=\"682\" data-id=\"18561\"  src=\"https:\/\/cuernavaca.gob.mx\/wp-content\/uploads\/2022\/09\/integrantes-sapac-2-1024x682.jpg\" alt=\"\" class=\"wp-image-18561\" srcset=\"https:\/\/cuernavaca.gob.mx\/wp-content\/uploads\/2022\/09\/integrantes-sapac-2-1024x682.jpg 1024w, https:\/\/cuernavaca.gob.mx\/wp-content\/uploads\/2022\/09\/integrantes-sapac-2-300x200.jpg 300w, https:\/\/cuernavaca.gob.mx\/wp-content\/uploads\/2022\/09\/integrantes-sapac-2-768x512.jpg 768w, https:\/\/cuernavaca.gob.mx\/wp-content\/uploads\/2022\/09\/integrantes-sapac-2-600x400.jpg 600w, https:\/\/cuernavaca.gob.mx\/wp-content\/uploads\/2022\/09\/integrantes-sapac-2-560x373.jpg 560w, https:\/\/cuernavaca.gob.mx\/wp-content\/uploads\/2022\/09\/integrantes-sapac-2.jpg 1280w\" sizes=\"(max-width: 1024px) 100vw, 1024px\" \/><\/figure>\n\n\n\n<figure class=\"wp-block-image size-large\"><img loading=\"lazy\" width=\"1024\" height=\"682\" data-id=\"18557\"  src=\"https:\/\/cuernavaca.gob.mx\/wp-content\/uploads\/2022\/09\/integrantes-sapac-3-1024x682.jpg\" alt=\"\" class=\"wp-image-18557\" srcset=\"https:\/\/cuernavaca.gob.mx\/wp-content\/uploads\/2022\/09\/integrantes-sapac-3-1024x682.jpg 1024w, https:\/\/cuernavaca.gob.mx\/wp-content\/uploads\/2022\/09\/integrantes-sapac-3-300x200.jpg 300w, https:\/\/cuernavaca.gob.mx\/wp-content\/uploads\/2022\/09\/integrantes-sapac-3-768x512.jpg 768w, https:\/\/cuernavaca.gob.mx\/wp-content\/uploads\/2022\/09\/integrantes-sapac-3-600x400.jpg 600w, https:\/\/cuernavaca.gob.mx\/wp-content\/uploads\/2022\/09\/integrantes-sapac-3-560x373.jpg 560w, https:\/\/cuernavaca.gob.mx\/wp-content\/uploads\/2022\/09\/integrantes-sapac-3.jpg 1280w\" sizes=\"(max-width: 1024px) 100vw, 1024px\" \/><\/figure>\n\n\n\n<figure class=\"wp-block-image size-large\"><img loading=\"lazy\" width=\"1024\" height=\"575\" data-id=\"18559\"  src=\"https:\/\/cuernavaca.gob.mx\/wp-content\/uploads\/2022\/09\/integrantes-sapac-4-1024x575.jpg\" alt=\"\" class=\"wp-image-18559\" srcset=\"https:\/\/cuernavaca.gob.mx\/wp-content\/uploads\/2022\/09\/integrantes-sapac-4-1024x575.jpg 1024w, https:\/\/cuernavaca.gob.mx\/wp-content\/uploads\/2022\/09\/integrantes-sapac-4-300x169.jpg 300w, https:\/\/cuernavaca.gob.mx\/wp-content\/uploads\/2022\/09\/integrantes-sapac-4-768x431.jpg 768w, https:\/\/cuernavaca.gob.mx\/wp-content\/uploads\/2022\/09\/integrantes-sapac-4-600x337.jpg 600w, https:\/\/cuernavaca.gob.mx\/wp-content\/uploads\/2022\/09\/integrantes-sapac-4-560x315.jpg 560w, https:\/\/cuernavaca.gob.mx\/wp-content\/uploads\/2022\/09\/integrantes-sapac-4.jpg 1280w\" sizes=\"(max-width: 1024px) 100vw, 1024px\" \/><\/figure>\n\n\n\n<figure class=\"wp-block-image size-large\"><img loading=\"lazy\" width=\"1024\" height=\"682\" data-id=\"18560\"  src=\"https:\/\/cuernavaca.gob.mx\/wp-content\/uploads\/2022\/09\/integrantes-sapac-5-1024x682.jpg\" alt=\"\" class=\"wp-image-18560\" srcset=\"https:\/\/cuernavaca.gob.mx\/wp-content\/uploads\/2022\/09\/integrantes-sapac-5-1024x682.jpg 1024w, https:\/\/cuernavaca.gob.mx\/wp-content\/uploads\/2022\/09\/integrantes-sapac-5-300x200.jpg 300w, https:\/\/cuernavaca.gob.mx\/wp-content\/uploads\/2022\/09\/integrantes-sapac-5-768x512.jpg 768w, https:\/\/cuernavaca.gob.mx\/wp-content\/uploads\/2022\/09\/integrantes-sapac-5-600x400.jpg 600w, https:\/\/cuernavaca.gob.mx\/wp-content\/uploads\/2022\/09\/integrantes-sapac-5-560x373.jpg 560w, https:\/\/cuernavaca.gob.mx\/wp-content\/uploads\/2022\/09\/integrantes-sapac-5.jpg 1280w\" sizes=\"(max-width: 1024px) 100vw, 1024px\" \/><\/figure>\n<\/figure>\n","protected":false},"excerpt":{"rendered":"<p>Durante la Sesi\u00f3n Extraordinaria de Junta de Gobierno del Sistema de Agua Potable y Alcantarillado de Cuernavaca (SAPAC), el presidente municipal Jos\u00e9 Luis Uri\u00f3stegui Salgado, tom\u00f3 protesta a Marta Isabel Moreno Guti\u00e9rrez como presidenta y como vicepresidente a Rodrigo L\u00f3pez Laguardia, del Consejo Consultivo Ciudadano, resultado de la revisi\u00f3n de propuestas de diferentes sectores de [&hellip;]<\/p>\n","protected":false},"author":1,"featured_media":18558,"comment_status":"closed","ping_status":"open","sticky":false,"template":"","format":"standard","meta":[],"categories":[145],"tags":[395,615,2151,2370,2369,120,206,2260,124],"aioseo_notices":[],"_links":{"self":[{"href":"https:\/\/cuernavaca.gob.mx\/index.php?rest_route=\/wp\/v2\/posts\/18551"}],"collection":[{"href":"https:\/\/cuernavaca.gob.mx\/index.php?rest_route=\/wp\/v2\/posts"}],"about":[{"href":"https:\/\/cuernavaca.gob.mx\/index.php?rest_route=\/wp\/v2\/types\/post"}],"author":[{"embeddable":true,"href":"https:\/\/cuernavaca.gob.mx\/index.php?rest_route=\/wp\/v2\/users\/1"}],"replies":[{"embeddable":true,"href":"https:\/\/cuernavaca.gob.mx\/index.php?rest_route=%2Fwp%2Fv2%2Fcomments&post=18551"}],"version-history":[{"count":1,"href":"https:\/\/cuernavaca.gob.mx\/index.php?rest_route=\/wp\/v2\/posts\/18551\/revisions"}],"predecessor-version":[{"id":18563,"href":"https:\/\/cuernavaca.gob.mx\/index.php?rest_route=\/wp\/v2\/posts\/18551\/revisions\/18563"}],"wp:featuredmedia":[{"embeddable":true,"href":"https:\/\/cuernavaca.gob.mx\/index.php?rest_route=\/wp\/v2\/media\/18558"}],"wp:attachment":[{"href":"https:\/\/cuernavaca.gob.mx\/index.php?rest_route=%2Fwp%2Fv2%2Fmedia&parent=18551"}],"wp:term":[{"taxonomy":"category","embeddable":true,"href":"https:\/\/cuernavaca.gob.mx\/index.php?rest_route=%2Fwp%2Fv2%2Fcategories&post=18551"},{"taxonomy":"post_tag","embeddable":true,"href":"https:\/\/cuernavaca.gob.mx\/index.php?rest_route=%2Fwp%2Fv2%2Ftags&post=18551"}],"curies":[{"name":"wp","href":"https:\/\/api.w.org\/{rel}","templated":true}]}}