{"id":18658,"date":"2022-09-13T17:30:00","date_gmt":"2022-09-13T22:30:00","guid":{"rendered":"https:\/\/cuernavaca.gob.mx\/?p=18658"},"modified":"2025-05-06T12:08:52","modified_gmt":"2025-05-06T18:08:52","slug":"b411-13-09-22-conmemoran-en-el-museo-de-la-ciudad-de-cuernavaca-el-dia-de-las-mujeres-con-discapacidad","status":"publish","type":"post","link":"https:\/\/cuernavaca.gob.mx\/?p=18658","title":{"rendered":"B411 13\/09\/22 CONMEMORAN EN EL MUSEO DE LA CIUDAD DE CUERNAVACA EL D\u00cdA DE LAS MUJERES CON DISCAPACIDAD\u00a0"},"content":{"rendered":"\n<p>\u2022&nbsp;&nbsp;&nbsp;&nbsp;<strong>La psic\u00f3loga y activista Cristina Dom\u00ednguez imparti\u00f3 la conferencia \u201cDesaf\u00edos de una mujer con discapacidad\u201d<\/strong><\/p>\n\n\n\n<p>Con un llamado a trabajar en conjunto, sociedad y autoridades, en favor de las personas con discapacidad, se llev\u00f3 a cabo el evento conmemorativo por el D\u00eda Nacional de las Mujeres con Discapacidad, organizado por la Secretar\u00eda de Desarrollo Humano y Participaci\u00f3n Social del Ayuntamiento de Cuernavaca a trav\u00e9s de la Direcci\u00f3n General de Desarrollo Humano.<\/p>\n\n\n\n<p>Para esta celebraci\u00f3n, se imparti\u00f3 la conferencia \u201cDesaf\u00edos de una mujer con discapacidad\u201d, dictada por la psic\u00f3loga y activista Cristina Dom\u00ednguez Reyna, Premio Estatal para Personas con Discapacidad 2021, quien, durante su disertaci\u00f3n, destac\u00f3 que las personas en estas condiciones no deben tener l\u00edmites para destacar y lograr los retos que se propongan.<\/p>\n\n\n\n<p>Destac\u00f3 la necesidad de que, en un \u00e1nimo de igualdad y derechos fundamentales, se otorguen las mismas oportunidades a las mujeres con discapacidad, que a los hombres del mismo grupo poblacional; de igual forma, pidi\u00f3 a las familias que tienen un integrante con alg\u00fan tipo de limitaci\u00f3n f\u00edsica, apoyarlo en sus sue\u00f1os y metas, ya sean de tipo laboral, acad\u00e9mico y familiar, porque la sobreprotecci\u00f3n es un factor que les afecta, asegur\u00f3.<\/p>\n\n\n\n<p>En su intervenci\u00f3n, la secretaria de Desarrollo Humano y Participaci\u00f3n Social, Laura Hern\u00e1ndez mencion\u00f3 que este tipo de eventos no deben de quedar s\u00f3lo en discurso, pues autoridades y sociedad civil deben promover el empoderamiento de las personas, sin importar su circunstancia.<\/p>\n\n\n\n<p>Cabe destacar que a la conferencia tambi\u00e9n asistieron la s\u00edndica de Cuernavaca, Ver\u00f3nica Atenco P\u00e9rez; el regidor Fernando Carrillo Alvarado; la regidora Paz Hern\u00e1ndez Pardo; as\u00ed como representantes de las asociaciones civiles Ayuda Emocional Integral (AEI) Misi\u00f3n, Autonom\u00eda Libertad en Movimiento (Alem) y Trisom\u00eda 21.<\/p>\n\n\n\n<figure class=\"wp-container-2 wp-block-gallery-1 wp-block-gallery has-nested-images columns-default is-cropped\">\n<figure class=\"wp-block-image size-large\"><img loading=\"lazy\" width=\"1024\" height=\"768\" data-id=\"18662\"  src=\"https:\/\/cuernavaca.gob.mx\/wp-content\/uploads\/2022\/09\/conmemoracion-discapacidad-1-1024x768.jpg\" alt=\"\" class=\"wp-image-18662\" srcset=\"https:\/\/cuernavaca.gob.mx\/wp-content\/uploads\/2022\/09\/conmemoracion-discapacidad-1-1024x768.jpg 1024w, https:\/\/cuernavaca.gob.mx\/wp-content\/uploads\/2022\/09\/conmemoracion-discapacidad-1-300x225.jpg 300w, https:\/\/cuernavaca.gob.mx\/wp-content\/uploads\/2022\/09\/conmemoracion-discapacidad-1-768x576.jpg 768w, https:\/\/cuernavaca.gob.mx\/wp-content\/uploads\/2022\/09\/conmemoracion-discapacidad-1-1536x1152.jpg 1536w, https:\/\/cuernavaca.gob.mx\/wp-content\/uploads\/2022\/09\/conmemoracion-discapacidad-1-600x450.jpg 600w, https:\/\/cuernavaca.gob.mx\/wp-content\/uploads\/2022\/09\/conmemoracion-discapacidad-1-560x420.jpg 560w, https:\/\/cuernavaca.gob.mx\/wp-content\/uploads\/2022\/09\/conmemoracion-discapacidad-1.jpg 1600w\" sizes=\"(max-width: 1024px) 100vw, 1024px\" \/><\/figure>\n\n\n\n<figure class=\"wp-block-image size-large\"><img loading=\"lazy\" width=\"1024\" height=\"768\" data-id=\"18663\"  src=\"https:\/\/cuernavaca.gob.mx\/wp-content\/uploads\/2022\/09\/conmemoracion-discapacidad-2.jpg\" alt=\"\" class=\"wp-image-18663\" srcset=\"https:\/\/cuernavaca.gob.mx\/wp-content\/uploads\/2022\/09\/conmemoracion-discapacidad-2.jpg 1024w, https:\/\/cuernavaca.gob.mx\/wp-content\/uploads\/2022\/09\/conmemoracion-discapacidad-2-300x225.jpg 300w, https:\/\/cuernavaca.gob.mx\/wp-content\/uploads\/2022\/09\/conmemoracion-discapacidad-2-768x576.jpg 768w, https:\/\/cuernavaca.gob.mx\/wp-content\/uploads\/2022\/09\/conmemoracion-discapacidad-2-600x450.jpg 600w, https:\/\/cuernavaca.gob.mx\/wp-content\/uploads\/2022\/09\/conmemoracion-discapacidad-2-560x420.jpg 560w\" sizes=\"(max-width: 1024px) 100vw, 1024px\" \/><\/figure>\n\n\n\n<figure class=\"wp-block-image size-large\"><img loading=\"lazy\" width=\"1024\" height=\"768\" data-id=\"18661\"  src=\"https:\/\/cuernavaca.gob.mx\/wp-content\/uploads\/2022\/09\/conmemoracion-discapacidad-3-1024x768.jpg\" alt=\"\" class=\"wp-image-18661\" srcset=\"https:\/\/cuernavaca.gob.mx\/wp-content\/uploads\/2022\/09\/conmemoracion-discapacidad-3-1024x768.jpg 1024w, https:\/\/cuernavaca.gob.mx\/wp-content\/uploads\/2022\/09\/conmemoracion-discapacidad-3-300x225.jpg 300w, https:\/\/cuernavaca.gob.mx\/wp-content\/uploads\/2022\/09\/conmemoracion-discapacidad-3-768x576.jpg 768w, https:\/\/cuernavaca.gob.mx\/wp-content\/uploads\/2022\/09\/conmemoracion-discapacidad-3-1536x1152.jpg 1536w, https:\/\/cuernavaca.gob.mx\/wp-content\/uploads\/2022\/09\/conmemoracion-discapacidad-3-600x450.jpg 600w, https:\/\/cuernavaca.gob.mx\/wp-content\/uploads\/2022\/09\/conmemoracion-discapacidad-3-560x420.jpg 560w, https:\/\/cuernavaca.gob.mx\/wp-content\/uploads\/2022\/09\/conmemoracion-discapacidad-3.jpg 1600w\" sizes=\"(max-width: 1024px) 100vw, 1024px\" \/><\/figure>\n\n\n\n<figure class=\"wp-block-image size-large\"><img loading=\"lazy\" width=\"1024\" height=\"768\" data-id=\"18659\"  src=\"https:\/\/cuernavaca.gob.mx\/wp-content\/uploads\/2022\/09\/conmemoracion-discapacidad-4-1024x768.jpg\" alt=\"\" class=\"wp-image-18659\" srcset=\"https:\/\/cuernavaca.gob.mx\/wp-content\/uploads\/2022\/09\/conmemoracion-discapacidad-4-1024x768.jpg 1024w, https:\/\/cuernavaca.gob.mx\/wp-content\/uploads\/2022\/09\/conmemoracion-discapacidad-4-300x225.jpg 300w, https:\/\/cuernavaca.gob.mx\/wp-content\/uploads\/2022\/09\/conmemoracion-discapacidad-4-768x576.jpg 768w, https:\/\/cuernavaca.gob.mx\/wp-content\/uploads\/2022\/09\/conmemoracion-discapacidad-4-1536x1152.jpg 1536w, https:\/\/cuernavaca.gob.mx\/wp-content\/uploads\/2022\/09\/conmemoracion-discapacidad-4-600x450.jpg 600w, https:\/\/cuernavaca.gob.mx\/wp-content\/uploads\/2022\/09\/conmemoracion-discapacidad-4-560x420.jpg 560w, https:\/\/cuernavaca.gob.mx\/wp-content\/uploads\/2022\/09\/conmemoracion-discapacidad-4.jpg 1600w\" sizes=\"(max-width: 1024px) 100vw, 1024px\" \/><\/figure>\n\n\n\n<figure class=\"wp-block-image size-large\"><img loading=\"lazy\" width=\"1024\" height=\"768\" data-id=\"18660\"  src=\"https:\/\/cuernavaca.gob.mx\/wp-content\/uploads\/2022\/09\/conmemoracion-discapacidad-5-1024x768.jpg\" alt=\"\" class=\"wp-image-18660\" srcset=\"https:\/\/cuernavaca.gob.mx\/wp-content\/uploads\/2022\/09\/conmemoracion-discapacidad-5-1024x768.jpg 1024w, https:\/\/cuernavaca.gob.mx\/wp-content\/uploads\/2022\/09\/conmemoracion-discapacidad-5-300x225.jpg 300w, https:\/\/cuernavaca.gob.mx\/wp-content\/uploads\/2022\/09\/conmemoracion-discapacidad-5-768x576.jpg 768w, https:\/\/cuernavaca.gob.mx\/wp-content\/uploads\/2022\/09\/conmemoracion-discapacidad-5-600x450.jpg 600w, https:\/\/cuernavaca.gob.mx\/wp-content\/uploads\/2022\/09\/conmemoracion-discapacidad-5-560x420.jpg 560w, https:\/\/cuernavaca.gob.mx\/wp-content\/uploads\/2022\/09\/conmemoracion-discapacidad-5.jpg 1280w\" sizes=\"(max-width: 1024px) 100vw, 1024px\" \/><\/figure>\n<\/figure>\n","protected":false},"excerpt":{"rendered":"<p>\u2022&nbsp;&nbsp;&nbsp;&nbsp;La psic\u00f3loga y activista Cristina Dom\u00ednguez imparti\u00f3 la conferencia \u201cDesaf\u00edos de una mujer con discapacidad\u201d Con un llamado a trabajar en conjunto, sociedad y autoridades, en favor de las personas con discapacidad, se llev\u00f3 a cabo el evento conmemorativo por el D\u00eda Nacional de las Mujeres con Discapacidad, organizado por la Secretar\u00eda de Desarrollo Humano [&hellip;]<\/p>\n","protected":false},"author":1,"featured_media":18661,"comment_status":"closed","ping_status":"open","sticky":false,"template":"","format":"standard","meta":[],"categories":[862],"tags":[272,2305,121,684,1739,2377,120,206,1438],"aioseo_notices":[],"_links":{"self":[{"href":"https:\/\/cuernavaca.gob.mx\/index.php?rest_route=\/wp\/v2\/posts\/18658"}],"collection":[{"href":"https:\/\/cuernavaca.gob.mx\/index.php?rest_route=\/wp\/v2\/posts"}],"about":[{"href":"https:\/\/cuernavaca.gob.mx\/index.php?rest_route=\/wp\/v2\/types\/post"}],"author":[{"embeddable":true,"href":"https:\/\/cuernavaca.gob.mx\/index.php?rest_route=\/wp\/v2\/users\/1"}],"replies":[{"embeddable":true,"href":"https:\/\/cuernavaca.gob.mx\/index.php?rest_route=%2Fwp%2Fv2%2Fcomments&post=18658"}],"version-history":[{"count":2,"href":"https:\/\/cuernavaca.gob.mx\/index.php?rest_route=\/wp\/v2\/posts\/18658\/revisions"}],"predecessor-version":[{"id":18665,"href":"https:\/\/cuernavaca.gob.mx\/index.php?rest_route=\/wp\/v2\/posts\/18658\/revisions\/18665"}],"wp:featuredmedia":[{"embeddable":true,"href":"https:\/\/cuernavaca.gob.mx\/index.php?rest_route=\/wp\/v2\/media\/18661"}],"wp:attachment":[{"href":"https:\/\/cuernavaca.gob.mx\/index.php?rest_route=%2Fwp%2Fv2%2Fmedia&parent=18658"}],"wp:term":[{"taxonomy":"category","embeddable":true,"href":"https:\/\/cuernavaca.gob.mx\/index.php?rest_route=%2Fwp%2Fv2%2Fcategories&post=18658"},{"taxonomy":"post_tag","embeddable":true,"href":"https:\/\/cuernavaca.gob.mx\/index.php?rest_route=%2Fwp%2Fv2%2Ftags&post=18658"}],"curies":[{"name":"wp","href":"https:\/\/api.w.org\/{rel}","templated":true}]}}