{"id":18897,"date":"2022-09-15T14:00:00","date_gmt":"2022-09-15T19:00:00","guid":{"rendered":"https:\/\/cuernavaca.gob.mx\/?p=18897"},"modified":"2025-05-06T12:08:50","modified_gmt":"2025-05-06T18:08:50","slug":"f171-15-09-22-continua-el-ayuntamiento-de-cuernavaca-fomentando-medidas-sanitarias-contra-covid-19","status":"publish","type":"post","link":"https:\/\/cuernavaca.gob.mx\/?p=18897","title":{"rendered":"F171 15\/09\/22 CONTIN\u00daA EL AYUNTAMIENTO DE CUERNAVACA FOMENTANDO MEDIDAS SANITARIAS CONTRA COVID 19"},"content":{"rendered":"\n<p>Acorde con la pol\u00edtica del Ayuntamiento de Cuernavaca, acerca de reforzar las medidas sanitarias entre la ciudadan\u00eda de todas las edades, autoridades de la Secretar\u00eda de Desarrollo Humano y Participaci\u00f3n Social, mediante la Direcci\u00f3n de Desarrollo Humano, donaron m\u00e1s de 350 botellas personales con gel antibacterial a alumnos de escuelas ubicadas en las colonias Cuauht\u00e9moc y Villa Santiago, manteniendo una de las medidas preventivas contra el COVID 19.<\/p>\n\n\n\n<p>Alejandra Guti\u00e9rrez Hern\u00e1ndez, directora de Desarrollo Humano, acudi\u00f3 junto con personal de la dependencia a la Escuela Primaria Federal Matutina \u201cCuauht\u00e9moc\u201d y la Escuela Primaria \u201cTr\u00e1nsito S\u00e1nchez Uri\u00f3stegui\u201d, donde entregaron a directivos y alumnos 340 y 320 botellas de gel, respectivamente.<\/p>\n\n\n\n<p>La funcionaria municipal destac\u00f3 que con este tipo de entrega la administraci\u00f3n que encabeza el Presidente Municipal Jos\u00e9 Luis Uri\u00f3stegui Salgado coadyuva con las familias de la ciudad, al procurar con estas acciones el reforzamiento de la prevenci\u00f3n en la salud de las infancias, luego de que para el ciclo 2022-2023 regresaron ya al 100 por ciento a clases presenciales.<\/p>\n\n\n\n<p>Cabe destacar que, de enero a la fecha, la Direcci\u00f3n General de Desarrollo Humano de Cuernavaca ha beneficiado a m\u00e1s de mil 500 alumnos de m\u00e1s de 30 escuelas de educaci\u00f3n b\u00e1sica, como parte de las acciones que las autoridades municipales llevan a cabo en favor de la salud de las y los habitantes del municipio.<\/p>\n\n\n\n<figure class=\"wp-container-2 wp-block-gallery-1 wp-block-gallery has-nested-images columns-default is-cropped\">\n<figure class=\"wp-block-image size-large\"><img loading=\"lazy\" width=\"768\" height=\"1024\" data-id=\"18898\"  src=\"https:\/\/cuernavaca.gob.mx\/wp-content\/uploads\/2022\/09\/apyo-escuela-1-768x1024.jpg\" alt=\"\" class=\"wp-image-18898\" srcset=\"https:\/\/cuernavaca.gob.mx\/wp-content\/uploads\/2022\/09\/apyo-escuela-1-768x1024.jpg 768w, https:\/\/cuernavaca.gob.mx\/wp-content\/uploads\/2022\/09\/apyo-escuela-1-225x300.jpg 225w, https:\/\/cuernavaca.gob.mx\/wp-content\/uploads\/2022\/09\/apyo-escuela-1-450x600.jpg 450w, https:\/\/cuernavaca.gob.mx\/wp-content\/uploads\/2022\/09\/apyo-escuela-1-420x560.jpg 420w, https:\/\/cuernavaca.gob.mx\/wp-content\/uploads\/2022\/09\/apyo-escuela-1.jpg 960w\" sizes=\"(max-width: 768px) 100vw, 768px\" \/><\/figure>\n\n\n\n<figure class=\"wp-block-image size-large\"><img loading=\"lazy\" width=\"1024\" height=\"768\" data-id=\"18899\"  src=\"https:\/\/cuernavaca.gob.mx\/wp-content\/uploads\/2022\/09\/apyo-escuela-2-1024x768.jpg\" alt=\"\" class=\"wp-image-18899\" srcset=\"https:\/\/cuernavaca.gob.mx\/wp-content\/uploads\/2022\/09\/apyo-escuela-2-1024x768.jpg 1024w, https:\/\/cuernavaca.gob.mx\/wp-content\/uploads\/2022\/09\/apyo-escuela-2-300x225.jpg 300w, https:\/\/cuernavaca.gob.mx\/wp-content\/uploads\/2022\/09\/apyo-escuela-2-768x576.jpg 768w, https:\/\/cuernavaca.gob.mx\/wp-content\/uploads\/2022\/09\/apyo-escuela-2-600x450.jpg 600w, https:\/\/cuernavaca.gob.mx\/wp-content\/uploads\/2022\/09\/apyo-escuela-2-560x420.jpg 560w, https:\/\/cuernavaca.gob.mx\/wp-content\/uploads\/2022\/09\/apyo-escuela-2.jpg 1280w\" sizes=\"(max-width: 1024px) 100vw, 1024px\" \/><\/figure>\n\n\n\n<figure class=\"wp-block-image size-large\"><img loading=\"lazy\" width=\"1024\" height=\"768\" data-id=\"18901\"  src=\"https:\/\/cuernavaca.gob.mx\/wp-content\/uploads\/2022\/09\/apyo-escuela-3-1024x768.jpg\" alt=\"\" class=\"wp-image-18901\" srcset=\"https:\/\/cuernavaca.gob.mx\/wp-content\/uploads\/2022\/09\/apyo-escuela-3-1024x768.jpg 1024w, https:\/\/cuernavaca.gob.mx\/wp-content\/uploads\/2022\/09\/apyo-escuela-3-300x225.jpg 300w, https:\/\/cuernavaca.gob.mx\/wp-content\/uploads\/2022\/09\/apyo-escuela-3-768x576.jpg 768w, https:\/\/cuernavaca.gob.mx\/wp-content\/uploads\/2022\/09\/apyo-escuela-3-600x450.jpg 600w, https:\/\/cuernavaca.gob.mx\/wp-content\/uploads\/2022\/09\/apyo-escuela-3-560x420.jpg 560w, https:\/\/cuernavaca.gob.mx\/wp-content\/uploads\/2022\/09\/apyo-escuela-3.jpg 1280w\" sizes=\"(max-width: 1024px) 100vw, 1024px\" \/><\/figure>\n\n\n\n<figure class=\"wp-block-image size-large\"><img loading=\"lazy\" width=\"1024\" height=\"768\" data-id=\"18900\"  src=\"https:\/\/cuernavaca.gob.mx\/wp-content\/uploads\/2022\/09\/apyo-escuela-4-1024x768.jpg\" alt=\"\" class=\"wp-image-18900\" srcset=\"https:\/\/cuernavaca.gob.mx\/wp-content\/uploads\/2022\/09\/apyo-escuela-4-1024x768.jpg 1024w, https:\/\/cuernavaca.gob.mx\/wp-content\/uploads\/2022\/09\/apyo-escuela-4-300x225.jpg 300w, https:\/\/cuernavaca.gob.mx\/wp-content\/uploads\/2022\/09\/apyo-escuela-4-768x576.jpg 768w, https:\/\/cuernavaca.gob.mx\/wp-content\/uploads\/2022\/09\/apyo-escuela-4-600x450.jpg 600w, https:\/\/cuernavaca.gob.mx\/wp-content\/uploads\/2022\/09\/apyo-escuela-4-560x420.jpg 560w, https:\/\/cuernavaca.gob.mx\/wp-content\/uploads\/2022\/09\/apyo-escuela-4.jpg 1280w\" sizes=\"(max-width: 1024px) 100vw, 1024px\" \/><\/figure>\n<\/figure>\n","protected":false},"excerpt":{"rendered":"<p>Acorde con la pol\u00edtica del Ayuntamiento de Cuernavaca, acerca de reforzar las medidas sanitarias entre la ciudadan\u00eda de todas las edades, autoridades de la Secretar\u00eda de Desarrollo Humano y Participaci\u00f3n Social, mediante la Direcci\u00f3n de Desarrollo Humano, donaron m\u00e1s de 350 botellas personales con gel antibacterial a alumnos de escuelas ubicadas en las colonias Cuauht\u00e9moc [&hellip;]<\/p>\n","protected":false},"author":1,"featured_media":18899,"comment_status":"closed","ping_status":"open","sticky":false,"template":"","format":"standard","meta":[],"categories":[862],"tags":[2297,121,1518,973,1268,1510,120,154,982,421],"aioseo_notices":[],"_links":{"self":[{"href":"https:\/\/cuernavaca.gob.mx\/index.php?rest_route=\/wp\/v2\/posts\/18897"}],"collection":[{"href":"https:\/\/cuernavaca.gob.mx\/index.php?rest_route=\/wp\/v2\/posts"}],"about":[{"href":"https:\/\/cuernavaca.gob.mx\/index.php?rest_route=\/wp\/v2\/types\/post"}],"author":[{"embeddable":true,"href":"https:\/\/cuernavaca.gob.mx\/index.php?rest_route=\/wp\/v2\/users\/1"}],"replies":[{"embeddable":true,"href":"https:\/\/cuernavaca.gob.mx\/index.php?rest_route=%2Fwp%2Fv2%2Fcomments&post=18897"}],"version-history":[{"count":1,"href":"https:\/\/cuernavaca.gob.mx\/index.php?rest_route=\/wp\/v2\/posts\/18897\/revisions"}],"predecessor-version":[{"id":18902,"href":"https:\/\/cuernavaca.gob.mx\/index.php?rest_route=\/wp\/v2\/posts\/18897\/revisions\/18902"}],"wp:featuredmedia":[{"embeddable":true,"href":"https:\/\/cuernavaca.gob.mx\/index.php?rest_route=\/wp\/v2\/media\/18899"}],"wp:attachment":[{"href":"https:\/\/cuernavaca.gob.mx\/index.php?rest_route=%2Fwp%2Fv2%2Fmedia&parent=18897"}],"wp:term":[{"taxonomy":"category","embeddable":true,"href":"https:\/\/cuernavaca.gob.mx\/index.php?rest_route=%2Fwp%2Fv2%2Fcategories&post=18897"},{"taxonomy":"post_tag","embeddable":true,"href":"https:\/\/cuernavaca.gob.mx\/index.php?rest_route=%2Fwp%2Fv2%2Ftags&post=18897"}],"curies":[{"name":"wp","href":"https:\/\/api.w.org\/{rel}","templated":true}]}}