{"id":18904,"date":"2022-09-15T16:30:00","date_gmt":"2022-09-15T21:30:00","guid":{"rendered":"https:\/\/cuernavaca.gob.mx\/?p=18904"},"modified":"2025-05-06T12:08:49","modified_gmt":"2025-05-06T18:08:49","slug":"f172-15-09-22-seprac-implementa-operativo-especial-por-fiestas-patrias","status":"publish","type":"post","link":"https:\/\/cuernavaca.gob.mx\/?p=18904","title":{"rendered":"F172 15\/09\/22 SEPRAC IMPLEMENTA OPERATIVO ESPECIAL POR FIESTAS PATRIAS"},"content":{"rendered":"\n<p>En coordinaci\u00f3n con la 24\/a Zona Militar de la Secretar\u00eda de la Defensa Nacional (Sedena), la Guardia Nacional y la Comisi\u00f3n Estatal de Seguridad P\u00fablica (CES), la Secretar\u00eda de Protecci\u00f3n y Auxilio Ciudadano (SEPRAC) de Cuernavaca implementa un operativo especial para evitar cualquier acci\u00f3n que pueda poner en riesgo la integridad f\u00edsica de la poblaci\u00f3n durante la ceremonia por el CCXII Aniversario de la Independencia de M\u00e9xico y el desfile c\u00edvico militar.<\/p>\n\n\n\n<p>La titular de la SEPRAC, Alicia V\u00e1zquez Luna, inform\u00f3 que en esta acci\u00f3n preventiva participan elementos de la Polic\u00eda Vial, Tur\u00edstica, y Preventiva, as\u00ed como el Cuerpo de Bomberos, y Rescate y Urgencias M\u00e9dicas, quienes recorren y supervisan la periferia del primer cuadro de la capital morelense y en Plaza de Armas donde se desarrollar\u00e1 la verbena popular, manteniendo una armonizaci\u00f3n con las otras instancias de seguridad para prevenir riesgos.<\/p>\n\n\n\n<p>De igual forma, explic\u00f3 que, ante el cierre de las calles aleda\u00f1as a estas ceremonias c\u00edvicas, han estado sensibilizando a los comerciantes del Centro Hist\u00f3rico, inspeccionando el tianguis por las fiestas patrias que se instala en calle Guerrero y tambi\u00e9n priorizando que el flujo vehicular y peatonal sea m\u00e1s fluido, lo cual se mantendr\u00e1 hasta el d\u00eda de ma\u00f1ana que se liberen las vialidades tras el desfile c\u00edvico militar.<\/p>\n\n\n\n<p>Record\u00f3 a la poblaci\u00f3n que, por un acuerdo general del Ayuntamiento de Cuernavaca, a partir de este jueves y hasta las 23:59 horas del 16 de septiembre se establece Ley Seca en el municipio, ordenando la suspensi\u00f3n de actividades para la venta de bebidas alcoh\u00f3licas en todas sus graduaciones, exhort\u00e1ndolos a respetar esta disposici\u00f3n que conf\u00eda ser\u00e1 de gran beneficio para evitar incidencias.<\/p>\n\n\n\n<p>Por \u00faltimo, Alicia V\u00e1zquez sugiri\u00f3 atender las indicaciones del personal de seguridad y reportar cualquier incidencia al n\u00famero del Centro de Emergencias de Cuernavaca 777 312 1274.<\/p>\n\n\n\n<figure class=\"wp-block-image size-large\"><img loading=\"lazy\" width=\"1024\" height=\"698\" src=\"https:\/\/cuernavaca.gob.mx\/wp-content\/uploads\/2022\/09\/operativo-1024x698.jpg\" alt=\"\" class=\"wp-image-18905\" srcset=\"https:\/\/cuernavaca.gob.mx\/wp-content\/uploads\/2022\/09\/operativo-1024x698.jpg 1024w, https:\/\/cuernavaca.gob.mx\/wp-content\/uploads\/2022\/09\/operativo-300x205.jpg 300w, https:\/\/cuernavaca.gob.mx\/wp-content\/uploads\/2022\/09\/operativo-768x524.jpg 768w, https:\/\/cuernavaca.gob.mx\/wp-content\/uploads\/2022\/09\/operativo-600x409.jpg 600w, https:\/\/cuernavaca.gob.mx\/wp-content\/uploads\/2022\/09\/operativo-560x382.jpg 560w, https:\/\/cuernavaca.gob.mx\/wp-content\/uploads\/2022\/09\/operativo.jpg 1280w\" sizes=\"(max-width: 1024px) 100vw, 1024px\" \/><\/figure>\n","protected":false},"excerpt":{"rendered":"<p>En coordinaci\u00f3n con la 24\/a Zona Militar de la Secretar\u00eda de la Defensa Nacional (Sedena), la Guardia Nacional y la Comisi\u00f3n Estatal de Seguridad P\u00fablica (CES), la Secretar\u00eda de Protecci\u00f3n y Auxilio Ciudadano (SEPRAC) de Cuernavaca implementa un operativo especial para evitar cualquier acci\u00f3n que pueda poner en riesgo la integridad f\u00edsica de la poblaci\u00f3n [&hellip;]<\/p>\n","protected":false},"author":1,"featured_media":18905,"comment_status":"closed","ping_status":"open","sticky":false,"template":"","format":"standard","meta":[],"categories":[17],"tags":[2394,121,586,2371,2360,120,2267,125],"aioseo_notices":[],"_links":{"self":[{"href":"https:\/\/cuernavaca.gob.mx\/index.php?rest_route=\/wp\/v2\/posts\/18904"}],"collection":[{"href":"https:\/\/cuernavaca.gob.mx\/index.php?rest_route=\/wp\/v2\/posts"}],"about":[{"href":"https:\/\/cuernavaca.gob.mx\/index.php?rest_route=\/wp\/v2\/types\/post"}],"author":[{"embeddable":true,"href":"https:\/\/cuernavaca.gob.mx\/index.php?rest_route=\/wp\/v2\/users\/1"}],"replies":[{"embeddable":true,"href":"https:\/\/cuernavaca.gob.mx\/index.php?rest_route=%2Fwp%2Fv2%2Fcomments&post=18904"}],"version-history":[{"count":1,"href":"https:\/\/cuernavaca.gob.mx\/index.php?rest_route=\/wp\/v2\/posts\/18904\/revisions"}],"predecessor-version":[{"id":18906,"href":"https:\/\/cuernavaca.gob.mx\/index.php?rest_route=\/wp\/v2\/posts\/18904\/revisions\/18906"}],"wp:featuredmedia":[{"embeddable":true,"href":"https:\/\/cuernavaca.gob.mx\/index.php?rest_route=\/wp\/v2\/media\/18905"}],"wp:attachment":[{"href":"https:\/\/cuernavaca.gob.mx\/index.php?rest_route=%2Fwp%2Fv2%2Fmedia&parent=18904"}],"wp:term":[{"taxonomy":"category","embeddable":true,"href":"https:\/\/cuernavaca.gob.mx\/index.php?rest_route=%2Fwp%2Fv2%2Fcategories&post=18904"},{"taxonomy":"post_tag","embeddable":true,"href":"https:\/\/cuernavaca.gob.mx\/index.php?rest_route=%2Fwp%2Fv2%2Ftags&post=18904"}],"curies":[{"name":"wp","href":"https:\/\/api.w.org\/{rel}","templated":true}]}}