{"id":18935,"date":"2022-09-16T15:30:00","date_gmt":"2022-09-16T20:30:00","guid":{"rendered":"https:\/\/cuernavaca.gob.mx\/?p=18935"},"modified":"2025-05-06T12:09:27","modified_gmt":"2025-05-06T18:09:27","slug":"f177-16-09-22-invita-el-alcalde-de-cuernavaca-a-disfrutar-el-centro-de-la-ciudad-durante-el-periodo-de-asueto-por-las-fiestas-patrias-postpandemia","status":"publish","type":"post","link":"https:\/\/cuernavaca.gob.mx\/?p=18935","title":{"rendered":"F177 16\/09\/22 INVITA EL ALCALDE DE CUERNAVACA A DISFRUTAR EL CENTRO DE LA CIUDAD DURANTE EL PERIODO DE ASUETO POR LAS FIESTAS PATRIAS POSTPANDEMIA"},"content":{"rendered":"\n<p>En un recorrido para constatar las condiciones requeridas para que las familias y el turismo disfruten de atractivos que ofrece Cuernavaca, el presidente municipal, Jos\u00e9 Luis Uri\u00f3stegui Salgado asisti\u00f3 al Jard\u00edn Ju\u00e1rez del centro de la ciudad, donde convers\u00f3 con las personas paseantes que despu\u00e9s del desfile con motivo del CCXII Aniversario de la Independencia de M\u00e9xico, disfrutaban de jugos, aguas frescas, cocteles de frutas y alimentos que encuentran en los establecimientos del emblem\u00e1tico kiosco, que reci\u00e9n fue reinaugurado para presentaciones musicales.<\/p>\n\n\n\n<p>Los visitantes que saludaban y solicitaban fotos del recuerdo, expresaron al alcalde capitalino su simpat\u00eda y apoyo para continuar con las acciones para poner orden en la ciudad, aprovechando la oportunidad para hacer peticiones y propuestas para mejorar servicios en sus colonias, al tiempo de reconocerle al Gobierno Municipal el rescate de espacios p\u00fablicos para el esparcimiento de familias, j\u00f3venes, mujeres y adultos mayores.&nbsp;<\/p>\n\n\n\n<p>Jos\u00e9 Luis Uri\u00f3stegui invit\u00f3 a los vecinos de Cuernavaca, al turismo nacional y extranjero a recorrer los diferentes atractivos que ofrece la ciudad durante este periodo de asueto por las fiestas patrias, y en particular la zona centro de la capital de Morelos, apoyando a la reactivaci\u00f3n econ\u00f3mica local, la preservaci\u00f3n de empleos y negocios que fueron afectados por restricciones originados por la pandemia del COVID-19 desde hace poco m\u00e1s de dos a\u00f1os.<\/p>\n\n\n\n<figure class=\"wp-container-2 wp-block-gallery-1 wp-block-gallery has-nested-images columns-default is-cropped\">\n<figure class=\"wp-block-image size-large\"><img loading=\"lazy\" width=\"1024\" height=\"682\" data-id=\"18936\"  src=\"https:\/\/cuernavaca.gob.mx\/wp-content\/uploads\/2022\/09\/alcalde-y-ciudadania-1-1024x682.jpeg\" alt=\"\" class=\"wp-image-18936\" srcset=\"https:\/\/cuernavaca.gob.mx\/wp-content\/uploads\/2022\/09\/alcalde-y-ciudadania-1-1024x682.jpeg 1024w, https:\/\/cuernavaca.gob.mx\/wp-content\/uploads\/2022\/09\/alcalde-y-ciudadania-1-300x200.jpeg 300w, https:\/\/cuernavaca.gob.mx\/wp-content\/uploads\/2022\/09\/alcalde-y-ciudadania-1-768x512.jpeg 768w, https:\/\/cuernavaca.gob.mx\/wp-content\/uploads\/2022\/09\/alcalde-y-ciudadania-1-600x400.jpeg 600w, https:\/\/cuernavaca.gob.mx\/wp-content\/uploads\/2022\/09\/alcalde-y-ciudadania-1-560x373.jpeg 560w, https:\/\/cuernavaca.gob.mx\/wp-content\/uploads\/2022\/09\/alcalde-y-ciudadania-1.jpeg 1280w\" sizes=\"(max-width: 1024px) 100vw, 1024px\" \/><\/figure>\n\n\n\n<figure class=\"wp-block-image size-large\"><img loading=\"lazy\" width=\"1024\" height=\"682\" data-id=\"18937\"  src=\"https:\/\/cuernavaca.gob.mx\/wp-content\/uploads\/2022\/09\/alcalde-y-ciudadania-2-1024x682.jpeg\" alt=\"\" class=\"wp-image-18937\" srcset=\"https:\/\/cuernavaca.gob.mx\/wp-content\/uploads\/2022\/09\/alcalde-y-ciudadania-2-1024x682.jpeg 1024w, https:\/\/cuernavaca.gob.mx\/wp-content\/uploads\/2022\/09\/alcalde-y-ciudadania-2-300x200.jpeg 300w, https:\/\/cuernavaca.gob.mx\/wp-content\/uploads\/2022\/09\/alcalde-y-ciudadania-2-768x512.jpeg 768w, https:\/\/cuernavaca.gob.mx\/wp-content\/uploads\/2022\/09\/alcalde-y-ciudadania-2-600x400.jpeg 600w, https:\/\/cuernavaca.gob.mx\/wp-content\/uploads\/2022\/09\/alcalde-y-ciudadania-2-560x373.jpeg 560w, https:\/\/cuernavaca.gob.mx\/wp-content\/uploads\/2022\/09\/alcalde-y-ciudadania-2.jpeg 1280w\" sizes=\"(max-width: 1024px) 100vw, 1024px\" \/><\/figure>\n\n\n\n<figure class=\"wp-block-image size-large\"><img loading=\"lazy\" width=\"1024\" height=\"682\" data-id=\"18938\"  src=\"https:\/\/cuernavaca.gob.mx\/wp-content\/uploads\/2022\/09\/alcalde-y-ciudadania-3-1024x682.jpeg\" alt=\"\" class=\"wp-image-18938\" srcset=\"https:\/\/cuernavaca.gob.mx\/wp-content\/uploads\/2022\/09\/alcalde-y-ciudadania-3-1024x682.jpeg 1024w, https:\/\/cuernavaca.gob.mx\/wp-content\/uploads\/2022\/09\/alcalde-y-ciudadania-3-300x200.jpeg 300w, https:\/\/cuernavaca.gob.mx\/wp-content\/uploads\/2022\/09\/alcalde-y-ciudadania-3-768x512.jpeg 768w, https:\/\/cuernavaca.gob.mx\/wp-content\/uploads\/2022\/09\/alcalde-y-ciudadania-3-600x400.jpeg 600w, https:\/\/cuernavaca.gob.mx\/wp-content\/uploads\/2022\/09\/alcalde-y-ciudadania-3-560x373.jpeg 560w, https:\/\/cuernavaca.gob.mx\/wp-content\/uploads\/2022\/09\/alcalde-y-ciudadania-3.jpeg 1280w\" sizes=\"(max-width: 1024px) 100vw, 1024px\" \/><\/figure>\n\n\n\n<figure class=\"wp-block-image size-large\"><img loading=\"lazy\" width=\"1024\" height=\"682\" data-id=\"18939\"  src=\"https:\/\/cuernavaca.gob.mx\/wp-content\/uploads\/2022\/09\/alcalde-y-ciudadania-4-1024x682.jpeg\" alt=\"\" class=\"wp-image-18939\" srcset=\"https:\/\/cuernavaca.gob.mx\/wp-content\/uploads\/2022\/09\/alcalde-y-ciudadania-4-1024x682.jpeg 1024w, https:\/\/cuernavaca.gob.mx\/wp-content\/uploads\/2022\/09\/alcalde-y-ciudadania-4-300x200.jpeg 300w, https:\/\/cuernavaca.gob.mx\/wp-content\/uploads\/2022\/09\/alcalde-y-ciudadania-4-768x512.jpeg 768w, https:\/\/cuernavaca.gob.mx\/wp-content\/uploads\/2022\/09\/alcalde-y-ciudadania-4-600x400.jpeg 600w, https:\/\/cuernavaca.gob.mx\/wp-content\/uploads\/2022\/09\/alcalde-y-ciudadania-4-560x373.jpeg 560w, https:\/\/cuernavaca.gob.mx\/wp-content\/uploads\/2022\/09\/alcalde-y-ciudadania-4.jpeg 1280w\" sizes=\"(max-width: 1024px) 100vw, 1024px\" \/><\/figure>\n\n\n\n<figure class=\"wp-block-image size-large\"><img loading=\"lazy\" width=\"1024\" height=\"682\" data-id=\"18945\"  src=\"https:\/\/cuernavaca.gob.mx\/wp-content\/uploads\/2022\/09\/alcalde-y-ciudadania-5-1024x682.jpeg\" alt=\"\" class=\"wp-image-18945\" srcset=\"https:\/\/cuernavaca.gob.mx\/wp-content\/uploads\/2022\/09\/alcalde-y-ciudadania-5-1024x682.jpeg 1024w, https:\/\/cuernavaca.gob.mx\/wp-content\/uploads\/2022\/09\/alcalde-y-ciudadania-5-300x200.jpeg 300w, https:\/\/cuernavaca.gob.mx\/wp-content\/uploads\/2022\/09\/alcalde-y-ciudadania-5-768x512.jpeg 768w, https:\/\/cuernavaca.gob.mx\/wp-content\/uploads\/2022\/09\/alcalde-y-ciudadania-5-600x400.jpeg 600w, https:\/\/cuernavaca.gob.mx\/wp-content\/uploads\/2022\/09\/alcalde-y-ciudadania-5-560x373.jpeg 560w, https:\/\/cuernavaca.gob.mx\/wp-content\/uploads\/2022\/09\/alcalde-y-ciudadania-5.jpeg 1280w\" sizes=\"(max-width: 1024px) 100vw, 1024px\" \/><\/figure>\n\n\n\n<figure class=\"wp-block-image size-large\"><img loading=\"lazy\" width=\"1024\" height=\"682\" data-id=\"18940\"  src=\"https:\/\/cuernavaca.gob.mx\/wp-content\/uploads\/2022\/09\/alcalde-y-ciudadania-6-1024x682.jpeg\" alt=\"\" class=\"wp-image-18940\" srcset=\"https:\/\/cuernavaca.gob.mx\/wp-content\/uploads\/2022\/09\/alcalde-y-ciudadania-6-1024x682.jpeg 1024w, https:\/\/cuernavaca.gob.mx\/wp-content\/uploads\/2022\/09\/alcalde-y-ciudadania-6-300x200.jpeg 300w, https:\/\/cuernavaca.gob.mx\/wp-content\/uploads\/2022\/09\/alcalde-y-ciudadania-6-768x512.jpeg 768w, https:\/\/cuernavaca.gob.mx\/wp-content\/uploads\/2022\/09\/alcalde-y-ciudadania-6-600x400.jpeg 600w, https:\/\/cuernavaca.gob.mx\/wp-content\/uploads\/2022\/09\/alcalde-y-ciudadania-6-560x373.jpeg 560w, https:\/\/cuernavaca.gob.mx\/wp-content\/uploads\/2022\/09\/alcalde-y-ciudadania-6.jpeg 1280w\" sizes=\"(max-width: 1024px) 100vw, 1024px\" \/><\/figure>\n\n\n\n<figure class=\"wp-block-image size-large\"><img loading=\"lazy\" width=\"1024\" height=\"682\" data-id=\"18944\"  src=\"https:\/\/cuernavaca.gob.mx\/wp-content\/uploads\/2022\/09\/alcalde-y-ciudadania-7-1024x682.jpeg\" alt=\"\" class=\"wp-image-18944\" srcset=\"https:\/\/cuernavaca.gob.mx\/wp-content\/uploads\/2022\/09\/alcalde-y-ciudadania-7-1024x682.jpeg 1024w, https:\/\/cuernavaca.gob.mx\/wp-content\/uploads\/2022\/09\/alcalde-y-ciudadania-7-300x200.jpeg 300w, https:\/\/cuernavaca.gob.mx\/wp-content\/uploads\/2022\/09\/alcalde-y-ciudadania-7-768x512.jpeg 768w, https:\/\/cuernavaca.gob.mx\/wp-content\/uploads\/2022\/09\/alcalde-y-ciudadania-7-600x400.jpeg 600w, https:\/\/cuernavaca.gob.mx\/wp-content\/uploads\/2022\/09\/alcalde-y-ciudadania-7-560x373.jpeg 560w, https:\/\/cuernavaca.gob.mx\/wp-content\/uploads\/2022\/09\/alcalde-y-ciudadania-7.jpeg 1280w\" sizes=\"(max-width: 1024px) 100vw, 1024px\" \/><\/figure>\n\n\n\n<figure class=\"wp-block-image size-large\"><img loading=\"lazy\" width=\"1024\" height=\"682\" data-id=\"18943\"  src=\"https:\/\/cuernavaca.gob.mx\/wp-content\/uploads\/2022\/09\/alcalde-y-ciudadania-8-1024x682.jpeg\" alt=\"\" class=\"wp-image-18943\" srcset=\"https:\/\/cuernavaca.gob.mx\/wp-content\/uploads\/2022\/09\/alcalde-y-ciudadania-8-1024x682.jpeg 1024w, https:\/\/cuernavaca.gob.mx\/wp-content\/uploads\/2022\/09\/alcalde-y-ciudadania-8-300x200.jpeg 300w, https:\/\/cuernavaca.gob.mx\/wp-content\/uploads\/2022\/09\/alcalde-y-ciudadania-8-768x512.jpeg 768w, https:\/\/cuernavaca.gob.mx\/wp-content\/uploads\/2022\/09\/alcalde-y-ciudadania-8-600x400.jpeg 600w, https:\/\/cuernavaca.gob.mx\/wp-content\/uploads\/2022\/09\/alcalde-y-ciudadania-8-560x373.jpeg 560w, https:\/\/cuernavaca.gob.mx\/wp-content\/uploads\/2022\/09\/alcalde-y-ciudadania-8.jpeg 1280w\" sizes=\"(max-width: 1024px) 100vw, 1024px\" \/><\/figure>\n\n\n\n<figure class=\"wp-block-image size-large\"><img loading=\"lazy\" width=\"1024\" height=\"682\" data-id=\"18942\"  src=\"https:\/\/cuernavaca.gob.mx\/wp-content\/uploads\/2022\/09\/alcalde-y-ciudadania-9-1024x682.jpeg\" alt=\"\" class=\"wp-image-18942\" srcset=\"https:\/\/cuernavaca.gob.mx\/wp-content\/uploads\/2022\/09\/alcalde-y-ciudadania-9-1024x682.jpeg 1024w, https:\/\/cuernavaca.gob.mx\/wp-content\/uploads\/2022\/09\/alcalde-y-ciudadania-9-300x200.jpeg 300w, https:\/\/cuernavaca.gob.mx\/wp-content\/uploads\/2022\/09\/alcalde-y-ciudadania-9-768x512.jpeg 768w, https:\/\/cuernavaca.gob.mx\/wp-content\/uploads\/2022\/09\/alcalde-y-ciudadania-9-600x400.jpeg 600w, https:\/\/cuernavaca.gob.mx\/wp-content\/uploads\/2022\/09\/alcalde-y-ciudadania-9-560x373.jpeg 560w, https:\/\/cuernavaca.gob.mx\/wp-content\/uploads\/2022\/09\/alcalde-y-ciudadania-9.jpeg 1280w\" sizes=\"(max-width: 1024px) 100vw, 1024px\" \/><\/figure>\n\n\n\n<figure class=\"wp-block-image size-large\"><img loading=\"lazy\" width=\"1024\" height=\"682\" data-id=\"18941\"  src=\"https:\/\/cuernavaca.gob.mx\/wp-content\/uploads\/2022\/09\/alcalde-y-ciudadania-10-1024x682.jpeg\" alt=\"\" class=\"wp-image-18941\" srcset=\"https:\/\/cuernavaca.gob.mx\/wp-content\/uploads\/2022\/09\/alcalde-y-ciudadania-10-1024x682.jpeg 1024w, https:\/\/cuernavaca.gob.mx\/wp-content\/uploads\/2022\/09\/alcalde-y-ciudadania-10-300x200.jpeg 300w, https:\/\/cuernavaca.gob.mx\/wp-content\/uploads\/2022\/09\/alcalde-y-ciudadania-10-768x512.jpeg 768w, https:\/\/cuernavaca.gob.mx\/wp-content\/uploads\/2022\/09\/alcalde-y-ciudadania-10-600x400.jpeg 600w, https:\/\/cuernavaca.gob.mx\/wp-content\/uploads\/2022\/09\/alcalde-y-ciudadania-10-560x373.jpeg 560w, https:\/\/cuernavaca.gob.mx\/wp-content\/uploads\/2022\/09\/alcalde-y-ciudadania-10.jpeg 1280w\" sizes=\"(max-width: 1024px) 100vw, 1024px\" \/><\/figure>\n<\/figure>\n","protected":false},"excerpt":{"rendered":"<p>En un recorrido para constatar las condiciones requeridas para que las familias y el turismo disfruten de atractivos que ofrece Cuernavaca, el presidente municipal, Jos\u00e9 Luis Uri\u00f3stegui Salgado asisti\u00f3 al Jard\u00edn Ju\u00e1rez del centro de la ciudad, donde convers\u00f3 con las personas paseantes que despu\u00e9s del desfile con motivo del CCXII Aniversario de la Independencia [&hellip;]<\/p>\n","protected":false},"author":1,"featured_media":18941,"comment_status":"closed","ping_status":"open","sticky":false,"template":"","format":"standard","meta":[],"categories":[20],"tags":[1261,2397,121,190,375,2337,120,206,194],"aioseo_notices":[],"_links":{"self":[{"href":"https:\/\/cuernavaca.gob.mx\/index.php?rest_route=\/wp\/v2\/posts\/18935"}],"collection":[{"href":"https:\/\/cuernavaca.gob.mx\/index.php?rest_route=\/wp\/v2\/posts"}],"about":[{"href":"https:\/\/cuernavaca.gob.mx\/index.php?rest_route=\/wp\/v2\/types\/post"}],"author":[{"embeddable":true,"href":"https:\/\/cuernavaca.gob.mx\/index.php?rest_route=\/wp\/v2\/users\/1"}],"replies":[{"embeddable":true,"href":"https:\/\/cuernavaca.gob.mx\/index.php?rest_route=%2Fwp%2Fv2%2Fcomments&post=18935"}],"version-history":[{"count":1,"href":"https:\/\/cuernavaca.gob.mx\/index.php?rest_route=\/wp\/v2\/posts\/18935\/revisions"}],"predecessor-version":[{"id":18946,"href":"https:\/\/cuernavaca.gob.mx\/index.php?rest_route=\/wp\/v2\/posts\/18935\/revisions\/18946"}],"wp:featuredmedia":[{"embeddable":true,"href":"https:\/\/cuernavaca.gob.mx\/index.php?rest_route=\/wp\/v2\/media\/18941"}],"wp:attachment":[{"href":"https:\/\/cuernavaca.gob.mx\/index.php?rest_route=%2Fwp%2Fv2%2Fmedia&parent=18935"}],"wp:term":[{"taxonomy":"category","embeddable":true,"href":"https:\/\/cuernavaca.gob.mx\/index.php?rest_route=%2Fwp%2Fv2%2Fcategories&post=18935"},{"taxonomy":"post_tag","embeddable":true,"href":"https:\/\/cuernavaca.gob.mx\/index.php?rest_route=%2Fwp%2Fv2%2Ftags&post=18935"}],"curies":[{"name":"wp","href":"https:\/\/api.w.org\/{rel}","templated":true}]}}