{"id":18948,"date":"2022-09-16T15:00:00","date_gmt":"2022-09-16T20:00:00","guid":{"rendered":"https:\/\/cuernavaca.gob.mx\/?p=18948"},"modified":"2025-05-06T12:09:27","modified_gmt":"2025-05-06T18:09:27","slug":"f176-16-09-22-el-museo-de-la-ciudad-de-cuernavaca-celebra-con-musica-tradicional-mexicana-las-fiestas-patrias","status":"publish","type":"post","link":"https:\/\/cuernavaca.gob.mx\/?p=18948","title":{"rendered":"F176 16\/09\/22 EL MUSEO DE LA CIUDAD DE CUERNAVACA CELEBRA CON MUSICA TRADICIONAL MEXICANA LAS FIESTAS PATRIAS"},"content":{"rendered":"\n<p>Como parte de la promoci\u00f3n de actividades culturales, en el marco de las Fiestas Patrias el Museo de la Ciudad de Cuernavaca (MUCIC) fue sede del Concierto \u201cViva M\u00e9xico\u201d, organizado por el Coro \u201cFulgencio \u00c1vila Guevara\u201d y el Instituto de Cultura del Gobierno Municipal<\/p>\n\n\n\n<p>En ambiente de celebraci\u00f3n y m\u00fasica tradicional mexicana, decenas de familias, vecinos y paseantes disfrutaron de la presentaci\u00f3n las agrupaciones Pequeson entre Cuerdas y Trinos, dirigido por el profesor Gilberto Ram\u00edrez; el Coro de Santiago de Tepoztl\u00e1n, bajo la direcci\u00f3n de Marco A. Castro, y el Coro \u201cFulgencio \u00c1vila Guevara\u201d, dirigido por Behomar Rojas.<\/p>\n\n\n\n<p>Autoridades del Instituto de Cultura de Cuernavaca, adscrito a la Secretar\u00eda de Desarrollo Humano y Participaci\u00f3n Social, dieron a conocer que el repertorio musical de este concierto integr\u00f3 composiciones como \u201cSandunga\u201d, \u201cLa bamba\u201d, \u201cLa barca de oro\u201d, \u201cLa tricotea\u201d, \u201cEl grillo\u201d, \u201cEl zihualteco\u201d, \u201cLa martiniana\u201d, \u201cLa llorona\u201d y \u201cCielito lindo\u201d, entre otras de dominio popular.<\/p>\n\n\n\n<p>Cabe mencionar que el Coro \u201cFulgencio \u00c1vila Guevara\u201d tiene 11 a\u00f1os de haber sido fundado, y a lo largo de m\u00e1s de una d\u00e9cada se ha presentado en foros como el Monasterio Benedictino de Nuestra Se\u00f1ora de los \u00c1ngeles, la Comandancia de la Vig\u00e9simocuarta Zona Militar, el Museo \u201cRobert Brady\u201d, el Centro Cultural Teopanzolco y tambi\u00e9n el MUCIC.<\/p>\n\n\n\n<figure class=\"wp-container-2 wp-block-gallery-1 wp-block-gallery has-nested-images columns-default is-cropped\">\n<figure class=\"wp-block-image size-large\"><img loading=\"lazy\" width=\"1024\" height=\"768\" data-id=\"18953\"  src=\"https:\/\/cuernavaca.gob.mx\/wp-content\/uploads\/2022\/09\/coro-mucic-1.jpeg\" alt=\"\" class=\"wp-image-18953\" srcset=\"https:\/\/cuernavaca.gob.mx\/wp-content\/uploads\/2022\/09\/coro-mucic-1.jpeg 1024w, https:\/\/cuernavaca.gob.mx\/wp-content\/uploads\/2022\/09\/coro-mucic-1-300x225.jpeg 300w, https:\/\/cuernavaca.gob.mx\/wp-content\/uploads\/2022\/09\/coro-mucic-1-768x576.jpeg 768w, https:\/\/cuernavaca.gob.mx\/wp-content\/uploads\/2022\/09\/coro-mucic-1-600x450.jpeg 600w, https:\/\/cuernavaca.gob.mx\/wp-content\/uploads\/2022\/09\/coro-mucic-1-560x420.jpeg 560w\" sizes=\"(max-width: 1024px) 100vw, 1024px\" \/><\/figure>\n\n\n\n<figure class=\"wp-block-image size-large\"><img loading=\"lazy\" width=\"1024\" height=\"768\" data-id=\"18952\"  src=\"https:\/\/cuernavaca.gob.mx\/wp-content\/uploads\/2022\/09\/coro-mucic-2-1024x768.jpeg\" alt=\"\" class=\"wp-image-18952\" srcset=\"https:\/\/cuernavaca.gob.mx\/wp-content\/uploads\/2022\/09\/coro-mucic-2-1024x768.jpeg 1024w, https:\/\/cuernavaca.gob.mx\/wp-content\/uploads\/2022\/09\/coro-mucic-2-300x225.jpeg 300w, https:\/\/cuernavaca.gob.mx\/wp-content\/uploads\/2022\/09\/coro-mucic-2-768x576.jpeg 768w, https:\/\/cuernavaca.gob.mx\/wp-content\/uploads\/2022\/09\/coro-mucic-2-600x450.jpeg 600w, https:\/\/cuernavaca.gob.mx\/wp-content\/uploads\/2022\/09\/coro-mucic-2-560x420.jpeg 560w, https:\/\/cuernavaca.gob.mx\/wp-content\/uploads\/2022\/09\/coro-mucic-2.jpeg 1280w\" sizes=\"(max-width: 1024px) 100vw, 1024px\" \/><\/figure>\n\n\n\n<figure class=\"wp-block-image size-large\"><img loading=\"lazy\" width=\"768\" height=\"576\" data-id=\"18951\"  src=\"https:\/\/cuernavaca.gob.mx\/wp-content\/uploads\/2022\/09\/coro-mucic-3.jpeg\" alt=\"\" class=\"wp-image-18951\" srcset=\"https:\/\/cuernavaca.gob.mx\/wp-content\/uploads\/2022\/09\/coro-mucic-3.jpeg 768w, https:\/\/cuernavaca.gob.mx\/wp-content\/uploads\/2022\/09\/coro-mucic-3-300x225.jpeg 300w, https:\/\/cuernavaca.gob.mx\/wp-content\/uploads\/2022\/09\/coro-mucic-3-600x450.jpeg 600w, https:\/\/cuernavaca.gob.mx\/wp-content\/uploads\/2022\/09\/coro-mucic-3-560x420.jpeg 560w\" sizes=\"(max-width: 768px) 100vw, 768px\" \/><\/figure>\n\n\n\n<figure class=\"wp-block-image size-large\"><img loading=\"lazy\" width=\"768\" height=\"576\" data-id=\"18950\"  src=\"https:\/\/cuernavaca.gob.mx\/wp-content\/uploads\/2022\/09\/coro-mucic-4.jpeg\" alt=\"\" class=\"wp-image-18950\" srcset=\"https:\/\/cuernavaca.gob.mx\/wp-content\/uploads\/2022\/09\/coro-mucic-4.jpeg 768w, https:\/\/cuernavaca.gob.mx\/wp-content\/uploads\/2022\/09\/coro-mucic-4-300x225.jpeg 300w, https:\/\/cuernavaca.gob.mx\/wp-content\/uploads\/2022\/09\/coro-mucic-4-600x450.jpeg 600w, https:\/\/cuernavaca.gob.mx\/wp-content\/uploads\/2022\/09\/coro-mucic-4-560x420.jpeg 560w\" sizes=\"(max-width: 768px) 100vw, 768px\" \/><\/figure>\n\n\n\n<figure class=\"wp-block-image size-large\"><img loading=\"lazy\" width=\"768\" height=\"576\" data-id=\"18949\"  src=\"https:\/\/cuernavaca.gob.mx\/wp-content\/uploads\/2022\/09\/coro-mucic-5.jpeg\" alt=\"\" class=\"wp-image-18949\" srcset=\"https:\/\/cuernavaca.gob.mx\/wp-content\/uploads\/2022\/09\/coro-mucic-5.jpeg 768w, https:\/\/cuernavaca.gob.mx\/wp-content\/uploads\/2022\/09\/coro-mucic-5-300x225.jpeg 300w, https:\/\/cuernavaca.gob.mx\/wp-content\/uploads\/2022\/09\/coro-mucic-5-600x450.jpeg 600w, https:\/\/cuernavaca.gob.mx\/wp-content\/uploads\/2022\/09\/coro-mucic-5-560x420.jpeg 560w\" sizes=\"(max-width: 768px) 100vw, 768px\" \/><\/figure>\n<\/figure>\n","protected":false},"excerpt":{"rendered":"<p>Como parte de la promoci\u00f3n de actividades culturales, en el marco de las Fiestas Patrias el Museo de la Ciudad de Cuernavaca (MUCIC) fue sede del Concierto \u201cViva M\u00e9xico\u201d, organizado por el Coro \u201cFulgencio \u00c1vila Guevara\u201d y el Instituto de Cultura del Gobierno Municipal En ambiente de celebraci\u00f3n y m\u00fasica tradicional mexicana, decenas de familias, [&hellip;]<\/p>\n","protected":false},"author":1,"featured_media":18950,"comment_status":"closed","ping_status":"open","sticky":false,"template":"","format":"standard","meta":[],"categories":[862],"tags":[2338,2398,121,190,2337,120,206,844,2399],"aioseo_notices":[],"_links":{"self":[{"href":"https:\/\/cuernavaca.gob.mx\/index.php?rest_route=\/wp\/v2\/posts\/18948"}],"collection":[{"href":"https:\/\/cuernavaca.gob.mx\/index.php?rest_route=\/wp\/v2\/posts"}],"about":[{"href":"https:\/\/cuernavaca.gob.mx\/index.php?rest_route=\/wp\/v2\/types\/post"}],"author":[{"embeddable":true,"href":"https:\/\/cuernavaca.gob.mx\/index.php?rest_route=\/wp\/v2\/users\/1"}],"replies":[{"embeddable":true,"href":"https:\/\/cuernavaca.gob.mx\/index.php?rest_route=%2Fwp%2Fv2%2Fcomments&post=18948"}],"version-history":[{"count":1,"href":"https:\/\/cuernavaca.gob.mx\/index.php?rest_route=\/wp\/v2\/posts\/18948\/revisions"}],"predecessor-version":[{"id":18954,"href":"https:\/\/cuernavaca.gob.mx\/index.php?rest_route=\/wp\/v2\/posts\/18948\/revisions\/18954"}],"wp:featuredmedia":[{"embeddable":true,"href":"https:\/\/cuernavaca.gob.mx\/index.php?rest_route=\/wp\/v2\/media\/18950"}],"wp:attachment":[{"href":"https:\/\/cuernavaca.gob.mx\/index.php?rest_route=%2Fwp%2Fv2%2Fmedia&parent=18948"}],"wp:term":[{"taxonomy":"category","embeddable":true,"href":"https:\/\/cuernavaca.gob.mx\/index.php?rest_route=%2Fwp%2Fv2%2Fcategories&post=18948"},{"taxonomy":"post_tag","embeddable":true,"href":"https:\/\/cuernavaca.gob.mx\/index.php?rest_route=%2Fwp%2Fv2%2Ftags&post=18948"}],"curies":[{"name":"wp","href":"https:\/\/api.w.org\/{rel}","templated":true}]}}