{"id":19034,"date":"2022-09-18T16:00:00","date_gmt":"2022-09-18T21:00:00","guid":{"rendered":"https:\/\/cuernavaca.gob.mx\/?p=19034"},"modified":"2025-05-06T12:09:26","modified_gmt":"2025-05-06T18:09:26","slug":"b425-18-09-22-modifican-reglamentacion-de-cuernavaca-para-priorizar-el-desarrollo-sustentable","status":"publish","type":"post","link":"https:\/\/cuernavaca.gob.mx\/?p=19034","title":{"rendered":"B425 18\/09\/22 MODIFICAN REGLAMENTACI\u00d3N DE CUERNAVACA PARA PRIORIZAR EL DESARROLLO SUSTENTABLE"},"content":{"rendered":"\n<ul><li><strong>Integrantes del Cabildo autorizaron el Reglamento de la Secretar\u00eda de Desarrollo Sustentable y Servicios P\u00fablicos municipal que marcar\u00e1n un precedente en Morelos<\/strong><\/li><\/ul>\n\n\n\n<p>La ciudad de Cuernavaca se coloca a la vanguardia en el estado con la aprobaci\u00f3n del Reglamento Interior de la Secretar\u00eda de Desarrollo Sustentable y Servicios P\u00fablicos del Ayuntamiento capitalino, que promueve el cuidado del medio ambiente a trav\u00e9s de la transici\u00f3n y sustituci\u00f3n de pl\u00e1sticos de un solo en las oficinas municipales, as\u00ed como la protecci\u00f3n animal que privilegiar\u00e1 el cuidado, respeto y protecci\u00f3n de todos las especies que habitan en el territorio.<\/p>\n\n\n\n<p>En sesi\u00f3n de Cabildo, la regidora presidenta de la Comisi\u00f3n de Gobernaci\u00f3n y Reglamentos, Paz Hern\u00e1ndez Pardo, refiri\u00f3 que despu\u00e9s de la realizaci\u00f3n de varias mesas de trabajo para su an\u00e1lisis y estudio, este ordenamiento jur\u00eddico se ajusta a las modificaciones estructurales que ha tenido la actual administraci\u00f3n, incluyendo diversos criterios para el cuidado del medio ambiente que marcar\u00e1n un precedente en la entidad.<\/p>\n\n\n\n<p>Entre los criterios m\u00e1s importantes, destac\u00f3 el establecimiento de la operatividad y funciones espec\u00edficas de la reci\u00e9n creada Fiscal\u00eda Ambiental para su adecuado funcionamiento; adem\u00e1s de la vigilancia e inspecci\u00f3n que realizar\u00e1 respecto de la utilizaci\u00f3n de los pl\u00e1sticos de un solo uso en el municipio, delimitando, de igual manera, diversas responsabilidades que tiene la Secretar\u00eda para llevar a cabo el bacheo y embellecimiento de la capital morelense.<\/p>\n\n\n\n<p>Sobre el tema, la regidora presidenta de la Comisi\u00f3n de Protecci\u00f3n Ambiental y Desarrollo Sustentable, Wendi Salinas Ruiz, reconoci\u00f3 el inter\u00e9s que se tuvo desde la Comisi\u00f3n de Gobernaci\u00f3n y Reglamentos para materializar este ordenamiento tomando en cuenta su iniciativa en materia de transici\u00f3n y sustituci\u00f3n respecto del uso y entrega de pl\u00e1sticos de un solo uso, como popotes, unicel, envoltorios de comida, entre otros, en la administraci\u00f3n p\u00fablica municipal, de acuerdo a lo establecido en el objetivo 12 &#8220;Producci\u00f3n y Consumos Responsables&#8221; de los Objetivos de Desarrollo Sostenible de la Organizaci\u00f3n de las Naciones Unidas, que pondr\u00e1 como ejemplo a Cuernavaca en el estado.<\/p>\n\n\n\n<p>Finalmente, el regidor presidente de la Comisi\u00f3n de Servicios P\u00fablicos, Fernando Carrillo Alvarado, asever\u00f3 que este reglamento complementar\u00e1 el gran trabajo que est\u00e1 haciendo la actual administraci\u00f3n p\u00fablica y el Cabildo, eliminando subsecretar\u00edas y adopt\u00e1ndolo a directores generales, aunado a que habla de labores espec\u00edficas en cuanto a protecci\u00f3n animal y en el mejoramiento de servicios que dar\u00e1 vanguardia a la ciudad de la Eterna Primavera.<\/p>\n\n\n\n<figure class=\"wp-container-2 wp-block-gallery-1 wp-block-gallery has-nested-images columns-default is-cropped\">\n<figure class=\"wp-block-image size-large\"><img loading=\"lazy\" width=\"1024\" height=\"576\" data-id=\"19038\"  src=\"https:\/\/cuernavaca.gob.mx\/wp-content\/uploads\/2022\/09\/reglamento-cuernavaca-1-1024x576.jpeg\" alt=\"\" class=\"wp-image-19038\" srcset=\"https:\/\/cuernavaca.gob.mx\/wp-content\/uploads\/2022\/09\/reglamento-cuernavaca-1-1024x576.jpeg 1024w, https:\/\/cuernavaca.gob.mx\/wp-content\/uploads\/2022\/09\/reglamento-cuernavaca-1-300x169.jpeg 300w, https:\/\/cuernavaca.gob.mx\/wp-content\/uploads\/2022\/09\/reglamento-cuernavaca-1-768x432.jpeg 768w, https:\/\/cuernavaca.gob.mx\/wp-content\/uploads\/2022\/09\/reglamento-cuernavaca-1-600x338.jpeg 600w, https:\/\/cuernavaca.gob.mx\/wp-content\/uploads\/2022\/09\/reglamento-cuernavaca-1-560x315.jpeg 560w, https:\/\/cuernavaca.gob.mx\/wp-content\/uploads\/2022\/09\/reglamento-cuernavaca-1.jpeg 1280w\" sizes=\"(max-width: 1024px) 100vw, 1024px\" \/><\/figure>\n\n\n\n<figure class=\"wp-block-image size-large\"><img loading=\"lazy\" width=\"1024\" height=\"682\" data-id=\"19039\"  src=\"https:\/\/cuernavaca.gob.mx\/wp-content\/uploads\/2022\/09\/reglamento-cuernavaca-2-1024x682.jpeg\" alt=\"\" class=\"wp-image-19039\" srcset=\"https:\/\/cuernavaca.gob.mx\/wp-content\/uploads\/2022\/09\/reglamento-cuernavaca-2-1024x682.jpeg 1024w, https:\/\/cuernavaca.gob.mx\/wp-content\/uploads\/2022\/09\/reglamento-cuernavaca-2-300x200.jpeg 300w, https:\/\/cuernavaca.gob.mx\/wp-content\/uploads\/2022\/09\/reglamento-cuernavaca-2-768x512.jpeg 768w, https:\/\/cuernavaca.gob.mx\/wp-content\/uploads\/2022\/09\/reglamento-cuernavaca-2-600x400.jpeg 600w, https:\/\/cuernavaca.gob.mx\/wp-content\/uploads\/2022\/09\/reglamento-cuernavaca-2-560x373.jpeg 560w, https:\/\/cuernavaca.gob.mx\/wp-content\/uploads\/2022\/09\/reglamento-cuernavaca-2.jpeg 1280w\" sizes=\"(max-width: 1024px) 100vw, 1024px\" \/><\/figure>\n\n\n\n<figure class=\"wp-block-image size-large\"><img loading=\"lazy\" width=\"1024\" height=\"682\" data-id=\"19035\"  src=\"https:\/\/cuernavaca.gob.mx\/wp-content\/uploads\/2022\/09\/reglamento-cuernavaca-3-1024x682.jpeg\" alt=\"\" class=\"wp-image-19035\" srcset=\"https:\/\/cuernavaca.gob.mx\/wp-content\/uploads\/2022\/09\/reglamento-cuernavaca-3-1024x682.jpeg 1024w, https:\/\/cuernavaca.gob.mx\/wp-content\/uploads\/2022\/09\/reglamento-cuernavaca-3-300x200.jpeg 300w, https:\/\/cuernavaca.gob.mx\/wp-content\/uploads\/2022\/09\/reglamento-cuernavaca-3-768x512.jpeg 768w, https:\/\/cuernavaca.gob.mx\/wp-content\/uploads\/2022\/09\/reglamento-cuernavaca-3-600x400.jpeg 600w, https:\/\/cuernavaca.gob.mx\/wp-content\/uploads\/2022\/09\/reglamento-cuernavaca-3-560x373.jpeg 560w, https:\/\/cuernavaca.gob.mx\/wp-content\/uploads\/2022\/09\/reglamento-cuernavaca-3.jpeg 1280w\" sizes=\"(max-width: 1024px) 100vw, 1024px\" \/><\/figure>\n\n\n\n<figure class=\"wp-block-image size-large\"><img loading=\"lazy\" width=\"1024\" height=\"682\" data-id=\"19037\"  src=\"https:\/\/cuernavaca.gob.mx\/wp-content\/uploads\/2022\/09\/reglamento-cuernavaca-4-1024x682.jpeg\" alt=\"\" class=\"wp-image-19037\" srcset=\"https:\/\/cuernavaca.gob.mx\/wp-content\/uploads\/2022\/09\/reglamento-cuernavaca-4-1024x682.jpeg 1024w, https:\/\/cuernavaca.gob.mx\/wp-content\/uploads\/2022\/09\/reglamento-cuernavaca-4-300x200.jpeg 300w, https:\/\/cuernavaca.gob.mx\/wp-content\/uploads\/2022\/09\/reglamento-cuernavaca-4-768x512.jpeg 768w, https:\/\/cuernavaca.gob.mx\/wp-content\/uploads\/2022\/09\/reglamento-cuernavaca-4-600x400.jpeg 600w, https:\/\/cuernavaca.gob.mx\/wp-content\/uploads\/2022\/09\/reglamento-cuernavaca-4-560x373.jpeg 560w, https:\/\/cuernavaca.gob.mx\/wp-content\/uploads\/2022\/09\/reglamento-cuernavaca-4.jpeg 1280w\" sizes=\"(max-width: 1024px) 100vw, 1024px\" \/><\/figure>\n\n\n\n<figure class=\"wp-block-image size-large\"><img loading=\"lazy\" width=\"1024\" height=\"575\" data-id=\"19036\"  src=\"https:\/\/cuernavaca.gob.mx\/wp-content\/uploads\/2022\/09\/reglamento-cuernavaca-5-1024x575.jpeg\" alt=\"\" class=\"wp-image-19036\" srcset=\"https:\/\/cuernavaca.gob.mx\/wp-content\/uploads\/2022\/09\/reglamento-cuernavaca-5-1024x575.jpeg 1024w, https:\/\/cuernavaca.gob.mx\/wp-content\/uploads\/2022\/09\/reglamento-cuernavaca-5-300x169.jpeg 300w, https:\/\/cuernavaca.gob.mx\/wp-content\/uploads\/2022\/09\/reglamento-cuernavaca-5-768x431.jpeg 768w, https:\/\/cuernavaca.gob.mx\/wp-content\/uploads\/2022\/09\/reglamento-cuernavaca-5-600x337.jpeg 600w, https:\/\/cuernavaca.gob.mx\/wp-content\/uploads\/2022\/09\/reglamento-cuernavaca-5-560x315.jpeg 560w, https:\/\/cuernavaca.gob.mx\/wp-content\/uploads\/2022\/09\/reglamento-cuernavaca-5.jpeg 1280w\" sizes=\"(max-width: 1024px) 100vw, 1024px\" \/><\/figure>\n<\/figure>\n","protected":false},"excerpt":{"rendered":"<p>Integrantes del Cabildo autorizaron el Reglamento de la Secretar\u00eda de Desarrollo Sustentable y Servicios P\u00fablicos municipal que marcar\u00e1n un precedente en Morelos La ciudad de Cuernavaca se coloca a la vanguardia en el estado con la aprobaci\u00f3n del Reglamento Interior de la Secretar\u00eda de Desarrollo Sustentable y Servicios P\u00fablicos del Ayuntamiento capitalino, que promueve el [&hellip;]<\/p>\n","protected":false},"author":1,"featured_media":19036,"comment_status":"closed","ping_status":"open","sticky":false,"template":"","format":"standard","meta":[],"categories":[2271],"tags":[121,1518,2379,302,652,120,422,206],"aioseo_notices":[],"_links":{"self":[{"href":"https:\/\/cuernavaca.gob.mx\/index.php?rest_route=\/wp\/v2\/posts\/19034"}],"collection":[{"href":"https:\/\/cuernavaca.gob.mx\/index.php?rest_route=\/wp\/v2\/posts"}],"about":[{"href":"https:\/\/cuernavaca.gob.mx\/index.php?rest_route=\/wp\/v2\/types\/post"}],"author":[{"embeddable":true,"href":"https:\/\/cuernavaca.gob.mx\/index.php?rest_route=\/wp\/v2\/users\/1"}],"replies":[{"embeddable":true,"href":"https:\/\/cuernavaca.gob.mx\/index.php?rest_route=%2Fwp%2Fv2%2Fcomments&post=19034"}],"version-history":[{"count":1,"href":"https:\/\/cuernavaca.gob.mx\/index.php?rest_route=\/wp\/v2\/posts\/19034\/revisions"}],"predecessor-version":[{"id":19040,"href":"https:\/\/cuernavaca.gob.mx\/index.php?rest_route=\/wp\/v2\/posts\/19034\/revisions\/19040"}],"wp:featuredmedia":[{"embeddable":true,"href":"https:\/\/cuernavaca.gob.mx\/index.php?rest_route=\/wp\/v2\/media\/19036"}],"wp:attachment":[{"href":"https:\/\/cuernavaca.gob.mx\/index.php?rest_route=%2Fwp%2Fv2%2Fmedia&parent=19034"}],"wp:term":[{"taxonomy":"category","embeddable":true,"href":"https:\/\/cuernavaca.gob.mx\/index.php?rest_route=%2Fwp%2Fv2%2Fcategories&post=19034"},{"taxonomy":"post_tag","embeddable":true,"href":"https:\/\/cuernavaca.gob.mx\/index.php?rest_route=%2Fwp%2Fv2%2Ftags&post=19034"}],"curies":[{"name":"wp","href":"https:\/\/api.w.org\/{rel}","templated":true}]}}