{"id":19208,"date":"2022-09-22T18:30:00","date_gmt":"2022-09-22T23:30:00","guid":{"rendered":"https:\/\/cuernavaca.gob.mx\/?p=19208"},"modified":"2025-05-06T12:09:22","modified_gmt":"2025-05-06T18:09:22","slug":"b378-22-09-22-presenta-gobierno-municipal-ante-la-sociedad-el-proyecto-paseo-palmira-renace-cuernavaca-con-movilidad-activa","status":"publish","type":"post","link":"https:\/\/cuernavaca.gob.mx\/?p=19208","title":{"rendered":"B378 22\/09\/22 PRESENTA GOBIERNO MUNICIPAL ANTE LA SOCIEDAD EL PROYECTO \u201cPASEO PALMIRA, RENACE CUERNAVACA CON MOVILIDAD ACTIVA\u201d"},"content":{"rendered":"\n<p>\u2022<strong> Jos\u00e9 Luis Uri\u00f3stegui, conmemor\u00f3 el D\u00eda Mundial Sin Auto con una rodada y la presentaci\u00f3n de este proyecto del Colectivo Ciclista Intr\u00e9pidas, con el apoyo de RE-ACTIVA.MX, iniciativa de bikeNcity y por UK PACT M\u00e9xico programa financiado por el gobierno del Reino Unido<\/strong><\/p>\n\n\n\n<p><strong>\u2022 Contempla la creaci\u00f3n de una primera ciclov\u00eda en la ciudad, ubicada en avenida Palmira con una longitud de cuatro mil 380 metros que beneficiar\u00e1 a cuatro mil 500 habitantes<\/strong><\/p>\n\n\n\n<p>El Gobierno Municipal conmemor\u00f3 este jueves el D\u00eda Mundial Sin Auto con una rodada y la presentaci\u00f3n del proyecto \u201cPaseo Palmira, Renace Cuernavaca con Movilidad Activa\u201d que atiende la cada vez mayor solicitud ciudadana de generar en el territorio nuevas formas de movilidad incluyentes, seguras, sustentables y resilientes, ayudando con ello a fortalecer la salud, el bienestar de sus habitantes y la reducci\u00f3n del impacto del cambio clim\u00e1tico.<\/p>\n\n\n\n<p>La rodada fue encabezada por el colectivo ciclista femenil \u201cIntr\u00e9pidas\u201d, en la cual particip\u00f3 el presidente municipal, Jos\u00e9 Luis Uri\u00f3stegui Salgado, junto con los regidores Jes\u00fas Rosales Puebla y Adri\u00e1n Mart\u00ednez Terrazas, el director del Instituto Municipal de Planeaci\u00f3n (IMPLAN) de Cuernavaca, Carlos Hern\u00e1ndez Ad\u00e1n, y la directora de Comunicaci\u00f3n e Imagen de la Secretar\u00eda de Desarrollo Sustentable del Gobierno del Estado, Brenda \u00c1lvarez Rojo, quienes partieron de la sede Papagayo del Ayuntamiento capitalino hasta llegar al Centro Cultural Casa Palmira, donde hicieron el anuncio p\u00fablico de este proyecto sustentable.<\/p>\n\n\n\n<p>Paseo Palmira comprende la primera ciclov\u00eda en la ciudad, ubicada en avenida Palmira con una longitud de cuatro mil 380 metros que beneficiar\u00e1 a cuatro mil 500 habitantes, quienes tendr\u00e1n la opci\u00f3n de trasladarse adecuadamente de manera peatonal, en bicicleta, veh\u00edculos no motorizados, en transporte p\u00fablico o privado.<\/p>\n\n\n\n<p>En el acto protocolario, el alcalde capitalino se\u00f1al\u00f3 que como autoridades tienen la obligaci\u00f3n de hacer coincidir los derechos de todos para buscar el bien com\u00fan, \u201cel Cabido de Cuernavaca no toma decisiones a la ligera, toma decisiones pensadas, programadas, apoyadas en expertos tambi\u00e9n y queremos que cada persona que quiera moverse en la ciudad tenga el respeto a la forma en que quiera moverse\u201d.<\/p>\n\n\n\n<p>Precis\u00f3 que desde hace meses se inici\u00f3 este proyecto acorde a la Ley General de Movilidad que pone en la pir\u00e1mide de movilidad primero al peat\u00f3n, segundo al ciclista, tercero al transporte p\u00fablico y en cuarto lugar al transporte privado, teniendo como autoridades la responsabilidad y obligaci\u00f3n de aplicar las normas jur\u00eddicas.<\/p>\n\n\n\n<p>Por su lado, el director del Instituto Municipal de Planeaci\u00f3n (IMPLAN) de Cuernavaca, Carlos Hern\u00e1ndez Ad\u00e1n, explic\u00f3 que el municipio cuenta con el acompa\u00f1amiento t\u00e9cnico de RE-ACTIVA.MX, iniciativa de bikeNcity con apoyo de UK PACT M\u00e9xico, programa financiado por el gobierno del Reino Unido, respondiendo a los retos actuales de movilidad en Cuernavaca que demandan la construcci\u00f3n de un nuevo paradigma en las pol\u00edticas p\u00fablicas municipales, a fin de generar vialidades seguras de movilidad activa, mejorando el tratamiento al espacio p\u00fablico para que el peat\u00f3n sea el protagonista en la ciudad de acuerdo a la nueva pir\u00e1mide de movilidad.<\/p>\n\n\n\n<p>Cabe se\u00f1alar que RE-ACTIVA.MX es una iniciativa de bikeNcity, con apoyo de UK PACT M\u00e9xico, la cual trabaja en conjunto con el municipio en la implementaci\u00f3n de infraestructura para la movilidad en modos de transporte no motorizados. UK PACT (Partnering for Accelerated Climate Transitions o Alianza para las Transiciones Clim\u00e1ticas Aceleradas) es un programa bilateral del Ministerio de Relaciones Exteriores, de la Mancomunidad de Naciones y del Desarrollo (FCDO, por sus siglas en ingl\u00e9s) del Gobierno del Reino Unido.<\/p>\n\n\n\n<p>En representaci\u00f3n de la sociedad civil, Rub\u00ed Espinal Garc\u00eda, del colectivo ciclista femenil \u201cIntr\u00e9pidas\u201d, manifest\u00f3 que, si bien es dif\u00edcil romper paradigmas, sobre todo en una ciudad donde desde hace mucho tiempo se menciona que no se puede andar en bicicleta por su topograf\u00eda, diversos colectivos de ciclistas han demostrado que si se puede tener una movilidad integral, sustentable y segura que con este proyecto se consolidar\u00e1 a\u00fan m\u00e1s, en especial en un estado donde menos del 30 por ciento de la poblaci\u00f3n tiene autom\u00f3vil.<\/p>\n\n\n\n<p>\u201cAgradecemos esta oportunidad, gracias por darnos la voz, por escucharnos. Algo que hemos tenido en este gobierno es justamente que ha sido de puertas abiertas, que nos han escuchado y atendido nuestras peticiones\u201d, reiter\u00f3.<\/p>\n\n\n\n<p>El gerente de Dise\u00f1o Urbano de RE-ACTIVA.MX, Fernando Guti\u00e9rrez Brito, afirm\u00f3 que decidieron colaborar con la presente administraci\u00f3n debido a la buena disposici\u00f3n que encontraron por parte del alcalde, el IMPLAN y las dem\u00e1s Secretar\u00edas que intervienen en este proyecto, que cuenta con la participaci\u00f3n de la sociedad civil a trav\u00e9s del colectivo de ciclistas \u201cIntr\u00e9pidas\u201d, consolidando una visi\u00f3n m\u00e1s de movilidad que recreativa que podr\u00e1 hacer un cambio y espera sea la primera piedra para fortalecer y hacer una red que despu\u00e9s pueda crecer a otras zonas de la ciudad.<\/p>\n\n\n\n<p>La directora de Movilidad Urbana de la Secretar\u00eda de Desarrollo Urbano y Obras P\u00fablicas de Cuernavaca, Sandra Villarreal Robles, refiri\u00f3 que como parte del desarrollo del proyecto se realiz\u00f3 un proceso de Gesti\u00f3n en el Territorio, aplicando una encuesta de percepci\u00f3n, sesiones de trabajo e informativas con colectivas ciclistas, habitantes de la Avenida Palmira, as\u00ed como din\u00e1micas participativas, un mapeo colaborativo en Casa Palmira y un Urbanismo T\u00e1ctico, este \u00faltimo con el objetivo de observar, evaluar y realizar ajustes al dise\u00f1o para garantizar la seguridad y comodidad de todas las personas usuarias, as\u00ed como reuniones informativas y de sensibilizaci\u00f3n con los conductores de la ruta 14 de transporte p\u00fablico.<\/p>\n\n\n\n<p>En este sentido, la representante de la Direcci\u00f3n de Licencias de Construcci\u00f3n, Liliana Hilda Le\u00f3n Fitz, asever\u00f3 que de acuerdo con el proceso de diagn\u00f3stico y monitoreo, realizado a trav\u00e9s de aforos, actualmente no existe se\u00f1alizaci\u00f3n vertical y horizontal de cruces peatonales y de escolares en la zona escolar y comercial, ni de circulaci\u00f3n y protecci\u00f3n de ciclistas, de paradas de transporte p\u00fablico ni de velocidad m\u00e1xima, por lo que en esta segunda etapa de la intervenci\u00f3n en Paseo Palmira se planea que durante el mes de septiembre se ajuste la geometr\u00eda del arroyo vehicular mediante trazo y balizamiento, en el que se incluya el se\u00f1alamiento horizontal para peatones, ciclistas y personas usuarias del transporte p\u00fablico.<\/p>\n\n\n\n<p>Indic\u00f3 que estas acciones se suman a los trabajos de trazo y nivelaci\u00f3n con equipo topogr\u00e1fico realizados del 22 de marzo al 5 de mayo del presente a\u00f1o, bacheo para uniformizar la superficie existente deteriorada, fresado en zonas da\u00f1adas, nivelaci\u00f3n y tendido de carpeta de 5 cms de espesor compacto, acarreos fuera de sitio de materiales derivados de demolici\u00f3n y excavaci\u00f3n, reparaci\u00f3n de posibles da\u00f1os a tuber\u00edas (tomas de agua o descargas sanitarias), renivelaci\u00f3n de pozos de visita (brocal y tapa), pruebas y limpieza final.<\/p>\n\n\n\n<p>La funcionaria municipal inform\u00f3 que por \u00faltimo se implementar\u00e1n se\u00f1alamientos verticales y dispositivos para moderar la velocidad, se reforzar\u00e1 la seguridad confinando el carril para usuarios de movilidad de impulso humano y se mejorar\u00e1 el dise\u00f1o de la glorieta ubicada inmediatamente despu\u00e9s del puente de la autopista para evitar accidentes.<\/p>\n\n\n\n<p>Ante inconformidades de algunas vecinas y vecinos que consideran que puedan verse afectados con este proyecto, cuyos recursos habr\u00e1 de destinar la Embajada de Reino Unido por la iniciativa RE-ACTIVA.MX, el presidente municipal, Jos\u00e9 Luis Uri\u00f3stegui, refrend\u00f3 que la administraci\u00f3n est\u00e1 abierta a establecer mesas de di\u00e1logo, a fin de tomar en cuenta sus propuestas y opiniones, aclarando que de ninguna manera perjudicar\u00e1 los accesos de sus viviendas ni su movilidad.<\/p>\n\n\n\n<figure class=\"wp-container-2 wp-block-gallery-1 wp-block-gallery has-nested-images columns-default is-cropped\">\n<figure class=\"wp-block-image size-large\"><img loading=\"lazy\" width=\"1024\" height=\"682\" data-id=\"19209\"  src=\"https:\/\/cuernavaca.gob.mx\/wp-content\/uploads\/2022\/09\/paseo-palmira-1-1024x682.jpg\" alt=\"\" class=\"wp-image-19209\" srcset=\"https:\/\/cuernavaca.gob.mx\/wp-content\/uploads\/2022\/09\/paseo-palmira-1-1024x682.jpg 1024w, https:\/\/cuernavaca.gob.mx\/wp-content\/uploads\/2022\/09\/paseo-palmira-1-300x200.jpg 300w, https:\/\/cuernavaca.gob.mx\/wp-content\/uploads\/2022\/09\/paseo-palmira-1-768x512.jpg 768w, https:\/\/cuernavaca.gob.mx\/wp-content\/uploads\/2022\/09\/paseo-palmira-1-600x400.jpg 600w, https:\/\/cuernavaca.gob.mx\/wp-content\/uploads\/2022\/09\/paseo-palmira-1-560x373.jpg 560w, https:\/\/cuernavaca.gob.mx\/wp-content\/uploads\/2022\/09\/paseo-palmira-1.jpg 1280w\" sizes=\"(max-width: 1024px) 100vw, 1024px\" \/><\/figure>\n\n\n\n<figure class=\"wp-block-image size-large\"><img loading=\"lazy\" width=\"1024\" height=\"682\" data-id=\"19214\"  src=\"https:\/\/cuernavaca.gob.mx\/wp-content\/uploads\/2022\/09\/paseo-palmira-2-1024x682.jpg\" alt=\"\" class=\"wp-image-19214\" srcset=\"https:\/\/cuernavaca.gob.mx\/wp-content\/uploads\/2022\/09\/paseo-palmira-2-1024x682.jpg 1024w, https:\/\/cuernavaca.gob.mx\/wp-content\/uploads\/2022\/09\/paseo-palmira-2-300x200.jpg 300w, https:\/\/cuernavaca.gob.mx\/wp-content\/uploads\/2022\/09\/paseo-palmira-2-768x512.jpg 768w, https:\/\/cuernavaca.gob.mx\/wp-content\/uploads\/2022\/09\/paseo-palmira-2-600x400.jpg 600w, https:\/\/cuernavaca.gob.mx\/wp-content\/uploads\/2022\/09\/paseo-palmira-2-560x373.jpg 560w, https:\/\/cuernavaca.gob.mx\/wp-content\/uploads\/2022\/09\/paseo-palmira-2.jpg 1280w\" sizes=\"(max-width: 1024px) 100vw, 1024px\" \/><\/figure>\n\n\n\n<figure class=\"wp-block-image size-large\"><img loading=\"lazy\" width=\"1024\" height=\"682\" data-id=\"19212\"  src=\"https:\/\/cuernavaca.gob.mx\/wp-content\/uploads\/2022\/09\/paseo-palmira-3-1024x682.jpg\" alt=\"\" class=\"wp-image-19212\" srcset=\"https:\/\/cuernavaca.gob.mx\/wp-content\/uploads\/2022\/09\/paseo-palmira-3-1024x682.jpg 1024w, https:\/\/cuernavaca.gob.mx\/wp-content\/uploads\/2022\/09\/paseo-palmira-3-300x200.jpg 300w, https:\/\/cuernavaca.gob.mx\/wp-content\/uploads\/2022\/09\/paseo-palmira-3-768x512.jpg 768w, https:\/\/cuernavaca.gob.mx\/wp-content\/uploads\/2022\/09\/paseo-palmira-3-600x400.jpg 600w, https:\/\/cuernavaca.gob.mx\/wp-content\/uploads\/2022\/09\/paseo-palmira-3-560x373.jpg 560w, https:\/\/cuernavaca.gob.mx\/wp-content\/uploads\/2022\/09\/paseo-palmira-3.jpg 1280w\" sizes=\"(max-width: 1024px) 100vw, 1024px\" \/><\/figure>\n\n\n\n<figure class=\"wp-block-image size-large\"><img loading=\"lazy\" width=\"1024\" height=\"682\" data-id=\"19213\"  src=\"https:\/\/cuernavaca.gob.mx\/wp-content\/uploads\/2022\/09\/paseo-palmira-4-1024x682.jpg\" alt=\"\" class=\"wp-image-19213\" srcset=\"https:\/\/cuernavaca.gob.mx\/wp-content\/uploads\/2022\/09\/paseo-palmira-4-1024x682.jpg 1024w, https:\/\/cuernavaca.gob.mx\/wp-content\/uploads\/2022\/09\/paseo-palmira-4-300x200.jpg 300w, https:\/\/cuernavaca.gob.mx\/wp-content\/uploads\/2022\/09\/paseo-palmira-4-768x512.jpg 768w, https:\/\/cuernavaca.gob.mx\/wp-content\/uploads\/2022\/09\/paseo-palmira-4-600x400.jpg 600w, https:\/\/cuernavaca.gob.mx\/wp-content\/uploads\/2022\/09\/paseo-palmira-4-560x373.jpg 560w, https:\/\/cuernavaca.gob.mx\/wp-content\/uploads\/2022\/09\/paseo-palmira-4.jpg 1280w\" sizes=\"(max-width: 1024px) 100vw, 1024px\" \/><\/figure>\n\n\n\n<figure class=\"wp-block-image size-large\"><img loading=\"lazy\" width=\"1024\" height=\"682\" data-id=\"19210\"  src=\"https:\/\/cuernavaca.gob.mx\/wp-content\/uploads\/2022\/09\/paseo-palmira-5-1024x682.jpg\" alt=\"\" class=\"wp-image-19210\" srcset=\"https:\/\/cuernavaca.gob.mx\/wp-content\/uploads\/2022\/09\/paseo-palmira-5-1024x682.jpg 1024w, https:\/\/cuernavaca.gob.mx\/wp-content\/uploads\/2022\/09\/paseo-palmira-5-300x200.jpg 300w, https:\/\/cuernavaca.gob.mx\/wp-content\/uploads\/2022\/09\/paseo-palmira-5-768x512.jpg 768w, https:\/\/cuernavaca.gob.mx\/wp-content\/uploads\/2022\/09\/paseo-palmira-5-600x400.jpg 600w, https:\/\/cuernavaca.gob.mx\/wp-content\/uploads\/2022\/09\/paseo-palmira-5-560x373.jpg 560w, https:\/\/cuernavaca.gob.mx\/wp-content\/uploads\/2022\/09\/paseo-palmira-5.jpg 1280w\" sizes=\"(max-width: 1024px) 100vw, 1024px\" \/><\/figure>\n\n\n\n<figure class=\"wp-block-image size-large\"><img loading=\"lazy\" width=\"1024\" height=\"682\" data-id=\"19211\"  src=\"https:\/\/cuernavaca.gob.mx\/wp-content\/uploads\/2022\/09\/paseo-palmira-6-1024x682.jpg\" alt=\"\" class=\"wp-image-19211\" srcset=\"https:\/\/cuernavaca.gob.mx\/wp-content\/uploads\/2022\/09\/paseo-palmira-6-1024x682.jpg 1024w, https:\/\/cuernavaca.gob.mx\/wp-content\/uploads\/2022\/09\/paseo-palmira-6-300x200.jpg 300w, https:\/\/cuernavaca.gob.mx\/wp-content\/uploads\/2022\/09\/paseo-palmira-6-768x512.jpg 768w, https:\/\/cuernavaca.gob.mx\/wp-content\/uploads\/2022\/09\/paseo-palmira-6-600x400.jpg 600w, https:\/\/cuernavaca.gob.mx\/wp-content\/uploads\/2022\/09\/paseo-palmira-6-560x373.jpg 560w, https:\/\/cuernavaca.gob.mx\/wp-content\/uploads\/2022\/09\/paseo-palmira-6.jpg 1280w\" sizes=\"(max-width: 1024px) 100vw, 1024px\" \/><\/figure>\n\n\n\n<figure class=\"wp-block-image size-large\"><img loading=\"lazy\" width=\"1024\" height=\"682\" data-id=\"19215\"  src=\"https:\/\/cuernavaca.gob.mx\/wp-content\/uploads\/2022\/09\/paseo-palmira-7-1024x682.jpg\" alt=\"\" class=\"wp-image-19215\" srcset=\"https:\/\/cuernavaca.gob.mx\/wp-content\/uploads\/2022\/09\/paseo-palmira-7-1024x682.jpg 1024w, https:\/\/cuernavaca.gob.mx\/wp-content\/uploads\/2022\/09\/paseo-palmira-7-300x200.jpg 300w, https:\/\/cuernavaca.gob.mx\/wp-content\/uploads\/2022\/09\/paseo-palmira-7-768x512.jpg 768w, https:\/\/cuernavaca.gob.mx\/wp-content\/uploads\/2022\/09\/paseo-palmira-7-600x400.jpg 600w, https:\/\/cuernavaca.gob.mx\/wp-content\/uploads\/2022\/09\/paseo-palmira-7-560x373.jpg 560w, https:\/\/cuernavaca.gob.mx\/wp-content\/uploads\/2022\/09\/paseo-palmira-7.jpg 1280w\" sizes=\"(max-width: 1024px) 100vw, 1024px\" \/><\/figure>\n\n\n\n<figure class=\"wp-block-image size-large\"><img loading=\"lazy\" width=\"1024\" height=\"804\" data-id=\"19220\"  src=\"https:\/\/cuernavaca.gob.mx\/wp-content\/uploads\/2022\/09\/paseo-palmira-8-1024x804.jpg\" alt=\"\" class=\"wp-image-19220\" srcset=\"https:\/\/cuernavaca.gob.mx\/wp-content\/uploads\/2022\/09\/paseo-palmira-8-1024x804.jpg 1024w, https:\/\/cuernavaca.gob.mx\/wp-content\/uploads\/2022\/09\/paseo-palmira-8-300x236.jpg 300w, https:\/\/cuernavaca.gob.mx\/wp-content\/uploads\/2022\/09\/paseo-palmira-8-768x603.jpg 768w, https:\/\/cuernavaca.gob.mx\/wp-content\/uploads\/2022\/09\/paseo-palmira-8-600x471.jpg 600w, https:\/\/cuernavaca.gob.mx\/wp-content\/uploads\/2022\/09\/paseo-palmira-8-560x440.jpg 560w, https:\/\/cuernavaca.gob.mx\/wp-content\/uploads\/2022\/09\/paseo-palmira-8.jpg 1280w\" sizes=\"(max-width: 1024px) 100vw, 1024px\" \/><\/figure>\n\n\n\n<figure class=\"wp-block-image size-large\"><img loading=\"lazy\" width=\"1024\" height=\"682\" data-id=\"19217\"  src=\"https:\/\/cuernavaca.gob.mx\/wp-content\/uploads\/2022\/09\/paseo-palmira-9-1024x682.jpg\" alt=\"\" class=\"wp-image-19217\" srcset=\"https:\/\/cuernavaca.gob.mx\/wp-content\/uploads\/2022\/09\/paseo-palmira-9-1024x682.jpg 1024w, https:\/\/cuernavaca.gob.mx\/wp-content\/uploads\/2022\/09\/paseo-palmira-9-300x200.jpg 300w, https:\/\/cuernavaca.gob.mx\/wp-content\/uploads\/2022\/09\/paseo-palmira-9-768x512.jpg 768w, https:\/\/cuernavaca.gob.mx\/wp-content\/uploads\/2022\/09\/paseo-palmira-9-600x400.jpg 600w, https:\/\/cuernavaca.gob.mx\/wp-content\/uploads\/2022\/09\/paseo-palmira-9-560x373.jpg 560w, https:\/\/cuernavaca.gob.mx\/wp-content\/uploads\/2022\/09\/paseo-palmira-9.jpg 1280w\" sizes=\"(max-width: 1024px) 100vw, 1024px\" \/><\/figure>\n\n\n\n<figure class=\"wp-block-image size-large\"><img loading=\"lazy\" width=\"1024\" height=\"682\" data-id=\"19218\"  src=\"https:\/\/cuernavaca.gob.mx\/wp-content\/uploads\/2022\/09\/paseo-palmira-10-1024x682.jpg\" alt=\"\" class=\"wp-image-19218\" srcset=\"https:\/\/cuernavaca.gob.mx\/wp-content\/uploads\/2022\/09\/paseo-palmira-10-1024x682.jpg 1024w, https:\/\/cuernavaca.gob.mx\/wp-content\/uploads\/2022\/09\/paseo-palmira-10-300x200.jpg 300w, https:\/\/cuernavaca.gob.mx\/wp-content\/uploads\/2022\/09\/paseo-palmira-10-768x512.jpg 768w, https:\/\/cuernavaca.gob.mx\/wp-content\/uploads\/2022\/09\/paseo-palmira-10-600x400.jpg 600w, https:\/\/cuernavaca.gob.mx\/wp-content\/uploads\/2022\/09\/paseo-palmira-10-560x373.jpg 560w, https:\/\/cuernavaca.gob.mx\/wp-content\/uploads\/2022\/09\/paseo-palmira-10.jpg 1280w\" sizes=\"(max-width: 1024px) 100vw, 1024px\" \/><\/figure>\n\n\n\n<figure class=\"wp-block-image size-large\"><img loading=\"lazy\" width=\"1024\" height=\"682\" data-id=\"19216\"  src=\"https:\/\/cuernavaca.gob.mx\/wp-content\/uploads\/2022\/09\/paseo-palmira-11-1024x682.jpg\" alt=\"\" class=\"wp-image-19216\" srcset=\"https:\/\/cuernavaca.gob.mx\/wp-content\/uploads\/2022\/09\/paseo-palmira-11-1024x682.jpg 1024w, https:\/\/cuernavaca.gob.mx\/wp-content\/uploads\/2022\/09\/paseo-palmira-11-300x200.jpg 300w, https:\/\/cuernavaca.gob.mx\/wp-content\/uploads\/2022\/09\/paseo-palmira-11-768x512.jpg 768w, https:\/\/cuernavaca.gob.mx\/wp-content\/uploads\/2022\/09\/paseo-palmira-11-600x400.jpg 600w, https:\/\/cuernavaca.gob.mx\/wp-content\/uploads\/2022\/09\/paseo-palmira-11-560x373.jpg 560w, https:\/\/cuernavaca.gob.mx\/wp-content\/uploads\/2022\/09\/paseo-palmira-11.jpg 1280w\" sizes=\"(max-width: 1024px) 100vw, 1024px\" \/><\/figure>\n\n\n\n<figure class=\"wp-block-image size-large\"><img loading=\"lazy\" width=\"1024\" height=\"682\" data-id=\"19219\"  src=\"https:\/\/cuernavaca.gob.mx\/wp-content\/uploads\/2022\/09\/paseo-palmira-12-1024x682.jpg\" alt=\"\" class=\"wp-image-19219\" srcset=\"https:\/\/cuernavaca.gob.mx\/wp-content\/uploads\/2022\/09\/paseo-palmira-12-1024x682.jpg 1024w, https:\/\/cuernavaca.gob.mx\/wp-content\/uploads\/2022\/09\/paseo-palmira-12-300x200.jpg 300w, https:\/\/cuernavaca.gob.mx\/wp-content\/uploads\/2022\/09\/paseo-palmira-12-768x512.jpg 768w, https:\/\/cuernavaca.gob.mx\/wp-content\/uploads\/2022\/09\/paseo-palmira-12-600x400.jpg 600w, https:\/\/cuernavaca.gob.mx\/wp-content\/uploads\/2022\/09\/paseo-palmira-12-560x373.jpg 560w, https:\/\/cuernavaca.gob.mx\/wp-content\/uploads\/2022\/09\/paseo-palmira-12.jpg 1280w\" sizes=\"(max-width: 1024px) 100vw, 1024px\" \/><\/figure>\n\n\n\n<figure class=\"wp-block-image size-large\"><img loading=\"lazy\" width=\"1024\" height=\"682\" data-id=\"19225\"  src=\"https:\/\/cuernavaca.gob.mx\/wp-content\/uploads\/2022\/09\/paseo-palmira-13-1024x682.jpg\" alt=\"\" class=\"wp-image-19225\" srcset=\"https:\/\/cuernavaca.gob.mx\/wp-content\/uploads\/2022\/09\/paseo-palmira-13-1024x682.jpg 1024w, https:\/\/cuernavaca.gob.mx\/wp-content\/uploads\/2022\/09\/paseo-palmira-13-300x200.jpg 300w, https:\/\/cuernavaca.gob.mx\/wp-content\/uploads\/2022\/09\/paseo-palmira-13-768x512.jpg 768w, https:\/\/cuernavaca.gob.mx\/wp-content\/uploads\/2022\/09\/paseo-palmira-13-600x400.jpg 600w, https:\/\/cuernavaca.gob.mx\/wp-content\/uploads\/2022\/09\/paseo-palmira-13-560x373.jpg 560w, https:\/\/cuernavaca.gob.mx\/wp-content\/uploads\/2022\/09\/paseo-palmira-13.jpg 1280w\" sizes=\"(max-width: 1024px) 100vw, 1024px\" \/><\/figure>\n\n\n\n<figure class=\"wp-block-image size-large\"><img loading=\"lazy\" width=\"1024\" height=\"682\" data-id=\"19221\"  src=\"https:\/\/cuernavaca.gob.mx\/wp-content\/uploads\/2022\/09\/paseo-palmira-14-1024x682.jpg\" alt=\"\" class=\"wp-image-19221\" srcset=\"https:\/\/cuernavaca.gob.mx\/wp-content\/uploads\/2022\/09\/paseo-palmira-14-1024x682.jpg 1024w, https:\/\/cuernavaca.gob.mx\/wp-content\/uploads\/2022\/09\/paseo-palmira-14-300x200.jpg 300w, https:\/\/cuernavaca.gob.mx\/wp-content\/uploads\/2022\/09\/paseo-palmira-14-768x512.jpg 768w, https:\/\/cuernavaca.gob.mx\/wp-content\/uploads\/2022\/09\/paseo-palmira-14-600x400.jpg 600w, https:\/\/cuernavaca.gob.mx\/wp-content\/uploads\/2022\/09\/paseo-palmira-14-560x373.jpg 560w, https:\/\/cuernavaca.gob.mx\/wp-content\/uploads\/2022\/09\/paseo-palmira-14.jpg 1280w\" sizes=\"(max-width: 1024px) 100vw, 1024px\" \/><\/figure>\n\n\n\n<figure class=\"wp-block-image size-large\"><img loading=\"lazy\" width=\"1024\" height=\"682\" data-id=\"19223\"  src=\"https:\/\/cuernavaca.gob.mx\/wp-content\/uploads\/2022\/09\/paseo-palmira-15-1024x682.jpg\" alt=\"\" class=\"wp-image-19223\" srcset=\"https:\/\/cuernavaca.gob.mx\/wp-content\/uploads\/2022\/09\/paseo-palmira-15-1024x682.jpg 1024w, https:\/\/cuernavaca.gob.mx\/wp-content\/uploads\/2022\/09\/paseo-palmira-15-300x200.jpg 300w, https:\/\/cuernavaca.gob.mx\/wp-content\/uploads\/2022\/09\/paseo-palmira-15-768x512.jpg 768w, https:\/\/cuernavaca.gob.mx\/wp-content\/uploads\/2022\/09\/paseo-palmira-15-600x400.jpg 600w, https:\/\/cuernavaca.gob.mx\/wp-content\/uploads\/2022\/09\/paseo-palmira-15-560x373.jpg 560w, https:\/\/cuernavaca.gob.mx\/wp-content\/uploads\/2022\/09\/paseo-palmira-15.jpg 1280w\" sizes=\"(max-width: 1024px) 100vw, 1024px\" \/><\/figure>\n\n\n\n<figure class=\"wp-block-image size-large\"><img loading=\"lazy\" width=\"1024\" height=\"682\" data-id=\"19222\"  src=\"https:\/\/cuernavaca.gob.mx\/wp-content\/uploads\/2022\/09\/paseo-palmira-16-1024x682.jpg\" alt=\"\" class=\"wp-image-19222\" srcset=\"https:\/\/cuernavaca.gob.mx\/wp-content\/uploads\/2022\/09\/paseo-palmira-16-1024x682.jpg 1024w, https:\/\/cuernavaca.gob.mx\/wp-content\/uploads\/2022\/09\/paseo-palmira-16-300x200.jpg 300w, https:\/\/cuernavaca.gob.mx\/wp-content\/uploads\/2022\/09\/paseo-palmira-16-768x512.jpg 768w, https:\/\/cuernavaca.gob.mx\/wp-content\/uploads\/2022\/09\/paseo-palmira-16-600x400.jpg 600w, https:\/\/cuernavaca.gob.mx\/wp-content\/uploads\/2022\/09\/paseo-palmira-16-560x373.jpg 560w, https:\/\/cuernavaca.gob.mx\/wp-content\/uploads\/2022\/09\/paseo-palmira-16.jpg 1280w\" sizes=\"(max-width: 1024px) 100vw, 1024px\" \/><\/figure>\n\n\n\n<figure class=\"wp-block-image size-large\"><img loading=\"lazy\" width=\"1024\" height=\"682\" data-id=\"19224\"  src=\"https:\/\/cuernavaca.gob.mx\/wp-content\/uploads\/2022\/09\/paseo-palmira-17-1024x682.jpg\" alt=\"\" class=\"wp-image-19224\" srcset=\"https:\/\/cuernavaca.gob.mx\/wp-content\/uploads\/2022\/09\/paseo-palmira-17-1024x682.jpg 1024w, https:\/\/cuernavaca.gob.mx\/wp-content\/uploads\/2022\/09\/paseo-palmira-17-300x200.jpg 300w, https:\/\/cuernavaca.gob.mx\/wp-content\/uploads\/2022\/09\/paseo-palmira-17-768x512.jpg 768w, https:\/\/cuernavaca.gob.mx\/wp-content\/uploads\/2022\/09\/paseo-palmira-17-600x400.jpg 600w, https:\/\/cuernavaca.gob.mx\/wp-content\/uploads\/2022\/09\/paseo-palmira-17-560x373.jpg 560w, https:\/\/cuernavaca.gob.mx\/wp-content\/uploads\/2022\/09\/paseo-palmira-17.jpg 1280w\" sizes=\"(max-width: 1024px) 100vw, 1024px\" \/><\/figure>\n\n\n\n<figure class=\"wp-block-image size-large\"><img loading=\"lazy\" width=\"1024\" height=\"682\" data-id=\"19226\"  src=\"https:\/\/cuernavaca.gob.mx\/wp-content\/uploads\/2022\/09\/paseo-palmira-18-1024x682.jpg\" alt=\"\" class=\"wp-image-19226\" srcset=\"https:\/\/cuernavaca.gob.mx\/wp-content\/uploads\/2022\/09\/paseo-palmira-18-1024x682.jpg 1024w, https:\/\/cuernavaca.gob.mx\/wp-content\/uploads\/2022\/09\/paseo-palmira-18-300x200.jpg 300w, https:\/\/cuernavaca.gob.mx\/wp-content\/uploads\/2022\/09\/paseo-palmira-18-768x512.jpg 768w, https:\/\/cuernavaca.gob.mx\/wp-content\/uploads\/2022\/09\/paseo-palmira-18-600x400.jpg 600w, https:\/\/cuernavaca.gob.mx\/wp-content\/uploads\/2022\/09\/paseo-palmira-18-560x373.jpg 560w, https:\/\/cuernavaca.gob.mx\/wp-content\/uploads\/2022\/09\/paseo-palmira-18.jpg 1280w\" sizes=\"(max-width: 1024px) 100vw, 1024px\" \/><\/figure>\n\n\n\n<figure class=\"wp-block-image size-large\"><img loading=\"lazy\" width=\"1024\" height=\"682\" data-id=\"19227\"  src=\"https:\/\/cuernavaca.gob.mx\/wp-content\/uploads\/2022\/09\/paseo-palmira-19-1024x682.jpg\" alt=\"\" class=\"wp-image-19227\" srcset=\"https:\/\/cuernavaca.gob.mx\/wp-content\/uploads\/2022\/09\/paseo-palmira-19-1024x682.jpg 1024w, https:\/\/cuernavaca.gob.mx\/wp-content\/uploads\/2022\/09\/paseo-palmira-19-300x200.jpg 300w, https:\/\/cuernavaca.gob.mx\/wp-content\/uploads\/2022\/09\/paseo-palmira-19-768x512.jpg 768w, https:\/\/cuernavaca.gob.mx\/wp-content\/uploads\/2022\/09\/paseo-palmira-19-600x400.jpg 600w, https:\/\/cuernavaca.gob.mx\/wp-content\/uploads\/2022\/09\/paseo-palmira-19-560x373.jpg 560w, https:\/\/cuernavaca.gob.mx\/wp-content\/uploads\/2022\/09\/paseo-palmira-19.jpg 1280w\" sizes=\"(max-width: 1024px) 100vw, 1024px\" \/><\/figure>\n\n\n\n<figure class=\"wp-block-image size-large\"><img loading=\"lazy\" width=\"1024\" height=\"682\" data-id=\"19228\"  src=\"https:\/\/cuernavaca.gob.mx\/wp-content\/uploads\/2022\/09\/paseo-palmira-20-1024x682.jpg\" alt=\"\" class=\"wp-image-19228\" srcset=\"https:\/\/cuernavaca.gob.mx\/wp-content\/uploads\/2022\/09\/paseo-palmira-20-1024x682.jpg 1024w, https:\/\/cuernavaca.gob.mx\/wp-content\/uploads\/2022\/09\/paseo-palmira-20-300x200.jpg 300w, https:\/\/cuernavaca.gob.mx\/wp-content\/uploads\/2022\/09\/paseo-palmira-20-768x512.jpg 768w, https:\/\/cuernavaca.gob.mx\/wp-content\/uploads\/2022\/09\/paseo-palmira-20-600x400.jpg 600w, https:\/\/cuernavaca.gob.mx\/wp-content\/uploads\/2022\/09\/paseo-palmira-20-560x373.jpg 560w, https:\/\/cuernavaca.gob.mx\/wp-content\/uploads\/2022\/09\/paseo-palmira-20.jpg 1280w\" sizes=\"(max-width: 1024px) 100vw, 1024px\" \/><\/figure>\n<\/figure>\n","protected":false},"excerpt":{"rendered":"<p>\u2022 Jos\u00e9 Luis Uri\u00f3stegui, conmemor\u00f3 el D\u00eda Mundial Sin Auto con una rodada y la presentaci\u00f3n de este proyecto del Colectivo Ciclista Intr\u00e9pidas, con el apoyo de RE-ACTIVA.MX, iniciativa de bikeNcity y por UK PACT M\u00e9xico programa financiado por el gobierno del Reino Unido \u2022 Contempla la creaci\u00f3n de una primera ciclov\u00eda en la ciudad, [&hellip;]<\/p>\n","protected":false},"author":1,"featured_media":19217,"comment_status":"closed","ping_status":"open","sticky":false,"template":"","format":"standard","meta":[],"categories":[2271],"tags":[1452,2419,1172,121,302,120,206,1487,194],"aioseo_notices":[],"_links":{"self":[{"href":"https:\/\/cuernavaca.gob.mx\/index.php?rest_route=\/wp\/v2\/posts\/19208"}],"collection":[{"href":"https:\/\/cuernavaca.gob.mx\/index.php?rest_route=\/wp\/v2\/posts"}],"about":[{"href":"https:\/\/cuernavaca.gob.mx\/index.php?rest_route=\/wp\/v2\/types\/post"}],"author":[{"embeddable":true,"href":"https:\/\/cuernavaca.gob.mx\/index.php?rest_route=\/wp\/v2\/users\/1"}],"replies":[{"embeddable":true,"href":"https:\/\/cuernavaca.gob.mx\/index.php?rest_route=%2Fwp%2Fv2%2Fcomments&post=19208"}],"version-history":[{"count":1,"href":"https:\/\/cuernavaca.gob.mx\/index.php?rest_route=\/wp\/v2\/posts\/19208\/revisions"}],"predecessor-version":[{"id":19229,"href":"https:\/\/cuernavaca.gob.mx\/index.php?rest_route=\/wp\/v2\/posts\/19208\/revisions\/19229"}],"wp:featuredmedia":[{"embeddable":true,"href":"https:\/\/cuernavaca.gob.mx\/index.php?rest_route=\/wp\/v2\/media\/19217"}],"wp:attachment":[{"href":"https:\/\/cuernavaca.gob.mx\/index.php?rest_route=%2Fwp%2Fv2%2Fmedia&parent=19208"}],"wp:term":[{"taxonomy":"category","embeddable":true,"href":"https:\/\/cuernavaca.gob.mx\/index.php?rest_route=%2Fwp%2Fv2%2Fcategories&post=19208"},{"taxonomy":"post_tag","embeddable":true,"href":"https:\/\/cuernavaca.gob.mx\/index.php?rest_route=%2Fwp%2Fv2%2Ftags&post=19208"}],"curies":[{"name":"wp","href":"https:\/\/api.w.org\/{rel}","templated":true}]}}