{"id":19297,"date":"2022-09-25T12:00:00","date_gmt":"2022-09-25T17:00:00","guid":{"rendered":"https:\/\/cuernavaca.gob.mx\/?p=19297"},"modified":"2025-05-06T12:09:57","modified_gmt":"2025-05-06T18:09:57","slug":"b382-25-09-22-recorre-alcalde-de-cuernavaca-entorno-de-patios-de-la-estacion-como-parte-del-proceso-de-rescate-de-espacios-para-seguridad-de-mujeres-ninas-y-ninos","status":"publish","type":"post","link":"https:\/\/cuernavaca.gob.mx\/?p=19297","title":{"rendered":"B382 25\/09\/22 RECORRE ALCALDE DE CUERNAVACA ENTORNO DE PATIOS DE LA ESTACI\u00d3N COMO PARTE DEL PROCESO DE RESCATE DE ESPACIOS PARA SEGURIDAD DE MUJERES, NI\u00d1AS Y NI\u00d1OS"},"content":{"rendered":"\n<p><strong>\u2022 Jos\u00e9 Luis Uri\u00f3stegui particip\u00f3 previamente en el encuentro para socializar con vecinas y vecinos el programa federal Mujeres en el Territorio de la SEDATU en Patios de la Estaci\u00f3n<\/strong><\/p>\n\n\n\n<p>El presidente municipal de Cuernavaca, Jos\u00e9 Luis Uri\u00f3stegui Salgado, recorri\u00f3 el entorno de la estaci\u00f3n del ferrocarril y \u00e1reas circunvecinas, como parte del seguimiento al inicio de la implementaci\u00f3n del programa federal Mujeres en el Territorio llevado a cabo por parte de la Secretar\u00eda de Desarrollo Agrario, Territorial y Urbano (Sedatu) para mejorar las condiciones de vida de las habitantes de la colonia Patios de la Estaci\u00f3n.<\/p>\n\n\n\n<p>La actividad const\u00f3 de tres partes, por lo cual, con apoyo de personal de la Secretar\u00eda de Desarrollo Humano y Participaci\u00f3n Social, fueron convocadas vecinas y vecinos para que las autoridades, tanto federales como municipales, escucharan las necesidades que han detectado en su entorno, y las cuales podr\u00edan mejorar para generar espacios donde se sientan seguras junto con sus familias.<\/p>\n\n\n\n<p>De acuerdo con autoridades encargadas del programa Mujeres en el Territorio de la SEDATU, en voz de Andrea Acevedo, la idea es aplicar la Metodolog\u00eda CIUATL, la cual genera un diagn\u00f3stico con las mujeres como sujeto de estudio y para entender todas las caracter\u00edsticas de desigualdad que generan violencia contra ellas en el espacio p\u00fablico.<\/p>\n\n\n\n<p>Tras la primera parte de la reuni\u00f3n de Mujeres en el Territorio, vecinas, vecinos y autoridades recorrieron una parte del entorno de la antigua estaci\u00f3n del ferrocarril para que, como parte de la comunidad, se se\u00f1alaran algunos de los puntos a mejorar.<\/p>\n\n\n\n<p>A dicha actividad se unieron el Presidente Municipal, Jos\u00e9 Luis Uri\u00f3stegui, as\u00ed como autoridades de la Direcci\u00f3n de Infraestructura y Casas de la Cultura, Direcci\u00f3n General de Desarrollo Humano, del Secretariado Ejecutivo de Seguridad P\u00fablica, de la Secretar\u00eda de Desarrollo Urbano y Obras P\u00fablicas, Secretar\u00eda de Desarrollo Sustentable y Servicios P\u00fablicos, del Sistema de Agua Potable y Alcantarillado y del Instituto de la Mujer de Cuernavaca.<\/p>\n\n\n\n<p>Posteriormente, y con el acompa\u00f1amiento de varias vecinas de la colonia, autoridades de la SEDATU realizaron una retroalimentaci\u00f3n con funcionarios de las dependencias referidas en la antigua bodega del ferrocarril para llegar a acuerdos respecto de los aspectos puntualizados para mejorar la calidad de vida de quienes ah\u00ed habitan.<\/p>\n\n\n\n<p>Entre estos destacan el retiro de escombro en la principal v\u00eda de tr\u00e1nsito del lugar, as\u00ed como la seguridad vial y peatonal de madres e hijos que cruzan hacia el Barrio Gualupita para acudir a los planteles escolares de la zona, aspectos que forman parte de su cotidianeidad.<\/p>\n\n\n\n<p>Previo al diagn\u00f3stico que la SEDATU entregar\u00e1 a las autoridades municipales como resultado de la primera etapa de Mujeres en el Territorio; el alcalde de Cuernavaca, al concluir la reuni\u00f3n informativa, junto con autoridades de las Secretar\u00edas de Desarrollo Urbano y Obras P\u00fablicas; de Desarrollo Sustentable y Servicios P\u00fablicos; de Desarrollo Humano y Participaci\u00f3n Social; del Secretariado Ejecutivo de Seguridad P\u00fablica, y del Instituto de la Mujer de Cuernavaca, recorri\u00f3 los puntos destacados por las vecinas del lugar para determinar qu\u00e9 acciones inmediatas pueden llevarse a cabo para rescatar espacios p\u00fablicos, dar seguridad y mejorar la movilidad en esta zona.<\/p>\n\n\n\n<p>Se anunci\u00f3 que en los pr\u00f3ximos d\u00edas continuar\u00e1n estos ejercicios de interlocuci\u00f3n y planteamiento de propuestas con habitantes de los Patios de la Estaci\u00f3n para ir reforzando la reconstrucci\u00f3n del tejido social, particularmente con las mujeres madres familia, ni\u00f1as, ni\u00f1os y adolescentes, con el prop\u00f3sito de continuar con el proceso de mejorar su calidad de vida con mejores espacios p\u00fablicos en su entorno. <\/p>\n\n\n\n<figure class=\"wp-container-2 wp-block-gallery-1 wp-block-gallery has-nested-images columns-default is-cropped\">\n<figure class=\"wp-block-image size-large\"><img loading=\"lazy\" width=\"1024\" height=\"682\" data-id=\"19298\"  src=\"https:\/\/cuernavaca.gob.mx\/wp-content\/uploads\/2022\/09\/recorrido-patios-estacion-1-1024x682.jpeg\" alt=\"\" class=\"wp-image-19298\" srcset=\"https:\/\/cuernavaca.gob.mx\/wp-content\/uploads\/2022\/09\/recorrido-patios-estacion-1-1024x682.jpeg 1024w, https:\/\/cuernavaca.gob.mx\/wp-content\/uploads\/2022\/09\/recorrido-patios-estacion-1-300x200.jpeg 300w, https:\/\/cuernavaca.gob.mx\/wp-content\/uploads\/2022\/09\/recorrido-patios-estacion-1-768x512.jpeg 768w, https:\/\/cuernavaca.gob.mx\/wp-content\/uploads\/2022\/09\/recorrido-patios-estacion-1-600x400.jpeg 600w, https:\/\/cuernavaca.gob.mx\/wp-content\/uploads\/2022\/09\/recorrido-patios-estacion-1-560x373.jpeg 560w, https:\/\/cuernavaca.gob.mx\/wp-content\/uploads\/2022\/09\/recorrido-patios-estacion-1.jpeg 1280w\" sizes=\"(max-width: 1024px) 100vw, 1024px\" \/><\/figure>\n\n\n\n<figure class=\"wp-block-image size-large\"><img loading=\"lazy\" width=\"1024\" height=\"682\" data-id=\"19299\"  src=\"https:\/\/cuernavaca.gob.mx\/wp-content\/uploads\/2022\/09\/recorrido-patios-estacion-2-1024x682.jpeg\" alt=\"\" class=\"wp-image-19299\" srcset=\"https:\/\/cuernavaca.gob.mx\/wp-content\/uploads\/2022\/09\/recorrido-patios-estacion-2-1024x682.jpeg 1024w, https:\/\/cuernavaca.gob.mx\/wp-content\/uploads\/2022\/09\/recorrido-patios-estacion-2-300x200.jpeg 300w, https:\/\/cuernavaca.gob.mx\/wp-content\/uploads\/2022\/09\/recorrido-patios-estacion-2-768x512.jpeg 768w, https:\/\/cuernavaca.gob.mx\/wp-content\/uploads\/2022\/09\/recorrido-patios-estacion-2-600x400.jpeg 600w, https:\/\/cuernavaca.gob.mx\/wp-content\/uploads\/2022\/09\/recorrido-patios-estacion-2-560x373.jpeg 560w, https:\/\/cuernavaca.gob.mx\/wp-content\/uploads\/2022\/09\/recorrido-patios-estacion-2.jpeg 1280w\" sizes=\"(max-width: 1024px) 100vw, 1024px\" \/><\/figure>\n\n\n\n<figure class=\"wp-block-image size-large\"><img loading=\"lazy\" width=\"1024\" height=\"682\" data-id=\"19302\"  src=\"https:\/\/cuernavaca.gob.mx\/wp-content\/uploads\/2022\/09\/recorrido-patios-estacion-4-1024x682.jpeg\" alt=\"\" class=\"wp-image-19302\" srcset=\"https:\/\/cuernavaca.gob.mx\/wp-content\/uploads\/2022\/09\/recorrido-patios-estacion-4-1024x682.jpeg 1024w, https:\/\/cuernavaca.gob.mx\/wp-content\/uploads\/2022\/09\/recorrido-patios-estacion-4-300x200.jpeg 300w, https:\/\/cuernavaca.gob.mx\/wp-content\/uploads\/2022\/09\/recorrido-patios-estacion-4-768x512.jpeg 768w, https:\/\/cuernavaca.gob.mx\/wp-content\/uploads\/2022\/09\/recorrido-patios-estacion-4-600x400.jpeg 600w, https:\/\/cuernavaca.gob.mx\/wp-content\/uploads\/2022\/09\/recorrido-patios-estacion-4-560x373.jpeg 560w, https:\/\/cuernavaca.gob.mx\/wp-content\/uploads\/2022\/09\/recorrido-patios-estacion-4.jpeg 1280w\" sizes=\"(max-width: 1024px) 100vw, 1024px\" \/><\/figure>\n\n\n\n<figure class=\"wp-block-image size-large\"><img loading=\"lazy\" width=\"1024\" height=\"682\" data-id=\"19303\"  src=\"https:\/\/cuernavaca.gob.mx\/wp-content\/uploads\/2022\/09\/recorrido-patios-estacion-5-1024x682.jpeg\" alt=\"\" class=\"wp-image-19303\" srcset=\"https:\/\/cuernavaca.gob.mx\/wp-content\/uploads\/2022\/09\/recorrido-patios-estacion-5-1024x682.jpeg 1024w, https:\/\/cuernavaca.gob.mx\/wp-content\/uploads\/2022\/09\/recorrido-patios-estacion-5-300x200.jpeg 300w, https:\/\/cuernavaca.gob.mx\/wp-content\/uploads\/2022\/09\/recorrido-patios-estacion-5-768x512.jpeg 768w, https:\/\/cuernavaca.gob.mx\/wp-content\/uploads\/2022\/09\/recorrido-patios-estacion-5-600x400.jpeg 600w, https:\/\/cuernavaca.gob.mx\/wp-content\/uploads\/2022\/09\/recorrido-patios-estacion-5-560x373.jpeg 560w, https:\/\/cuernavaca.gob.mx\/wp-content\/uploads\/2022\/09\/recorrido-patios-estacion-5.jpeg 1280w\" sizes=\"(max-width: 1024px) 100vw, 1024px\" \/><\/figure>\n\n\n\n<figure class=\"wp-block-image size-large\"><img loading=\"lazy\" width=\"1024\" height=\"682\" data-id=\"19309\"  src=\"https:\/\/cuernavaca.gob.mx\/wp-content\/uploads\/2022\/09\/recorrido-patios-estacion-6-1024x682.jpeg\" alt=\"\" class=\"wp-image-19309\" srcset=\"https:\/\/cuernavaca.gob.mx\/wp-content\/uploads\/2022\/09\/recorrido-patios-estacion-6-1024x682.jpeg 1024w, https:\/\/cuernavaca.gob.mx\/wp-content\/uploads\/2022\/09\/recorrido-patios-estacion-6-300x200.jpeg 300w, https:\/\/cuernavaca.gob.mx\/wp-content\/uploads\/2022\/09\/recorrido-patios-estacion-6-768x512.jpeg 768w, https:\/\/cuernavaca.gob.mx\/wp-content\/uploads\/2022\/09\/recorrido-patios-estacion-6-600x400.jpeg 600w, https:\/\/cuernavaca.gob.mx\/wp-content\/uploads\/2022\/09\/recorrido-patios-estacion-6-560x373.jpeg 560w, https:\/\/cuernavaca.gob.mx\/wp-content\/uploads\/2022\/09\/recorrido-patios-estacion-6.jpeg 1280w\" sizes=\"(max-width: 1024px) 100vw, 1024px\" \/><\/figure>\n\n\n\n<figure class=\"wp-block-image size-large\"><img loading=\"lazy\" width=\"1024\" height=\"682\" data-id=\"19301\"  src=\"https:\/\/cuernavaca.gob.mx\/wp-content\/uploads\/2022\/09\/recorrido-patios-estacion-7-1024x682.jpeg\" alt=\"\" class=\"wp-image-19301\" srcset=\"https:\/\/cuernavaca.gob.mx\/wp-content\/uploads\/2022\/09\/recorrido-patios-estacion-7-1024x682.jpeg 1024w, https:\/\/cuernavaca.gob.mx\/wp-content\/uploads\/2022\/09\/recorrido-patios-estacion-7-300x200.jpeg 300w, https:\/\/cuernavaca.gob.mx\/wp-content\/uploads\/2022\/09\/recorrido-patios-estacion-7-768x512.jpeg 768w, https:\/\/cuernavaca.gob.mx\/wp-content\/uploads\/2022\/09\/recorrido-patios-estacion-7-600x400.jpeg 600w, https:\/\/cuernavaca.gob.mx\/wp-content\/uploads\/2022\/09\/recorrido-patios-estacion-7-560x373.jpeg 560w, https:\/\/cuernavaca.gob.mx\/wp-content\/uploads\/2022\/09\/recorrido-patios-estacion-7.jpeg 1280w\" sizes=\"(max-width: 1024px) 100vw, 1024px\" \/><\/figure>\n\n\n\n<figure class=\"wp-block-image size-large\"><img loading=\"lazy\" width=\"1024\" height=\"682\" data-id=\"19300\"  src=\"https:\/\/cuernavaca.gob.mx\/wp-content\/uploads\/2022\/09\/recorrido-patios-estacion-8-1024x682.jpeg\" alt=\"\" class=\"wp-image-19300\" srcset=\"https:\/\/cuernavaca.gob.mx\/wp-content\/uploads\/2022\/09\/recorrido-patios-estacion-8-1024x682.jpeg 1024w, https:\/\/cuernavaca.gob.mx\/wp-content\/uploads\/2022\/09\/recorrido-patios-estacion-8-300x200.jpeg 300w, https:\/\/cuernavaca.gob.mx\/wp-content\/uploads\/2022\/09\/recorrido-patios-estacion-8-768x512.jpeg 768w, https:\/\/cuernavaca.gob.mx\/wp-content\/uploads\/2022\/09\/recorrido-patios-estacion-8-600x400.jpeg 600w, https:\/\/cuernavaca.gob.mx\/wp-content\/uploads\/2022\/09\/recorrido-patios-estacion-8-560x373.jpeg 560w, https:\/\/cuernavaca.gob.mx\/wp-content\/uploads\/2022\/09\/recorrido-patios-estacion-8.jpeg 1280w\" sizes=\"(max-width: 1024px) 100vw, 1024px\" \/><\/figure>\n\n\n\n<figure class=\"wp-block-image size-large\"><img loading=\"lazy\" width=\"1024\" height=\"682\" data-id=\"19305\"  src=\"https:\/\/cuernavaca.gob.mx\/wp-content\/uploads\/2022\/09\/recorrido-patios-estacion-9-1024x682.jpeg\" alt=\"\" class=\"wp-image-19305\" srcset=\"https:\/\/cuernavaca.gob.mx\/wp-content\/uploads\/2022\/09\/recorrido-patios-estacion-9-1024x682.jpeg 1024w, https:\/\/cuernavaca.gob.mx\/wp-content\/uploads\/2022\/09\/recorrido-patios-estacion-9-300x200.jpeg 300w, https:\/\/cuernavaca.gob.mx\/wp-content\/uploads\/2022\/09\/recorrido-patios-estacion-9-768x512.jpeg 768w, https:\/\/cuernavaca.gob.mx\/wp-content\/uploads\/2022\/09\/recorrido-patios-estacion-9-600x400.jpeg 600w, https:\/\/cuernavaca.gob.mx\/wp-content\/uploads\/2022\/09\/recorrido-patios-estacion-9-560x373.jpeg 560w, https:\/\/cuernavaca.gob.mx\/wp-content\/uploads\/2022\/09\/recorrido-patios-estacion-9.jpeg 1280w\" sizes=\"(max-width: 1024px) 100vw, 1024px\" \/><\/figure>\n\n\n\n<figure class=\"wp-block-image size-large\"><img loading=\"lazy\" width=\"1024\" height=\"682\" data-id=\"19304\"  src=\"https:\/\/cuernavaca.gob.mx\/wp-content\/uploads\/2022\/09\/recorrido-patios-estacion-10-1024x682.jpeg\" alt=\"\" class=\"wp-image-19304\" srcset=\"https:\/\/cuernavaca.gob.mx\/wp-content\/uploads\/2022\/09\/recorrido-patios-estacion-10-1024x682.jpeg 1024w, https:\/\/cuernavaca.gob.mx\/wp-content\/uploads\/2022\/09\/recorrido-patios-estacion-10-300x200.jpeg 300w, https:\/\/cuernavaca.gob.mx\/wp-content\/uploads\/2022\/09\/recorrido-patios-estacion-10-768x512.jpeg 768w, https:\/\/cuernavaca.gob.mx\/wp-content\/uploads\/2022\/09\/recorrido-patios-estacion-10-600x400.jpeg 600w, https:\/\/cuernavaca.gob.mx\/wp-content\/uploads\/2022\/09\/recorrido-patios-estacion-10-560x373.jpeg 560w, https:\/\/cuernavaca.gob.mx\/wp-content\/uploads\/2022\/09\/recorrido-patios-estacion-10.jpeg 1280w\" sizes=\"(max-width: 1024px) 100vw, 1024px\" \/><\/figure>\n\n\n\n<figure class=\"wp-block-image size-large\"><img loading=\"lazy\" width=\"1024\" height=\"682\" data-id=\"19306\"  src=\"https:\/\/cuernavaca.gob.mx\/wp-content\/uploads\/2022\/09\/recorrido-patios-estacion-11-1024x682.jpeg\" alt=\"\" class=\"wp-image-19306\" srcset=\"https:\/\/cuernavaca.gob.mx\/wp-content\/uploads\/2022\/09\/recorrido-patios-estacion-11-1024x682.jpeg 1024w, https:\/\/cuernavaca.gob.mx\/wp-content\/uploads\/2022\/09\/recorrido-patios-estacion-11-300x200.jpeg 300w, https:\/\/cuernavaca.gob.mx\/wp-content\/uploads\/2022\/09\/recorrido-patios-estacion-11-768x512.jpeg 768w, https:\/\/cuernavaca.gob.mx\/wp-content\/uploads\/2022\/09\/recorrido-patios-estacion-11-600x400.jpeg 600w, https:\/\/cuernavaca.gob.mx\/wp-content\/uploads\/2022\/09\/recorrido-patios-estacion-11-560x373.jpeg 560w, https:\/\/cuernavaca.gob.mx\/wp-content\/uploads\/2022\/09\/recorrido-patios-estacion-11.jpeg 1280w\" sizes=\"(max-width: 1024px) 100vw, 1024px\" \/><\/figure>\n\n\n\n<figure class=\"wp-block-image size-large\"><img loading=\"lazy\" width=\"1024\" height=\"682\" data-id=\"19307\"  src=\"https:\/\/cuernavaca.gob.mx\/wp-content\/uploads\/2022\/09\/recorrido-patios-estacion-12-1024x682.jpeg\" alt=\"\" class=\"wp-image-19307\" srcset=\"https:\/\/cuernavaca.gob.mx\/wp-content\/uploads\/2022\/09\/recorrido-patios-estacion-12-1024x682.jpeg 1024w, https:\/\/cuernavaca.gob.mx\/wp-content\/uploads\/2022\/09\/recorrido-patios-estacion-12-300x200.jpeg 300w, https:\/\/cuernavaca.gob.mx\/wp-content\/uploads\/2022\/09\/recorrido-patios-estacion-12-768x512.jpeg 768w, https:\/\/cuernavaca.gob.mx\/wp-content\/uploads\/2022\/09\/recorrido-patios-estacion-12-600x400.jpeg 600w, https:\/\/cuernavaca.gob.mx\/wp-content\/uploads\/2022\/09\/recorrido-patios-estacion-12-560x373.jpeg 560w, https:\/\/cuernavaca.gob.mx\/wp-content\/uploads\/2022\/09\/recorrido-patios-estacion-12.jpeg 1280w\" sizes=\"(max-width: 1024px) 100vw, 1024px\" \/><\/figure>\n\n\n\n<figure class=\"wp-block-image size-large\"><img loading=\"lazy\" width=\"1024\" height=\"682\" data-id=\"19310\"  src=\"https:\/\/cuernavaca.gob.mx\/wp-content\/uploads\/2022\/09\/recorrido-patios-estacion-13-1024x682.jpeg\" alt=\"\" class=\"wp-image-19310\" srcset=\"https:\/\/cuernavaca.gob.mx\/wp-content\/uploads\/2022\/09\/recorrido-patios-estacion-13-1024x682.jpeg 1024w, https:\/\/cuernavaca.gob.mx\/wp-content\/uploads\/2022\/09\/recorrido-patios-estacion-13-300x200.jpeg 300w, https:\/\/cuernavaca.gob.mx\/wp-content\/uploads\/2022\/09\/recorrido-patios-estacion-13-768x512.jpeg 768w, https:\/\/cuernavaca.gob.mx\/wp-content\/uploads\/2022\/09\/recorrido-patios-estacion-13-600x400.jpeg 600w, https:\/\/cuernavaca.gob.mx\/wp-content\/uploads\/2022\/09\/recorrido-patios-estacion-13-560x373.jpeg 560w, https:\/\/cuernavaca.gob.mx\/wp-content\/uploads\/2022\/09\/recorrido-patios-estacion-13.jpeg 1280w\" sizes=\"(max-width: 1024px) 100vw, 1024px\" \/><\/figure>\n\n\n\n<figure class=\"wp-block-image size-large\"><img loading=\"lazy\" width=\"1024\" height=\"682\" data-id=\"19308\"  src=\"https:\/\/cuernavaca.gob.mx\/wp-content\/uploads\/2022\/09\/recorrido-patios-estacion-14-1024x682.jpeg\" alt=\"\" class=\"wp-image-19308\" srcset=\"https:\/\/cuernavaca.gob.mx\/wp-content\/uploads\/2022\/09\/recorrido-patios-estacion-14-1024x682.jpeg 1024w, https:\/\/cuernavaca.gob.mx\/wp-content\/uploads\/2022\/09\/recorrido-patios-estacion-14-300x200.jpeg 300w, https:\/\/cuernavaca.gob.mx\/wp-content\/uploads\/2022\/09\/recorrido-patios-estacion-14-768x512.jpeg 768w, https:\/\/cuernavaca.gob.mx\/wp-content\/uploads\/2022\/09\/recorrido-patios-estacion-14-600x400.jpeg 600w, https:\/\/cuernavaca.gob.mx\/wp-content\/uploads\/2022\/09\/recorrido-patios-estacion-14-560x373.jpeg 560w, https:\/\/cuernavaca.gob.mx\/wp-content\/uploads\/2022\/09\/recorrido-patios-estacion-14.jpeg 1280w\" sizes=\"(max-width: 1024px) 100vw, 1024px\" \/><\/figure>\n\n\n\n<figure class=\"wp-block-image size-large\"><img loading=\"lazy\" width=\"1024\" height=\"682\" data-id=\"19312\"  src=\"https:\/\/cuernavaca.gob.mx\/wp-content\/uploads\/2022\/09\/recorrido-patios-estacion-15-1024x682.jpeg\" alt=\"\" class=\"wp-image-19312\" srcset=\"https:\/\/cuernavaca.gob.mx\/wp-content\/uploads\/2022\/09\/recorrido-patios-estacion-15-1024x682.jpeg 1024w, https:\/\/cuernavaca.gob.mx\/wp-content\/uploads\/2022\/09\/recorrido-patios-estacion-15-300x200.jpeg 300w, https:\/\/cuernavaca.gob.mx\/wp-content\/uploads\/2022\/09\/recorrido-patios-estacion-15-768x512.jpeg 768w, https:\/\/cuernavaca.gob.mx\/wp-content\/uploads\/2022\/09\/recorrido-patios-estacion-15-600x400.jpeg 600w, https:\/\/cuernavaca.gob.mx\/wp-content\/uploads\/2022\/09\/recorrido-patios-estacion-15-560x373.jpeg 560w, https:\/\/cuernavaca.gob.mx\/wp-content\/uploads\/2022\/09\/recorrido-patios-estacion-15.jpeg 1280w\" sizes=\"(max-width: 1024px) 100vw, 1024px\" \/><\/figure>\n\n\n\n<figure class=\"wp-block-image size-large\"><img loading=\"lazy\" width=\"1024\" height=\"682\" data-id=\"19313\"  src=\"https:\/\/cuernavaca.gob.mx\/wp-content\/uploads\/2022\/09\/recorrido-patios-estacion-16-1024x682.jpeg\" alt=\"\" class=\"wp-image-19313\" srcset=\"https:\/\/cuernavaca.gob.mx\/wp-content\/uploads\/2022\/09\/recorrido-patios-estacion-16-1024x682.jpeg 1024w, https:\/\/cuernavaca.gob.mx\/wp-content\/uploads\/2022\/09\/recorrido-patios-estacion-16-300x200.jpeg 300w, https:\/\/cuernavaca.gob.mx\/wp-content\/uploads\/2022\/09\/recorrido-patios-estacion-16-768x512.jpeg 768w, https:\/\/cuernavaca.gob.mx\/wp-content\/uploads\/2022\/09\/recorrido-patios-estacion-16-600x400.jpeg 600w, https:\/\/cuernavaca.gob.mx\/wp-content\/uploads\/2022\/09\/recorrido-patios-estacion-16-560x373.jpeg 560w, https:\/\/cuernavaca.gob.mx\/wp-content\/uploads\/2022\/09\/recorrido-patios-estacion-16.jpeg 1280w\" sizes=\"(max-width: 1024px) 100vw, 1024px\" \/><\/figure>\n\n\n\n<figure class=\"wp-block-image size-large\"><img loading=\"lazy\" width=\"1024\" height=\"682\" data-id=\"19311\"  src=\"https:\/\/cuernavaca.gob.mx\/wp-content\/uploads\/2022\/09\/recorrido-patios-estacion-17-1024x682.jpeg\" alt=\"\" class=\"wp-image-19311\" srcset=\"https:\/\/cuernavaca.gob.mx\/wp-content\/uploads\/2022\/09\/recorrido-patios-estacion-17-1024x682.jpeg 1024w, https:\/\/cuernavaca.gob.mx\/wp-content\/uploads\/2022\/09\/recorrido-patios-estacion-17-300x200.jpeg 300w, https:\/\/cuernavaca.gob.mx\/wp-content\/uploads\/2022\/09\/recorrido-patios-estacion-17-768x512.jpeg 768w, https:\/\/cuernavaca.gob.mx\/wp-content\/uploads\/2022\/09\/recorrido-patios-estacion-17-600x400.jpeg 600w, https:\/\/cuernavaca.gob.mx\/wp-content\/uploads\/2022\/09\/recorrido-patios-estacion-17-560x373.jpeg 560w, https:\/\/cuernavaca.gob.mx\/wp-content\/uploads\/2022\/09\/recorrido-patios-estacion-17.jpeg 1280w\" sizes=\"(max-width: 1024px) 100vw, 1024px\" \/><\/figure>\n<\/figure>\n","protected":false},"excerpt":{"rendered":"<p>\u2022 Jos\u00e9 Luis Uri\u00f3stegui particip\u00f3 previamente en el encuentro para socializar con vecinas y vecinos el programa federal Mujeres en el Territorio de la SEDATU en Patios de la Estaci\u00f3n El presidente municipal de Cuernavaca, Jos\u00e9 Luis Uri\u00f3stegui Salgado, recorri\u00f3 el entorno de la estaci\u00f3n del ferrocarril y \u00e1reas circunvecinas, como parte del seguimiento al [&hellip;]<\/p>\n","protected":false},"author":1,"featured_media":19308,"comment_status":"closed","ping_status":"open","sticky":false,"template":"","format":"standard","meta":[],"categories":[862],"tags":[2368,1261,121,120,206,125,252],"aioseo_notices":[],"_links":{"self":[{"href":"https:\/\/cuernavaca.gob.mx\/index.php?rest_route=\/wp\/v2\/posts\/19297"}],"collection":[{"href":"https:\/\/cuernavaca.gob.mx\/index.php?rest_route=\/wp\/v2\/posts"}],"about":[{"href":"https:\/\/cuernavaca.gob.mx\/index.php?rest_route=\/wp\/v2\/types\/post"}],"author":[{"embeddable":true,"href":"https:\/\/cuernavaca.gob.mx\/index.php?rest_route=\/wp\/v2\/users\/1"}],"replies":[{"embeddable":true,"href":"https:\/\/cuernavaca.gob.mx\/index.php?rest_route=%2Fwp%2Fv2%2Fcomments&post=19297"}],"version-history":[{"count":1,"href":"https:\/\/cuernavaca.gob.mx\/index.php?rest_route=\/wp\/v2\/posts\/19297\/revisions"}],"predecessor-version":[{"id":19314,"href":"https:\/\/cuernavaca.gob.mx\/index.php?rest_route=\/wp\/v2\/posts\/19297\/revisions\/19314"}],"wp:featuredmedia":[{"embeddable":true,"href":"https:\/\/cuernavaca.gob.mx\/index.php?rest_route=\/wp\/v2\/media\/19308"}],"wp:attachment":[{"href":"https:\/\/cuernavaca.gob.mx\/index.php?rest_route=%2Fwp%2Fv2%2Fmedia&parent=19297"}],"wp:term":[{"taxonomy":"category","embeddable":true,"href":"https:\/\/cuernavaca.gob.mx\/index.php?rest_route=%2Fwp%2Fv2%2Fcategories&post=19297"},{"taxonomy":"post_tag","embeddable":true,"href":"https:\/\/cuernavaca.gob.mx\/index.php?rest_route=%2Fwp%2Fv2%2Ftags&post=19297"}],"curies":[{"name":"wp","href":"https:\/\/api.w.org\/{rel}","templated":true}]}}