{"id":19588,"date":"2022-09-29T14:00:00","date_gmt":"2022-09-29T19:00:00","guid":{"rendered":"https:\/\/cuernavaca.gob.mx\/?p=19588"},"modified":"2025-05-06T12:09:53","modified_gmt":"2025-05-06T18:09:53","slug":"b379-29-09-22-jose-luis-uriostegui-destaca-trabajo-de-la-fiscalia-anticorrupcion-para-dar-tramite-a-denuncias-contra-la-pasada-administracion-de-cuernavaca","status":"publish","type":"post","link":"https:\/\/cuernavaca.gob.mx\/?p=19588","title":{"rendered":"B378 29\/09\/22 JOS\u00c9 LUIS URI\u00d3STEGUI DESTACA TRABAJO DE LA FISCAL\u00cdA ANTICORRUPCI\u00d3N PARA DAR TR\u00c1MITE A DENUNCIAS CONTRA LA PASADA ADMINISTRACI\u00d3N DE CUERNAVACA"},"content":{"rendered":"\n<p><strong>\u2022 Tras la detenci\u00f3n del ex alcalde, Francisco Antonio \u201cN\u201d y dos ex regidores, confi\u00f3 en que se haga justicia a clase trabajadora afectada por un supuesto desv\u00edo de recursos de sus aportaciones al Instituto de Cr\u00e9dito<\/strong><\/p>\n\n\n\n<p><strong>\u2022 Puntualiz\u00f3 que este hecho es un aviso para todo servidor p\u00fablico de que no se permitir\u00e1 ning\u00fan acto de corrupci\u00f3n en el Ayuntamiento de Cuernavaca<\/strong><\/p>\n\n\n\n<p>El presidente municipal de Cuernavaca, Jos\u00e9 Luis Uri\u00f3stegui Salgado, externo un reconocimiento a la labor de la Fiscal\u00eda Anticorrupci\u00f3n del Estado de Morelos tras la detenci\u00f3n preventiva la noche de este mi\u00e9rcoles del ex alcalde, Francisco Antonio \u201cN\u201d y dos ex regidores de la pasada administraci\u00f3n, imputados por el presunto desv\u00edo de m\u00e1s de nueve millones de pesos correspondiente a las aportaciones que realizaron empleados del Sistema de Agua Potable y Alcantarillado de Cuernavaca (SAPAC) al Instituto de Cr\u00e9dito para los Trabajadores al Servicio del Gobierno de Morelos (ICTSGEM).<\/p>\n\n\n\n<p>En entrevista con representantes de medios de comunicaci\u00f3n, Jos\u00e9 Luis Uri\u00f3stegui resalt\u00f3 el hecho de que la Fiscal\u00eda Anticorrupci\u00f3n haya concretado la integraci\u00f3n de las carpetas de investigaci\u00f3n, que, si bien esta denuncia no tuvo su inicio en la presente administraci\u00f3n, al datar de hace dos a\u00f1os, se est\u00e1 procediendo para responder a la sociedad cuernavacense, pero sobre todo a la clase trabajadora municipal por los perjuicios que pudo haber causado el no haber enterado sus cuotas al Instituto de Cr\u00e9dito para los Trabajadores al Servicio del Estado de Morelos.<\/p>\n\n\n\n<p>\u201cDesde luego que a esta administraci\u00f3n que ha sido muy cuidadosa en el manejo de los recursos y que ha resentido la carencia de recursos econ\u00f3micos, me parece que es una decisi\u00f3n acertada; sin embargo, todav\u00eda no es definitiva, habr\u00e1 que darle seguimiento al juicio y esperar a que se haga justicia a la sociedad en general, que es la que se afecta cuando personas disponen de recursos o toman malas decisiones\u201d, acent\u00fao.<\/p>\n\n\n\n<p>En lo que corresponde al actual Gobierno Municipal, expres\u00f3 que se han presentado 32 denuncias, casi todas a disposici\u00f3n de recursos econ\u00f3micos de manera indebida, como ejemplo el ejercicio presupuestal del a\u00f1o pasado donde ocuparon recursos del ejercicio fiscal 2022 afectando a la administraci\u00f3n que encabeza; adem\u00e1s de por una rendici\u00f3n de cuentas inadecuada, contratos por obras que no fueron justificadas, entre otros delitos que se dar\u00e1n a conocer este viernes, tanto por la s\u00edndica municipal, Ver\u00f3nica Atenco P\u00e9rez, en su calidad de representante legal y la propia consejera jur\u00eddica, Nadia Luz Lara Ch\u00e1vez, quien est\u00e1 atenta de todo el procedimiento jurisdiccional.<\/p>\n\n\n\n<p>Jos\u00e9 Luis Uri\u00f3stegui reiter\u00f3 que este hecho es un aviso para todo servidor p\u00fablico de que no se permitir\u00e1 en esta administraci\u00f3n del Ayuntamiento de Cuernavaca ning\u00fan acto de corrupci\u00f3n y\/o malversaci\u00f3n de recursos, \u201ceso deber\u00eda ser lo natural que toda persona que transgrede la ley y esta transgresi\u00f3n implica una acci\u00f3n u omisi\u00f3n considerada como delito debe ser sancionada no importa en qu\u00e9 rango haya estado o que tiempo haya transcurrido\u201d.<\/p>\n\n\n\n<p>Cabe mencionar que, seg\u00fan datos difundidos por la Fiscal\u00eda Anticorrupci\u00f3n en sus redes sociales, de acuerdo a la investigaci\u00f3n relacionada con la causa penal JC\/385\/2022, sin motivo justificado, desde la primera quincena de enero del 2019 a la primera de octubre del mismo a\u00f1o, se retuvieron en la administraci\u00f3n municipal de Cuernavaca 2019-2021 las aportaciones de los trabajadores del organismos descentralizado generando una afectaci\u00f3n de nueve millones 147 mil 482 pesos, de los cuales, dos millones 284 mil 854 pesos son por recargos generados contra SAPAC por no pagar las cuotas.<\/p>\n\n\n\n<figure class=\"wp-block-image size-large\"><img loading=\"lazy\" width=\"1024\" height=\"682\" src=\"https:\/\/cuernavaca.gob.mx\/wp-content\/uploads\/2022\/09\/alcalde-cuernavaca-1024x682.jpg\" alt=\"\" class=\"wp-image-19589\" srcset=\"https:\/\/cuernavaca.gob.mx\/wp-content\/uploads\/2022\/09\/alcalde-cuernavaca-1024x682.jpg 1024w, https:\/\/cuernavaca.gob.mx\/wp-content\/uploads\/2022\/09\/alcalde-cuernavaca-300x200.jpg 300w, https:\/\/cuernavaca.gob.mx\/wp-content\/uploads\/2022\/09\/alcalde-cuernavaca-768x512.jpg 768w, https:\/\/cuernavaca.gob.mx\/wp-content\/uploads\/2022\/09\/alcalde-cuernavaca-600x400.jpg 600w, https:\/\/cuernavaca.gob.mx\/wp-content\/uploads\/2022\/09\/alcalde-cuernavaca-560x373.jpg 560w, https:\/\/cuernavaca.gob.mx\/wp-content\/uploads\/2022\/09\/alcalde-cuernavaca.jpg 1280w\" sizes=\"(max-width: 1024px) 100vw, 1024px\" \/><\/figure>\n","protected":false},"excerpt":{"rendered":"<p>\u2022 Tras la detenci\u00f3n del ex alcalde, Francisco Antonio \u201cN\u201d y dos ex regidores, confi\u00f3 en que se haga justicia a clase trabajadora afectada por un supuesto desv\u00edo de recursos de sus aportaciones al Instituto de Cr\u00e9dito \u2022 Puntualiz\u00f3 que este hecho es un aviso para todo servidor p\u00fablico de que no se permitir\u00e1 ning\u00fan [&hellip;]<\/p>\n","protected":false},"author":1,"featured_media":19589,"comment_status":"closed","ping_status":"open","sticky":false,"template":"","format":"standard","meta":[],"categories":[20],"tags":[128,121,721,120,2447,206,2448],"aioseo_notices":[],"_links":{"self":[{"href":"https:\/\/cuernavaca.gob.mx\/index.php?rest_route=\/wp\/v2\/posts\/19588"}],"collection":[{"href":"https:\/\/cuernavaca.gob.mx\/index.php?rest_route=\/wp\/v2\/posts"}],"about":[{"href":"https:\/\/cuernavaca.gob.mx\/index.php?rest_route=\/wp\/v2\/types\/post"}],"author":[{"embeddable":true,"href":"https:\/\/cuernavaca.gob.mx\/index.php?rest_route=\/wp\/v2\/users\/1"}],"replies":[{"embeddable":true,"href":"https:\/\/cuernavaca.gob.mx\/index.php?rest_route=%2Fwp%2Fv2%2Fcomments&post=19588"}],"version-history":[{"count":2,"href":"https:\/\/cuernavaca.gob.mx\/index.php?rest_route=\/wp\/v2\/posts\/19588\/revisions"}],"predecessor-version":[{"id":19612,"href":"https:\/\/cuernavaca.gob.mx\/index.php?rest_route=\/wp\/v2\/posts\/19588\/revisions\/19612"}],"wp:featuredmedia":[{"embeddable":true,"href":"https:\/\/cuernavaca.gob.mx\/index.php?rest_route=\/wp\/v2\/media\/19589"}],"wp:attachment":[{"href":"https:\/\/cuernavaca.gob.mx\/index.php?rest_route=%2Fwp%2Fv2%2Fmedia&parent=19588"}],"wp:term":[{"taxonomy":"category","embeddable":true,"href":"https:\/\/cuernavaca.gob.mx\/index.php?rest_route=%2Fwp%2Fv2%2Fcategories&post=19588"},{"taxonomy":"post_tag","embeddable":true,"href":"https:\/\/cuernavaca.gob.mx\/index.php?rest_route=%2Fwp%2Fv2%2Ftags&post=19588"}],"curies":[{"name":"wp","href":"https:\/\/api.w.org\/{rel}","templated":true}]}}