{"id":19614,"date":"2022-09-30T14:00:00","date_gmt":"2022-09-30T19:00:00","guid":{"rendered":"https:\/\/cuernavaca.gob.mx\/?p=19614"},"modified":"2025-05-06T12:09:52","modified_gmt":"2025-05-06T18:09:52","slug":"b381-30-09-22-confirma-ayuntamiento-de-cuernavaca-32-denuncias-en-contra-ex-servidores-publicos-por-la-probable-comision-de-diversos-delitos","status":"publish","type":"post","link":"https:\/\/cuernavaca.gob.mx\/?p=19614","title":{"rendered":"B381 30\/09\/22 CONFIRMA AYUNTAMIENTO DE CUERNAVACA 32 DENUNCIAS EN CONTRA EX SERVIDORES P\u00daBLICOS POR LA PROBABLE COMISI\u00d3N DE DIVERSOS DELITOS"},"content":{"rendered":"\n<ul><li><strong>Las denuncias fueron presentadas este mes de septiembre ante la Fiscal\u00eda Especializada en Combate a la Corrupci\u00f3n<\/strong><\/li><li><strong>Son derivadas de observaciones hechas en el proceso de entrega-recepci\u00f3n en la Tesorer\u00eda Municipal<\/strong><\/li><\/ul>\n\n\n\n<p>La S\u00edndica Municipal, Ver\u00f3nica Atenco P\u00e9rez y Nadia Luz Lara Ch\u00e1vez, Consejera Jur\u00eddica del Ayuntamiento de Cuernavaca, confirmaron la integraci\u00f3n de 32 denuncias que han sido presentadas ante la Fiscal\u00eda Especializada en Combate a la Corrupci\u00f3n en contra de ex servidores p\u00fablicos de primer nivel, quien o quienes resulten responsables por la comisi\u00f3n de diversos hechos tipificados en la ley penal.<\/p>\n\n\n\n<p>En conferencia de prensa, las funcionarias del Gobierno Municipal que preside Jos\u00e9 Luis Uri\u00f3stegui Salgado, explicaron que las denuncias se derivan de las observaciones hechas en el proceso de entrega-recepci\u00f3n por parte de Tesorer\u00eda en referencia al incumplimiento de obligaciones y responsabilidades, advirtiendo la probabilidad de la comisi\u00f3n de hechos il\u00edcitos<\/p>\n\n\n\n<p>La S\u00edndica Municipal, Ver\u00f3nica Atenco, se\u00f1al\u00f3 que despu\u00e9s de la revisi\u00f3n administrativa y jur\u00eddica correspondiente de las observaciones, se instruy\u00f3 a la Consejer\u00eda Jur\u00eddica la presentaci\u00f3n de las 32 denuncias por los probables delitos de abuso de confianza, incumplimiento de funciones p\u00fablicas, ejercicio il\u00edcito del servicio p\u00fablico, peculado y lo que resulte.<\/p>\n\n\n\n<p>Dichas denuncias, agreg\u00f3 la Consejera Jur\u00eddica, Nadia Luz Lara, son contra ex servidores p\u00fablicos con encargos de relevancia, contra quien o quienes resulten responsables ante la Fiscal\u00eda Especializada en Combate a la Corrupci\u00f3n, instancia que llevar\u00e1 a cabo las investigaciones correspondientes y establecer los tiempos del proceso de cada una de las carpetas, derivado de estas denuncias presentadas durante el mes de septiembre.<\/p>\n\n\n\n<p>Tanto la S\u00edndica Municipal como la Consejera Jur\u00eddica, reiteraron que el compromiso del presidente municipal, Jos\u00e9 Luis Uri\u00f3stegui y los integrantes del Cabildo, es trabajar por resarcir los da\u00f1os que se hicieron a la administraci\u00f3n p\u00fablica, en detrimento a las arcas municipales, prevenir y combatir la corrupci\u00f3n y no dejar en la impunidad posibles hechos il\u00edcitos.<\/p>\n\n\n\n<figure class=\"wp-container-2 wp-block-gallery-1 wp-block-gallery has-nested-images columns-default is-cropped\">\n<figure class=\"wp-block-image size-large\"><img loading=\"lazy\" width=\"1024\" height=\"682\" data-id=\"19616\"  src=\"https:\/\/cuernavaca.gob.mx\/wp-content\/uploads\/2022\/09\/denuncias-1-1024x682.jpg\" alt=\"\" class=\"wp-image-19616\" srcset=\"https:\/\/cuernavaca.gob.mx\/wp-content\/uploads\/2022\/09\/denuncias-1-1024x682.jpg 1024w, https:\/\/cuernavaca.gob.mx\/wp-content\/uploads\/2022\/09\/denuncias-1-300x200.jpg 300w, https:\/\/cuernavaca.gob.mx\/wp-content\/uploads\/2022\/09\/denuncias-1-768x512.jpg 768w, https:\/\/cuernavaca.gob.mx\/wp-content\/uploads\/2022\/09\/denuncias-1-600x400.jpg 600w, https:\/\/cuernavaca.gob.mx\/wp-content\/uploads\/2022\/09\/denuncias-1-560x373.jpg 560w, https:\/\/cuernavaca.gob.mx\/wp-content\/uploads\/2022\/09\/denuncias-1.jpg 1280w\" sizes=\"(max-width: 1024px) 100vw, 1024px\" \/><\/figure>\n\n\n\n<figure class=\"wp-block-image size-large\"><img loading=\"lazy\" width=\"1024\" height=\"682\" data-id=\"19615\"  src=\"https:\/\/cuernavaca.gob.mx\/wp-content\/uploads\/2022\/09\/denuncias-2-1024x682.jpg\" alt=\"\" class=\"wp-image-19615\" srcset=\"https:\/\/cuernavaca.gob.mx\/wp-content\/uploads\/2022\/09\/denuncias-2-1024x682.jpg 1024w, https:\/\/cuernavaca.gob.mx\/wp-content\/uploads\/2022\/09\/denuncias-2-300x200.jpg 300w, https:\/\/cuernavaca.gob.mx\/wp-content\/uploads\/2022\/09\/denuncias-2-768x512.jpg 768w, https:\/\/cuernavaca.gob.mx\/wp-content\/uploads\/2022\/09\/denuncias-2-600x400.jpg 600w, https:\/\/cuernavaca.gob.mx\/wp-content\/uploads\/2022\/09\/denuncias-2-560x373.jpg 560w, https:\/\/cuernavaca.gob.mx\/wp-content\/uploads\/2022\/09\/denuncias-2.jpg 1280w\" sizes=\"(max-width: 1024px) 100vw, 1024px\" \/><\/figure>\n\n\n\n<figure class=\"wp-block-image size-large\"><img loading=\"lazy\" width=\"1024\" height=\"682\" data-id=\"19617\"  src=\"https:\/\/cuernavaca.gob.mx\/wp-content\/uploads\/2022\/09\/denuncias-3-1024x682.jpg\" alt=\"\" class=\"wp-image-19617\" srcset=\"https:\/\/cuernavaca.gob.mx\/wp-content\/uploads\/2022\/09\/denuncias-3-1024x682.jpg 1024w, https:\/\/cuernavaca.gob.mx\/wp-content\/uploads\/2022\/09\/denuncias-3-300x200.jpg 300w, https:\/\/cuernavaca.gob.mx\/wp-content\/uploads\/2022\/09\/denuncias-3-768x512.jpg 768w, https:\/\/cuernavaca.gob.mx\/wp-content\/uploads\/2022\/09\/denuncias-3-600x400.jpg 600w, https:\/\/cuernavaca.gob.mx\/wp-content\/uploads\/2022\/09\/denuncias-3-560x373.jpg 560w, https:\/\/cuernavaca.gob.mx\/wp-content\/uploads\/2022\/09\/denuncias-3.jpg 1280w\" sizes=\"(max-width: 1024px) 100vw, 1024px\" \/><\/figure>\n\n\n\n<figure class=\"wp-block-image size-large\"><img loading=\"lazy\" width=\"1024\" height=\"682\" data-id=\"19618\"  src=\"https:\/\/cuernavaca.gob.mx\/wp-content\/uploads\/2022\/09\/denuncias-4-1024x682.jpg\" alt=\"\" class=\"wp-image-19618\" srcset=\"https:\/\/cuernavaca.gob.mx\/wp-content\/uploads\/2022\/09\/denuncias-4-1024x682.jpg 1024w, https:\/\/cuernavaca.gob.mx\/wp-content\/uploads\/2022\/09\/denuncias-4-300x200.jpg 300w, https:\/\/cuernavaca.gob.mx\/wp-content\/uploads\/2022\/09\/denuncias-4-768x512.jpg 768w, https:\/\/cuernavaca.gob.mx\/wp-content\/uploads\/2022\/09\/denuncias-4-600x400.jpg 600w, https:\/\/cuernavaca.gob.mx\/wp-content\/uploads\/2022\/09\/denuncias-4-560x373.jpg 560w, https:\/\/cuernavaca.gob.mx\/wp-content\/uploads\/2022\/09\/denuncias-4.jpg 1280w\" sizes=\"(max-width: 1024px) 100vw, 1024px\" \/><\/figure>\n\n\n\n<figure class=\"wp-block-image size-large\"><img loading=\"lazy\" width=\"1024\" height=\"682\" data-id=\"19620\"  src=\"https:\/\/cuernavaca.gob.mx\/wp-content\/uploads\/2022\/09\/denuncias-5-1024x682.jpg\" alt=\"\" class=\"wp-image-19620\" srcset=\"https:\/\/cuernavaca.gob.mx\/wp-content\/uploads\/2022\/09\/denuncias-5-1024x682.jpg 1024w, https:\/\/cuernavaca.gob.mx\/wp-content\/uploads\/2022\/09\/denuncias-5-300x200.jpg 300w, https:\/\/cuernavaca.gob.mx\/wp-content\/uploads\/2022\/09\/denuncias-5-768x512.jpg 768w, https:\/\/cuernavaca.gob.mx\/wp-content\/uploads\/2022\/09\/denuncias-5-600x400.jpg 600w, https:\/\/cuernavaca.gob.mx\/wp-content\/uploads\/2022\/09\/denuncias-5-560x373.jpg 560w, https:\/\/cuernavaca.gob.mx\/wp-content\/uploads\/2022\/09\/denuncias-5.jpg 1280w\" sizes=\"(max-width: 1024px) 100vw, 1024px\" \/><\/figure>\n\n\n\n<figure class=\"wp-block-image size-large\"><img loading=\"lazy\" width=\"1024\" height=\"576\" data-id=\"19619\"  src=\"https:\/\/cuernavaca.gob.mx\/wp-content\/uploads\/2022\/09\/denuncias-6-1024x576.jpg\" alt=\"\" class=\"wp-image-19619\" srcset=\"https:\/\/cuernavaca.gob.mx\/wp-content\/uploads\/2022\/09\/denuncias-6-1024x576.jpg 1024w, https:\/\/cuernavaca.gob.mx\/wp-content\/uploads\/2022\/09\/denuncias-6-300x169.jpg 300w, https:\/\/cuernavaca.gob.mx\/wp-content\/uploads\/2022\/09\/denuncias-6-768x432.jpg 768w, https:\/\/cuernavaca.gob.mx\/wp-content\/uploads\/2022\/09\/denuncias-6-600x338.jpg 600w, https:\/\/cuernavaca.gob.mx\/wp-content\/uploads\/2022\/09\/denuncias-6-560x315.jpg 560w, https:\/\/cuernavaca.gob.mx\/wp-content\/uploads\/2022\/09\/denuncias-6.jpg 1280w\" sizes=\"(max-width: 1024px) 100vw, 1024px\" \/><\/figure>\n<\/figure>\n","protected":false},"excerpt":{"rendered":"<p>Las denuncias fueron presentadas este mes de septiembre ante la Fiscal\u00eda Especializada en Combate a la Corrupci\u00f3n Son derivadas de observaciones hechas en el proceso de entrega-recepci\u00f3n en la Tesorer\u00eda Municipal La S\u00edndica Municipal, Ver\u00f3nica Atenco P\u00e9rez y Nadia Luz Lara Ch\u00e1vez, Consejera Jur\u00eddica del Ayuntamiento de Cuernavaca, confirmaron la integraci\u00f3n de 32 denuncias que [&hellip;]<\/p>\n","protected":false},"author":1,"featured_media":19618,"comment_status":"closed","ping_status":"open","sticky":false,"template":"","format":"standard","meta":[],"categories":[20],"tags":[1428,121,120,206,1819,1727],"aioseo_notices":[],"_links":{"self":[{"href":"https:\/\/cuernavaca.gob.mx\/index.php?rest_route=\/wp\/v2\/posts\/19614"}],"collection":[{"href":"https:\/\/cuernavaca.gob.mx\/index.php?rest_route=\/wp\/v2\/posts"}],"about":[{"href":"https:\/\/cuernavaca.gob.mx\/index.php?rest_route=\/wp\/v2\/types\/post"}],"author":[{"embeddable":true,"href":"https:\/\/cuernavaca.gob.mx\/index.php?rest_route=\/wp\/v2\/users\/1"}],"replies":[{"embeddable":true,"href":"https:\/\/cuernavaca.gob.mx\/index.php?rest_route=%2Fwp%2Fv2%2Fcomments&post=19614"}],"version-history":[{"count":1,"href":"https:\/\/cuernavaca.gob.mx\/index.php?rest_route=\/wp\/v2\/posts\/19614\/revisions"}],"predecessor-version":[{"id":19621,"href":"https:\/\/cuernavaca.gob.mx\/index.php?rest_route=\/wp\/v2\/posts\/19614\/revisions\/19621"}],"wp:featuredmedia":[{"embeddable":true,"href":"https:\/\/cuernavaca.gob.mx\/index.php?rest_route=\/wp\/v2\/media\/19618"}],"wp:attachment":[{"href":"https:\/\/cuernavaca.gob.mx\/index.php?rest_route=%2Fwp%2Fv2%2Fmedia&parent=19614"}],"wp:term":[{"taxonomy":"category","embeddable":true,"href":"https:\/\/cuernavaca.gob.mx\/index.php?rest_route=%2Fwp%2Fv2%2Fcategories&post=19614"},{"taxonomy":"post_tag","embeddable":true,"href":"https:\/\/cuernavaca.gob.mx\/index.php?rest_route=%2Fwp%2Fv2%2Ftags&post=19614"}],"curies":[{"name":"wp","href":"https:\/\/api.w.org\/{rel}","templated":true}]}}