{"id":19633,"date":"2022-09-30T17:32:05","date_gmt":"2022-09-30T22:32:05","guid":{"rendered":"https:\/\/cuernavaca.gob.mx\/?p=19633"},"modified":"2025-05-06T12:09:52","modified_gmt":"2025-05-06T18:09:52","slug":"recibe-cuernavaca-facsimil-de-actas-de-cabildo-de-1820-y-un-minutario-de-oficios-de-1832-rescatadas-de-archivos-abandonados-en-tlayacapan","status":"publish","type":"post","link":"https:\/\/cuernavaca.gob.mx\/?p=19633","title":{"rendered":"B382 30\/09\/22 RECIBE CUERNAVACA FACS\u00cdMIL DE ACTAS DE CABILDO DE 1820 Y UN MINUTARIO DE OFICIOS DE 1832 RESCATADAS DE ARCHIVOS ABANDONADOS EN TLAYACAPAN"},"content":{"rendered":"\n<p>\u2022 Este suceso impulsado por el IMIPE, es resultado de la labor de rescate y preservaci\u00f3n de documentos del historiador y archivista Le\u00f3n Felipe Acosta Tovar y su equipo de trabajo<\/p>\n\n\n\n<p>\u2022 Se da cumplimiento al derecho constitucional de acceso a la informaci\u00f3n que poseen los archivos, que son el origen de la memoria hist\u00f3rica<\/p>\n\n\n\n<p>En un acto con el que se da cumplimiento al derecho constitucional de acceso a la informaci\u00f3n que poseen los archivos, que son el origen de la memoria hist\u00f3rica, producto de la toma de las decisiones de las instituciones p\u00fablicas, este viernes el Ayuntamiento de Cuernavaca representado por el presidente municipal, Jos\u00e9 Luis Uri\u00f3stegui Salgado, recibi\u00f3 de su homologo, el presidente municipal de Tlayacapan, Eduardo Campos Allende, un facs\u00edmil de Actas de Cabildo de 1820 y un minutario de oficios de 1832 de Cuernavaca<\/p>\n\n\n\n<p>Organizado y convocado por el Instituto Morelense de Informaci\u00f3n P\u00fablica y Estad\u00edstica (IMIPE), Marco Antonio Alvear S\u00e1nchez, Comisionado presidente que impulso junto con el pleno de comisionados esta entrega, que es resultado de una labor de organizaci\u00f3n y rescate del Archivo Hist\u00f3rico del Ayuntamiento de Tlayacapan, a cargo del historiador y archivista Le\u00f3n Felipe Acosta Tovar y su equipo de trabajo integrado por estudiantes de la UNAM y la UAEM, que permiti\u00f3 localizar documentos hist\u00f3ricos de gran relevancia para la conservaci\u00f3n de la memoria hist\u00f3rica del Estado de Morelos.<\/p>\n\n\n\n<p>En esta organizaci\u00f3n, Le\u00f3n Felipe Acosta detall\u00f3 se localiz\u00f3 un libro de Actas de Cabildo de 1820 y un minutario de oficios de 1832, pertenecientes al Ayuntamiento de Cuernavaca, en un cumulo de papeles que estaban destinados a ser quemados al ser considerados como basura y que se encontraban en una bodega del techo de la presidencia municipal de Tlayacapan.<\/p>\n\n\n\n<p>Y sui bien no se tiene claro c\u00f3mo es que Actas de Cabildo de 1820 y un minutario de oficios de 1832 del Ayuntamiento de Cuernavaca, se encontraban en Tlayacapan en documentos por desecharse, representa un suceso de gran relevancia hist\u00f3rica para la capital del estado, ya que, en ese entonces en tiempos de la independencia, Cuernavaca pertenec\u00eda al estado de M\u00e9xico dado que a\u00fan no se creaba como tal el estado de Morelos.<\/p>\n\n\n\n<p>En estos documentos, que se hallaron en malas condiciones por su abandono y ser carcomidos por roedores, da\u00f1ados por humedad y hongos, han sido digitalizados para su preservaci\u00f3n, situaci\u00f3n por la cual se requiere de apoyo para la restauraci\u00f3n del material que es papel de celulosa de madera con severo deterioro.<\/p>\n\n\n\n<p>La entrega del facs\u00edmil de Actas de Cabildo de 1820 y un minutario de oficios de 1832 de Cuernavaca, fue atestiguado por integrantes de los Cabildo de Cuernavaca y Tlayacapan, la secretaria general de la Universidad Aut\u00f3noma del Estado de Morelos (UAEM), Fabiola \u00c1lvarez Velasco, historiadores, investigadores, acad\u00e9micos y representantes de la sociedad civil.<\/p>\n\n\n\n<figure class=\"wp-container-2 wp-block-gallery-1 wp-block-gallery has-nested-images columns-default is-cropped\">\n<figure class=\"wp-block-image size-large\"><img loading=\"lazy\" width=\"1024\" height=\"682\" data-id=\"19634\"  src=\"https:\/\/cuernavaca.gob.mx\/wp-content\/uploads\/2022\/09\/IMG-20220930-WA0021-1024x682.jpg\" alt=\"\" class=\"wp-image-19634\" srcset=\"https:\/\/cuernavaca.gob.mx\/wp-content\/uploads\/2022\/09\/IMG-20220930-WA0021-1024x682.jpg 1024w, https:\/\/cuernavaca.gob.mx\/wp-content\/uploads\/2022\/09\/IMG-20220930-WA0021-300x200.jpg 300w, https:\/\/cuernavaca.gob.mx\/wp-content\/uploads\/2022\/09\/IMG-20220930-WA0021-768x512.jpg 768w, https:\/\/cuernavaca.gob.mx\/wp-content\/uploads\/2022\/09\/IMG-20220930-WA0021-600x400.jpg 600w, https:\/\/cuernavaca.gob.mx\/wp-content\/uploads\/2022\/09\/IMG-20220930-WA0021-560x373.jpg 560w, https:\/\/cuernavaca.gob.mx\/wp-content\/uploads\/2022\/09\/IMG-20220930-WA0021.jpg 1280w\" sizes=\"(max-width: 1024px) 100vw, 1024px\" \/><\/figure>\n\n\n\n<figure class=\"wp-block-image size-large\"><img loading=\"lazy\" width=\"1024\" height=\"682\" data-id=\"19635\"  src=\"https:\/\/cuernavaca.gob.mx\/wp-content\/uploads\/2022\/09\/IMG-20220930-WA0019-1024x682.jpg\" alt=\"\" class=\"wp-image-19635\" srcset=\"https:\/\/cuernavaca.gob.mx\/wp-content\/uploads\/2022\/09\/IMG-20220930-WA0019-1024x682.jpg 1024w, https:\/\/cuernavaca.gob.mx\/wp-content\/uploads\/2022\/09\/IMG-20220930-WA0019-300x200.jpg 300w, https:\/\/cuernavaca.gob.mx\/wp-content\/uploads\/2022\/09\/IMG-20220930-WA0019-768x512.jpg 768w, https:\/\/cuernavaca.gob.mx\/wp-content\/uploads\/2022\/09\/IMG-20220930-WA0019-600x400.jpg 600w, https:\/\/cuernavaca.gob.mx\/wp-content\/uploads\/2022\/09\/IMG-20220930-WA0019-560x373.jpg 560w, https:\/\/cuernavaca.gob.mx\/wp-content\/uploads\/2022\/09\/IMG-20220930-WA0019.jpg 1280w\" sizes=\"(max-width: 1024px) 100vw, 1024px\" \/><\/figure>\n\n\n\n<figure class=\"wp-block-image size-large\"><img loading=\"lazy\" width=\"1024\" height=\"682\" data-id=\"19640\"  src=\"https:\/\/cuernavaca.gob.mx\/wp-content\/uploads\/2022\/09\/IMG-20220930-WA0022-1024x682.jpg\" alt=\"\" class=\"wp-image-19640\" srcset=\"https:\/\/cuernavaca.gob.mx\/wp-content\/uploads\/2022\/09\/IMG-20220930-WA0022-1024x682.jpg 1024w, https:\/\/cuernavaca.gob.mx\/wp-content\/uploads\/2022\/09\/IMG-20220930-WA0022-300x200.jpg 300w, https:\/\/cuernavaca.gob.mx\/wp-content\/uploads\/2022\/09\/IMG-20220930-WA0022-768x512.jpg 768w, https:\/\/cuernavaca.gob.mx\/wp-content\/uploads\/2022\/09\/IMG-20220930-WA0022-600x400.jpg 600w, https:\/\/cuernavaca.gob.mx\/wp-content\/uploads\/2022\/09\/IMG-20220930-WA0022-560x373.jpg 560w, https:\/\/cuernavaca.gob.mx\/wp-content\/uploads\/2022\/09\/IMG-20220930-WA0022.jpg 1280w\" sizes=\"(max-width: 1024px) 100vw, 1024px\" \/><\/figure>\n\n\n\n<figure class=\"wp-block-image size-large\"><img loading=\"lazy\" width=\"1024\" height=\"682\" data-id=\"19636\"  src=\"https:\/\/cuernavaca.gob.mx\/wp-content\/uploads\/2022\/09\/IMG-20220930-WA0020-1024x682.jpg\" alt=\"\" class=\"wp-image-19636\" srcset=\"https:\/\/cuernavaca.gob.mx\/wp-content\/uploads\/2022\/09\/IMG-20220930-WA0020-1024x682.jpg 1024w, https:\/\/cuernavaca.gob.mx\/wp-content\/uploads\/2022\/09\/IMG-20220930-WA0020-300x200.jpg 300w, https:\/\/cuernavaca.gob.mx\/wp-content\/uploads\/2022\/09\/IMG-20220930-WA0020-768x512.jpg 768w, https:\/\/cuernavaca.gob.mx\/wp-content\/uploads\/2022\/09\/IMG-20220930-WA0020-600x400.jpg 600w, https:\/\/cuernavaca.gob.mx\/wp-content\/uploads\/2022\/09\/IMG-20220930-WA0020-560x373.jpg 560w, https:\/\/cuernavaca.gob.mx\/wp-content\/uploads\/2022\/09\/IMG-20220930-WA0020.jpg 1280w\" sizes=\"(max-width: 1024px) 100vw, 1024px\" \/><\/figure>\n\n\n\n<figure class=\"wp-block-image size-large\"><img loading=\"lazy\" width=\"1024\" height=\"682\" data-id=\"19637\"  src=\"https:\/\/cuernavaca.gob.mx\/wp-content\/uploads\/2022\/09\/IMG-20220930-WA0017-1024x682.jpg\" alt=\"\" class=\"wp-image-19637\" srcset=\"https:\/\/cuernavaca.gob.mx\/wp-content\/uploads\/2022\/09\/IMG-20220930-WA0017-1024x682.jpg 1024w, https:\/\/cuernavaca.gob.mx\/wp-content\/uploads\/2022\/09\/IMG-20220930-WA0017-300x200.jpg 300w, https:\/\/cuernavaca.gob.mx\/wp-content\/uploads\/2022\/09\/IMG-20220930-WA0017-768x512.jpg 768w, https:\/\/cuernavaca.gob.mx\/wp-content\/uploads\/2022\/09\/IMG-20220930-WA0017-600x400.jpg 600w, https:\/\/cuernavaca.gob.mx\/wp-content\/uploads\/2022\/09\/IMG-20220930-WA0017-560x373.jpg 560w, https:\/\/cuernavaca.gob.mx\/wp-content\/uploads\/2022\/09\/IMG-20220930-WA0017.jpg 1280w\" sizes=\"(max-width: 1024px) 100vw, 1024px\" \/><\/figure>\n\n\n\n<figure class=\"wp-block-image size-large\"><img loading=\"lazy\" width=\"1024\" height=\"682\" data-id=\"19638\"  src=\"https:\/\/cuernavaca.gob.mx\/wp-content\/uploads\/2022\/09\/IMG-20220930-WA0023-1024x682.jpg\" alt=\"\" class=\"wp-image-19638\" srcset=\"https:\/\/cuernavaca.gob.mx\/wp-content\/uploads\/2022\/09\/IMG-20220930-WA0023-1024x682.jpg 1024w, https:\/\/cuernavaca.gob.mx\/wp-content\/uploads\/2022\/09\/IMG-20220930-WA0023-300x200.jpg 300w, https:\/\/cuernavaca.gob.mx\/wp-content\/uploads\/2022\/09\/IMG-20220930-WA0023-768x512.jpg 768w, https:\/\/cuernavaca.gob.mx\/wp-content\/uploads\/2022\/09\/IMG-20220930-WA0023-600x400.jpg 600w, https:\/\/cuernavaca.gob.mx\/wp-content\/uploads\/2022\/09\/IMG-20220930-WA0023-560x373.jpg 560w, https:\/\/cuernavaca.gob.mx\/wp-content\/uploads\/2022\/09\/IMG-20220930-WA0023.jpg 1280w\" sizes=\"(max-width: 1024px) 100vw, 1024px\" \/><\/figure>\n\n\n\n<figure class=\"wp-block-image size-large\"><img loading=\"lazy\" width=\"1024\" height=\"682\" data-id=\"19639\"  src=\"https:\/\/cuernavaca.gob.mx\/wp-content\/uploads\/2022\/09\/IMG-20220930-WA0018-1024x682.jpg\" alt=\"\" class=\"wp-image-19639\" srcset=\"https:\/\/cuernavaca.gob.mx\/wp-content\/uploads\/2022\/09\/IMG-20220930-WA0018-1024x682.jpg 1024w, https:\/\/cuernavaca.gob.mx\/wp-content\/uploads\/2022\/09\/IMG-20220930-WA0018-300x200.jpg 300w, https:\/\/cuernavaca.gob.mx\/wp-content\/uploads\/2022\/09\/IMG-20220930-WA0018-768x512.jpg 768w, https:\/\/cuernavaca.gob.mx\/wp-content\/uploads\/2022\/09\/IMG-20220930-WA0018-600x400.jpg 600w, https:\/\/cuernavaca.gob.mx\/wp-content\/uploads\/2022\/09\/IMG-20220930-WA0018-560x373.jpg 560w, https:\/\/cuernavaca.gob.mx\/wp-content\/uploads\/2022\/09\/IMG-20220930-WA0018.jpg 1280w\" sizes=\"(max-width: 1024px) 100vw, 1024px\" \/><\/figure>\n\n\n\n<figure class=\"wp-block-image size-large\"><img loading=\"lazy\" width=\"1024\" height=\"682\" data-id=\"19645\"  src=\"https:\/\/cuernavaca.gob.mx\/wp-content\/uploads\/2022\/09\/IMG-20220930-WA0016-1024x682.jpg\" alt=\"\" class=\"wp-image-19645\" srcset=\"https:\/\/cuernavaca.gob.mx\/wp-content\/uploads\/2022\/09\/IMG-20220930-WA0016-1024x682.jpg 1024w, https:\/\/cuernavaca.gob.mx\/wp-content\/uploads\/2022\/09\/IMG-20220930-WA0016-300x200.jpg 300w, https:\/\/cuernavaca.gob.mx\/wp-content\/uploads\/2022\/09\/IMG-20220930-WA0016-768x512.jpg 768w, https:\/\/cuernavaca.gob.mx\/wp-content\/uploads\/2022\/09\/IMG-20220930-WA0016-600x400.jpg 600w, https:\/\/cuernavaca.gob.mx\/wp-content\/uploads\/2022\/09\/IMG-20220930-WA0016-560x373.jpg 560w, https:\/\/cuernavaca.gob.mx\/wp-content\/uploads\/2022\/09\/IMG-20220930-WA0016.jpg 1280w\" sizes=\"(max-width: 1024px) 100vw, 1024px\" \/><\/figure>\n\n\n\n<figure class=\"wp-block-image size-large\"><img loading=\"lazy\" width=\"1024\" height=\"682\" data-id=\"19641\"  src=\"https:\/\/cuernavaca.gob.mx\/wp-content\/uploads\/2022\/09\/IMG-20220930-WA0015-1024x682.jpg\" alt=\"\" class=\"wp-image-19641\" srcset=\"https:\/\/cuernavaca.gob.mx\/wp-content\/uploads\/2022\/09\/IMG-20220930-WA0015-1024x682.jpg 1024w, https:\/\/cuernavaca.gob.mx\/wp-content\/uploads\/2022\/09\/IMG-20220930-WA0015-300x200.jpg 300w, https:\/\/cuernavaca.gob.mx\/wp-content\/uploads\/2022\/09\/IMG-20220930-WA0015-768x512.jpg 768w, https:\/\/cuernavaca.gob.mx\/wp-content\/uploads\/2022\/09\/IMG-20220930-WA0015-600x400.jpg 600w, https:\/\/cuernavaca.gob.mx\/wp-content\/uploads\/2022\/09\/IMG-20220930-WA0015-560x373.jpg 560w, https:\/\/cuernavaca.gob.mx\/wp-content\/uploads\/2022\/09\/IMG-20220930-WA0015.jpg 1280w\" sizes=\"(max-width: 1024px) 100vw, 1024px\" \/><\/figure>\n\n\n\n<figure class=\"wp-block-image size-large\"><img loading=\"lazy\" width=\"1024\" height=\"682\" data-id=\"19642\"  src=\"https:\/\/cuernavaca.gob.mx\/wp-content\/uploads\/2022\/09\/IMG-20220930-WA0014-1024x682.jpg\" alt=\"\" class=\"wp-image-19642\" srcset=\"https:\/\/cuernavaca.gob.mx\/wp-content\/uploads\/2022\/09\/IMG-20220930-WA0014-1024x682.jpg 1024w, https:\/\/cuernavaca.gob.mx\/wp-content\/uploads\/2022\/09\/IMG-20220930-WA0014-300x200.jpg 300w, https:\/\/cuernavaca.gob.mx\/wp-content\/uploads\/2022\/09\/IMG-20220930-WA0014-768x512.jpg 768w, https:\/\/cuernavaca.gob.mx\/wp-content\/uploads\/2022\/09\/IMG-20220930-WA0014-600x400.jpg 600w, https:\/\/cuernavaca.gob.mx\/wp-content\/uploads\/2022\/09\/IMG-20220930-WA0014-560x373.jpg 560w, https:\/\/cuernavaca.gob.mx\/wp-content\/uploads\/2022\/09\/IMG-20220930-WA0014.jpg 1280w\" sizes=\"(max-width: 1024px) 100vw, 1024px\" \/><\/figure>\n\n\n\n<figure class=\"wp-block-image size-large\"><img loading=\"lazy\" width=\"1024\" height=\"682\" data-id=\"19643\"  src=\"https:\/\/cuernavaca.gob.mx\/wp-content\/uploads\/2022\/09\/IMG-20220930-WA0013-1024x682.jpg\" alt=\"\" class=\"wp-image-19643\" srcset=\"https:\/\/cuernavaca.gob.mx\/wp-content\/uploads\/2022\/09\/IMG-20220930-WA0013-1024x682.jpg 1024w, https:\/\/cuernavaca.gob.mx\/wp-content\/uploads\/2022\/09\/IMG-20220930-WA0013-300x200.jpg 300w, https:\/\/cuernavaca.gob.mx\/wp-content\/uploads\/2022\/09\/IMG-20220930-WA0013-768x512.jpg 768w, https:\/\/cuernavaca.gob.mx\/wp-content\/uploads\/2022\/09\/IMG-20220930-WA0013-600x400.jpg 600w, https:\/\/cuernavaca.gob.mx\/wp-content\/uploads\/2022\/09\/IMG-20220930-WA0013-560x373.jpg 560w, https:\/\/cuernavaca.gob.mx\/wp-content\/uploads\/2022\/09\/IMG-20220930-WA0013.jpg 1280w\" sizes=\"(max-width: 1024px) 100vw, 1024px\" \/><\/figure>\n\n\n\n<figure class=\"wp-block-image size-large\"><img loading=\"lazy\" width=\"1024\" height=\"682\" data-id=\"19644\"  src=\"https:\/\/cuernavaca.gob.mx\/wp-content\/uploads\/2022\/09\/IMG-20220930-WA0012-1024x682.jpg\" alt=\"\" class=\"wp-image-19644\" srcset=\"https:\/\/cuernavaca.gob.mx\/wp-content\/uploads\/2022\/09\/IMG-20220930-WA0012-1024x682.jpg 1024w, https:\/\/cuernavaca.gob.mx\/wp-content\/uploads\/2022\/09\/IMG-20220930-WA0012-300x200.jpg 300w, https:\/\/cuernavaca.gob.mx\/wp-content\/uploads\/2022\/09\/IMG-20220930-WA0012-768x512.jpg 768w, https:\/\/cuernavaca.gob.mx\/wp-content\/uploads\/2022\/09\/IMG-20220930-WA0012-600x400.jpg 600w, https:\/\/cuernavaca.gob.mx\/wp-content\/uploads\/2022\/09\/IMG-20220930-WA0012-560x373.jpg 560w, https:\/\/cuernavaca.gob.mx\/wp-content\/uploads\/2022\/09\/IMG-20220930-WA0012.jpg 1280w\" sizes=\"(max-width: 1024px) 100vw, 1024px\" \/><\/figure>\n<\/figure>\n","protected":false},"excerpt":{"rendered":"<p>\u2022 Este suceso impulsado por el IMIPE, es resultado de la labor de rescate y preservaci\u00f3n de documentos del historiador y archivista Le\u00f3n Felipe Acosta Tovar y su equipo de trabajo \u2022 Se da cumplimiento al derecho constitucional de acceso a la informaci\u00f3n que poseen los archivos, que son el origen de la memoria hist\u00f3rica [&hellip;]<\/p>\n","protected":false},"author":1,"featured_media":0,"comment_status":"closed","ping_status":"open","sticky":false,"template":"","format":"standard","meta":[],"categories":[20,1],"tags":[],"aioseo_notices":[],"_links":{"self":[{"href":"https:\/\/cuernavaca.gob.mx\/index.php?rest_route=\/wp\/v2\/posts\/19633"}],"collection":[{"href":"https:\/\/cuernavaca.gob.mx\/index.php?rest_route=\/wp\/v2\/posts"}],"about":[{"href":"https:\/\/cuernavaca.gob.mx\/index.php?rest_route=\/wp\/v2\/types\/post"}],"author":[{"embeddable":true,"href":"https:\/\/cuernavaca.gob.mx\/index.php?rest_route=\/wp\/v2\/users\/1"}],"replies":[{"embeddable":true,"href":"https:\/\/cuernavaca.gob.mx\/index.php?rest_route=%2Fwp%2Fv2%2Fcomments&post=19633"}],"version-history":[{"count":2,"href":"https:\/\/cuernavaca.gob.mx\/index.php?rest_route=\/wp\/v2\/posts\/19633\/revisions"}],"predecessor-version":[{"id":19648,"href":"https:\/\/cuernavaca.gob.mx\/index.php?rest_route=\/wp\/v2\/posts\/19633\/revisions\/19648"}],"wp:attachment":[{"href":"https:\/\/cuernavaca.gob.mx\/index.php?rest_route=%2Fwp%2Fv2%2Fmedia&parent=19633"}],"wp:term":[{"taxonomy":"category","embeddable":true,"href":"https:\/\/cuernavaca.gob.mx\/index.php?rest_route=%2Fwp%2Fv2%2Fcategories&post=19633"},{"taxonomy":"post_tag","embeddable":true,"href":"https:\/\/cuernavaca.gob.mx\/index.php?rest_route=%2Fwp%2Fv2%2Ftags&post=19633"}],"curies":[{"name":"wp","href":"https:\/\/api.w.org\/{rel}","templated":true}]}}