{"id":19862,"date":"2022-10-06T19:30:00","date_gmt":"2022-10-07T00:30:00","guid":{"rendered":"https:\/\/cuernavaca.gob.mx\/?p=19862"},"modified":"2025-05-06T12:10:33","modified_gmt":"2025-05-06T18:10:33","slug":"b399-06-10-22-cuernavaca-mantiene-cercania-con-la-ciudadania-y-autoridades-de-los-tres-niveles-de-gobierno-para-disminuir-la-incidencia-delictiva","status":"publish","type":"post","link":"https:\/\/cuernavaca.gob.mx\/?p=19862","title":{"rendered":"B399 06\/10\/22 CUERNAVACA MANTIENE CERCAN\u00cdA CON LA CIUDADAN\u00cdA Y AUTORIDADES DE LOS TRES NIVELES DE GOBIERNO PARA DISMINUIR LA INCIDENCIA DELICTIVA"},"content":{"rendered":"\n<p>\u2022 En la V Sesi\u00f3n Ordinaria del Consejo Municipal de Seguridad P\u00fablica, el alcalde Jos\u00e9 Luis Uri\u00f3stegui, manifest\u00f3 la importancia de generar sinergias con miembros de la iniciativa privada, la sociedad civil organizada y autoridades de los tres niveles de gobierno<\/p>\n\n\n\n<p>\u2022 Cuernavaca sigue posicion\u00e1ndose como el primer municipio en el pa\u00eds con r\u00e9cords en la recuperaci\u00f3n de veh\u00edculos robados, gracias al trabajo coordinado con OCRA<\/p>\n\n\n\n<p>El Consejo Municipal de Seguridad P\u00fablica de Cuernavaca confirm\u00f3 que, en tan solo siete meses, el Gobierno Municipal ha comenzado a disminuir la incidencia delictiva en la ciudad, logrando incluir a la ciudadan\u00eda en la pacificaci\u00f3n del territorio, organizando a las y los vecinos de diversas colonias para, en conjunto, generar acciones eficaces que recuperen el tejido social.<\/p>\n\n\n\n<p>En el marco de la V sesi\u00f3n ordinaria de este \u00f3rgano colegiado, la secretaria de Protecci\u00f3n y Auxilio Ciudadano (SEPRAC), Alicia V\u00e1zquez Luna, puntualiz\u00f3 que, si bien todav\u00eda se presentan algunos focos rojos en el municipio, de acuerdo al \u00edndice delictivo del Secretariado Ejecutivo del Sistema Nacional de Seguridad P\u00fablica (SESNSP), de enero a agosto del presente a\u00f1o existe una diferencia de menos del 8.11 por ciento en comparaci\u00f3n con el mismo periodo del 2021 en la incidencia delictiva, lo que representa una reducci\u00f3n de 238 delitos cometidos.<\/p>\n\n\n\n<p>Al presentar un informe de las estad\u00edsticas generales, acciones implementadas y medidas adoptadas por las instancias que integran el consejo para el periodo julio-agosto 2022, refiri\u00f3 que se han implementado un total de 17 mil 632 operativos, de los cuales han recuperado, asegurado y puesto a disposici\u00f3n cinco armas cortas, un arma larga, 36 cartuchos, un objeto punzo cortante, 30 gramos de vegetal verde al parecer marihuana, cinco gramos de piedras de color blanco al parecer coca\u00edna, y siete gramos de cristal.<\/p>\n\n\n\n<p>Precis\u00f3 que las medidas de protecci\u00f3n se han manteniendo en un alza, otorgando en este bimestre 470; adem\u00e1s de que custodian hospitales por 75 v\u00edctimas que se encuentran en dichos lugares y cuentan con 372 ordenes vigentes de b\u00fasqueda de todo el pa\u00eds.<\/p>\n\n\n\n<p>La funcionaria municipal acent\u00fao que la Unidad de Prevenci\u00f3n de Robo de Veh\u00edculos, en coordinaci\u00f3n con la Oficina Coordinadora de Riesgos Asegurados (OCRA), ha logrado recuperar 39 autom\u00f3viles y detener a 15 personas, por lo cual Cuernavaca sigue posicion\u00e1ndose como el primer municipio en el pa\u00eds con r\u00e9cords en su recuperaci\u00f3n.<\/p>\n\n\n\n<p>Ante los \u00e9xitos obtenidos con este programa sin precedentes en el municipio, integrantes del Consejo Municipal de Seguridad P\u00fablica acordaron entregar un reconocimiento a Mario Crosswell Arenas, por todo el apoyo y la sinergia con la presente administraci\u00f3n para combatir este delito, as\u00ed como tambi\u00e9n reconocieron al excomisariado de bienes comunales de Ahuatepec, Guillermo Aldama Rojas, por sus valiosas aportaciones en el Consejo Municipal de Seguridad P\u00fablica.<\/p>\n\n\n\n<p>Por su lado, el titular del Secretariado Ejecutivo Municipal, Marco Antonio Olvera Benedicto, destac\u00f3, en su informe de actividades correspondiente a los meses de agosto y septiembre, que, en los programas y actividades de proximidad e inclusi\u00f3n de la poblaci\u00f3n para disminuir los \u00edndices delictivos y fortalecer la estrategia en materia de prevenci\u00f3n, se han beneficiado a cuatro mil 077 personas, a quienes han organizado a trav\u00e9s de las figuras de los COMVIVES y MUCPAZ, e inclusive han participado en marchas exploratorias y han sido capacitados, a fin de coadyuvar en la reconstrucci\u00f3n del tejido social.<\/p>\n\n\n\n<p>Tras agradecer la presencia de la diputada federal, Juanita Guerra Mena, presidenta de la Comisi\u00f3n de Seguridad P\u00fablica y el subinspector de la Guardia Nacional, Jos\u00e9 Gonz\u00e1lez Gonz\u00e1lez, el presidente municipal, Jos\u00e9 Luis Uri\u00f3stegui, manifest\u00f3 la importancia de generar una sinergia con miembros de la iniciativa privada, la sociedad civil organizada y autoridades de los tres niveles de gobierno para que Cuernavaca pueda renacer con la seguridad de sus habitantes, estableciendo acciones preventivas en conjunto.<\/p>\n\n\n\n<p>Al atender los planteamientos expuestos por las consejeras y los consejeros ciudadanos, afirm\u00f3 \u201cque se debe apostar a la prevenci\u00f3n en todos los sentidos, desde lo individual, hasta lo familiar, colectiva, comunitaria, y habremos de escuchar sus propuestas\u201d.<\/p>\n\n\n\n<p>En esta misma sesi\u00f3n, se tom\u00f3 protesta a Jos\u00e9 Luis Garc\u00eda, presidente de Bienes Comunales de San Lorenzo Chamilpa como integrante del Consejo Municipal de Seguridad P\u00fablica de Cuernavaca.<\/p>\n\n\n\n<figure class=\"wp-container-2 wp-block-gallery-1 wp-block-gallery has-nested-images columns-default is-cropped\">\n<figure class=\"wp-block-image size-large\"><img loading=\"lazy\" width=\"1024\" height=\"682\" data-id=\"19864\"  src=\"https:\/\/cuernavaca.gob.mx\/wp-content\/uploads\/2022\/10\/consejo-de-seguridad-1-1024x682.jpg\" alt=\"\" class=\"wp-image-19864\" srcset=\"https:\/\/cuernavaca.gob.mx\/wp-content\/uploads\/2022\/10\/consejo-de-seguridad-1-1024x682.jpg 1024w, https:\/\/cuernavaca.gob.mx\/wp-content\/uploads\/2022\/10\/consejo-de-seguridad-1-300x200.jpg 300w, https:\/\/cuernavaca.gob.mx\/wp-content\/uploads\/2022\/10\/consejo-de-seguridad-1-768x512.jpg 768w, https:\/\/cuernavaca.gob.mx\/wp-content\/uploads\/2022\/10\/consejo-de-seguridad-1-600x400.jpg 600w, https:\/\/cuernavaca.gob.mx\/wp-content\/uploads\/2022\/10\/consejo-de-seguridad-1-560x373.jpg 560w, https:\/\/cuernavaca.gob.mx\/wp-content\/uploads\/2022\/10\/consejo-de-seguridad-1.jpg 1280w\" sizes=\"(max-width: 1024px) 100vw, 1024px\" \/><\/figure>\n\n\n\n<figure class=\"wp-block-image size-large\"><img loading=\"lazy\" width=\"1024\" height=\"682\" data-id=\"19865\"  src=\"https:\/\/cuernavaca.gob.mx\/wp-content\/uploads\/2022\/10\/consejo-de-seguridad-2-1024x682.jpg\" alt=\"\" class=\"wp-image-19865\" srcset=\"https:\/\/cuernavaca.gob.mx\/wp-content\/uploads\/2022\/10\/consejo-de-seguridad-2-1024x682.jpg 1024w, https:\/\/cuernavaca.gob.mx\/wp-content\/uploads\/2022\/10\/consejo-de-seguridad-2-300x200.jpg 300w, https:\/\/cuernavaca.gob.mx\/wp-content\/uploads\/2022\/10\/consejo-de-seguridad-2-768x512.jpg 768w, https:\/\/cuernavaca.gob.mx\/wp-content\/uploads\/2022\/10\/consejo-de-seguridad-2-600x400.jpg 600w, https:\/\/cuernavaca.gob.mx\/wp-content\/uploads\/2022\/10\/consejo-de-seguridad-2-560x373.jpg 560w, https:\/\/cuernavaca.gob.mx\/wp-content\/uploads\/2022\/10\/consejo-de-seguridad-2.jpg 1280w\" sizes=\"(max-width: 1024px) 100vw, 1024px\" \/><\/figure>\n\n\n\n<figure class=\"wp-block-image size-large\"><img loading=\"lazy\" width=\"1024\" height=\"682\" data-id=\"19863\"  src=\"https:\/\/cuernavaca.gob.mx\/wp-content\/uploads\/2022\/10\/consejo-de-seguridad-3-1024x682.jpg\" alt=\"\" class=\"wp-image-19863\" srcset=\"https:\/\/cuernavaca.gob.mx\/wp-content\/uploads\/2022\/10\/consejo-de-seguridad-3-1024x682.jpg 1024w, https:\/\/cuernavaca.gob.mx\/wp-content\/uploads\/2022\/10\/consejo-de-seguridad-3-300x200.jpg 300w, https:\/\/cuernavaca.gob.mx\/wp-content\/uploads\/2022\/10\/consejo-de-seguridad-3-768x512.jpg 768w, https:\/\/cuernavaca.gob.mx\/wp-content\/uploads\/2022\/10\/consejo-de-seguridad-3-600x400.jpg 600w, https:\/\/cuernavaca.gob.mx\/wp-content\/uploads\/2022\/10\/consejo-de-seguridad-3-560x373.jpg 560w, https:\/\/cuernavaca.gob.mx\/wp-content\/uploads\/2022\/10\/consejo-de-seguridad-3.jpg 1280w\" sizes=\"(max-width: 1024px) 100vw, 1024px\" \/><\/figure>\n\n\n\n<figure class=\"wp-block-image size-large\"><img loading=\"lazy\" width=\"1024\" height=\"682\" data-id=\"19866\"  src=\"https:\/\/cuernavaca.gob.mx\/wp-content\/uploads\/2022\/10\/consejo-de-seguridad-4-1024x682.jpg\" alt=\"\" class=\"wp-image-19866\" srcset=\"https:\/\/cuernavaca.gob.mx\/wp-content\/uploads\/2022\/10\/consejo-de-seguridad-4-1024x682.jpg 1024w, https:\/\/cuernavaca.gob.mx\/wp-content\/uploads\/2022\/10\/consejo-de-seguridad-4-300x200.jpg 300w, https:\/\/cuernavaca.gob.mx\/wp-content\/uploads\/2022\/10\/consejo-de-seguridad-4-768x512.jpg 768w, https:\/\/cuernavaca.gob.mx\/wp-content\/uploads\/2022\/10\/consejo-de-seguridad-4-600x400.jpg 600w, https:\/\/cuernavaca.gob.mx\/wp-content\/uploads\/2022\/10\/consejo-de-seguridad-4-560x373.jpg 560w, https:\/\/cuernavaca.gob.mx\/wp-content\/uploads\/2022\/10\/consejo-de-seguridad-4.jpg 1280w\" sizes=\"(max-width: 1024px) 100vw, 1024px\" \/><\/figure>\n\n\n\n<figure class=\"wp-block-image size-large\"><img loading=\"lazy\" width=\"1024\" height=\"682\" data-id=\"19867\"  src=\"https:\/\/cuernavaca.gob.mx\/wp-content\/uploads\/2022\/10\/consejo-de-seguridad-5-1024x682.jpg\" alt=\"\" class=\"wp-image-19867\" srcset=\"https:\/\/cuernavaca.gob.mx\/wp-content\/uploads\/2022\/10\/consejo-de-seguridad-5-1024x682.jpg 1024w, https:\/\/cuernavaca.gob.mx\/wp-content\/uploads\/2022\/10\/consejo-de-seguridad-5-300x200.jpg 300w, https:\/\/cuernavaca.gob.mx\/wp-content\/uploads\/2022\/10\/consejo-de-seguridad-5-768x512.jpg 768w, https:\/\/cuernavaca.gob.mx\/wp-content\/uploads\/2022\/10\/consejo-de-seguridad-5-600x400.jpg 600w, https:\/\/cuernavaca.gob.mx\/wp-content\/uploads\/2022\/10\/consejo-de-seguridad-5-560x373.jpg 560w, https:\/\/cuernavaca.gob.mx\/wp-content\/uploads\/2022\/10\/consejo-de-seguridad-5.jpg 1280w\" sizes=\"(max-width: 1024px) 100vw, 1024px\" \/><\/figure>\n<\/figure>\n\n\n\n<figure class=\"wp-container-4 wp-block-gallery-3 wp-block-gallery has-nested-images columns-default is-cropped\">\n<figure class=\"wp-block-image size-large\"><img loading=\"lazy\" width=\"1024\" height=\"682\" data-id=\"19881\"  src=\"https:\/\/cuernavaca.gob.mx\/wp-content\/uploads\/2022\/10\/consejo-seguridad-6-1024x682.jpg\" alt=\"\" class=\"wp-image-19881\" srcset=\"https:\/\/cuernavaca.gob.mx\/wp-content\/uploads\/2022\/10\/consejo-seguridad-6-1024x682.jpg 1024w, https:\/\/cuernavaca.gob.mx\/wp-content\/uploads\/2022\/10\/consejo-seguridad-6-300x200.jpg 300w, https:\/\/cuernavaca.gob.mx\/wp-content\/uploads\/2022\/10\/consejo-seguridad-6-768x512.jpg 768w, https:\/\/cuernavaca.gob.mx\/wp-content\/uploads\/2022\/10\/consejo-seguridad-6-1536x1024.jpg 1536w, https:\/\/cuernavaca.gob.mx\/wp-content\/uploads\/2022\/10\/consejo-seguridad-6-600x400.jpg 600w, https:\/\/cuernavaca.gob.mx\/wp-content\/uploads\/2022\/10\/consejo-seguridad-6-560x373.jpg 560w, https:\/\/cuernavaca.gob.mx\/wp-content\/uploads\/2022\/10\/consejo-seguridad-6.jpg 1571w\" sizes=\"(max-width: 1024px) 100vw, 1024px\" \/><\/figure>\n\n\n\n<figure class=\"wp-block-image size-large\"><img loading=\"lazy\" width=\"1024\" height=\"683\" data-id=\"19884\"  src=\"https:\/\/cuernavaca.gob.mx\/wp-content\/uploads\/2022\/10\/consejo-seguridad-7-1024x683.jpg\" alt=\"\" class=\"wp-image-19884\" srcset=\"https:\/\/cuernavaca.gob.mx\/wp-content\/uploads\/2022\/10\/consejo-seguridad-7-1024x683.jpg 1024w, https:\/\/cuernavaca.gob.mx\/wp-content\/uploads\/2022\/10\/consejo-seguridad-7-300x200.jpg 300w, https:\/\/cuernavaca.gob.mx\/wp-content\/uploads\/2022\/10\/consejo-seguridad-7-768x512.jpg 768w, https:\/\/cuernavaca.gob.mx\/wp-content\/uploads\/2022\/10\/consejo-seguridad-7-1536x1024.jpg 1536w, https:\/\/cuernavaca.gob.mx\/wp-content\/uploads\/2022\/10\/consejo-seguridad-7-600x400.jpg 600w, https:\/\/cuernavaca.gob.mx\/wp-content\/uploads\/2022\/10\/consejo-seguridad-7-560x373.jpg 560w, https:\/\/cuernavaca.gob.mx\/wp-content\/uploads\/2022\/10\/consejo-seguridad-7.jpg 1599w\" sizes=\"(max-width: 1024px) 100vw, 1024px\" \/><\/figure>\n\n\n\n<figure class=\"wp-block-image size-large\"><img loading=\"lazy\" width=\"1024\" height=\"684\" data-id=\"19880\"  src=\"https:\/\/cuernavaca.gob.mx\/wp-content\/uploads\/2022\/10\/consejo-seguridad-8-1024x684.jpg\" alt=\"\" class=\"wp-image-19880\" srcset=\"https:\/\/cuernavaca.gob.mx\/wp-content\/uploads\/2022\/10\/consejo-seguridad-8-1024x684.jpg 1024w, https:\/\/cuernavaca.gob.mx\/wp-content\/uploads\/2022\/10\/consejo-seguridad-8-300x200.jpg 300w, https:\/\/cuernavaca.gob.mx\/wp-content\/uploads\/2022\/10\/consejo-seguridad-8-768x513.jpg 768w, https:\/\/cuernavaca.gob.mx\/wp-content\/uploads\/2022\/10\/consejo-seguridad-8-600x401.jpg 600w, https:\/\/cuernavaca.gob.mx\/wp-content\/uploads\/2022\/10\/consejo-seguridad-8-560x374.jpg 560w, https:\/\/cuernavaca.gob.mx\/wp-content\/uploads\/2022\/10\/consejo-seguridad-8.jpg 1444w\" sizes=\"(max-width: 1024px) 100vw, 1024px\" \/><\/figure>\n\n\n\n<figure class=\"wp-block-image size-large\"><img loading=\"lazy\" width=\"1024\" height=\"683\" data-id=\"19883\"  src=\"https:\/\/cuernavaca.gob.mx\/wp-content\/uploads\/2022\/10\/consejo-seguridad-9-1024x683.jpg\" alt=\"\" class=\"wp-image-19883\" srcset=\"https:\/\/cuernavaca.gob.mx\/wp-content\/uploads\/2022\/10\/consejo-seguridad-9-1024x683.jpg 1024w, https:\/\/cuernavaca.gob.mx\/wp-content\/uploads\/2022\/10\/consejo-seguridad-9-300x200.jpg 300w, https:\/\/cuernavaca.gob.mx\/wp-content\/uploads\/2022\/10\/consejo-seguridad-9-768x512.jpg 768w, https:\/\/cuernavaca.gob.mx\/wp-content\/uploads\/2022\/10\/consejo-seguridad-9-1536x1024.jpg 1536w, https:\/\/cuernavaca.gob.mx\/wp-content\/uploads\/2022\/10\/consejo-seguridad-9-600x400.jpg 600w, https:\/\/cuernavaca.gob.mx\/wp-content\/uploads\/2022\/10\/consejo-seguridad-9-560x373.jpg 560w, https:\/\/cuernavaca.gob.mx\/wp-content\/uploads\/2022\/10\/consejo-seguridad-9.jpg 1584w\" sizes=\"(max-width: 1024px) 100vw, 1024px\" \/><\/figure>\n\n\n\n<figure class=\"wp-block-image size-large\"><img loading=\"lazy\" width=\"1024\" height=\"683\" data-id=\"19879\"  src=\"https:\/\/cuernavaca.gob.mx\/wp-content\/uploads\/2022\/10\/consejo-seguridad-10-1024x683.jpg\" alt=\"\" class=\"wp-image-19879\" srcset=\"https:\/\/cuernavaca.gob.mx\/wp-content\/uploads\/2022\/10\/consejo-seguridad-10-1024x683.jpg 1024w, https:\/\/cuernavaca.gob.mx\/wp-content\/uploads\/2022\/10\/consejo-seguridad-10-300x200.jpg 300w, https:\/\/cuernavaca.gob.mx\/wp-content\/uploads\/2022\/10\/consejo-seguridad-10-768x512.jpg 768w, https:\/\/cuernavaca.gob.mx\/wp-content\/uploads\/2022\/10\/consejo-seguridad-10-1536x1024.jpg 1536w, https:\/\/cuernavaca.gob.mx\/wp-content\/uploads\/2022\/10\/consejo-seguridad-10-600x400.jpg 600w, https:\/\/cuernavaca.gob.mx\/wp-content\/uploads\/2022\/10\/consejo-seguridad-10-560x373.jpg 560w, https:\/\/cuernavaca.gob.mx\/wp-content\/uploads\/2022\/10\/consejo-seguridad-10.jpg 1599w\" sizes=\"(max-width: 1024px) 100vw, 1024px\" \/><\/figure>\n\n\n\n<figure class=\"wp-block-image size-large\"><img loading=\"lazy\" width=\"1024\" height=\"682\" data-id=\"19882\"  src=\"https:\/\/cuernavaca.gob.mx\/wp-content\/uploads\/2022\/10\/consejo-seguridad-11-1024x682.jpg\" alt=\"\" class=\"wp-image-19882\" srcset=\"https:\/\/cuernavaca.gob.mx\/wp-content\/uploads\/2022\/10\/consejo-seguridad-11-1024x682.jpg 1024w, https:\/\/cuernavaca.gob.mx\/wp-content\/uploads\/2022\/10\/consejo-seguridad-11-300x200.jpg 300w, https:\/\/cuernavaca.gob.mx\/wp-content\/uploads\/2022\/10\/consejo-seguridad-11-768x512.jpg 768w, https:\/\/cuernavaca.gob.mx\/wp-content\/uploads\/2022\/10\/consejo-seguridad-11-1536x1024.jpg 1536w, https:\/\/cuernavaca.gob.mx\/wp-content\/uploads\/2022\/10\/consejo-seguridad-11-600x400.jpg 600w, https:\/\/cuernavaca.gob.mx\/wp-content\/uploads\/2022\/10\/consejo-seguridad-11-560x373.jpg 560w, https:\/\/cuernavaca.gob.mx\/wp-content\/uploads\/2022\/10\/consejo-seguridad-11.jpg 1598w\" sizes=\"(max-width: 1024px) 100vw, 1024px\" \/><\/figure>\n<\/figure>\n","protected":false},"excerpt":{"rendered":"<p>\u2022 En la V Sesi\u00f3n Ordinaria del Consejo Municipal de Seguridad P\u00fablica, el alcalde Jos\u00e9 Luis Uri\u00f3stegui, manifest\u00f3 la importancia de generar sinergias con miembros de la iniciativa privada, la sociedad civil organizada y autoridades de los tres niveles de gobierno \u2022 Cuernavaca sigue posicion\u00e1ndose como el primer municipio en el pa\u00eds con r\u00e9cords en [&hellip;]<\/p>\n","protected":false},"author":1,"featured_media":19864,"comment_status":"closed","ping_status":"open","sticky":false,"template":"","format":"standard","meta":[],"categories":[17],"tags":[178,121,1744,120,206,403,125],"aioseo_notices":[],"_links":{"self":[{"href":"https:\/\/cuernavaca.gob.mx\/index.php?rest_route=\/wp\/v2\/posts\/19862"}],"collection":[{"href":"https:\/\/cuernavaca.gob.mx\/index.php?rest_route=\/wp\/v2\/posts"}],"about":[{"href":"https:\/\/cuernavaca.gob.mx\/index.php?rest_route=\/wp\/v2\/types\/post"}],"author":[{"embeddable":true,"href":"https:\/\/cuernavaca.gob.mx\/index.php?rest_route=\/wp\/v2\/users\/1"}],"replies":[{"embeddable":true,"href":"https:\/\/cuernavaca.gob.mx\/index.php?rest_route=%2Fwp%2Fv2%2Fcomments&post=19862"}],"version-history":[{"count":2,"href":"https:\/\/cuernavaca.gob.mx\/index.php?rest_route=\/wp\/v2\/posts\/19862\/revisions"}],"predecessor-version":[{"id":19885,"href":"https:\/\/cuernavaca.gob.mx\/index.php?rest_route=\/wp\/v2\/posts\/19862\/revisions\/19885"}],"wp:featuredmedia":[{"embeddable":true,"href":"https:\/\/cuernavaca.gob.mx\/index.php?rest_route=\/wp\/v2\/media\/19864"}],"wp:attachment":[{"href":"https:\/\/cuernavaca.gob.mx\/index.php?rest_route=%2Fwp%2Fv2%2Fmedia&parent=19862"}],"wp:term":[{"taxonomy":"category","embeddable":true,"href":"https:\/\/cuernavaca.gob.mx\/index.php?rest_route=%2Fwp%2Fv2%2Fcategories&post=19862"},{"taxonomy":"post_tag","embeddable":true,"href":"https:\/\/cuernavaca.gob.mx\/index.php?rest_route=%2Fwp%2Fv2%2Ftags&post=19862"}],"curies":[{"name":"wp","href":"https:\/\/api.w.org\/{rel}","templated":true}]}}