{"id":19886,"date":"2022-10-07T15:00:00","date_gmt":"2022-10-07T20:00:00","guid":{"rendered":"https:\/\/cuernavaca.gob.mx\/?p=19886"},"modified":"2025-05-06T12:10:32","modified_gmt":"2025-05-06T18:10:32","slug":"b400-07-10-22-da-respuesta-ayuntamiento-de-cuernavaca-a-la-peticion-para-rehabilitar-las-escalinatas-en-ampliacion-lagunilla","status":"publish","type":"post","link":"https:\/\/cuernavaca.gob.mx\/?p=19886","title":{"rendered":"B400 07\/10\/22 DA RESPUESTA AYUNTAMIENTO DE CUERNAVACA A LA PETICI\u00d3N PARA REHABILITAR LAS ESCALINATAS EN AMPLIACI\u00d3N LAGUNILLA"},"content":{"rendered":"\n<p><strong>\u2022 Con recursos del FAIS, la Secretar\u00eda de Desarrollo Urbano y Obras P\u00fablicas arranc\u00f3 este viernes la obra que beneficiar\u00e1 a 25 mil usuarios<\/strong><\/p>\n\n\n\n<p><strong>\u2022 Se busca mejorar la calidad de vida de todas las personas, respetando todos los tipos de movilidad activa<\/strong><\/p>\n\n\n\n<p>Al ser un compromiso de la presente administraci\u00f3n el respeto e inclusi\u00f3n a todos los tipos de movilidad, el Ayuntamiento de Cuernavaca concluye la semana con el arranque de dos obras en la colonia Ampliaci\u00f3n Lagunilla, en esta ocasi\u00f3n se trat\u00f3 de la rehabilitaci\u00f3n de las escalinatas de las calles Costa Rica y Bolivia, que beneficiar\u00e1n respectivamente a dos mil habitantes directos y 25 mil usuarios indirectos, sum\u00e1ndose al mejoramiento integral de esta zona de la ciudad.<\/p>\n\n\n\n<p>En representaci\u00f3n del presidente municipal, Jos\u00e9 Luis Uri\u00f3stegui Salgado, el secretario de Desarrollo Urbano y Obras P\u00fablicas, Alejandro Rosas L\u00f3pez, se\u00f1al\u00f3 que estos trabajos se unen a la construcci\u00f3n del pavimento en calle Las Am\u00e9ricas que se encuentra actualmente en proceso, as\u00ed como a la intervenci\u00f3n de la avenida principal y al bacheo en calle Laurel, con lo cual \u201cen esta administraci\u00f3n se ha contemplado de manera importante la inversi\u00f3n de recursos para esta zona mejorando la calidad de vida de sus habitantes\u201d.<\/p>\n\n\n\n<p>Acompa\u00f1ado de vecinos y autoridades de la colonia, destac\u00f3 que la rehabilitaci\u00f3n de las escalinatas se llevar\u00e1 a cabo de manera simult\u00e1nea con recursos provenientes del Fondo de Aportaciones para la Infraestructura Social (FAIS), para calle Bolivia se tiene una inversi\u00f3n de 163 mil 900 pesos con una meta de 110 metros lineales, mientras que para calle Costa Rica se destinar\u00e1n 219 mil 587.32 pesos, teniendo una meta total de 195 metros lineales; ambas tienen un plazo de ejecuci\u00f3n de 45 d\u00edas.<\/p>\n\n\n\n<p>La explicaci\u00f3n t\u00e9cnica estuvo a cargo del residente de supervisi\u00f3n de las obras de la Secretar\u00eda de Desarrollo Urbano y Obras P\u00fablicas, Jorge Luis Ayala, quien indic\u00f3 en calle Costa Rica se realizar\u00e1n trabajos de demolici\u00f3n de escalones por aproximadamente 195 metros lineales, los cuales van a reconstruir y en algunos casos rehabilitar, as\u00ed como tambi\u00e9n van a construir una rampa y colocar un barandal met\u00e1lico de entre 30 y 35 metros lineales.<\/p>\n\n\n\n<p>Para las escalinatas de calle Bolivia ser\u00e1 el mismo proceso constructivo, aunque si bien por la pendiente tan pronunciada que presenta no podr\u00e1n construir una rampa, van a colocar un rodapi\u00e9 de piedra, as\u00ed como un barandal mec\u00e1nico de 90 cent\u00edmetros y entre 35 y 40 metros lineales.<\/p>\n\n\n\n<p>Por su parte, el coordinador del Comit\u00e9 de Planeaci\u00f3n para el Desarrollo Municipal (COPLADEMUN), Luis Enrique Mart\u00ednez Catal\u00e1n, afirm\u00f3 que en lo que va de este a\u00f1o la actual administraci\u00f3n ha comenzado a solventar un rezago hist\u00f3rico en la ciudad, la falta de mantenimiento, trabajando fuertemente para darle una mejor calidad de vida a todos los ciudadanos sin distinci\u00f3n, \u201cse est\u00e1 haciendo obra p\u00fablica no solo para los conductores como son las pavimentaciones, sino tambi\u00e9n para los peatones y un caso que es ejemplo de esto son los andadores de Costa Rica y Bolivia\u201d.<\/p>\n\n\n\n<p>A nombre de los habitantes y usuarios beneficiados, la maestra, Nancy Guadarrama, directora de la escuela primaria \u201cAurelio C. Merina\u201d, agradeci\u00f3 todo el apoyo recibido por el Gobierno Municipal de Cuernavaca, que ha atendido las necesidades de todos los pobladores y que en este caso favorecer\u00e1 tambi\u00e9n a los ni\u00f1os que estudian no solo en la primaria, sino tambi\u00e9n en el jard\u00edn de ni\u00f1os que colinda con los andadores.<\/p>\n\n\n\n<p>&#8220;Es muy notorio el trabajo que se est\u00e1 haciendo y cr\u00e9anme que estas mejoras van a beneficiar a muchas familias y sobre todo a los ni\u00f1os que son la prioridad. La colonia Lagunilla y la colonia Ampliaci\u00f3n Lagunilla han sido de las colonias m\u00e1s beneficiadas con estos trabajos. Muchas gracias&#8221;, asever\u00f3.<\/p>\n\n\n\n<p>El arranque de obra cont\u00f3 con la presencia del titular de la Delegaci\u00f3n Mariano Matamoros, Rafael Franco Tavira; la secretaria del Comit\u00e9 de Participaci\u00f3n Social de la colonia Lagunilla, Amparo Garc\u00eda Hern\u00e1ndez; y directores de \u00e1rea.<\/p>\n\n\n\n<figure class=\"wp-container-2 wp-block-gallery-1 wp-block-gallery has-nested-images columns-default is-cropped\">\n<figure class=\"wp-block-image size-large\"><img loading=\"lazy\" width=\"1024\" height=\"682\" data-id=\"19890\"  src=\"https:\/\/cuernavaca.gob.mx\/wp-content\/uploads\/2022\/10\/obra-lagunilla-1-1024x682.jpg\" alt=\"\" class=\"wp-image-19890\" srcset=\"https:\/\/cuernavaca.gob.mx\/wp-content\/uploads\/2022\/10\/obra-lagunilla-1-1024x682.jpg 1024w, https:\/\/cuernavaca.gob.mx\/wp-content\/uploads\/2022\/10\/obra-lagunilla-1-300x200.jpg 300w, https:\/\/cuernavaca.gob.mx\/wp-content\/uploads\/2022\/10\/obra-lagunilla-1-768x512.jpg 768w, https:\/\/cuernavaca.gob.mx\/wp-content\/uploads\/2022\/10\/obra-lagunilla-1-600x400.jpg 600w, https:\/\/cuernavaca.gob.mx\/wp-content\/uploads\/2022\/10\/obra-lagunilla-1-560x373.jpg 560w, https:\/\/cuernavaca.gob.mx\/wp-content\/uploads\/2022\/10\/obra-lagunilla-1.jpg 1280w\" sizes=\"(max-width: 1024px) 100vw, 1024px\" \/><\/figure>\n\n\n\n<figure class=\"wp-block-image size-large\"><img loading=\"lazy\" width=\"1024\" height=\"682\" data-id=\"19889\"  src=\"https:\/\/cuernavaca.gob.mx\/wp-content\/uploads\/2022\/10\/obra-lagunilla-2-1024x682.jpg\" alt=\"\" class=\"wp-image-19889\" srcset=\"https:\/\/cuernavaca.gob.mx\/wp-content\/uploads\/2022\/10\/obra-lagunilla-2-1024x682.jpg 1024w, https:\/\/cuernavaca.gob.mx\/wp-content\/uploads\/2022\/10\/obra-lagunilla-2-300x200.jpg 300w, https:\/\/cuernavaca.gob.mx\/wp-content\/uploads\/2022\/10\/obra-lagunilla-2-768x512.jpg 768w, https:\/\/cuernavaca.gob.mx\/wp-content\/uploads\/2022\/10\/obra-lagunilla-2-600x400.jpg 600w, https:\/\/cuernavaca.gob.mx\/wp-content\/uploads\/2022\/10\/obra-lagunilla-2-560x373.jpg 560w, https:\/\/cuernavaca.gob.mx\/wp-content\/uploads\/2022\/10\/obra-lagunilla-2.jpg 1280w\" sizes=\"(max-width: 1024px) 100vw, 1024px\" \/><\/figure>\n\n\n\n<figure class=\"wp-block-image size-large\"><img loading=\"lazy\" width=\"1024\" height=\"682\" data-id=\"19888\"  src=\"https:\/\/cuernavaca.gob.mx\/wp-content\/uploads\/2022\/10\/obra-lagunilla-3-1024x682.jpg\" alt=\"\" class=\"wp-image-19888\" srcset=\"https:\/\/cuernavaca.gob.mx\/wp-content\/uploads\/2022\/10\/obra-lagunilla-3-1024x682.jpg 1024w, https:\/\/cuernavaca.gob.mx\/wp-content\/uploads\/2022\/10\/obra-lagunilla-3-300x200.jpg 300w, https:\/\/cuernavaca.gob.mx\/wp-content\/uploads\/2022\/10\/obra-lagunilla-3-768x512.jpg 768w, https:\/\/cuernavaca.gob.mx\/wp-content\/uploads\/2022\/10\/obra-lagunilla-3-600x400.jpg 600w, https:\/\/cuernavaca.gob.mx\/wp-content\/uploads\/2022\/10\/obra-lagunilla-3-560x373.jpg 560w, https:\/\/cuernavaca.gob.mx\/wp-content\/uploads\/2022\/10\/obra-lagunilla-3.jpg 1280w\" sizes=\"(max-width: 1024px) 100vw, 1024px\" \/><\/figure>\n\n\n\n<figure class=\"wp-block-image size-large\"><img loading=\"lazy\" width=\"1024\" height=\"682\" data-id=\"19887\"  src=\"https:\/\/cuernavaca.gob.mx\/wp-content\/uploads\/2022\/10\/obra-lagunilla-4-1024x682.jpg\" alt=\"\" class=\"wp-image-19887\" srcset=\"https:\/\/cuernavaca.gob.mx\/wp-content\/uploads\/2022\/10\/obra-lagunilla-4-1024x682.jpg 1024w, https:\/\/cuernavaca.gob.mx\/wp-content\/uploads\/2022\/10\/obra-lagunilla-4-300x200.jpg 300w, https:\/\/cuernavaca.gob.mx\/wp-content\/uploads\/2022\/10\/obra-lagunilla-4-768x512.jpg 768w, https:\/\/cuernavaca.gob.mx\/wp-content\/uploads\/2022\/10\/obra-lagunilla-4-600x400.jpg 600w, https:\/\/cuernavaca.gob.mx\/wp-content\/uploads\/2022\/10\/obra-lagunilla-4-560x373.jpg 560w, https:\/\/cuernavaca.gob.mx\/wp-content\/uploads\/2022\/10\/obra-lagunilla-4.jpg 1280w\" sizes=\"(max-width: 1024px) 100vw, 1024px\" \/><\/figure>\n\n\n\n<figure class=\"wp-block-image size-large\"><img loading=\"lazy\" width=\"1024\" height=\"682\" data-id=\"19892\"  src=\"https:\/\/cuernavaca.gob.mx\/wp-content\/uploads\/2022\/10\/obra-lagunilla-5-1024x682.jpg\" alt=\"\" class=\"wp-image-19892\" srcset=\"https:\/\/cuernavaca.gob.mx\/wp-content\/uploads\/2022\/10\/obra-lagunilla-5-1024x682.jpg 1024w, https:\/\/cuernavaca.gob.mx\/wp-content\/uploads\/2022\/10\/obra-lagunilla-5-300x200.jpg 300w, https:\/\/cuernavaca.gob.mx\/wp-content\/uploads\/2022\/10\/obra-lagunilla-5-768x512.jpg 768w, https:\/\/cuernavaca.gob.mx\/wp-content\/uploads\/2022\/10\/obra-lagunilla-5-600x400.jpg 600w, https:\/\/cuernavaca.gob.mx\/wp-content\/uploads\/2022\/10\/obra-lagunilla-5-560x373.jpg 560w, https:\/\/cuernavaca.gob.mx\/wp-content\/uploads\/2022\/10\/obra-lagunilla-5.jpg 1280w\" sizes=\"(max-width: 1024px) 100vw, 1024px\" \/><\/figure>\n\n\n\n<figure class=\"wp-block-image size-large\"><img loading=\"lazy\" width=\"1024\" height=\"682\" data-id=\"19891\"  src=\"https:\/\/cuernavaca.gob.mx\/wp-content\/uploads\/2022\/10\/obra-lagunilla-6-1024x682.jpg\" alt=\"\" class=\"wp-image-19891\" srcset=\"https:\/\/cuernavaca.gob.mx\/wp-content\/uploads\/2022\/10\/obra-lagunilla-6-1024x682.jpg 1024w, https:\/\/cuernavaca.gob.mx\/wp-content\/uploads\/2022\/10\/obra-lagunilla-6-300x200.jpg 300w, https:\/\/cuernavaca.gob.mx\/wp-content\/uploads\/2022\/10\/obra-lagunilla-6-768x512.jpg 768w, https:\/\/cuernavaca.gob.mx\/wp-content\/uploads\/2022\/10\/obra-lagunilla-6-600x400.jpg 600w, https:\/\/cuernavaca.gob.mx\/wp-content\/uploads\/2022\/10\/obra-lagunilla-6-560x373.jpg 560w, https:\/\/cuernavaca.gob.mx\/wp-content\/uploads\/2022\/10\/obra-lagunilla-6.jpg 1280w\" sizes=\"(max-width: 1024px) 100vw, 1024px\" \/><\/figure>\n\n\n\n<figure class=\"wp-block-image size-large\"><img loading=\"lazy\" width=\"1024\" height=\"682\" data-id=\"19893\"  src=\"https:\/\/cuernavaca.gob.mx\/wp-content\/uploads\/2022\/10\/obra-lagunilla-7-1024x682.jpg\" alt=\"\" class=\"wp-image-19893\" srcset=\"https:\/\/cuernavaca.gob.mx\/wp-content\/uploads\/2022\/10\/obra-lagunilla-7-1024x682.jpg 1024w, https:\/\/cuernavaca.gob.mx\/wp-content\/uploads\/2022\/10\/obra-lagunilla-7-300x200.jpg 300w, https:\/\/cuernavaca.gob.mx\/wp-content\/uploads\/2022\/10\/obra-lagunilla-7-768x512.jpg 768w, https:\/\/cuernavaca.gob.mx\/wp-content\/uploads\/2022\/10\/obra-lagunilla-7-600x400.jpg 600w, https:\/\/cuernavaca.gob.mx\/wp-content\/uploads\/2022\/10\/obra-lagunilla-7-560x373.jpg 560w, https:\/\/cuernavaca.gob.mx\/wp-content\/uploads\/2022\/10\/obra-lagunilla-7.jpg 1280w\" sizes=\"(max-width: 1024px) 100vw, 1024px\" \/><\/figure>\n<\/figure>\n","protected":false},"excerpt":{"rendered":"<p>\u2022 Con recursos del FAIS, la Secretar\u00eda de Desarrollo Urbano y Obras P\u00fablicas arranc\u00f3 este viernes la obra que beneficiar\u00e1 a 25 mil usuarios \u2022 Se busca mejorar la calidad de vida de todas las personas, respetando todos los tipos de movilidad activa Al ser un compromiso de la presente administraci\u00f3n el respeto e inclusi\u00f3n [&hellip;]<\/p>\n","protected":false},"author":1,"featured_media":19889,"comment_status":"closed","ping_status":"open","sticky":false,"template":"","format":"standard","meta":[],"categories":[18],"tags":[121,120,2288,356,232],"aioseo_notices":[],"_links":{"self":[{"href":"https:\/\/cuernavaca.gob.mx\/index.php?rest_route=\/wp\/v2\/posts\/19886"}],"collection":[{"href":"https:\/\/cuernavaca.gob.mx\/index.php?rest_route=\/wp\/v2\/posts"}],"about":[{"href":"https:\/\/cuernavaca.gob.mx\/index.php?rest_route=\/wp\/v2\/types\/post"}],"author":[{"embeddable":true,"href":"https:\/\/cuernavaca.gob.mx\/index.php?rest_route=\/wp\/v2\/users\/1"}],"replies":[{"embeddable":true,"href":"https:\/\/cuernavaca.gob.mx\/index.php?rest_route=%2Fwp%2Fv2%2Fcomments&post=19886"}],"version-history":[{"count":1,"href":"https:\/\/cuernavaca.gob.mx\/index.php?rest_route=\/wp\/v2\/posts\/19886\/revisions"}],"predecessor-version":[{"id":19894,"href":"https:\/\/cuernavaca.gob.mx\/index.php?rest_route=\/wp\/v2\/posts\/19886\/revisions\/19894"}],"wp:featuredmedia":[{"embeddable":true,"href":"https:\/\/cuernavaca.gob.mx\/index.php?rest_route=\/wp\/v2\/media\/19889"}],"wp:attachment":[{"href":"https:\/\/cuernavaca.gob.mx\/index.php?rest_route=%2Fwp%2Fv2%2Fmedia&parent=19886"}],"wp:term":[{"taxonomy":"category","embeddable":true,"href":"https:\/\/cuernavaca.gob.mx\/index.php?rest_route=%2Fwp%2Fv2%2Fcategories&post=19886"},{"taxonomy":"post_tag","embeddable":true,"href":"https:\/\/cuernavaca.gob.mx\/index.php?rest_route=%2Fwp%2Fv2%2Ftags&post=19886"}],"curies":[{"name":"wp","href":"https:\/\/api.w.org\/{rel}","templated":true}]}}