{"id":19895,"date":"2022-10-07T19:30:00","date_gmt":"2022-10-08T00:30:00","guid":{"rendered":"https:\/\/cuernavaca.gob.mx\/?p=19895"},"modified":"2025-05-06T12:10:32","modified_gmt":"2025-05-06T18:10:32","slug":"19895","status":"publish","type":"post","link":"https:\/\/cuernavaca.gob.mx\/?p=19895","title":{"rendered":"B401 07\/10\/22 AYUNTAMIENTO DE CUERNAVACA Y FUCAM FIRMAN CONVENIO PARA LA REALIZACI\u00d3N DE MASTOGRAF\u00cdAS A BAJO COSTO"},"content":{"rendered":"\n<p><strong>\u2022 El Gobierno Municipal, a trav\u00e9s de la Sindicatura, suma esfuerzos con FUCAM para la difusi\u00f3n de la cultura de la detecci\u00f3n oportuna<\/strong><\/p>\n\n\n\n<p><strong>\u2022 Las mujeres cuernavacenses tendr\u00e1n un 40 por ciento de descuento en los estudios que se requieran para la detecci\u00f3n del c\u00e1ncer de mama, el convenio tendr\u00e1 vigencia hasta el 31 de diciembre del 2024<\/strong><\/p>\n\n\n\n<p>Al reconocer que el c\u00e1ncer de mama es un problema de salud p\u00fablica en virtud de que cada 70 minutos muere una mujer mexicana por este padecimiento, el Ayuntamiento de Cuernavaca, a trav\u00e9s de la Sindicatura Municipal, firm\u00f3 este viernes un convenio de colaboraci\u00f3n con la Fundaci\u00f3n de C\u00e1ncer de Mama (FUCAM), con el objetivo de realizar mastograf\u00edas a bajo costo para las mujeres de la demarcaci\u00f3n, sumando esfuerzos en la difusi\u00f3n de la cultura de la detecci\u00f3n oportuna.<\/p>\n\n\n\n<p>En el marco del D\u00eda Mundial contra el C\u00e1ncer de Mama, la s\u00edndica municipal, Ver\u00f3nica Atenco P\u00e9rez, asegur\u00f3 que desde la presente administraci\u00f3n era urgente implementar acciones de detecci\u00f3n oportuna y efectiva debido a que en los \u00faltimos a\u00f1os se ha registrado un aumento en esta enfermedad, generando consigo altos costos econ\u00f3micos a las instituciones de salud p\u00fablica para su diagn\u00f3stico y tratamiento, as\u00ed como problemas econ\u00f3micos y sociales por las cifras de morbimortalidad que ocasionan.<\/p>\n\n\n\n<p>Por ello, con este convenio de colaboraci\u00f3n realizar\u00e1n mastograf\u00edas a las mujeres de Cuernavaca para la detecci\u00f3n oportuna de esta enfermedad, otorgando un 40 por ciento de descuento en los estudios que se requieran, el cual tendr\u00e1 vigencia hasta el 31 de diciembre del 2024.<\/p>\n\n\n\n<p>En una emotiva ceremonia que tuvo como sede el patio del Museo de la Ciudad y donde mujeres de diversas zonas del municipio se hicieron presentes, el presidente municipal, Jos\u00e9 Luis Uri\u00f3stegui Salgado, detall\u00f3 la importancia de signar este convenio debido al alto costo de atenci\u00f3n que tiene el c\u00e1ncer de mama, al dolor, no solo f\u00edsico, sino tambi\u00e9n moral que acompa\u00f1a a este tipo de enfermedades y la depresi\u00f3n en que viven quienes lo padecen y es que subray\u00f3 este padecimiento no es exclusivo de las mujeres, los hombres tambi\u00e9n lo enfrentan, aunque en menor medida, el 99 por ciento de mujeres contra uno por ciento de hombres.<\/p>\n\n\n\n<p>Acompa\u00f1ado de integrantes del Cabildo y Gabinete, se\u00f1al\u00f3 que cada hora tres mujeres son detectadas con c\u00e1ncer de mama, estad\u00edstica que no puede continuar vigente en M\u00e9xico, pero que no es la \u00fanica que preocupa, tambi\u00e9n el c\u00e1ncer cervicouterino, siendo fundamental la prevenci\u00f3n, pero al igual tomar las medidas adecuadas para que s\u00ed surgen algunos indicios se atienda a tiempo, ya que el c\u00e1ncer no puede ser un estigma ni una condena a muerte.<\/p>\n\n\n\n<p>&#8220;Tenemos que ayudar y acompa\u00f1ar, aportar recursos, pero sobre todo tener la presencia permanente para levantar a quien en determinado momento se cae y siente que no va a salir adelante. Que esta reuni\u00f3n no solo sea para se\u00f1alar la firma de un convenio, sino para concientizarnos que este tipo de enfermedades afectan a las familias, el costo tan elevado puede hacer un gran da\u00f1o al patrimonio&#8221;, acentu\u00f3.<\/p>\n\n\n\n<p>A su vez, la directora general de FUCAM A.C., Mar\u00eda Luisa Guisa Ortega, explic\u00f3 que, en 22 a\u00f1os de trabajo continuo para poder erradicar esta enfermedad en el pa\u00eds, han atendido m\u00e1s de 13 mil casos complicados de c\u00e1ncer de mama y apoyado a m\u00e1s de 35 mil mujeres en sus revisiones anuales, contando con una cifra alarmante, puesto que una de cada siete mujeres a lo largo de su vida va a desarrollar c\u00e1ncer de mama.<\/p>\n\n\n\n<p>Puntualiz\u00f3 que el mensaje del municipio, junto con la FUCAM, es la detecci\u00f3n temprana, acudir a la revisi\u00f3n anual despu\u00e9s de los 40 a\u00f1os y s\u00ed son menores de 40 realizarse una vez al a\u00f1o un ultrasonido, y una vez al mes la autoexploraci\u00f3n.<\/p>\n\n\n\n<p>Tras la firma de convenio, la actriz Bettyna Salazar Roca y la qu\u00edmica farmacobi\u00f3loga, Julia P\u00e9rez, dieron su testimonio en la lucha contra el c\u00e1ncer de mama, resaltando la importancia en sus historias de la detecci\u00f3n temprana, siendo casos de \u00e9xito, ejemplos de vida y voceras de la autoexploraci\u00f3n y el autocuidado para prevenir este tipo de c\u00e1ncer.<\/p>\n\n\n\n<p>Para concluir este evento se obsequiaron cinco mastograf\u00edas gratis por la s\u00edndica municipal, Ver\u00f3nica Atenco P\u00e9rez y otras cinco por el regidor Adri\u00e1n Mart\u00ednez Terrazas.<\/p>\n\n\n\n<p>FUCAM A.C. cuenta con distintas sedes en todo el pa\u00eds, en Morelos se ubican en avenida Tecnol\u00f3gico No. 23, Fraccionamiento Santa Fe en el municipio de Xochitepec, donde ofrecen distintos servicios como consulta oncol\u00f3gica especializada, tratamiento integral de c\u00e1ncer de mama, estudios, reconstrucci\u00f3n mamaria, cuidados paliativos, cl\u00ednica de c\u00e1ncer hereditario de mama, atenci\u00f3n ginecol\u00f3gica, atenci\u00f3n a patolog\u00edas benignas, centro de colecta de sangre, entre muchos otros.<\/p>\n\n\n\n<figure class=\"wp-container-2 wp-block-gallery-1 wp-block-gallery has-nested-images columns-default is-cropped\">\n<figure class=\"wp-block-image size-large\"><img loading=\"lazy\" width=\"1024\" height=\"682\" data-id=\"19899\"  src=\"https:\/\/cuernavaca.gob.mx\/wp-content\/uploads\/2022\/10\/cancer-de-mama-1-1024x682.jpeg\" alt=\"\" class=\"wp-image-19899\" srcset=\"https:\/\/cuernavaca.gob.mx\/wp-content\/uploads\/2022\/10\/cancer-de-mama-1-1024x682.jpeg 1024w, https:\/\/cuernavaca.gob.mx\/wp-content\/uploads\/2022\/10\/cancer-de-mama-1-300x200.jpeg 300w, https:\/\/cuernavaca.gob.mx\/wp-content\/uploads\/2022\/10\/cancer-de-mama-1-768x512.jpeg 768w, https:\/\/cuernavaca.gob.mx\/wp-content\/uploads\/2022\/10\/cancer-de-mama-1-600x400.jpeg 600w, https:\/\/cuernavaca.gob.mx\/wp-content\/uploads\/2022\/10\/cancer-de-mama-1-560x373.jpeg 560w, https:\/\/cuernavaca.gob.mx\/wp-content\/uploads\/2022\/10\/cancer-de-mama-1.jpeg 1280w\" sizes=\"(max-width: 1024px) 100vw, 1024px\" \/><\/figure>\n\n\n\n<figure class=\"wp-block-image size-large\"><img loading=\"lazy\" width=\"1024\" height=\"682\" data-id=\"19900\"  src=\"https:\/\/cuernavaca.gob.mx\/wp-content\/uploads\/2022\/10\/cancer-de-mama-2-1024x682.jpeg\" alt=\"\" class=\"wp-image-19900\" srcset=\"https:\/\/cuernavaca.gob.mx\/wp-content\/uploads\/2022\/10\/cancer-de-mama-2-1024x682.jpeg 1024w, https:\/\/cuernavaca.gob.mx\/wp-content\/uploads\/2022\/10\/cancer-de-mama-2-300x200.jpeg 300w, https:\/\/cuernavaca.gob.mx\/wp-content\/uploads\/2022\/10\/cancer-de-mama-2-768x512.jpeg 768w, https:\/\/cuernavaca.gob.mx\/wp-content\/uploads\/2022\/10\/cancer-de-mama-2-600x400.jpeg 600w, https:\/\/cuernavaca.gob.mx\/wp-content\/uploads\/2022\/10\/cancer-de-mama-2-560x373.jpeg 560w, https:\/\/cuernavaca.gob.mx\/wp-content\/uploads\/2022\/10\/cancer-de-mama-2.jpeg 1280w\" sizes=\"(max-width: 1024px) 100vw, 1024px\" \/><\/figure>\n\n\n\n<figure class=\"wp-block-image size-large\"><img loading=\"lazy\" width=\"1024\" height=\"682\" data-id=\"19896\"  src=\"https:\/\/cuernavaca.gob.mx\/wp-content\/uploads\/2022\/10\/cancer-de-mama-3-1024x682.jpeg\" alt=\"\" class=\"wp-image-19896\" srcset=\"https:\/\/cuernavaca.gob.mx\/wp-content\/uploads\/2022\/10\/cancer-de-mama-3-1024x682.jpeg 1024w, https:\/\/cuernavaca.gob.mx\/wp-content\/uploads\/2022\/10\/cancer-de-mama-3-300x200.jpeg 300w, https:\/\/cuernavaca.gob.mx\/wp-content\/uploads\/2022\/10\/cancer-de-mama-3-768x512.jpeg 768w, https:\/\/cuernavaca.gob.mx\/wp-content\/uploads\/2022\/10\/cancer-de-mama-3-600x400.jpeg 600w, https:\/\/cuernavaca.gob.mx\/wp-content\/uploads\/2022\/10\/cancer-de-mama-3-560x373.jpeg 560w, https:\/\/cuernavaca.gob.mx\/wp-content\/uploads\/2022\/10\/cancer-de-mama-3.jpeg 1280w\" sizes=\"(max-width: 1024px) 100vw, 1024px\" \/><\/figure>\n\n\n\n<figure class=\"wp-block-image size-large\"><img loading=\"lazy\" width=\"1024\" height=\"682\" data-id=\"19898\"  src=\"https:\/\/cuernavaca.gob.mx\/wp-content\/uploads\/2022\/10\/cancer-de-mama-4-1024x682.jpeg\" alt=\"\" class=\"wp-image-19898\" srcset=\"https:\/\/cuernavaca.gob.mx\/wp-content\/uploads\/2022\/10\/cancer-de-mama-4-1024x682.jpeg 1024w, https:\/\/cuernavaca.gob.mx\/wp-content\/uploads\/2022\/10\/cancer-de-mama-4-300x200.jpeg 300w, https:\/\/cuernavaca.gob.mx\/wp-content\/uploads\/2022\/10\/cancer-de-mama-4-768x512.jpeg 768w, https:\/\/cuernavaca.gob.mx\/wp-content\/uploads\/2022\/10\/cancer-de-mama-4-600x400.jpeg 600w, https:\/\/cuernavaca.gob.mx\/wp-content\/uploads\/2022\/10\/cancer-de-mama-4-560x373.jpeg 560w, https:\/\/cuernavaca.gob.mx\/wp-content\/uploads\/2022\/10\/cancer-de-mama-4.jpeg 1280w\" sizes=\"(max-width: 1024px) 100vw, 1024px\" \/><\/figure>\n\n\n\n<figure class=\"wp-block-image size-large\"><img loading=\"lazy\" width=\"1024\" height=\"682\" data-id=\"19897\"  src=\"https:\/\/cuernavaca.gob.mx\/wp-content\/uploads\/2022\/10\/cancer-de-mama-5-1024x682.jpeg\" alt=\"\" class=\"wp-image-19897\" srcset=\"https:\/\/cuernavaca.gob.mx\/wp-content\/uploads\/2022\/10\/cancer-de-mama-5-1024x682.jpeg 1024w, https:\/\/cuernavaca.gob.mx\/wp-content\/uploads\/2022\/10\/cancer-de-mama-5-300x200.jpeg 300w, https:\/\/cuernavaca.gob.mx\/wp-content\/uploads\/2022\/10\/cancer-de-mama-5-768x512.jpeg 768w, https:\/\/cuernavaca.gob.mx\/wp-content\/uploads\/2022\/10\/cancer-de-mama-5-600x400.jpeg 600w, https:\/\/cuernavaca.gob.mx\/wp-content\/uploads\/2022\/10\/cancer-de-mama-5-560x373.jpeg 560w, https:\/\/cuernavaca.gob.mx\/wp-content\/uploads\/2022\/10\/cancer-de-mama-5.jpeg 1280w\" sizes=\"(max-width: 1024px) 100vw, 1024px\" \/><\/figure>\n\n\n\n<figure class=\"wp-block-image size-large\"><img loading=\"lazy\" width=\"1024\" height=\"682\" data-id=\"19901\"  src=\"https:\/\/cuernavaca.gob.mx\/wp-content\/uploads\/2022\/10\/cancer-de-mama-6-1024x682.jpeg\" alt=\"\" class=\"wp-image-19901\" srcset=\"https:\/\/cuernavaca.gob.mx\/wp-content\/uploads\/2022\/10\/cancer-de-mama-6-1024x682.jpeg 1024w, https:\/\/cuernavaca.gob.mx\/wp-content\/uploads\/2022\/10\/cancer-de-mama-6-300x200.jpeg 300w, https:\/\/cuernavaca.gob.mx\/wp-content\/uploads\/2022\/10\/cancer-de-mama-6-768x512.jpeg 768w, https:\/\/cuernavaca.gob.mx\/wp-content\/uploads\/2022\/10\/cancer-de-mama-6-600x400.jpeg 600w, https:\/\/cuernavaca.gob.mx\/wp-content\/uploads\/2022\/10\/cancer-de-mama-6-560x373.jpeg 560w, https:\/\/cuernavaca.gob.mx\/wp-content\/uploads\/2022\/10\/cancer-de-mama-6.jpeg 1280w\" sizes=\"(max-width: 1024px) 100vw, 1024px\" \/><\/figure>\n\n\n\n<figure class=\"wp-block-image size-large\"><img loading=\"lazy\" width=\"1024\" height=\"682\" data-id=\"19902\"  src=\"https:\/\/cuernavaca.gob.mx\/wp-content\/uploads\/2022\/10\/cancer-de-mama-7-1024x682.jpeg\" alt=\"\" class=\"wp-image-19902\" srcset=\"https:\/\/cuernavaca.gob.mx\/wp-content\/uploads\/2022\/10\/cancer-de-mama-7-1024x682.jpeg 1024w, https:\/\/cuernavaca.gob.mx\/wp-content\/uploads\/2022\/10\/cancer-de-mama-7-300x200.jpeg 300w, https:\/\/cuernavaca.gob.mx\/wp-content\/uploads\/2022\/10\/cancer-de-mama-7-768x512.jpeg 768w, https:\/\/cuernavaca.gob.mx\/wp-content\/uploads\/2022\/10\/cancer-de-mama-7-600x400.jpeg 600w, https:\/\/cuernavaca.gob.mx\/wp-content\/uploads\/2022\/10\/cancer-de-mama-7-560x373.jpeg 560w, https:\/\/cuernavaca.gob.mx\/wp-content\/uploads\/2022\/10\/cancer-de-mama-7.jpeg 1280w\" sizes=\"(max-width: 1024px) 100vw, 1024px\" \/><\/figure>\n\n\n\n<figure class=\"wp-block-image size-large\"><img loading=\"lazy\" width=\"1024\" height=\"682\" data-id=\"19903\"  src=\"https:\/\/cuernavaca.gob.mx\/wp-content\/uploads\/2022\/10\/cancer-de-mama-8-1024x682.jpeg\" alt=\"\" class=\"wp-image-19903\" srcset=\"https:\/\/cuernavaca.gob.mx\/wp-content\/uploads\/2022\/10\/cancer-de-mama-8-1024x682.jpeg 1024w, https:\/\/cuernavaca.gob.mx\/wp-content\/uploads\/2022\/10\/cancer-de-mama-8-300x200.jpeg 300w, https:\/\/cuernavaca.gob.mx\/wp-content\/uploads\/2022\/10\/cancer-de-mama-8-768x512.jpeg 768w, https:\/\/cuernavaca.gob.mx\/wp-content\/uploads\/2022\/10\/cancer-de-mama-8-600x400.jpeg 600w, https:\/\/cuernavaca.gob.mx\/wp-content\/uploads\/2022\/10\/cancer-de-mama-8-560x373.jpeg 560w, https:\/\/cuernavaca.gob.mx\/wp-content\/uploads\/2022\/10\/cancer-de-mama-8.jpeg 1280w\" sizes=\"(max-width: 1024px) 100vw, 1024px\" \/><\/figure>\n\n\n\n<figure class=\"wp-block-image size-large\"><img loading=\"lazy\" width=\"1024\" height=\"682\" data-id=\"19904\"  src=\"https:\/\/cuernavaca.gob.mx\/wp-content\/uploads\/2022\/10\/cancer-de-mama-9-1024x682.jpeg\" alt=\"\" class=\"wp-image-19904\" srcset=\"https:\/\/cuernavaca.gob.mx\/wp-content\/uploads\/2022\/10\/cancer-de-mama-9-1024x682.jpeg 1024w, https:\/\/cuernavaca.gob.mx\/wp-content\/uploads\/2022\/10\/cancer-de-mama-9-300x200.jpeg 300w, https:\/\/cuernavaca.gob.mx\/wp-content\/uploads\/2022\/10\/cancer-de-mama-9-768x512.jpeg 768w, https:\/\/cuernavaca.gob.mx\/wp-content\/uploads\/2022\/10\/cancer-de-mama-9-600x400.jpeg 600w, https:\/\/cuernavaca.gob.mx\/wp-content\/uploads\/2022\/10\/cancer-de-mama-9-560x373.jpeg 560w, https:\/\/cuernavaca.gob.mx\/wp-content\/uploads\/2022\/10\/cancer-de-mama-9.jpeg 1280w\" sizes=\"(max-width: 1024px) 100vw, 1024px\" \/><\/figure>\n\n\n\n<figure class=\"wp-block-image size-large\"><img loading=\"lazy\" width=\"1024\" height=\"682\" data-id=\"19905\"  src=\"https:\/\/cuernavaca.gob.mx\/wp-content\/uploads\/2022\/10\/cancer-de-mama-10-1024x682.jpeg\" alt=\"\" class=\"wp-image-19905\" srcset=\"https:\/\/cuernavaca.gob.mx\/wp-content\/uploads\/2022\/10\/cancer-de-mama-10-1024x682.jpeg 1024w, https:\/\/cuernavaca.gob.mx\/wp-content\/uploads\/2022\/10\/cancer-de-mama-10-300x200.jpeg 300w, https:\/\/cuernavaca.gob.mx\/wp-content\/uploads\/2022\/10\/cancer-de-mama-10-768x512.jpeg 768w, https:\/\/cuernavaca.gob.mx\/wp-content\/uploads\/2022\/10\/cancer-de-mama-10-600x400.jpeg 600w, https:\/\/cuernavaca.gob.mx\/wp-content\/uploads\/2022\/10\/cancer-de-mama-10-560x373.jpeg 560w, https:\/\/cuernavaca.gob.mx\/wp-content\/uploads\/2022\/10\/cancer-de-mama-10.jpeg 1280w\" sizes=\"(max-width: 1024px) 100vw, 1024px\" \/><\/figure>\n<\/figure>\n","protected":false},"excerpt":{"rendered":"<p>\u2022 El Gobierno Municipal, a trav\u00e9s de la Sindicatura, suma esfuerzos con FUCAM para la difusi\u00f3n de la cultura de la detecci\u00f3n oportuna \u2022 Las mujeres cuernavacenses tendr\u00e1n un 40 por ciento de descuento en los estudios que se requieran para la detecci\u00f3n del c\u00e1ncer de mama, el convenio tendr\u00e1 vigencia hasta el 31 de [&hellip;]<\/p>\n","protected":false},"author":1,"featured_media":19896,"comment_status":"closed","ping_status":"open","sticky":false,"template":"","format":"standard","meta":[],"categories":[280],"tags":[2481,121,2483,2482,120,2484,206,202,403],"aioseo_notices":[],"_links":{"self":[{"href":"https:\/\/cuernavaca.gob.mx\/index.php?rest_route=\/wp\/v2\/posts\/19895"}],"collection":[{"href":"https:\/\/cuernavaca.gob.mx\/index.php?rest_route=\/wp\/v2\/posts"}],"about":[{"href":"https:\/\/cuernavaca.gob.mx\/index.php?rest_route=\/wp\/v2\/types\/post"}],"author":[{"embeddable":true,"href":"https:\/\/cuernavaca.gob.mx\/index.php?rest_route=\/wp\/v2\/users\/1"}],"replies":[{"embeddable":true,"href":"https:\/\/cuernavaca.gob.mx\/index.php?rest_route=%2Fwp%2Fv2%2Fcomments&post=19895"}],"version-history":[{"count":2,"href":"https:\/\/cuernavaca.gob.mx\/index.php?rest_route=\/wp\/v2\/posts\/19895\/revisions"}],"predecessor-version":[{"id":19909,"href":"https:\/\/cuernavaca.gob.mx\/index.php?rest_route=\/wp\/v2\/posts\/19895\/revisions\/19909"}],"wp:featuredmedia":[{"embeddable":true,"href":"https:\/\/cuernavaca.gob.mx\/index.php?rest_route=\/wp\/v2\/media\/19896"}],"wp:attachment":[{"href":"https:\/\/cuernavaca.gob.mx\/index.php?rest_route=%2Fwp%2Fv2%2Fmedia&parent=19895"}],"wp:term":[{"taxonomy":"category","embeddable":true,"href":"https:\/\/cuernavaca.gob.mx\/index.php?rest_route=%2Fwp%2Fv2%2Fcategories&post=19895"},{"taxonomy":"post_tag","embeddable":true,"href":"https:\/\/cuernavaca.gob.mx\/index.php?rest_route=%2Fwp%2Fv2%2Ftags&post=19895"}],"curies":[{"name":"wp","href":"https:\/\/api.w.org\/{rel}","templated":true}]}}