{"id":19977,"date":"2022-10-10T16:00:00","date_gmt":"2022-10-10T21:00:00","guid":{"rendered":"https:\/\/cuernavaca.gob.mx\/?p=19977"},"modified":"2025-05-06T12:18:12","modified_gmt":"2025-05-06T18:18:12","slug":"b408-10-10-22-reitera-jose-luis-uriostegui-que-no-hay-ni-habra-solapamiento-contra-quienes-hayan-incurrido-en-el-ejercicio-indebido-de-funciones-en-contra-del-municipio","status":"publish","type":"post","link":"https:\/\/cuernavaca.gob.mx\/?p=19977","title":{"rendered":"B408 10\/10\/22 REITERA JOS\u00c9 LUIS URI\u00d3STEGUI QUE NO HAY NI HABR\u00c1 SOLAPAMIENTO CONTRA QUIENES HAYAN INCURRIDO EN EL EJERCICIO INDEBIDO DE FUNCIONES EN CONTRA DEL MUNICIPIO"},"content":{"rendered":"\n<p>\u2022 El presidente municipal de Cuernavaca dej\u00f3 en claro que la presente administraci\u00f3n no tiene ninguna injerencia sobre lo que determina, tanto el Poder Judicial como la Fiscal\u00eda Anticorrupci\u00f3n<\/p>\n\n\n\n<p>El presidente municipal de Cuernavaca, Jos\u00e9 Luis Uri\u00f3stegui Salgado, reiter\u00f3 que desde la presente administraci\u00f3n no hay ni habr\u00e1 lugar a la impunidad ni tampoco a solapamientos contra ex servidores p\u00fablicos que hayan incurrido en faltas o hechos constitutivos a alg\u00fan delito y que, de acuerdo a las investigaciones que se lleven a cabo por parte de las instancias correspondientes, tengan que responder.<\/p>\n\n\n\n<p>Lo anterior, fue se\u00f1alado luego de darse a conocer que uno de los ex servidores imputados por ejercicio indebido de funciones por la retenci\u00f3n sin motivo justificado las aportaciones de los trabajadores del Sistema de Agua Potable y Alcantarillado de Cuernavaca (SAPAC) correspondientes al Instituto de Cr\u00e9dito Para los Trabajadores al Servicio del Gobierno de Morelos (ICTSGEM), ha recuperado su libertad provisional al otorg\u00e1rsele el criterio de oportunidad que determina el Poder Judicial.<\/p>\n\n\n\n<p>En entrevista y a pregunta expresa, Jos\u00e9 Luis Uri\u00f3stegui explic\u00f3 que los criterios de oportunidad que establece el C\u00f3digo Procesal Penal aplican para todas las personas cuando los jueces estiman que se han acreditado los requisitos, es decir, que el imputado ha decidido aportar elementos que acreditan la responsabilidad de otro coimputado, ayudando as\u00ed a la mejor impartici\u00f3n de justicia; sin embargo, dej\u00f3 en claro, que el actual Ayuntamiento de Cuernavaca no tiene injerencia alguna sobre lo que se determina en este caso.<\/p>\n\n\n\n<p>Reiter\u00f3 que este hecho es un aviso para todo servidor p\u00fablico de que no se permitir\u00e1 en esta administraci\u00f3n ning\u00fan acto de corrupci\u00f3n y\/o malversaci\u00f3n de recursos, estando en espera de que las denuncias presentadas por la administraci\u00f3n que encabeza ante la Fiscal\u00eda Especializada en Combate a la Corrupci\u00f3n sigan su curso jur\u00eddico, para sancionar a aquellas personas que han afectado a la clase trabajadora y al propio municipio.<\/p>\n\n\n\n<p>Cabe recordar que la s\u00edndica municipal, Ver\u00f3nica Atenco P\u00e9rez, como la consejera jur\u00eddica, Nadia Luz Lara Ch\u00e1vez, confirmaron a finales de septiembre la integraci\u00f3n de 32 denuncias que han sido presentadas ante la Fiscal\u00eda Anticorrupci\u00f3n en contra de ex servidores p\u00fablicos de primer nivel, quien o quienes resulten responsables por los probables delitos de abuso de confianza, incumplimiento de funciones p\u00fablicas, ejercicio il\u00edcito del servicio p\u00fablico, peculado y lo que resulte; observaciones hechas en el proceso de entrega- recepci\u00f3n en la Tesorer\u00eda Municipal.<\/p>\n\n\n\n<figure class=\"wp-block-image size-large\"><img loading=\"lazy\" width=\"1024\" height=\"683\" src=\"https:\/\/cuernavaca.gob.mx\/wp-content\/uploads\/2022\/10\/alcalde-jose-luis-uriosregui-1024x683.jpeg\" alt=\"\" class=\"wp-image-19978\" srcset=\"https:\/\/cuernavaca.gob.mx\/wp-content\/uploads\/2022\/10\/alcalde-jose-luis-uriosregui-1024x683.jpeg 1024w, https:\/\/cuernavaca.gob.mx\/wp-content\/uploads\/2022\/10\/alcalde-jose-luis-uriosregui-300x200.jpeg 300w, https:\/\/cuernavaca.gob.mx\/wp-content\/uploads\/2022\/10\/alcalde-jose-luis-uriosregui-768x512.jpeg 768w, https:\/\/cuernavaca.gob.mx\/wp-content\/uploads\/2022\/10\/alcalde-jose-luis-uriosregui-1536x1024.jpeg 1536w, https:\/\/cuernavaca.gob.mx\/wp-content\/uploads\/2022\/10\/alcalde-jose-luis-uriosregui-600x400.jpeg 600w, https:\/\/cuernavaca.gob.mx\/wp-content\/uploads\/2022\/10\/alcalde-jose-luis-uriosregui-560x373.jpeg 560w, https:\/\/cuernavaca.gob.mx\/wp-content\/uploads\/2022\/10\/alcalde-jose-luis-uriosregui.jpeg 1599w\" sizes=\"(max-width: 1024px) 100vw, 1024px\" \/><\/figure>\n","protected":false},"excerpt":{"rendered":"<p>\u2022 El presidente municipal de Cuernavaca dej\u00f3 en claro que la presente administraci\u00f3n no tiene ninguna injerencia sobre lo que determina, tanto el Poder Judicial como la Fiscal\u00eda Anticorrupci\u00f3n El presidente municipal de Cuernavaca, Jos\u00e9 Luis Uri\u00f3stegui Salgado, reiter\u00f3 que desde la presente administraci\u00f3n no hay ni habr\u00e1 lugar a la impunidad ni tampoco a [&hellip;]<\/p>\n","protected":false},"author":1,"featured_media":19978,"comment_status":"closed","ping_status":"open","sticky":false,"template":"","format":"standard","meta":[],"categories":[20],"tags":[2500,2499,121,2498,120,2447,2213,206,2448],"aioseo_notices":[],"_links":{"self":[{"href":"https:\/\/cuernavaca.gob.mx\/index.php?rest_route=\/wp\/v2\/posts\/19977"}],"collection":[{"href":"https:\/\/cuernavaca.gob.mx\/index.php?rest_route=\/wp\/v2\/posts"}],"about":[{"href":"https:\/\/cuernavaca.gob.mx\/index.php?rest_route=\/wp\/v2\/types\/post"}],"author":[{"embeddable":true,"href":"https:\/\/cuernavaca.gob.mx\/index.php?rest_route=\/wp\/v2\/users\/1"}],"replies":[{"embeddable":true,"href":"https:\/\/cuernavaca.gob.mx\/index.php?rest_route=%2Fwp%2Fv2%2Fcomments&post=19977"}],"version-history":[{"count":1,"href":"https:\/\/cuernavaca.gob.mx\/index.php?rest_route=\/wp\/v2\/posts\/19977\/revisions"}],"predecessor-version":[{"id":19979,"href":"https:\/\/cuernavaca.gob.mx\/index.php?rest_route=\/wp\/v2\/posts\/19977\/revisions\/19979"}],"wp:featuredmedia":[{"embeddable":true,"href":"https:\/\/cuernavaca.gob.mx\/index.php?rest_route=\/wp\/v2\/media\/19978"}],"wp:attachment":[{"href":"https:\/\/cuernavaca.gob.mx\/index.php?rest_route=%2Fwp%2Fv2%2Fmedia&parent=19977"}],"wp:term":[{"taxonomy":"category","embeddable":true,"href":"https:\/\/cuernavaca.gob.mx\/index.php?rest_route=%2Fwp%2Fv2%2Fcategories&post=19977"},{"taxonomy":"post_tag","embeddable":true,"href":"https:\/\/cuernavaca.gob.mx\/index.php?rest_route=%2Fwp%2Fv2%2Ftags&post=19977"}],"curies":[{"name":"wp","href":"https:\/\/api.w.org\/{rel}","templated":true}]}}