{"id":20035,"date":"2022-10-11T16:00:00","date_gmt":"2022-10-11T21:00:00","guid":{"rendered":"https:\/\/cuernavaca.gob.mx\/?p=20035"},"modified":"2025-05-06T12:18:11","modified_gmt":"2025-05-06T18:18:11","slug":"b410-11-10-22-inicia-ayuntamiento-de-cuernavaca-construccion-de-deposito-de-agua-potable-en-escuela-secundaria-de-santa-maria-ahuacatitlan","status":"publish","type":"post","link":"https:\/\/cuernavaca.gob.mx\/?p=20035","title":{"rendered":"B410 11\/10\/22 INICIA AYUNTAMIENTO DE CUERNAVACA CONSTRUCCI\u00d3N DE DEP\u00d3SITO DE AGUA POTABLE EN ESCUELA SECUNDARIA DE SANTA MAR\u00cdA AHUACATITL\u00c1N"},"content":{"rendered":"\n<p><strong>\u2022 Est\u00e1 obra beneficiar\u00e1 a 850 habitantes directos entre alumnos y personal educativo, as\u00ed como a cinco mil 100 usuarios indirectos<\/strong><\/p>\n\n\n\n<p><strong>\u2022 Desde el ciclo escolar pasado pobladores de Santa Mar\u00eda hab\u00edan solicitado esta obra que tiene una inversi\u00f3n de m\u00e1s de 750 mil 900 pesos<\/strong><\/p>\n\n\n\n<p>El Ayuntamiento de Cuernavaca arranc\u00f3 este martes una semana m\u00e1s de obras con la construcci\u00f3n de un dep\u00f3sito de agua potable (dotaci\u00f3n de agua potable) en la escuela secundaria No. 15 &#8220;Himno Nacional Mexicano&#8221; en el poblado de Santa Mar\u00eda Ahuacatitl\u00e1n, que beneficiar\u00e1 a 850 habitantes directos entre alumnos y personal educativo, as\u00ed como a cinco mil 100 usuarios indirectos que han padecido la falta del vital l\u00edquido en los \u00faltimos a\u00f1os.<\/p>\n\n\n\n<p>Con una inversi\u00f3n de 750 mil 953.56 pesos provenientes del Fondo de Aportaciones para la Infraestructura Social (FAIS), el secretario de Desarrollo Urbano y Obras P\u00fablicas, Alejandro Rosas L\u00f3pez, explic\u00f3 que la meta total para la construcci\u00f3n de esta cisterna es de 48 mil litros que tendr\u00e1 una dimensi\u00f3n de 5.10 por 5.10 metros y de 2.20 metros de altura, realizada a base de concreto armado.<\/p>\n\n\n\n<p>&#8220;Vamos a estar aqu\u00ed presentes como secretar\u00eda haciendo la supervisi\u00f3n y tambi\u00e9n cuando se haga esta entrega para que ustedes tengan una obra bien realizada y con las garant\u00edas que la ley contempla&#8221;, afirm\u00f3.<\/p>\n\n\n\n<p>Por su lado, la titular de la Delegaci\u00f3n Emiliano Zapata Salazar, Mar\u00eda Salom\u00e9 Salgado, expres\u00f3 su reconocimiento a todas y cada una de las autoridades municipales, que entre tantas obras a realizar este a\u00f1o priorizaron al poblado de Santa Mar\u00eda Ahuacatitl\u00e1n.<\/p>\n\n\n\n<p>A su vez, la directora de la escuela secundaria No. 15 &#8220;Himno Nacional Mexicano&#8221;, Jeysira Amaro Nava, agradeci\u00f3 el inicio de esta obra tan importante que desde el ciclo escolar pasado hab\u00edan solicitado sin \u00e9xito, pero que hoy ser\u00e1 de gran beneficio para los 580 alumnos y 40 trabajadores educativos, m\u00e1s las visitas que tiene diariamente la instituci\u00f3n, resolviendo principalmente la escasez de agua potable que han enfrentado hist\u00f3ricamente.<\/p>\n\n\n\n<p>En el arranque de obra se cont\u00f3 con la asistencia del secretario t\u00e9cnico del COPLADEMUN, Eduardo Bustos Mart\u00ednez; el subdirector de la escuela secundaria, H\u00e9ctor Rodr\u00edguez Marquina; la presidenta del Comit\u00e9 de Padres de Familia, Mar\u00eda de los \u00c1ngeles Miranda Mendieta e integrantes de la Secretar\u00eda de Desarrollo Urbano y Obras P\u00fablicas, quienes se sumaron al inicio de los trabajos.<\/p>\n\n\n\n<figure class=\"wp-container-2 wp-block-gallery-1 wp-block-gallery has-nested-images columns-default is-cropped\">\n<figure class=\"wp-block-image size-large\"><img loading=\"lazy\" width=\"1024\" height=\"682\" data-id=\"20037\"  src=\"https:\/\/cuernavaca.gob.mx\/wp-content\/uploads\/2022\/10\/construccion-cisterna-1-1024x682.jpg\" alt=\"\" class=\"wp-image-20037\" srcset=\"https:\/\/cuernavaca.gob.mx\/wp-content\/uploads\/2022\/10\/construccion-cisterna-1-1024x682.jpg 1024w, https:\/\/cuernavaca.gob.mx\/wp-content\/uploads\/2022\/10\/construccion-cisterna-1-300x200.jpg 300w, https:\/\/cuernavaca.gob.mx\/wp-content\/uploads\/2022\/10\/construccion-cisterna-1-768x512.jpg 768w, https:\/\/cuernavaca.gob.mx\/wp-content\/uploads\/2022\/10\/construccion-cisterna-1-600x400.jpg 600w, https:\/\/cuernavaca.gob.mx\/wp-content\/uploads\/2022\/10\/construccion-cisterna-1-560x373.jpg 560w, https:\/\/cuernavaca.gob.mx\/wp-content\/uploads\/2022\/10\/construccion-cisterna-1.jpg 1280w\" sizes=\"(max-width: 1024px) 100vw, 1024px\" \/><\/figure>\n\n\n\n<figure class=\"wp-block-image size-large\"><img loading=\"lazy\" width=\"1024\" height=\"682\" data-id=\"20036\"  src=\"https:\/\/cuernavaca.gob.mx\/wp-content\/uploads\/2022\/10\/construccion-cisterna-2-1024x682.jpg\" alt=\"\" class=\"wp-image-20036\" srcset=\"https:\/\/cuernavaca.gob.mx\/wp-content\/uploads\/2022\/10\/construccion-cisterna-2-1024x682.jpg 1024w, https:\/\/cuernavaca.gob.mx\/wp-content\/uploads\/2022\/10\/construccion-cisterna-2-300x200.jpg 300w, https:\/\/cuernavaca.gob.mx\/wp-content\/uploads\/2022\/10\/construccion-cisterna-2-768x512.jpg 768w, https:\/\/cuernavaca.gob.mx\/wp-content\/uploads\/2022\/10\/construccion-cisterna-2-600x400.jpg 600w, https:\/\/cuernavaca.gob.mx\/wp-content\/uploads\/2022\/10\/construccion-cisterna-2-560x373.jpg 560w, https:\/\/cuernavaca.gob.mx\/wp-content\/uploads\/2022\/10\/construccion-cisterna-2.jpg 1280w\" sizes=\"(max-width: 1024px) 100vw, 1024px\" \/><\/figure>\n\n\n\n<figure class=\"wp-block-image size-large\"><img loading=\"lazy\" width=\"1024\" height=\"682\" data-id=\"20039\"  src=\"https:\/\/cuernavaca.gob.mx\/wp-content\/uploads\/2022\/10\/construccion-cisterna-3-1024x682.jpg\" alt=\"\" class=\"wp-image-20039\" srcset=\"https:\/\/cuernavaca.gob.mx\/wp-content\/uploads\/2022\/10\/construccion-cisterna-3-1024x682.jpg 1024w, https:\/\/cuernavaca.gob.mx\/wp-content\/uploads\/2022\/10\/construccion-cisterna-3-300x200.jpg 300w, https:\/\/cuernavaca.gob.mx\/wp-content\/uploads\/2022\/10\/construccion-cisterna-3-768x512.jpg 768w, https:\/\/cuernavaca.gob.mx\/wp-content\/uploads\/2022\/10\/construccion-cisterna-3-600x400.jpg 600w, https:\/\/cuernavaca.gob.mx\/wp-content\/uploads\/2022\/10\/construccion-cisterna-3-560x373.jpg 560w, https:\/\/cuernavaca.gob.mx\/wp-content\/uploads\/2022\/10\/construccion-cisterna-3.jpg 1280w\" sizes=\"(max-width: 1024px) 100vw, 1024px\" \/><\/figure>\n\n\n\n<figure class=\"wp-block-image size-large\"><img loading=\"lazy\" width=\"1024\" height=\"682\" data-id=\"20040\"  src=\"https:\/\/cuernavaca.gob.mx\/wp-content\/uploads\/2022\/10\/construccion-cisterna-4-1024x682.jpg\" alt=\"\" class=\"wp-image-20040\" srcset=\"https:\/\/cuernavaca.gob.mx\/wp-content\/uploads\/2022\/10\/construccion-cisterna-4-1024x682.jpg 1024w, https:\/\/cuernavaca.gob.mx\/wp-content\/uploads\/2022\/10\/construccion-cisterna-4-300x200.jpg 300w, https:\/\/cuernavaca.gob.mx\/wp-content\/uploads\/2022\/10\/construccion-cisterna-4-768x512.jpg 768w, https:\/\/cuernavaca.gob.mx\/wp-content\/uploads\/2022\/10\/construccion-cisterna-4-600x400.jpg 600w, https:\/\/cuernavaca.gob.mx\/wp-content\/uploads\/2022\/10\/construccion-cisterna-4-560x373.jpg 560w, https:\/\/cuernavaca.gob.mx\/wp-content\/uploads\/2022\/10\/construccion-cisterna-4.jpg 1280w\" sizes=\"(max-width: 1024px) 100vw, 1024px\" \/><\/figure>\n\n\n\n<figure class=\"wp-block-image size-large\"><img loading=\"lazy\" width=\"1024\" height=\"682\" data-id=\"20038\"  src=\"https:\/\/cuernavaca.gob.mx\/wp-content\/uploads\/2022\/10\/construccion-cisterna-5-1024x682.jpg\" alt=\"\" class=\"wp-image-20038\" srcset=\"https:\/\/cuernavaca.gob.mx\/wp-content\/uploads\/2022\/10\/construccion-cisterna-5-1024x682.jpg 1024w, https:\/\/cuernavaca.gob.mx\/wp-content\/uploads\/2022\/10\/construccion-cisterna-5-300x200.jpg 300w, https:\/\/cuernavaca.gob.mx\/wp-content\/uploads\/2022\/10\/construccion-cisterna-5-768x512.jpg 768w, https:\/\/cuernavaca.gob.mx\/wp-content\/uploads\/2022\/10\/construccion-cisterna-5-600x400.jpg 600w, https:\/\/cuernavaca.gob.mx\/wp-content\/uploads\/2022\/10\/construccion-cisterna-5-560x373.jpg 560w, https:\/\/cuernavaca.gob.mx\/wp-content\/uploads\/2022\/10\/construccion-cisterna-5.jpg 1280w\" sizes=\"(max-width: 1024px) 100vw, 1024px\" \/><\/figure>\n\n\n\n<figure class=\"wp-block-image size-large\"><img loading=\"lazy\" width=\"1024\" height=\"682\" data-id=\"20041\"  src=\"https:\/\/cuernavaca.gob.mx\/wp-content\/uploads\/2022\/10\/construccion-cisterna-6-1024x682.jpg\" alt=\"\" class=\"wp-image-20041\" srcset=\"https:\/\/cuernavaca.gob.mx\/wp-content\/uploads\/2022\/10\/construccion-cisterna-6-1024x682.jpg 1024w, https:\/\/cuernavaca.gob.mx\/wp-content\/uploads\/2022\/10\/construccion-cisterna-6-300x200.jpg 300w, https:\/\/cuernavaca.gob.mx\/wp-content\/uploads\/2022\/10\/construccion-cisterna-6-768x512.jpg 768w, https:\/\/cuernavaca.gob.mx\/wp-content\/uploads\/2022\/10\/construccion-cisterna-6-600x400.jpg 600w, https:\/\/cuernavaca.gob.mx\/wp-content\/uploads\/2022\/10\/construccion-cisterna-6-560x373.jpg 560w, https:\/\/cuernavaca.gob.mx\/wp-content\/uploads\/2022\/10\/construccion-cisterna-6.jpg 1280w\" sizes=\"(max-width: 1024px) 100vw, 1024px\" \/><\/figure>\n\n\n\n<figure class=\"wp-block-image size-large\"><img loading=\"lazy\" width=\"1024\" height=\"682\" data-id=\"20042\"  src=\"https:\/\/cuernavaca.gob.mx\/wp-content\/uploads\/2022\/10\/construccion-cisterna-7-1024x682.jpg\" alt=\"\" class=\"wp-image-20042\" srcset=\"https:\/\/cuernavaca.gob.mx\/wp-content\/uploads\/2022\/10\/construccion-cisterna-7-1024x682.jpg 1024w, https:\/\/cuernavaca.gob.mx\/wp-content\/uploads\/2022\/10\/construccion-cisterna-7-300x200.jpg 300w, https:\/\/cuernavaca.gob.mx\/wp-content\/uploads\/2022\/10\/construccion-cisterna-7-768x512.jpg 768w, https:\/\/cuernavaca.gob.mx\/wp-content\/uploads\/2022\/10\/construccion-cisterna-7-600x400.jpg 600w, https:\/\/cuernavaca.gob.mx\/wp-content\/uploads\/2022\/10\/construccion-cisterna-7-560x373.jpg 560w, https:\/\/cuernavaca.gob.mx\/wp-content\/uploads\/2022\/10\/construccion-cisterna-7.jpg 1280w\" sizes=\"(max-width: 1024px) 100vw, 1024px\" \/><\/figure>\n<\/figure>\n","protected":false},"excerpt":{"rendered":"<p>\u2022 Est\u00e1 obra beneficiar\u00e1 a 850 habitantes directos entre alumnos y personal educativo, as\u00ed como a cinco mil 100 usuarios indirectos \u2022 Desde el ciclo escolar pasado pobladores de Santa Mar\u00eda hab\u00edan solicitado esta obra que tiene una inversi\u00f3n de m\u00e1s de 750 mil 900 pesos El Ayuntamiento de Cuernavaca arranc\u00f3 este martes una semana [&hellip;]<\/p>\n","protected":false},"author":1,"featured_media":20039,"comment_status":"closed","ping_status":"open","sticky":false,"template":"","format":"standard","meta":[],"categories":[18],"tags":[615,121,1268,2503,120,2449,206,356],"aioseo_notices":[],"_links":{"self":[{"href":"https:\/\/cuernavaca.gob.mx\/index.php?rest_route=\/wp\/v2\/posts\/20035"}],"collection":[{"href":"https:\/\/cuernavaca.gob.mx\/index.php?rest_route=\/wp\/v2\/posts"}],"about":[{"href":"https:\/\/cuernavaca.gob.mx\/index.php?rest_route=\/wp\/v2\/types\/post"}],"author":[{"embeddable":true,"href":"https:\/\/cuernavaca.gob.mx\/index.php?rest_route=\/wp\/v2\/users\/1"}],"replies":[{"embeddable":true,"href":"https:\/\/cuernavaca.gob.mx\/index.php?rest_route=%2Fwp%2Fv2%2Fcomments&post=20035"}],"version-history":[{"count":1,"href":"https:\/\/cuernavaca.gob.mx\/index.php?rest_route=\/wp\/v2\/posts\/20035\/revisions"}],"predecessor-version":[{"id":20043,"href":"https:\/\/cuernavaca.gob.mx\/index.php?rest_route=\/wp\/v2\/posts\/20035\/revisions\/20043"}],"wp:featuredmedia":[{"embeddable":true,"href":"https:\/\/cuernavaca.gob.mx\/index.php?rest_route=\/wp\/v2\/media\/20039"}],"wp:attachment":[{"href":"https:\/\/cuernavaca.gob.mx\/index.php?rest_route=%2Fwp%2Fv2%2Fmedia&parent=20035"}],"wp:term":[{"taxonomy":"category","embeddable":true,"href":"https:\/\/cuernavaca.gob.mx\/index.php?rest_route=%2Fwp%2Fv2%2Fcategories&post=20035"},{"taxonomy":"post_tag","embeddable":true,"href":"https:\/\/cuernavaca.gob.mx\/index.php?rest_route=%2Fwp%2Fv2%2Ftags&post=20035"}],"curies":[{"name":"wp","href":"https:\/\/api.w.org\/{rel}","templated":true}]}}