{"id":20251,"date":"2022-10-17T14:00:00","date_gmt":"2022-10-17T19:00:00","guid":{"rendered":"https:\/\/cuernavaca.gob.mx\/?p=20251"},"modified":"2025-05-06T12:18:07","modified_gmt":"2025-05-06T18:18:07","slug":"b426-17-10-22-todo-listo-para-la-expo-dia-de-muertos-cuernavaca-2022-de-la-mano-de-sistemas-productivos-del-pan-y-flores-de-cempasuchitl","status":"publish","type":"post","link":"https:\/\/cuernavaca.gob.mx\/?p=20251","title":{"rendered":"B426 17\/10\/22 TODO LISTO PARA LA EXPO D\u00cdA DE MUERTOS, CUERNAVACA 2022 DE LA MANO DE SISTEMAS PRODUCTIVOS DEL PAN Y FLORES DE CEMPASUCHITL"},"content":{"rendered":"\n<p><strong>\u2022 Se llevar\u00e1 cabo del 21 al 25 de octubre en calle Jard\u00edn Ju\u00e1rez contando con la participaci\u00f3n de productores artesanales de pan, de flores ornamentales y ap\u00edcolas<\/strong><\/p>\n\n\n\n<p><strong>\u2022 Este lunes el Ayuntamiento de Cuernavaca encabez\u00f3 la elaboraci\u00f3n de una catrina monumental con mil 624 piezas de pan elaboradas por 31 productores y 300 flores de cempas\u00fachil<\/strong><\/p>\n\n\n\n<p>Con la elaboraci\u00f3n de una catrina monumental hecha a base de pan de muerto y flores de cempas\u00fachil, el Ayuntamiento de Cuernavaca anunci\u00f3 este lunes la realizaci\u00f3n de la Expo D\u00eda de Muertos, Cuernavaca 2022, que se llevar\u00e1 cabo del 21 al 25 de octubre en calle Jard\u00edn Ju\u00e1rez (frente al edificio Bellavista) en el centro de la ciudad, con la participaci\u00f3n de expositores de las ramas productivas de pan artesanal, ornamentales y ap\u00edcolas, quienes ofrecer\u00e1n productos alusivos a esta celebraci\u00f3n mexicana.<\/p>\n\n\n\n<p>En un ambiente de j\u00fabilo y sana convivencia, el presidente municipal, Jos\u00e9 Luis Uri\u00f3stegui Salgado, se\u00f1al\u00f3 que el objetivo es apoyar al sector primario y promover a Cuernavaca con la comercializaci\u00f3n de productos a trav\u00e9s de la exposici\u00f3n comercial y artesanal de las ramas productivas, logrando que la ciudadan\u00eda y visitantes conozcan los productos y las tradiciones que alberga la capital morelense.<\/p>\n\n\n\n<p>Jos\u00e9 Luis Uri\u00f3stegui precis\u00f3 que la reactivaci\u00f3n econ\u00f3mica no tiene que ser solo para los negocios establecidos, sino tambi\u00e9n a aquellos que hacen una inversi\u00f3n de tiempo para que en cierta temporada saquen a la venta su mercanc\u00eda, por lo cual invit\u00f3 a la poblaci\u00f3n a visitar estas exposiciones en Tetela del Monte, desde donde se manda el mensaje de que la producci\u00f3n de plantas es de alta calidad, de una gama importante y con una amplia variedad para que la gente pueda ir a comprar.<\/p>\n\n\n\n<p>En presencia de la s\u00edndica municipal, Ver\u00f3nica Atenco P\u00e9rez y los regidores Fernando Carrillo Alvarado y Adri\u00e1n Mart\u00ednez Terrazas, la regidora presidenta de la Comisi\u00f3n de Desarrollo Agropecuario, Paz Hern\u00e1ndez Pardo, impulsora de esta iniciativa, destac\u00f3 que en la Expo D\u00eda de Muertos, Cuernavaca 2022, se contar\u00e1 con m\u00e1s de cien expositores viveristas de la flor cempas\u00fachil y otras variedades; adem\u00e1s de que se ofrecer\u00e1 venta al p\u00fablico de pan artesanal (alusivo al d\u00eda de muertos) y productos ap\u00edcolas.<\/p>\n\n\n\n<p>Agradeci\u00f3 el apoyo brindado por los productores de pan artesanal y de flores de ornato que se sumar\u00e1n a esta magna exposici\u00f3n, y que realizaron, con el apoyo de estudiantes de gastronom\u00eda, la catrina monumental con mil 624 piezas de pan elaboradas por 31 productores y 300 flores de cempas\u00fachil, acciones que en conjunto logran que Cuernavaca renazca; cabe mencionar que la Expo D\u00eda de Muertos, Cuernavaca 2022 tendr\u00e1 un horario de 09:00 a 22:00 horas en calle Jard\u00edn Ju\u00e1rez en el primer cuadro de la ciudad.<\/p>\n\n\n\n<p>Los presidentes de las ramas productivas de pan artesanal, Jorge Hern\u00e1ndez Garc\u00eda y de flores de ornato, Juan Gabriel P\u00e9rez Reynoso, agradecieron el respaldo desde el inicio de la presente administraci\u00f3n que con actividades como las exposiciones han dado un respiro a los productores en el \u00e1mbito comercial, siendo una muestra de ello la Expo D\u00eda de Muertos, Cuernavaca 2022, y la catrina monumental que fue donada a los asistentes.<\/p>\n\n\n\n<p>En este sentido, el diputado local presidente de la Comisi\u00f3n de Turismo del Congreso del Estado de Morelos, \u00c1ngel Adame Jim\u00e9nez, se uni\u00f3 a este reconocimiento, afirmando que el Gobierno Municipal, junto con el Cabildo, est\u00e1n haciendo una importante labor a favor de los productores, dando pasos importantes para recobrar la identidad y que los cuernavacenses puedan salir adelante.<\/p>\n\n\n\n<p>A este evento asistieron el secretario de Desarrollo Econ\u00f3mico y Turismo, Humberto Paladino Valdovinos; el director de Fomento Agropecuario, Daniel Monta\u00f1o Mondrag\u00f3n; el titular de la delegaci\u00f3n, Antonio Barona, Diego G\u00f3mez Quevedo; grupos de estudiantes de gastronom\u00eda y ciudadanos que atestiguaron el inicio de las celebraciones alusivas al D\u00eda de Muertos.<\/p>\n\n\n\n<figure class=\"wp-container-2 wp-block-gallery-1 wp-block-gallery has-nested-images columns-default is-cropped\">\n<figure class=\"wp-block-image size-large\"><img loading=\"lazy\" width=\"1024\" height=\"682\" data-id=\"20252\"  src=\"https:\/\/cuernavaca.gob.mx\/wp-content\/uploads\/2022\/10\/expo-dia-de-muertos-1-1024x682.jpg\" alt=\"\" class=\"wp-image-20252\" srcset=\"https:\/\/cuernavaca.gob.mx\/wp-content\/uploads\/2022\/10\/expo-dia-de-muertos-1-1024x682.jpg 1024w, https:\/\/cuernavaca.gob.mx\/wp-content\/uploads\/2022\/10\/expo-dia-de-muertos-1-300x200.jpg 300w, https:\/\/cuernavaca.gob.mx\/wp-content\/uploads\/2022\/10\/expo-dia-de-muertos-1-768x512.jpg 768w, https:\/\/cuernavaca.gob.mx\/wp-content\/uploads\/2022\/10\/expo-dia-de-muertos-1-600x400.jpg 600w, https:\/\/cuernavaca.gob.mx\/wp-content\/uploads\/2022\/10\/expo-dia-de-muertos-1-560x373.jpg 560w, https:\/\/cuernavaca.gob.mx\/wp-content\/uploads\/2022\/10\/expo-dia-de-muertos-1.jpg 1280w\" sizes=\"(max-width: 1024px) 100vw, 1024px\" \/><\/figure>\n\n\n\n<figure class=\"wp-block-image size-large\"><img loading=\"lazy\" width=\"1024\" height=\"682\" data-id=\"20256\"  src=\"https:\/\/cuernavaca.gob.mx\/wp-content\/uploads\/2022\/10\/expo-dia-de-muertos-2-1024x682.jpg\" alt=\"\" class=\"wp-image-20256\" srcset=\"https:\/\/cuernavaca.gob.mx\/wp-content\/uploads\/2022\/10\/expo-dia-de-muertos-2-1024x682.jpg 1024w, https:\/\/cuernavaca.gob.mx\/wp-content\/uploads\/2022\/10\/expo-dia-de-muertos-2-300x200.jpg 300w, https:\/\/cuernavaca.gob.mx\/wp-content\/uploads\/2022\/10\/expo-dia-de-muertos-2-768x512.jpg 768w, https:\/\/cuernavaca.gob.mx\/wp-content\/uploads\/2022\/10\/expo-dia-de-muertos-2-600x400.jpg 600w, https:\/\/cuernavaca.gob.mx\/wp-content\/uploads\/2022\/10\/expo-dia-de-muertos-2-560x373.jpg 560w, https:\/\/cuernavaca.gob.mx\/wp-content\/uploads\/2022\/10\/expo-dia-de-muertos-2.jpg 1280w\" sizes=\"(max-width: 1024px) 100vw, 1024px\" \/><\/figure>\n\n\n\n<figure class=\"wp-block-image size-large\"><img loading=\"lazy\" width=\"1024\" height=\"682\" data-id=\"20257\"  src=\"https:\/\/cuernavaca.gob.mx\/wp-content\/uploads\/2022\/10\/expo-dia-de-muertos-3-1024x682.jpg\" alt=\"\" class=\"wp-image-20257\" srcset=\"https:\/\/cuernavaca.gob.mx\/wp-content\/uploads\/2022\/10\/expo-dia-de-muertos-3-1024x682.jpg 1024w, https:\/\/cuernavaca.gob.mx\/wp-content\/uploads\/2022\/10\/expo-dia-de-muertos-3-300x200.jpg 300w, https:\/\/cuernavaca.gob.mx\/wp-content\/uploads\/2022\/10\/expo-dia-de-muertos-3-768x512.jpg 768w, https:\/\/cuernavaca.gob.mx\/wp-content\/uploads\/2022\/10\/expo-dia-de-muertos-3-600x400.jpg 600w, https:\/\/cuernavaca.gob.mx\/wp-content\/uploads\/2022\/10\/expo-dia-de-muertos-3-560x373.jpg 560w, https:\/\/cuernavaca.gob.mx\/wp-content\/uploads\/2022\/10\/expo-dia-de-muertos-3.jpg 1280w\" sizes=\"(max-width: 1024px) 100vw, 1024px\" \/><\/figure>\n\n\n\n<figure class=\"wp-block-image size-large\"><img loading=\"lazy\" width=\"1024\" height=\"575\" data-id=\"20254\"  src=\"https:\/\/cuernavaca.gob.mx\/wp-content\/uploads\/2022\/10\/expo-dia-de-muertos-4-1024x575.jpg\" alt=\"\" class=\"wp-image-20254\" srcset=\"https:\/\/cuernavaca.gob.mx\/wp-content\/uploads\/2022\/10\/expo-dia-de-muertos-4-1024x575.jpg 1024w, https:\/\/cuernavaca.gob.mx\/wp-content\/uploads\/2022\/10\/expo-dia-de-muertos-4-300x169.jpg 300w, https:\/\/cuernavaca.gob.mx\/wp-content\/uploads\/2022\/10\/expo-dia-de-muertos-4-768x431.jpg 768w, https:\/\/cuernavaca.gob.mx\/wp-content\/uploads\/2022\/10\/expo-dia-de-muertos-4-600x337.jpg 600w, https:\/\/cuernavaca.gob.mx\/wp-content\/uploads\/2022\/10\/expo-dia-de-muertos-4-560x315.jpg 560w, https:\/\/cuernavaca.gob.mx\/wp-content\/uploads\/2022\/10\/expo-dia-de-muertos-4.jpg 1280w\" sizes=\"(max-width: 1024px) 100vw, 1024px\" \/><\/figure>\n\n\n\n<figure class=\"wp-block-image size-large\"><img loading=\"lazy\" width=\"1024\" height=\"682\" data-id=\"20253\"  src=\"https:\/\/cuernavaca.gob.mx\/wp-content\/uploads\/2022\/10\/expo-dia-de-muertos-5-1024x682.jpg\" alt=\"\" class=\"wp-image-20253\" srcset=\"https:\/\/cuernavaca.gob.mx\/wp-content\/uploads\/2022\/10\/expo-dia-de-muertos-5-1024x682.jpg 1024w, https:\/\/cuernavaca.gob.mx\/wp-content\/uploads\/2022\/10\/expo-dia-de-muertos-5-300x200.jpg 300w, https:\/\/cuernavaca.gob.mx\/wp-content\/uploads\/2022\/10\/expo-dia-de-muertos-5-768x512.jpg 768w, https:\/\/cuernavaca.gob.mx\/wp-content\/uploads\/2022\/10\/expo-dia-de-muertos-5-600x400.jpg 600w, https:\/\/cuernavaca.gob.mx\/wp-content\/uploads\/2022\/10\/expo-dia-de-muertos-5-560x373.jpg 560w, https:\/\/cuernavaca.gob.mx\/wp-content\/uploads\/2022\/10\/expo-dia-de-muertos-5.jpg 1280w\" sizes=\"(max-width: 1024px) 100vw, 1024px\" \/><\/figure>\n\n\n\n<figure class=\"wp-block-image size-large\"><img loading=\"lazy\" width=\"1024\" height=\"682\" data-id=\"20255\"  src=\"https:\/\/cuernavaca.gob.mx\/wp-content\/uploads\/2022\/10\/expo-dia-de-muertos-6-1024x682.jpg\" alt=\"\" class=\"wp-image-20255\" srcset=\"https:\/\/cuernavaca.gob.mx\/wp-content\/uploads\/2022\/10\/expo-dia-de-muertos-6-1024x682.jpg 1024w, https:\/\/cuernavaca.gob.mx\/wp-content\/uploads\/2022\/10\/expo-dia-de-muertos-6-300x200.jpg 300w, https:\/\/cuernavaca.gob.mx\/wp-content\/uploads\/2022\/10\/expo-dia-de-muertos-6-768x512.jpg 768w, https:\/\/cuernavaca.gob.mx\/wp-content\/uploads\/2022\/10\/expo-dia-de-muertos-6-600x400.jpg 600w, https:\/\/cuernavaca.gob.mx\/wp-content\/uploads\/2022\/10\/expo-dia-de-muertos-6-560x373.jpg 560w, https:\/\/cuernavaca.gob.mx\/wp-content\/uploads\/2022\/10\/expo-dia-de-muertos-6.jpg 1280w\" sizes=\"(max-width: 1024px) 100vw, 1024px\" \/><\/figure>\n\n\n\n<figure class=\"wp-block-image size-large\"><img loading=\"lazy\" width=\"1024\" height=\"682\" data-id=\"20260\"  src=\"https:\/\/cuernavaca.gob.mx\/wp-content\/uploads\/2022\/10\/expo-dia-de-muertos-7-1024x682.jpg\" alt=\"\" class=\"wp-image-20260\" srcset=\"https:\/\/cuernavaca.gob.mx\/wp-content\/uploads\/2022\/10\/expo-dia-de-muertos-7-1024x682.jpg 1024w, https:\/\/cuernavaca.gob.mx\/wp-content\/uploads\/2022\/10\/expo-dia-de-muertos-7-300x200.jpg 300w, https:\/\/cuernavaca.gob.mx\/wp-content\/uploads\/2022\/10\/expo-dia-de-muertos-7-768x512.jpg 768w, https:\/\/cuernavaca.gob.mx\/wp-content\/uploads\/2022\/10\/expo-dia-de-muertos-7-600x400.jpg 600w, https:\/\/cuernavaca.gob.mx\/wp-content\/uploads\/2022\/10\/expo-dia-de-muertos-7-560x373.jpg 560w, https:\/\/cuernavaca.gob.mx\/wp-content\/uploads\/2022\/10\/expo-dia-de-muertos-7.jpg 1280w\" sizes=\"(max-width: 1024px) 100vw, 1024px\" \/><\/figure>\n\n\n\n<figure class=\"wp-block-image size-large\"><img loading=\"lazy\" width=\"1024\" height=\"682\" data-id=\"20259\"  src=\"https:\/\/cuernavaca.gob.mx\/wp-content\/uploads\/2022\/10\/expo-dia-de-muertos-8-1024x682.jpg\" alt=\"\" class=\"wp-image-20259\" srcset=\"https:\/\/cuernavaca.gob.mx\/wp-content\/uploads\/2022\/10\/expo-dia-de-muertos-8-1024x682.jpg 1024w, https:\/\/cuernavaca.gob.mx\/wp-content\/uploads\/2022\/10\/expo-dia-de-muertos-8-300x200.jpg 300w, https:\/\/cuernavaca.gob.mx\/wp-content\/uploads\/2022\/10\/expo-dia-de-muertos-8-768x512.jpg 768w, https:\/\/cuernavaca.gob.mx\/wp-content\/uploads\/2022\/10\/expo-dia-de-muertos-8-600x400.jpg 600w, https:\/\/cuernavaca.gob.mx\/wp-content\/uploads\/2022\/10\/expo-dia-de-muertos-8-560x373.jpg 560w, https:\/\/cuernavaca.gob.mx\/wp-content\/uploads\/2022\/10\/expo-dia-de-muertos-8.jpg 1280w\" sizes=\"(max-width: 1024px) 100vw, 1024px\" \/><\/figure>\n\n\n\n<figure class=\"wp-block-image size-large\"><img loading=\"lazy\" width=\"1024\" height=\"682\" data-id=\"20258\"  src=\"https:\/\/cuernavaca.gob.mx\/wp-content\/uploads\/2022\/10\/expo-dia-de-muertos-9-1024x682.jpg\" alt=\"\" class=\"wp-image-20258\" srcset=\"https:\/\/cuernavaca.gob.mx\/wp-content\/uploads\/2022\/10\/expo-dia-de-muertos-9-1024x682.jpg 1024w, https:\/\/cuernavaca.gob.mx\/wp-content\/uploads\/2022\/10\/expo-dia-de-muertos-9-300x200.jpg 300w, https:\/\/cuernavaca.gob.mx\/wp-content\/uploads\/2022\/10\/expo-dia-de-muertos-9-768x512.jpg 768w, https:\/\/cuernavaca.gob.mx\/wp-content\/uploads\/2022\/10\/expo-dia-de-muertos-9-600x400.jpg 600w, https:\/\/cuernavaca.gob.mx\/wp-content\/uploads\/2022\/10\/expo-dia-de-muertos-9-560x373.jpg 560w, https:\/\/cuernavaca.gob.mx\/wp-content\/uploads\/2022\/10\/expo-dia-de-muertos-9.jpg 1280w\" sizes=\"(max-width: 1024px) 100vw, 1024px\" \/><\/figure>\n\n\n\n<figure class=\"wp-block-image size-large\"><img loading=\"lazy\" width=\"1024\" height=\"682\" data-id=\"20262\"  src=\"https:\/\/cuernavaca.gob.mx\/wp-content\/uploads\/2022\/10\/expo-dia-de-muertos-10-1024x682.jpg\" alt=\"\" class=\"wp-image-20262\" srcset=\"https:\/\/cuernavaca.gob.mx\/wp-content\/uploads\/2022\/10\/expo-dia-de-muertos-10-1024x682.jpg 1024w, https:\/\/cuernavaca.gob.mx\/wp-content\/uploads\/2022\/10\/expo-dia-de-muertos-10-300x200.jpg 300w, https:\/\/cuernavaca.gob.mx\/wp-content\/uploads\/2022\/10\/expo-dia-de-muertos-10-768x512.jpg 768w, https:\/\/cuernavaca.gob.mx\/wp-content\/uploads\/2022\/10\/expo-dia-de-muertos-10-600x400.jpg 600w, https:\/\/cuernavaca.gob.mx\/wp-content\/uploads\/2022\/10\/expo-dia-de-muertos-10-560x373.jpg 560w, https:\/\/cuernavaca.gob.mx\/wp-content\/uploads\/2022\/10\/expo-dia-de-muertos-10.jpg 1280w\" sizes=\"(max-width: 1024px) 100vw, 1024px\" \/><\/figure>\n\n\n\n<figure class=\"wp-block-image size-large\"><img loading=\"lazy\" width=\"1024\" height=\"682\" data-id=\"20261\"  src=\"https:\/\/cuernavaca.gob.mx\/wp-content\/uploads\/2022\/10\/expo-dia-de-muertos-11-1024x682.jpg\" alt=\"\" class=\"wp-image-20261\" srcset=\"https:\/\/cuernavaca.gob.mx\/wp-content\/uploads\/2022\/10\/expo-dia-de-muertos-11-1024x682.jpg 1024w, https:\/\/cuernavaca.gob.mx\/wp-content\/uploads\/2022\/10\/expo-dia-de-muertos-11-300x200.jpg 300w, https:\/\/cuernavaca.gob.mx\/wp-content\/uploads\/2022\/10\/expo-dia-de-muertos-11-768x512.jpg 768w, https:\/\/cuernavaca.gob.mx\/wp-content\/uploads\/2022\/10\/expo-dia-de-muertos-11-600x400.jpg 600w, https:\/\/cuernavaca.gob.mx\/wp-content\/uploads\/2022\/10\/expo-dia-de-muertos-11-560x373.jpg 560w, https:\/\/cuernavaca.gob.mx\/wp-content\/uploads\/2022\/10\/expo-dia-de-muertos-11.jpg 1280w\" sizes=\"(max-width: 1024px) 100vw, 1024px\" \/><\/figure>\n\n\n\n<figure class=\"wp-block-image size-large\"><img loading=\"lazy\" width=\"1024\" height=\"682\" data-id=\"20263\"  src=\"https:\/\/cuernavaca.gob.mx\/wp-content\/uploads\/2022\/10\/expo-dia-de-muertos-12-1024x682.jpg\" alt=\"\" class=\"wp-image-20263\" srcset=\"https:\/\/cuernavaca.gob.mx\/wp-content\/uploads\/2022\/10\/expo-dia-de-muertos-12-1024x682.jpg 1024w, https:\/\/cuernavaca.gob.mx\/wp-content\/uploads\/2022\/10\/expo-dia-de-muertos-12-300x200.jpg 300w, https:\/\/cuernavaca.gob.mx\/wp-content\/uploads\/2022\/10\/expo-dia-de-muertos-12-768x512.jpg 768w, https:\/\/cuernavaca.gob.mx\/wp-content\/uploads\/2022\/10\/expo-dia-de-muertos-12-600x400.jpg 600w, https:\/\/cuernavaca.gob.mx\/wp-content\/uploads\/2022\/10\/expo-dia-de-muertos-12-560x373.jpg 560w, https:\/\/cuernavaca.gob.mx\/wp-content\/uploads\/2022\/10\/expo-dia-de-muertos-12.jpg 1280w\" sizes=\"(max-width: 1024px) 100vw, 1024px\" \/><\/figure>\n\n\n\n<figure class=\"wp-block-image size-large\"><img loading=\"lazy\" width=\"1024\" height=\"682\" data-id=\"20265\"  src=\"https:\/\/cuernavaca.gob.mx\/wp-content\/uploads\/2022\/10\/expo-dia-de-muertos-13-1024x682.jpg\" alt=\"\" class=\"wp-image-20265\" srcset=\"https:\/\/cuernavaca.gob.mx\/wp-content\/uploads\/2022\/10\/expo-dia-de-muertos-13-1024x682.jpg 1024w, https:\/\/cuernavaca.gob.mx\/wp-content\/uploads\/2022\/10\/expo-dia-de-muertos-13-300x200.jpg 300w, https:\/\/cuernavaca.gob.mx\/wp-content\/uploads\/2022\/10\/expo-dia-de-muertos-13-768x512.jpg 768w, https:\/\/cuernavaca.gob.mx\/wp-content\/uploads\/2022\/10\/expo-dia-de-muertos-13-600x400.jpg 600w, https:\/\/cuernavaca.gob.mx\/wp-content\/uploads\/2022\/10\/expo-dia-de-muertos-13-560x373.jpg 560w, https:\/\/cuernavaca.gob.mx\/wp-content\/uploads\/2022\/10\/expo-dia-de-muertos-13.jpg 1280w\" sizes=\"(max-width: 1024px) 100vw, 1024px\" \/><\/figure>\n\n\n\n<figure class=\"wp-block-image size-large\"><img loading=\"lazy\" width=\"1024\" height=\"682\" data-id=\"20264\"  src=\"https:\/\/cuernavaca.gob.mx\/wp-content\/uploads\/2022\/10\/expo-dia-de-muertos-14-1024x682.jpg\" alt=\"\" class=\"wp-image-20264\" srcset=\"https:\/\/cuernavaca.gob.mx\/wp-content\/uploads\/2022\/10\/expo-dia-de-muertos-14-1024x682.jpg 1024w, https:\/\/cuernavaca.gob.mx\/wp-content\/uploads\/2022\/10\/expo-dia-de-muertos-14-300x200.jpg 300w, https:\/\/cuernavaca.gob.mx\/wp-content\/uploads\/2022\/10\/expo-dia-de-muertos-14-768x512.jpg 768w, https:\/\/cuernavaca.gob.mx\/wp-content\/uploads\/2022\/10\/expo-dia-de-muertos-14-600x400.jpg 600w, https:\/\/cuernavaca.gob.mx\/wp-content\/uploads\/2022\/10\/expo-dia-de-muertos-14-560x373.jpg 560w, https:\/\/cuernavaca.gob.mx\/wp-content\/uploads\/2022\/10\/expo-dia-de-muertos-14.jpg 1280w\" sizes=\"(max-width: 1024px) 100vw, 1024px\" \/><\/figure>\n\n\n\n<figure class=\"wp-block-image size-large\"><img loading=\"lazy\" width=\"1024\" height=\"682\" data-id=\"20266\"  src=\"https:\/\/cuernavaca.gob.mx\/wp-content\/uploads\/2022\/10\/expo-dia-de-muertos-15-1024x682.jpg\" alt=\"\" class=\"wp-image-20266\" srcset=\"https:\/\/cuernavaca.gob.mx\/wp-content\/uploads\/2022\/10\/expo-dia-de-muertos-15-1024x682.jpg 1024w, https:\/\/cuernavaca.gob.mx\/wp-content\/uploads\/2022\/10\/expo-dia-de-muertos-15-300x200.jpg 300w, https:\/\/cuernavaca.gob.mx\/wp-content\/uploads\/2022\/10\/expo-dia-de-muertos-15-768x512.jpg 768w, https:\/\/cuernavaca.gob.mx\/wp-content\/uploads\/2022\/10\/expo-dia-de-muertos-15-600x400.jpg 600w, https:\/\/cuernavaca.gob.mx\/wp-content\/uploads\/2022\/10\/expo-dia-de-muertos-15-560x373.jpg 560w, https:\/\/cuernavaca.gob.mx\/wp-content\/uploads\/2022\/10\/expo-dia-de-muertos-15.jpg 1280w\" sizes=\"(max-width: 1024px) 100vw, 1024px\" \/><\/figure>\n\n\n\n<figure class=\"wp-block-image size-large\"><img loading=\"lazy\" width=\"1024\" height=\"682\" data-id=\"20267\"  src=\"https:\/\/cuernavaca.gob.mx\/wp-content\/uploads\/2022\/10\/expo-dia-de-muertos-16-1024x682.jpg\" alt=\"\" class=\"wp-image-20267\" srcset=\"https:\/\/cuernavaca.gob.mx\/wp-content\/uploads\/2022\/10\/expo-dia-de-muertos-16-1024x682.jpg 1024w, https:\/\/cuernavaca.gob.mx\/wp-content\/uploads\/2022\/10\/expo-dia-de-muertos-16-300x200.jpg 300w, https:\/\/cuernavaca.gob.mx\/wp-content\/uploads\/2022\/10\/expo-dia-de-muertos-16-768x512.jpg 768w, https:\/\/cuernavaca.gob.mx\/wp-content\/uploads\/2022\/10\/expo-dia-de-muertos-16-600x400.jpg 600w, https:\/\/cuernavaca.gob.mx\/wp-content\/uploads\/2022\/10\/expo-dia-de-muertos-16-560x373.jpg 560w, https:\/\/cuernavaca.gob.mx\/wp-content\/uploads\/2022\/10\/expo-dia-de-muertos-16.jpg 1280w\" sizes=\"(max-width: 1024px) 100vw, 1024px\" \/><\/figure>\n\n\n\n<figure class=\"wp-block-image size-large\"><img loading=\"lazy\" width=\"1024\" height=\"682\" data-id=\"20268\"  src=\"https:\/\/cuernavaca.gob.mx\/wp-content\/uploads\/2022\/10\/expo-dia-de-muertos-17-1024x682.jpg\" alt=\"\" class=\"wp-image-20268\" srcset=\"https:\/\/cuernavaca.gob.mx\/wp-content\/uploads\/2022\/10\/expo-dia-de-muertos-17-1024x682.jpg 1024w, https:\/\/cuernavaca.gob.mx\/wp-content\/uploads\/2022\/10\/expo-dia-de-muertos-17-300x200.jpg 300w, https:\/\/cuernavaca.gob.mx\/wp-content\/uploads\/2022\/10\/expo-dia-de-muertos-17-768x512.jpg 768w, https:\/\/cuernavaca.gob.mx\/wp-content\/uploads\/2022\/10\/expo-dia-de-muertos-17-600x400.jpg 600w, https:\/\/cuernavaca.gob.mx\/wp-content\/uploads\/2022\/10\/expo-dia-de-muertos-17-560x373.jpg 560w, https:\/\/cuernavaca.gob.mx\/wp-content\/uploads\/2022\/10\/expo-dia-de-muertos-17.jpg 1280w\" sizes=\"(max-width: 1024px) 100vw, 1024px\" \/><\/figure>\n\n\n\n<figure class=\"wp-block-image size-large\"><img loading=\"lazy\" width=\"1024\" height=\"682\" data-id=\"20269\"  src=\"https:\/\/cuernavaca.gob.mx\/wp-content\/uploads\/2022\/10\/expo-dia-de-muertos-18-1024x682.jpg\" alt=\"\" class=\"wp-image-20269\" srcset=\"https:\/\/cuernavaca.gob.mx\/wp-content\/uploads\/2022\/10\/expo-dia-de-muertos-18-1024x682.jpg 1024w, https:\/\/cuernavaca.gob.mx\/wp-content\/uploads\/2022\/10\/expo-dia-de-muertos-18-300x200.jpg 300w, https:\/\/cuernavaca.gob.mx\/wp-content\/uploads\/2022\/10\/expo-dia-de-muertos-18-768x512.jpg 768w, https:\/\/cuernavaca.gob.mx\/wp-content\/uploads\/2022\/10\/expo-dia-de-muertos-18-600x400.jpg 600w, https:\/\/cuernavaca.gob.mx\/wp-content\/uploads\/2022\/10\/expo-dia-de-muertos-18-560x373.jpg 560w, https:\/\/cuernavaca.gob.mx\/wp-content\/uploads\/2022\/10\/expo-dia-de-muertos-18.jpg 1280w\" sizes=\"(max-width: 1024px) 100vw, 1024px\" \/><\/figure>\n\n\n\n<figure class=\"wp-block-image size-large\"><img loading=\"lazy\" width=\"1024\" height=\"682\" data-id=\"20270\"  src=\"https:\/\/cuernavaca.gob.mx\/wp-content\/uploads\/2022\/10\/expo-dia-de-muertos-19-1024x682.jpg\" alt=\"\" class=\"wp-image-20270\" srcset=\"https:\/\/cuernavaca.gob.mx\/wp-content\/uploads\/2022\/10\/expo-dia-de-muertos-19-1024x682.jpg 1024w, https:\/\/cuernavaca.gob.mx\/wp-content\/uploads\/2022\/10\/expo-dia-de-muertos-19-300x200.jpg 300w, https:\/\/cuernavaca.gob.mx\/wp-content\/uploads\/2022\/10\/expo-dia-de-muertos-19-768x512.jpg 768w, https:\/\/cuernavaca.gob.mx\/wp-content\/uploads\/2022\/10\/expo-dia-de-muertos-19-600x400.jpg 600w, https:\/\/cuernavaca.gob.mx\/wp-content\/uploads\/2022\/10\/expo-dia-de-muertos-19-560x373.jpg 560w, https:\/\/cuernavaca.gob.mx\/wp-content\/uploads\/2022\/10\/expo-dia-de-muertos-19.jpg 1280w\" sizes=\"(max-width: 1024px) 100vw, 1024px\" \/><\/figure>\n\n\n\n<figure class=\"wp-block-image size-large\"><img loading=\"lazy\" width=\"1024\" height=\"682\" data-id=\"20271\"  src=\"https:\/\/cuernavaca.gob.mx\/wp-content\/uploads\/2022\/10\/expo-dia-de-muertos-20-1024x682.jpg\" alt=\"\" class=\"wp-image-20271\" srcset=\"https:\/\/cuernavaca.gob.mx\/wp-content\/uploads\/2022\/10\/expo-dia-de-muertos-20-1024x682.jpg 1024w, https:\/\/cuernavaca.gob.mx\/wp-content\/uploads\/2022\/10\/expo-dia-de-muertos-20-300x200.jpg 300w, https:\/\/cuernavaca.gob.mx\/wp-content\/uploads\/2022\/10\/expo-dia-de-muertos-20-768x512.jpg 768w, https:\/\/cuernavaca.gob.mx\/wp-content\/uploads\/2022\/10\/expo-dia-de-muertos-20-600x400.jpg 600w, https:\/\/cuernavaca.gob.mx\/wp-content\/uploads\/2022\/10\/expo-dia-de-muertos-20-560x373.jpg 560w, https:\/\/cuernavaca.gob.mx\/wp-content\/uploads\/2022\/10\/expo-dia-de-muertos-20.jpg 1280w\" sizes=\"(max-width: 1024px) 100vw, 1024px\" \/><\/figure>\n\n\n\n<figure class=\"wp-block-image size-large\"><img loading=\"lazy\" width=\"1024\" height=\"682\" data-id=\"20272\"  src=\"https:\/\/cuernavaca.gob.mx\/wp-content\/uploads\/2022\/10\/expo-dia-de-muertos-21-1024x682.jpg\" alt=\"\" class=\"wp-image-20272\" srcset=\"https:\/\/cuernavaca.gob.mx\/wp-content\/uploads\/2022\/10\/expo-dia-de-muertos-21-1024x682.jpg 1024w, https:\/\/cuernavaca.gob.mx\/wp-content\/uploads\/2022\/10\/expo-dia-de-muertos-21-300x200.jpg 300w, https:\/\/cuernavaca.gob.mx\/wp-content\/uploads\/2022\/10\/expo-dia-de-muertos-21-768x512.jpg 768w, https:\/\/cuernavaca.gob.mx\/wp-content\/uploads\/2022\/10\/expo-dia-de-muertos-21-600x400.jpg 600w, https:\/\/cuernavaca.gob.mx\/wp-content\/uploads\/2022\/10\/expo-dia-de-muertos-21-560x373.jpg 560w, https:\/\/cuernavaca.gob.mx\/wp-content\/uploads\/2022\/10\/expo-dia-de-muertos-21.jpg 1280w\" sizes=\"(max-width: 1024px) 100vw, 1024px\" \/><\/figure>\n\n\n\n<figure class=\"wp-block-image size-large\"><img loading=\"lazy\" width=\"1024\" height=\"576\" data-id=\"20273\"  src=\"https:\/\/cuernavaca.gob.mx\/wp-content\/uploads\/2022\/10\/expo-dia-de-muertos-22-1024x576.jpg\" alt=\"\" class=\"wp-image-20273\" srcset=\"https:\/\/cuernavaca.gob.mx\/wp-content\/uploads\/2022\/10\/expo-dia-de-muertos-22-1024x576.jpg 1024w, https:\/\/cuernavaca.gob.mx\/wp-content\/uploads\/2022\/10\/expo-dia-de-muertos-22-300x169.jpg 300w, https:\/\/cuernavaca.gob.mx\/wp-content\/uploads\/2022\/10\/expo-dia-de-muertos-22-768x432.jpg 768w, https:\/\/cuernavaca.gob.mx\/wp-content\/uploads\/2022\/10\/expo-dia-de-muertos-22-600x338.jpg 600w, https:\/\/cuernavaca.gob.mx\/wp-content\/uploads\/2022\/10\/expo-dia-de-muertos-22-560x315.jpg 560w, https:\/\/cuernavaca.gob.mx\/wp-content\/uploads\/2022\/10\/expo-dia-de-muertos-22.jpg 1280w\" sizes=\"(max-width: 1024px) 100vw, 1024px\" \/><\/figure>\n<\/figure>\n","protected":false},"excerpt":{"rendered":"<p>\u2022 Se llevar\u00e1 cabo del 21 al 25 de octubre en calle Jard\u00edn Ju\u00e1rez contando con la participaci\u00f3n de productores artesanales de pan, de flores ornamentales y ap\u00edcolas \u2022 Este lunes el Ayuntamiento de Cuernavaca encabez\u00f3 la elaboraci\u00f3n de una catrina monumental con mil 624 piezas de pan elaboradas por 31 productores y 300 flores [&hellip;]<\/p>\n","protected":false},"author":1,"featured_media":20254,"comment_status":"closed","ping_status":"open","sticky":false,"template":"","format":"standard","meta":[],"categories":[2294,21],"tags":[2512,121,375,2490,120,2267,206,2225,194],"aioseo_notices":[],"_links":{"self":[{"href":"https:\/\/cuernavaca.gob.mx\/index.php?rest_route=\/wp\/v2\/posts\/20251"}],"collection":[{"href":"https:\/\/cuernavaca.gob.mx\/index.php?rest_route=\/wp\/v2\/posts"}],"about":[{"href":"https:\/\/cuernavaca.gob.mx\/index.php?rest_route=\/wp\/v2\/types\/post"}],"author":[{"embeddable":true,"href":"https:\/\/cuernavaca.gob.mx\/index.php?rest_route=\/wp\/v2\/users\/1"}],"replies":[{"embeddable":true,"href":"https:\/\/cuernavaca.gob.mx\/index.php?rest_route=%2Fwp%2Fv2%2Fcomments&post=20251"}],"version-history":[{"count":1,"href":"https:\/\/cuernavaca.gob.mx\/index.php?rest_route=\/wp\/v2\/posts\/20251\/revisions"}],"predecessor-version":[{"id":20274,"href":"https:\/\/cuernavaca.gob.mx\/index.php?rest_route=\/wp\/v2\/posts\/20251\/revisions\/20274"}],"wp:featuredmedia":[{"embeddable":true,"href":"https:\/\/cuernavaca.gob.mx\/index.php?rest_route=\/wp\/v2\/media\/20254"}],"wp:attachment":[{"href":"https:\/\/cuernavaca.gob.mx\/index.php?rest_route=%2Fwp%2Fv2%2Fmedia&parent=20251"}],"wp:term":[{"taxonomy":"category","embeddable":true,"href":"https:\/\/cuernavaca.gob.mx\/index.php?rest_route=%2Fwp%2Fv2%2Fcategories&post=20251"},{"taxonomy":"post_tag","embeddable":true,"href":"https:\/\/cuernavaca.gob.mx\/index.php?rest_route=%2Fwp%2Fv2%2Ftags&post=20251"}],"curies":[{"name":"wp","href":"https:\/\/api.w.org\/{rel}","templated":true}]}}