{"id":20275,"date":"2022-10-17T15:00:00","date_gmt":"2022-10-17T20:00:00","guid":{"rendered":"https:\/\/cuernavaca.gob.mx\/?p=20275"},"modified":"2025-05-06T12:18:07","modified_gmt":"2025-05-06T18:18:07","slug":"b421-17-10-22-continuan-impartiendose-platicas-sobre-los-derechos-de-las-infancias-y-prevencion-de-violencia-en-escuelas-de-cuernavaca","status":"publish","type":"post","link":"https:\/\/cuernavaca.gob.mx\/?p=20275","title":{"rendered":"B421 17\/10\/22 CONTINUAN IMPARTIENDOSE PLATICAS SOBRE LOS DERECHOS DE LAS INFANCIAS Y PREVENCI\u00d3N DE VIOLENCIA EN ESCUELAS DE CUERNAVACA"},"content":{"rendered":"\n<p><strong>\u2022 Se visit\u00f3 la Escuela Primaria Urbana Federal \u201cMariano Matamoros\u201d del poblado de Chamilpa donde se habl\u00f3 sobre el \u201cEspacio libre de violencia\u201d<\/strong><\/p>\n\n\n\n<p><strong>\u2022 Es un trabajo conjunto entre la Secretar\u00eda de Desarrollo Humano y Participaci\u00f3n Social y la Comisi\u00f3n de Derechos Humanos del Estado de Morelos<\/strong><\/p>\n\n\n\n<p>Gracias a la colaboraci\u00f3n entre la Secretar\u00eda de Desarrollo Humano y Participaci\u00f3n Social del Ayuntamiento de Cuernavaca y la Comisi\u00f3n de Derechos Humanos del Estado de Morelos (CDHEM), se promueve entre ni\u00f1as y ni\u00f1os que asisten a escuelas del municipio cu\u00e1les son sus derechos y obligaciones, as\u00ed como la importancia de practicar los valores humanos en la comunidad escolar y en familia.<\/p>\n\n\n\n<p>Personal de la CDHEM, por invitaci\u00f3n de la Direcci\u00f3n de Salud y Educaci\u00f3n del Gobierno Municipal, acudi\u00f3 a la Escuela Primaria Urbana Federal \u201cMariano Matamoros\u201d, ubicada en el poblado Chamilpa, para impartir la pl\u00e1tica \u201cEspacio libre de violencia\u201d y presentar a cuentacuentos, como ocurre cada 15 d\u00edas en planteles de Cuernavaca.<\/p>\n\n\n\n<p>A esta presentaci\u00f3n acudi\u00f3, Laura Hern\u00e1ndez Cruz, secretario de Desarrollo Humano y Social, quien comparti\u00f3 a los casi 300 ni\u00f1as y ni\u00f1os detalles sobre los programas que promueve la dependencia municipal de manera gratuita como \u201cLa hora del cuento\u201d, clases de futbol\u00edn, b\u00e1squetbol y nataci\u00f3n, taller de acuarela, medici\u00f3n de peso y talla y mucho m\u00e1s.<\/p>\n\n\n\n<p>Al inicio de esta din\u00e1mica, personal de la CDHEM ofreci\u00f3 a los alumnos de 1\u00b0, 2\u00b0, 3\u00b0 y 4\u00b0 grado un espect\u00e1culo de cuentacuentos con el texto \u201c\u00d3scar cola de lombriz\u201d, de Marcos Almada Rivero, mediante el cual se fomenta la autoestima en las y los menores, as\u00ed como aprender a respetar a las dem\u00e1s personas.<\/p>\n\n\n\n<p>Posteriormente, se imparti\u00f3 la pl\u00e1tica \u201cEspacio libre de violencia\u201d a las y los alumnos de 5\u00b0 y 6\u00b0 grado, con temas como los derechos de las y los ni\u00f1os, la salud mental y el respeto, cuyo prop\u00f3sito es generar ambientes l\u00fadicos con sana convivencia.<\/p>\n\n\n\n<p>Cabe destacar que, cada 15 d\u00edas, se imparten este tipo de actividades en escuelas de educaci\u00f3n b\u00e1sica de Cuernavaca para contribuir a generar ambiente saludable para las y los menores, el cual redunde en mejor aprovechamiento escolar.<\/p>\n\n\n\n<p><\/p>\n\n\n\n<figure class=\"wp-container-2 wp-block-gallery-1 wp-block-gallery has-nested-images columns-default is-cropped\">\n<figure class=\"wp-block-image size-large\"><img loading=\"lazy\" width=\"1024\" height=\"768\" data-id=\"20276\"  src=\"https:\/\/cuernavaca.gob.mx\/wp-content\/uploads\/2022\/10\/prevencio\u0301n-del-delito-1-1024x768.jpg\" alt=\"\" class=\"wp-image-20276\" srcset=\"https:\/\/cuernavaca.gob.mx\/wp-content\/uploads\/2022\/10\/prevencio\u0301n-del-delito-1-1024x768.jpg 1024w, https:\/\/cuernavaca.gob.mx\/wp-content\/uploads\/2022\/10\/prevencio\u0301n-del-delito-1-300x225.jpg 300w, https:\/\/cuernavaca.gob.mx\/wp-content\/uploads\/2022\/10\/prevencio\u0301n-del-delito-1-768x576.jpg 768w, https:\/\/cuernavaca.gob.mx\/wp-content\/uploads\/2022\/10\/prevencio\u0301n-del-delito-1-600x450.jpg 600w, https:\/\/cuernavaca.gob.mx\/wp-content\/uploads\/2022\/10\/prevencio\u0301n-del-delito-1-560x420.jpg 560w, https:\/\/cuernavaca.gob.mx\/wp-content\/uploads\/2022\/10\/prevencio\u0301n-del-delito-1.jpg 1280w\" sizes=\"(max-width: 1024px) 100vw, 1024px\" \/><\/figure>\n\n\n\n<figure class=\"wp-block-image size-large\"><img loading=\"lazy\" width=\"1024\" height=\"768\" data-id=\"20278\"  src=\"https:\/\/cuernavaca.gob.mx\/wp-content\/uploads\/2022\/10\/prevencio\u0301n-del-delito-2-1024x768.jpg\" alt=\"\" class=\"wp-image-20278\" srcset=\"https:\/\/cuernavaca.gob.mx\/wp-content\/uploads\/2022\/10\/prevencio\u0301n-del-delito-2-1024x768.jpg 1024w, https:\/\/cuernavaca.gob.mx\/wp-content\/uploads\/2022\/10\/prevencio\u0301n-del-delito-2-300x225.jpg 300w, https:\/\/cuernavaca.gob.mx\/wp-content\/uploads\/2022\/10\/prevencio\u0301n-del-delito-2-768x576.jpg 768w, https:\/\/cuernavaca.gob.mx\/wp-content\/uploads\/2022\/10\/prevencio\u0301n-del-delito-2-600x450.jpg 600w, https:\/\/cuernavaca.gob.mx\/wp-content\/uploads\/2022\/10\/prevencio\u0301n-del-delito-2-560x420.jpg 560w, https:\/\/cuernavaca.gob.mx\/wp-content\/uploads\/2022\/10\/prevencio\u0301n-del-delito-2.jpg 1280w\" sizes=\"(max-width: 1024px) 100vw, 1024px\" \/><\/figure>\n\n\n\n<figure class=\"wp-block-image size-large\"><img loading=\"lazy\" width=\"1024\" height=\"768\" data-id=\"20277\"  src=\"https:\/\/cuernavaca.gob.mx\/wp-content\/uploads\/2022\/10\/prevencio\u0301n-del-delito-3-1024x768.jpg\" alt=\"\" class=\"wp-image-20277\" srcset=\"https:\/\/cuernavaca.gob.mx\/wp-content\/uploads\/2022\/10\/prevencio\u0301n-del-delito-3-1024x768.jpg 1024w, https:\/\/cuernavaca.gob.mx\/wp-content\/uploads\/2022\/10\/prevencio\u0301n-del-delito-3-300x225.jpg 300w, https:\/\/cuernavaca.gob.mx\/wp-content\/uploads\/2022\/10\/prevencio\u0301n-del-delito-3-768x576.jpg 768w, https:\/\/cuernavaca.gob.mx\/wp-content\/uploads\/2022\/10\/prevencio\u0301n-del-delito-3-600x450.jpg 600w, https:\/\/cuernavaca.gob.mx\/wp-content\/uploads\/2022\/10\/prevencio\u0301n-del-delito-3-560x420.jpg 560w, https:\/\/cuernavaca.gob.mx\/wp-content\/uploads\/2022\/10\/prevencio\u0301n-del-delito-3.jpg 1280w\" sizes=\"(max-width: 1024px) 100vw, 1024px\" \/><\/figure>\n\n\n\n<figure class=\"wp-block-image size-large\"><img loading=\"lazy\" width=\"1024\" height=\"768\" data-id=\"20279\"  src=\"https:\/\/cuernavaca.gob.mx\/wp-content\/uploads\/2022\/10\/prevencio\u0301n-del-delito-4-1024x768.jpg\" alt=\"\" class=\"wp-image-20279\" srcset=\"https:\/\/cuernavaca.gob.mx\/wp-content\/uploads\/2022\/10\/prevencio\u0301n-del-delito-4-1024x768.jpg 1024w, https:\/\/cuernavaca.gob.mx\/wp-content\/uploads\/2022\/10\/prevencio\u0301n-del-delito-4-300x225.jpg 300w, https:\/\/cuernavaca.gob.mx\/wp-content\/uploads\/2022\/10\/prevencio\u0301n-del-delito-4-768x576.jpg 768w, https:\/\/cuernavaca.gob.mx\/wp-content\/uploads\/2022\/10\/prevencio\u0301n-del-delito-4-600x450.jpg 600w, https:\/\/cuernavaca.gob.mx\/wp-content\/uploads\/2022\/10\/prevencio\u0301n-del-delito-4-560x420.jpg 560w, https:\/\/cuernavaca.gob.mx\/wp-content\/uploads\/2022\/10\/prevencio\u0301n-del-delito-4.jpg 1280w\" sizes=\"(max-width: 1024px) 100vw, 1024px\" \/><\/figure>\n<\/figure>\n","protected":false},"excerpt":{"rendered":"<p>\u2022 Se visit\u00f3 la Escuela Primaria Urbana Federal \u201cMariano Matamoros\u201d del poblado de Chamilpa donde se habl\u00f3 sobre el \u201cEspacio libre de violencia\u201d \u2022 Es un trabajo conjunto entre la Secretar\u00eda de Desarrollo Humano y Participaci\u00f3n Social y la Comisi\u00f3n de Derechos Humanos del Estado de Morelos Gracias a la colaboraci\u00f3n entre la Secretar\u00eda de [&hellip;]<\/p>\n","protected":false},"author":1,"featured_media":20279,"comment_status":"closed","ping_status":"open","sticky":false,"template":"","format":"standard","meta":[],"categories":[862],"tags":[121,1268,1510,120,206,2513,125],"aioseo_notices":[],"_links":{"self":[{"href":"https:\/\/cuernavaca.gob.mx\/index.php?rest_route=\/wp\/v2\/posts\/20275"}],"collection":[{"href":"https:\/\/cuernavaca.gob.mx\/index.php?rest_route=\/wp\/v2\/posts"}],"about":[{"href":"https:\/\/cuernavaca.gob.mx\/index.php?rest_route=\/wp\/v2\/types\/post"}],"author":[{"embeddable":true,"href":"https:\/\/cuernavaca.gob.mx\/index.php?rest_route=\/wp\/v2\/users\/1"}],"replies":[{"embeddable":true,"href":"https:\/\/cuernavaca.gob.mx\/index.php?rest_route=%2Fwp%2Fv2%2Fcomments&post=20275"}],"version-history":[{"count":1,"href":"https:\/\/cuernavaca.gob.mx\/index.php?rest_route=\/wp\/v2\/posts\/20275\/revisions"}],"predecessor-version":[{"id":20280,"href":"https:\/\/cuernavaca.gob.mx\/index.php?rest_route=\/wp\/v2\/posts\/20275\/revisions\/20280"}],"wp:featuredmedia":[{"embeddable":true,"href":"https:\/\/cuernavaca.gob.mx\/index.php?rest_route=\/wp\/v2\/media\/20279"}],"wp:attachment":[{"href":"https:\/\/cuernavaca.gob.mx\/index.php?rest_route=%2Fwp%2Fv2%2Fmedia&parent=20275"}],"wp:term":[{"taxonomy":"category","embeddable":true,"href":"https:\/\/cuernavaca.gob.mx\/index.php?rest_route=%2Fwp%2Fv2%2Fcategories&post=20275"},{"taxonomy":"post_tag","embeddable":true,"href":"https:\/\/cuernavaca.gob.mx\/index.php?rest_route=%2Fwp%2Fv2%2Ftags&post=20275"}],"curies":[{"name":"wp","href":"https:\/\/api.w.org\/{rel}","templated":true}]}}