{"id":20302,"date":"2022-10-18T12:30:00","date_gmt":"2022-10-18T17:30:00","guid":{"rendered":"https:\/\/cuernavaca.gob.mx\/?p=20302"},"modified":"2025-05-06T12:18:06","modified_gmt":"2025-05-06T18:18:06","slug":"f202-18-10-22-mediante-el-dialogo-llega-sapac-a-acuerdos-con-vecinos-inconformes-de-la-calle-leyva","status":"publish","type":"post","link":"https:\/\/cuernavaca.gob.mx\/?p=20302","title":{"rendered":"F202 18\/10\/22 MEDIANTE EL DI\u00c1LOGO LLEGA SAPAC A ACUERDOS CON VECINOS INCONFORMES DE LA CALLE LEYVA"},"content":{"rendered":"\n<p>Utilizando el di\u00e1logo como la principal v\u00eda para llegar a acuerdos, este martes la Directora General del SAPAC, Evelia Flores Hern\u00e1ndez, en compa\u00f1\u00eda de su equipo operativo atendieron a vecinos inconformes de la calle Leyva en la colonia Centro, a fin de responder a sus demandas referentes al abastecimiento del agua potable.<\/p>\n\n\n\n<p>El jefe de operaci\u00f3n, Gonzalo \u00c1vila Rojas, explic\u00f3 a la comitiva los motivos por los cuales fue interrumpido el servicio, destacando que el \u00e1rea a su cargo ya trabaja en la b\u00fasqueda de alternativas de soluci\u00f3n permanente, para poner en marcha una obra que permita optimizar el suministro del agua, acciones que se buscar\u00e1n desarrollar de la mano con la ciudadan\u00eda.<\/p>\n\n\n\n<p>De igual forma, se acord\u00f3 realizar movimientos extraordinarios para dotar del servicio durante las pr\u00f3ximas 3 horas, permitiendo con ello el llenado de sus sistemas de almacenamiento, para posteriormente entrar en el curso normal de tandeos establecidos.<\/p>\n\n\n\n<p>Cabe se\u00f1alar que personal operativo, realiz\u00f3 un recorrido de supervisi\u00f3n por la zona a fin de corroborar la llegada del l\u00edquido, evidencias que fueron mostradas a los vecinos, quienes accedieron a liberar la vialidad ante la respuesta inmediata.<\/p>\n\n\n\n<p>Finalmente, la Directora General, Evelia Flores, precis\u00f3 que la presente administraci\u00f3n del SAPAC se conduce bajo la pol\u00edtica de puertas abiertas, por lo que invit\u00f3 a los habitantes a acercarse en todo momento a dialogar cuando tengan alg\u00fan tema pendiente con el organismo.<\/p>\n\n\n\n<figure class=\"wp-container-2 wp-block-gallery-1 wp-block-gallery has-nested-images columns-default is-cropped\">\n<figure class=\"wp-block-image size-large\"><img loading=\"lazy\" width=\"1024\" height=\"574\" data-id=\"20303\"  src=\"https:\/\/cuernavaca.gob.mx\/wp-content\/uploads\/2022\/10\/sapac-1-1024x574.jpg\" alt=\"\" class=\"wp-image-20303\" srcset=\"https:\/\/cuernavaca.gob.mx\/wp-content\/uploads\/2022\/10\/sapac-1-1024x574.jpg 1024w, https:\/\/cuernavaca.gob.mx\/wp-content\/uploads\/2022\/10\/sapac-1-300x168.jpg 300w, https:\/\/cuernavaca.gob.mx\/wp-content\/uploads\/2022\/10\/sapac-1-768x431.jpg 768w, https:\/\/cuernavaca.gob.mx\/wp-content\/uploads\/2022\/10\/sapac-1-600x337.jpg 600w, https:\/\/cuernavaca.gob.mx\/wp-content\/uploads\/2022\/10\/sapac-1-560x314.jpg 560w, https:\/\/cuernavaca.gob.mx\/wp-content\/uploads\/2022\/10\/sapac-1.jpg 1280w\" sizes=\"(max-width: 1024px) 100vw, 1024px\" \/><\/figure>\n\n\n\n<figure class=\"wp-block-image size-large\"><img loading=\"lazy\" width=\"1024\" height=\"577\" data-id=\"20304\"  src=\"https:\/\/cuernavaca.gob.mx\/wp-content\/uploads\/2022\/10\/sapac-2-1024x577.jpg\" alt=\"\" class=\"wp-image-20304\" srcset=\"https:\/\/cuernavaca.gob.mx\/wp-content\/uploads\/2022\/10\/sapac-2-1024x577.jpg 1024w, https:\/\/cuernavaca.gob.mx\/wp-content\/uploads\/2022\/10\/sapac-2-300x169.jpg 300w, https:\/\/cuernavaca.gob.mx\/wp-content\/uploads\/2022\/10\/sapac-2-768x432.jpg 768w, https:\/\/cuernavaca.gob.mx\/wp-content\/uploads\/2022\/10\/sapac-2-1536x865.jpg 1536w, https:\/\/cuernavaca.gob.mx\/wp-content\/uploads\/2022\/10\/sapac-2-600x338.jpg 600w, https:\/\/cuernavaca.gob.mx\/wp-content\/uploads\/2022\/10\/sapac-2-560x315.jpg 560w, https:\/\/cuernavaca.gob.mx\/wp-content\/uploads\/2022\/10\/sapac-2.jpg 1600w\" sizes=\"(max-width: 1024px) 100vw, 1024px\" \/><\/figure>\n\n\n\n<figure class=\"wp-block-image size-large\"><img loading=\"lazy\" width=\"1024\" height=\"577\" data-id=\"20305\"  src=\"https:\/\/cuernavaca.gob.mx\/wp-content\/uploads\/2022\/10\/sapac-3-1024x577.jpg\" alt=\"\" class=\"wp-image-20305\" srcset=\"https:\/\/cuernavaca.gob.mx\/wp-content\/uploads\/2022\/10\/sapac-3-1024x577.jpg 1024w, https:\/\/cuernavaca.gob.mx\/wp-content\/uploads\/2022\/10\/sapac-3-300x169.jpg 300w, https:\/\/cuernavaca.gob.mx\/wp-content\/uploads\/2022\/10\/sapac-3-768x432.jpg 768w, https:\/\/cuernavaca.gob.mx\/wp-content\/uploads\/2022\/10\/sapac-3-1536x865.jpg 1536w, https:\/\/cuernavaca.gob.mx\/wp-content\/uploads\/2022\/10\/sapac-3-600x338.jpg 600w, https:\/\/cuernavaca.gob.mx\/wp-content\/uploads\/2022\/10\/sapac-3-560x315.jpg 560w, https:\/\/cuernavaca.gob.mx\/wp-content\/uploads\/2022\/10\/sapac-3.jpg 1600w\" sizes=\"(max-width: 1024px) 100vw, 1024px\" \/><\/figure>\n\n\n\n<figure class=\"wp-block-image size-large\"><img loading=\"lazy\" width=\"1024\" height=\"577\" data-id=\"20306\"  src=\"https:\/\/cuernavaca.gob.mx\/wp-content\/uploads\/2022\/10\/sapac-4-1024x577.jpg\" alt=\"\" class=\"wp-image-20306\" srcset=\"https:\/\/cuernavaca.gob.mx\/wp-content\/uploads\/2022\/10\/sapac-4-1024x577.jpg 1024w, https:\/\/cuernavaca.gob.mx\/wp-content\/uploads\/2022\/10\/sapac-4-300x169.jpg 300w, https:\/\/cuernavaca.gob.mx\/wp-content\/uploads\/2022\/10\/sapac-4-768x432.jpg 768w, https:\/\/cuernavaca.gob.mx\/wp-content\/uploads\/2022\/10\/sapac-4-1536x865.jpg 1536w, https:\/\/cuernavaca.gob.mx\/wp-content\/uploads\/2022\/10\/sapac-4-600x338.jpg 600w, https:\/\/cuernavaca.gob.mx\/wp-content\/uploads\/2022\/10\/sapac-4-560x315.jpg 560w, https:\/\/cuernavaca.gob.mx\/wp-content\/uploads\/2022\/10\/sapac-4.jpg 1600w\" sizes=\"(max-width: 1024px) 100vw, 1024px\" \/><\/figure>\n<\/figure>\n","protected":false},"excerpt":{"rendered":"<p>Utilizando el di\u00e1logo como la principal v\u00eda para llegar a acuerdos, este martes la Directora General del SAPAC, Evelia Flores Hern\u00e1ndez, en compa\u00f1\u00eda de su equipo operativo atendieron a vecinos inconformes de la calle Leyva en la colonia Centro, a fin de responder a sus demandas referentes al abastecimiento del agua potable. El jefe de [&hellip;]<\/p>\n","protected":false},"author":1,"featured_media":20304,"comment_status":"closed","ping_status":"open","sticky":false,"template":"","format":"standard","meta":[],"categories":[145],"tags":[395,615,121,120,206,124],"aioseo_notices":[],"_links":{"self":[{"href":"https:\/\/cuernavaca.gob.mx\/index.php?rest_route=\/wp\/v2\/posts\/20302"}],"collection":[{"href":"https:\/\/cuernavaca.gob.mx\/index.php?rest_route=\/wp\/v2\/posts"}],"about":[{"href":"https:\/\/cuernavaca.gob.mx\/index.php?rest_route=\/wp\/v2\/types\/post"}],"author":[{"embeddable":true,"href":"https:\/\/cuernavaca.gob.mx\/index.php?rest_route=\/wp\/v2\/users\/1"}],"replies":[{"embeddable":true,"href":"https:\/\/cuernavaca.gob.mx\/index.php?rest_route=%2Fwp%2Fv2%2Fcomments&post=20302"}],"version-history":[{"count":1,"href":"https:\/\/cuernavaca.gob.mx\/index.php?rest_route=\/wp\/v2\/posts\/20302\/revisions"}],"predecessor-version":[{"id":20307,"href":"https:\/\/cuernavaca.gob.mx\/index.php?rest_route=\/wp\/v2\/posts\/20302\/revisions\/20307"}],"wp:featuredmedia":[{"embeddable":true,"href":"https:\/\/cuernavaca.gob.mx\/index.php?rest_route=\/wp\/v2\/media\/20304"}],"wp:attachment":[{"href":"https:\/\/cuernavaca.gob.mx\/index.php?rest_route=%2Fwp%2Fv2%2Fmedia&parent=20302"}],"wp:term":[{"taxonomy":"category","embeddable":true,"href":"https:\/\/cuernavaca.gob.mx\/index.php?rest_route=%2Fwp%2Fv2%2Fcategories&post=20302"},{"taxonomy":"post_tag","embeddable":true,"href":"https:\/\/cuernavaca.gob.mx\/index.php?rest_route=%2Fwp%2Fv2%2Ftags&post=20302"}],"curies":[{"name":"wp","href":"https:\/\/api.w.org\/{rel}","templated":true}]}}