{"id":20308,"date":"2022-10-18T13:30:00","date_gmt":"2022-10-18T18:30:00","guid":{"rendered":"https:\/\/cuernavaca.gob.mx\/?p=20308"},"modified":"2025-05-06T12:18:06","modified_gmt":"2025-05-06T18:18:06","slug":"b429-18-10-22-comenzo-en-el-ayuntamiento-de-cuernavaca-el-registro-de-aspirantes-a-integrar-los-consejos-de-participacion-social","status":"publish","type":"post","link":"https:\/\/cuernavaca.gob.mx\/?p=20308","title":{"rendered":"B429 18\/10\/22 COMENZ\u00d3 EN EL AYUNTAMIENTO DE CUERNAVACA EL REGISTRO DE ASPIRANTES A INTEGRAR LOS CONSEJOS DE PARTICIPACI\u00d3N SOCIAL"},"content":{"rendered":"\n<p><strong>\u2022 Se responde a la convocatoria aprobada por el Cabildo y da a los interesados del 17 al 21 de octubre como plazo para inscribirse en la sede Papagayo<\/strong><\/p>\n\n\n\n<p><strong>\u2022 El jueves 27 de octubre se emitir\u00e1 el dictamen con la lista de las planillas debidamente registradas<\/strong><\/p>\n\n\n\n<p>Con una gran convocatoria, dio inicio en el Ayuntamiento de Cuernavaca el registro de aspirantes a integrar los Consejos de Participaci\u00f3n Social de 241 colonias, mismo que se realizar\u00e1 de aqu\u00ed hasta el viernes 21 de octubre en la sede Papagayo del Gobierno Municipal, en un horario de 09:00 a 15:00 horas.<\/p>\n\n\n\n<p>Entre los requisitos que deben presentar los miembros de las agrupaciones de la ciudadan\u00eda interesada en participar son carta de residencia expedida por el municipio, la cual ser\u00e1 gratuita (\u00fanicamente para el presidente y suplente de cada una de las planillas); identificaci\u00f3n oficial, oficio en el cual conste la estructura de la agrupaci\u00f3n conformada por un presidente, secretario, tesorero, dos vocales y sus respectivos suplentes.<\/p>\n\n\n\n<p>Asimismo, contar con un plan de trabajo con claros beneficios social y presentar un plan de reciclaje de la propaganda que utilizar\u00e1n en campa\u00f1a, considerando que toda propaganda impresa deber\u00e1 ser con materiales biodegradables y que no contengan sustancias t\u00f3xicas o nocivas para la salud y el medio ambiente.<\/p>\n\n\n\n<p>Cada planilla podr\u00e1 elegir un color distintivo, para efectos de la elecci\u00f3n, el cual podr\u00e1n elegir conforme al orden de registro de las planillas, que se llevar\u00e1 a cabo conforme al Programa de Desarrollo Urbano del Centro de Poblaci\u00f3n del Municipio de Cuernavaca, ya que solo podr\u00e1n participar las colonias que se encuentran reconocidas en esta norma.<\/p>\n\n\n\n<p>El jueves 27 de octubre se emitir\u00e1 el dictamen con la lista de las planillas debidamente registradas, que se publicar\u00e1n en los estrados de la Direcci\u00f3n General de Pol\u00edtica Municipal y en los medios electr\u00f3nicos del municipio; el periodo de proselitismo ser\u00e1 del jueves 27 de octubre hasta las 23:59 horas del viernes 04 de noviembre para la elecci\u00f3n que se efectuar\u00e1 el domingo 06 de noviembre; para conocer la convocatoria, las personas interesadas deben acceder a las redes sociales oficiales del municipio.<\/p>\n\n\n\n<p>El director general de Pol\u00edtica Municipal, Jaime Castera Toscano, llam\u00f3 a la ciudadan\u00eda en general a aprovechar este derecho que tienen y participar en la convocatoria para lograr que Cuernavaca renazca con la participaci\u00f3n de su comunidad, al tener los Consejos de Participaci\u00f3n Social la facultad de hacer propuestas en cuestiones p\u00fablicas a trav\u00e9s de una vinculaci\u00f3n con las dem\u00e1s autoridades auxiliares y la propia administraci\u00f3n municipal.<\/p>\n\n\n\n<figure class=\"wp-container-2 wp-block-gallery-1 wp-block-gallery has-nested-images columns-default is-cropped\">\n<figure class=\"wp-block-image size-large\"><img loading=\"lazy\" width=\"1024\" height=\"682\" data-id=\"20309\"  src=\"https:\/\/cuernavaca.gob.mx\/wp-content\/uploads\/2022\/10\/9395183d-3d39-4cea-bfed-158ad23453c7-1024x682.jpg\" alt=\"\" class=\"wp-image-20309\" srcset=\"https:\/\/cuernavaca.gob.mx\/wp-content\/uploads\/2022\/10\/9395183d-3d39-4cea-bfed-158ad23453c7-1024x682.jpg 1024w, https:\/\/cuernavaca.gob.mx\/wp-content\/uploads\/2022\/10\/9395183d-3d39-4cea-bfed-158ad23453c7-300x200.jpg 300w, https:\/\/cuernavaca.gob.mx\/wp-content\/uploads\/2022\/10\/9395183d-3d39-4cea-bfed-158ad23453c7-768x512.jpg 768w, https:\/\/cuernavaca.gob.mx\/wp-content\/uploads\/2022\/10\/9395183d-3d39-4cea-bfed-158ad23453c7-600x400.jpg 600w, https:\/\/cuernavaca.gob.mx\/wp-content\/uploads\/2022\/10\/9395183d-3d39-4cea-bfed-158ad23453c7-560x373.jpg 560w, https:\/\/cuernavaca.gob.mx\/wp-content\/uploads\/2022\/10\/9395183d-3d39-4cea-bfed-158ad23453c7.jpg 1280w\" sizes=\"(max-width: 1024px) 100vw, 1024px\" \/><\/figure>\n\n\n\n<figure class=\"wp-block-image size-large\"><img loading=\"lazy\" width=\"1024\" height=\"682\" data-id=\"20310\"  src=\"https:\/\/cuernavaca.gob.mx\/wp-content\/uploads\/2022\/10\/consejos-de-participacion-social-1-1024x682.jpg\" alt=\"\" class=\"wp-image-20310\" srcset=\"https:\/\/cuernavaca.gob.mx\/wp-content\/uploads\/2022\/10\/consejos-de-participacion-social-1-1024x682.jpg 1024w, https:\/\/cuernavaca.gob.mx\/wp-content\/uploads\/2022\/10\/consejos-de-participacion-social-1-300x200.jpg 300w, https:\/\/cuernavaca.gob.mx\/wp-content\/uploads\/2022\/10\/consejos-de-participacion-social-1-768x512.jpg 768w, https:\/\/cuernavaca.gob.mx\/wp-content\/uploads\/2022\/10\/consejos-de-participacion-social-1-600x400.jpg 600w, https:\/\/cuernavaca.gob.mx\/wp-content\/uploads\/2022\/10\/consejos-de-participacion-social-1-560x373.jpg 560w, https:\/\/cuernavaca.gob.mx\/wp-content\/uploads\/2022\/10\/consejos-de-participacion-social-1.jpg 1280w\" sizes=\"(max-width: 1024px) 100vw, 1024px\" \/><\/figure>\n\n\n\n<figure class=\"wp-block-image size-large\"><img loading=\"lazy\" width=\"1024\" height=\"682\" data-id=\"20312\"  src=\"https:\/\/cuernavaca.gob.mx\/wp-content\/uploads\/2022\/10\/consejos-de-participacion-social-2-1024x682.jpg\" alt=\"\" class=\"wp-image-20312\" srcset=\"https:\/\/cuernavaca.gob.mx\/wp-content\/uploads\/2022\/10\/consejos-de-participacion-social-2-1024x682.jpg 1024w, https:\/\/cuernavaca.gob.mx\/wp-content\/uploads\/2022\/10\/consejos-de-participacion-social-2-300x200.jpg 300w, https:\/\/cuernavaca.gob.mx\/wp-content\/uploads\/2022\/10\/consejos-de-participacion-social-2-768x512.jpg 768w, https:\/\/cuernavaca.gob.mx\/wp-content\/uploads\/2022\/10\/consejos-de-participacion-social-2-600x400.jpg 600w, https:\/\/cuernavaca.gob.mx\/wp-content\/uploads\/2022\/10\/consejos-de-participacion-social-2-560x373.jpg 560w, https:\/\/cuernavaca.gob.mx\/wp-content\/uploads\/2022\/10\/consejos-de-participacion-social-2.jpg 1280w\" sizes=\"(max-width: 1024px) 100vw, 1024px\" \/><\/figure>\n\n\n\n<figure class=\"wp-block-image size-large\"><img loading=\"lazy\" width=\"1024\" height=\"682\" data-id=\"20313\"  src=\"https:\/\/cuernavaca.gob.mx\/wp-content\/uploads\/2022\/10\/consejos-de-participacion-social-3-1024x682.jpg\" alt=\"\" class=\"wp-image-20313\" srcset=\"https:\/\/cuernavaca.gob.mx\/wp-content\/uploads\/2022\/10\/consejos-de-participacion-social-3-1024x682.jpg 1024w, https:\/\/cuernavaca.gob.mx\/wp-content\/uploads\/2022\/10\/consejos-de-participacion-social-3-300x200.jpg 300w, https:\/\/cuernavaca.gob.mx\/wp-content\/uploads\/2022\/10\/consejos-de-participacion-social-3-768x512.jpg 768w, https:\/\/cuernavaca.gob.mx\/wp-content\/uploads\/2022\/10\/consejos-de-participacion-social-3-600x400.jpg 600w, https:\/\/cuernavaca.gob.mx\/wp-content\/uploads\/2022\/10\/consejos-de-participacion-social-3-560x373.jpg 560w, https:\/\/cuernavaca.gob.mx\/wp-content\/uploads\/2022\/10\/consejos-de-participacion-social-3.jpg 1280w\" sizes=\"(max-width: 1024px) 100vw, 1024px\" \/><\/figure>\n\n\n\n<figure class=\"wp-block-image size-large\"><img loading=\"lazy\" width=\"1024\" height=\"682\" data-id=\"20311\"  src=\"https:\/\/cuernavaca.gob.mx\/wp-content\/uploads\/2022\/10\/consejos-de-participacion-social-4-1024x682.jpg\" alt=\"\" class=\"wp-image-20311\" srcset=\"https:\/\/cuernavaca.gob.mx\/wp-content\/uploads\/2022\/10\/consejos-de-participacion-social-4-1024x682.jpg 1024w, https:\/\/cuernavaca.gob.mx\/wp-content\/uploads\/2022\/10\/consejos-de-participacion-social-4-300x200.jpg 300w, https:\/\/cuernavaca.gob.mx\/wp-content\/uploads\/2022\/10\/consejos-de-participacion-social-4-768x512.jpg 768w, https:\/\/cuernavaca.gob.mx\/wp-content\/uploads\/2022\/10\/consejos-de-participacion-social-4-600x400.jpg 600w, https:\/\/cuernavaca.gob.mx\/wp-content\/uploads\/2022\/10\/consejos-de-participacion-social-4-560x373.jpg 560w, https:\/\/cuernavaca.gob.mx\/wp-content\/uploads\/2022\/10\/consejos-de-participacion-social-4.jpg 1280w\" sizes=\"(max-width: 1024px) 100vw, 1024px\" \/><\/figure>\n\n\n\n<figure class=\"wp-block-image size-large\"><img loading=\"lazy\" width=\"1024\" height=\"682\" data-id=\"20314\"  src=\"https:\/\/cuernavaca.gob.mx\/wp-content\/uploads\/2022\/10\/consejos-de-participacion-social-5-1024x682.jpg\" alt=\"\" class=\"wp-image-20314\" srcset=\"https:\/\/cuernavaca.gob.mx\/wp-content\/uploads\/2022\/10\/consejos-de-participacion-social-5-1024x682.jpg 1024w, https:\/\/cuernavaca.gob.mx\/wp-content\/uploads\/2022\/10\/consejos-de-participacion-social-5-300x200.jpg 300w, https:\/\/cuernavaca.gob.mx\/wp-content\/uploads\/2022\/10\/consejos-de-participacion-social-5-768x512.jpg 768w, https:\/\/cuernavaca.gob.mx\/wp-content\/uploads\/2022\/10\/consejos-de-participacion-social-5-600x400.jpg 600w, https:\/\/cuernavaca.gob.mx\/wp-content\/uploads\/2022\/10\/consejos-de-participacion-social-5-560x373.jpg 560w, https:\/\/cuernavaca.gob.mx\/wp-content\/uploads\/2022\/10\/consejos-de-participacion-social-5.jpg 1280w\" sizes=\"(max-width: 1024px) 100vw, 1024px\" \/><\/figure>\n<\/figure>\n","protected":false},"excerpt":{"rendered":"<p>\u2022 Se responde a la convocatoria aprobada por el Cabildo y da a los interesados del 17 al 21 de octubre como plazo para inscribirse en la sede Papagayo \u2022 El jueves 27 de octubre se emitir\u00e1 el dictamen con la lista de las planillas debidamente registradas Con una gran convocatoria, dio inicio en el [&hellip;]<\/p>\n","protected":false},"author":1,"featured_media":20310,"comment_status":"closed","ping_status":"open","sticky":false,"template":"","format":"standard","meta":[],"categories":[20],"tags":[2467,121,321,120,206,1098],"aioseo_notices":[],"_links":{"self":[{"href":"https:\/\/cuernavaca.gob.mx\/index.php?rest_route=\/wp\/v2\/posts\/20308"}],"collection":[{"href":"https:\/\/cuernavaca.gob.mx\/index.php?rest_route=\/wp\/v2\/posts"}],"about":[{"href":"https:\/\/cuernavaca.gob.mx\/index.php?rest_route=\/wp\/v2\/types\/post"}],"author":[{"embeddable":true,"href":"https:\/\/cuernavaca.gob.mx\/index.php?rest_route=\/wp\/v2\/users\/1"}],"replies":[{"embeddable":true,"href":"https:\/\/cuernavaca.gob.mx\/index.php?rest_route=%2Fwp%2Fv2%2Fcomments&post=20308"}],"version-history":[{"count":1,"href":"https:\/\/cuernavaca.gob.mx\/index.php?rest_route=\/wp\/v2\/posts\/20308\/revisions"}],"predecessor-version":[{"id":20315,"href":"https:\/\/cuernavaca.gob.mx\/index.php?rest_route=\/wp\/v2\/posts\/20308\/revisions\/20315"}],"wp:featuredmedia":[{"embeddable":true,"href":"https:\/\/cuernavaca.gob.mx\/index.php?rest_route=\/wp\/v2\/media\/20310"}],"wp:attachment":[{"href":"https:\/\/cuernavaca.gob.mx\/index.php?rest_route=%2Fwp%2Fv2%2Fmedia&parent=20308"}],"wp:term":[{"taxonomy":"category","embeddable":true,"href":"https:\/\/cuernavaca.gob.mx\/index.php?rest_route=%2Fwp%2Fv2%2Fcategories&post=20308"},{"taxonomy":"post_tag","embeddable":true,"href":"https:\/\/cuernavaca.gob.mx\/index.php?rest_route=%2Fwp%2Fv2%2Ftags&post=20308"}],"curies":[{"name":"wp","href":"https:\/\/api.w.org\/{rel}","templated":true}]}}