{"id":20322,"date":"2022-10-18T16:00:00","date_gmt":"2022-10-18T21:00:00","guid":{"rendered":"https:\/\/cuernavaca.gob.mx\/?p=20322"},"modified":"2025-05-06T12:20:13","modified_gmt":"2025-05-06T18:20:13","slug":"b430-18-10-22-ayuntamiento-de-cuernavaca-llevara-a-cabo-jornada-de-vacunacion-contra-la-influenza","status":"publish","type":"post","link":"https:\/\/cuernavaca.gob.mx\/?p=20322","title":{"rendered":"B430 18\/10\/22 AYUNTAMIENTO DE CUERNAVACA LLEVAR\u00c1 A CABO JORNADA DE VACUNACI\u00d3N CONTRA LA INFLUENZA"},"content":{"rendered":"\n<p><strong>\u2022 La jornada de vacunaci\u00f3n ser\u00e1 el jueves 20 de octubre en la sede Papagayo en un horario de 09:00 a 14:00 horas, dirigida principalmente a grupos vulnerables<\/strong><\/p>\n\n\n\n<p><strong>\u2022 Est\u00e1 dirigida a menores de seis meses de nacidos a cinco a\u00f1os, mujeres embarazadas, adultos de 60 a\u00f1os y m\u00e1s, adem\u00e1s de personas con obesidad, diabetes, hipertensi\u00f3n, c\u00e1ncer y VIH\/Sida u otra afecci\u00f3n<\/strong><\/p>\n\n\n\n<p>El Ayuntamiento de Cuernavaca a trav\u00e9s de la Secretar\u00eda de Desarrollo Humano y Participaci\u00f3n Social y la Jurisdicci\u00f3n Sanitaria I, se suma a la Campa\u00f1a Nacional de Vacunaci\u00f3n contra la Influenza Estacional, llevando a cabo este jueves 20 de octubre una jornada de inoculaci\u00f3n en la sede Papagayo del Gobierno Municipal, dirigida a proteger a los grupos poblacionales m\u00e1s vulnerables a contraer esta enfermedad que suele incrementarse al cierre del a\u00f1o.<\/p>\n\n\n\n<p>El director general de Salud y Educaci\u00f3n, Josu\u00e9 Larios Morales, se\u00f1al\u00f3 que la vacunaci\u00f3n est\u00e1 dirigida a menores de seis meses de nacidos a cinco a\u00f1os, mujeres embarazadas, adultos de 60 a\u00f1os y m\u00e1s, adem\u00e1s de personas con obesidad, diabetes, hipertensi\u00f3n, c\u00e1ncer y VIH\/Sida u otra afecci\u00f3n que reduzca la respuesta inmunitaria, entre otros.<\/p>\n\n\n\n<p>Precis\u00f3 que la influenza se ha vuelto una enfermedad de tipo estacional, es decir, que en estos \u00faltimos meses del a\u00f1o es cuando incrementan los casos, por lo cual la actual administraci\u00f3n municipal se une a estos esfuerzos a nivel nacional para prevenir los contagios, recomendando a la poblaci\u00f3n el uso del cubrebocas, sobre todo en espacios cerrados debido a que tanto la influenza como la Covid-19 y la gran mayor\u00eda de las enfermedades respiratorias, tienden a transmitirse de la misma manera, requiriendo las medidas de higiene y prevenci\u00f3n que se han efectuado por la pandemia.<\/p>\n\n\n\n<p>\u201cA decir verdad, es un hecho que no ha habido tantos casos de procesos respiratorios en estas \u00faltimas semanas y esto es gracias al uso del cubrebocas que es un mecanismo bastante exitoso y evidentemente la vacuna, en t\u00e9rminos de beneficio, es altamente efectiva y eso se ha demostrado por a\u00f1os\u201d, afirm\u00f3.<\/p>\n\n\n\n<p>La jornada de vacunaci\u00f3n contra la influenza ser\u00e1 de 09:00 a 14:00 horas; la ciudadan\u00eda interesada en participar deber\u00e1 presentar identificaci\u00f3n oficial y en caso de poder llevarla, su cartilla de vacunaci\u00f3n, aunque no es obligatorio.<\/p>\n\n\n\n<p>Larios Morales recalc\u00f3 que el Gobierno Municipal de Cuernavaca est\u00e1 priorizando la prevenci\u00f3n en temas de salud, siendo prueba de ello es esta campa\u00f1a que se est\u00e1 organizando en un lugar accesible, abierto y con todas las garant\u00edas que se puedan dar para la atenci\u00f3n de todos los usuarios.<\/p>\n\n\n\n<figure class=\"wp-container-2 wp-block-gallery-1 wp-block-gallery has-nested-images columns-default is-cropped\">\n<figure class=\"wp-block-image size-large\"><img loading=\"lazy\" width=\"1024\" height=\"682\" data-id=\"20324\"  src=\"https:\/\/cuernavaca.gob.mx\/wp-content\/uploads\/2022\/10\/vacunacion-influenza-1-1024x682.jpg\" alt=\"\" class=\"wp-image-20324\" srcset=\"https:\/\/cuernavaca.gob.mx\/wp-content\/uploads\/2022\/10\/vacunacion-influenza-1-1024x682.jpg 1024w, https:\/\/cuernavaca.gob.mx\/wp-content\/uploads\/2022\/10\/vacunacion-influenza-1-300x200.jpg 300w, https:\/\/cuernavaca.gob.mx\/wp-content\/uploads\/2022\/10\/vacunacion-influenza-1-768x512.jpg 768w, https:\/\/cuernavaca.gob.mx\/wp-content\/uploads\/2022\/10\/vacunacion-influenza-1-600x400.jpg 600w, https:\/\/cuernavaca.gob.mx\/wp-content\/uploads\/2022\/10\/vacunacion-influenza-1-560x373.jpg 560w, https:\/\/cuernavaca.gob.mx\/wp-content\/uploads\/2022\/10\/vacunacion-influenza-1.jpg 1280w\" sizes=\"(max-width: 1024px) 100vw, 1024px\" \/><\/figure>\n\n\n\n<figure class=\"wp-block-image size-large\"><img loading=\"lazy\" width=\"1024\" height=\"682\" data-id=\"20325\"  src=\"https:\/\/cuernavaca.gob.mx\/wp-content\/uploads\/2022\/10\/vacunacion-influenza-2-1024x682.jpg\" alt=\"\" class=\"wp-image-20325\" srcset=\"https:\/\/cuernavaca.gob.mx\/wp-content\/uploads\/2022\/10\/vacunacion-influenza-2-1024x682.jpg 1024w, https:\/\/cuernavaca.gob.mx\/wp-content\/uploads\/2022\/10\/vacunacion-influenza-2-300x200.jpg 300w, https:\/\/cuernavaca.gob.mx\/wp-content\/uploads\/2022\/10\/vacunacion-influenza-2-768x512.jpg 768w, https:\/\/cuernavaca.gob.mx\/wp-content\/uploads\/2022\/10\/vacunacion-influenza-2-600x400.jpg 600w, https:\/\/cuernavaca.gob.mx\/wp-content\/uploads\/2022\/10\/vacunacion-influenza-2-560x373.jpg 560w, https:\/\/cuernavaca.gob.mx\/wp-content\/uploads\/2022\/10\/vacunacion-influenza-2.jpg 1280w\" sizes=\"(max-width: 1024px) 100vw, 1024px\" \/><\/figure>\n\n\n\n<figure class=\"wp-block-image size-large\"><img loading=\"lazy\" width=\"1024\" height=\"1024\" data-id=\"20323\"  src=\"https:\/\/cuernavaca.gob.mx\/wp-content\/uploads\/2022\/10\/vacunacion-influenza-3-1024x1024.jpg\" alt=\"\" class=\"wp-image-20323\" srcset=\"https:\/\/cuernavaca.gob.mx\/wp-content\/uploads\/2022\/10\/vacunacion-influenza-3-1024x1024.jpg 1024w, https:\/\/cuernavaca.gob.mx\/wp-content\/uploads\/2022\/10\/vacunacion-influenza-3-300x300.jpg 300w, https:\/\/cuernavaca.gob.mx\/wp-content\/uploads\/2022\/10\/vacunacion-influenza-3-150x150.jpg 150w, https:\/\/cuernavaca.gob.mx\/wp-content\/uploads\/2022\/10\/vacunacion-influenza-3-768x768.jpg 768w, https:\/\/cuernavaca.gob.mx\/wp-content\/uploads\/2022\/10\/vacunacion-influenza-3-600x600.jpg 600w, https:\/\/cuernavaca.gob.mx\/wp-content\/uploads\/2022\/10\/vacunacion-influenza-3-560x560.jpg 560w, https:\/\/cuernavaca.gob.mx\/wp-content\/uploads\/2022\/10\/vacunacion-influenza-3.jpg 1280w\" sizes=\"(max-width: 1024px) 100vw, 1024px\" \/><\/figure>\n<\/figure>\n","protected":false},"excerpt":{"rendered":"<p>\u2022 La jornada de vacunaci\u00f3n ser\u00e1 el jueves 20 de octubre en la sede Papagayo en un horario de 09:00 a 14:00 horas, dirigida principalmente a grupos vulnerables \u2022 Est\u00e1 dirigida a menores de seis meses de nacidos a cinco a\u00f1os, mujeres embarazadas, adultos de 60 a\u00f1os y m\u00e1s, adem\u00e1s de personas con obesidad, diabetes, [&hellip;]<\/p>\n","protected":false},"author":1,"featured_media":20323,"comment_status":"closed","ping_status":"open","sticky":false,"template":"","format":"standard","meta":[],"categories":[899],"tags":[1024,121,2482,2514,120,206,403,154,156],"aioseo_notices":[],"_links":{"self":[{"href":"https:\/\/cuernavaca.gob.mx\/index.php?rest_route=\/wp\/v2\/posts\/20322"}],"collection":[{"href":"https:\/\/cuernavaca.gob.mx\/index.php?rest_route=\/wp\/v2\/posts"}],"about":[{"href":"https:\/\/cuernavaca.gob.mx\/index.php?rest_route=\/wp\/v2\/types\/post"}],"author":[{"embeddable":true,"href":"https:\/\/cuernavaca.gob.mx\/index.php?rest_route=\/wp\/v2\/users\/1"}],"replies":[{"embeddable":true,"href":"https:\/\/cuernavaca.gob.mx\/index.php?rest_route=%2Fwp%2Fv2%2Fcomments&post=20322"}],"version-history":[{"count":1,"href":"https:\/\/cuernavaca.gob.mx\/index.php?rest_route=\/wp\/v2\/posts\/20322\/revisions"}],"predecessor-version":[{"id":20326,"href":"https:\/\/cuernavaca.gob.mx\/index.php?rest_route=\/wp\/v2\/posts\/20322\/revisions\/20326"}],"wp:featuredmedia":[{"embeddable":true,"href":"https:\/\/cuernavaca.gob.mx\/index.php?rest_route=\/wp\/v2\/media\/20323"}],"wp:attachment":[{"href":"https:\/\/cuernavaca.gob.mx\/index.php?rest_route=%2Fwp%2Fv2%2Fmedia&parent=20322"}],"wp:term":[{"taxonomy":"category","embeddable":true,"href":"https:\/\/cuernavaca.gob.mx\/index.php?rest_route=%2Fwp%2Fv2%2Fcategories&post=20322"},{"taxonomy":"post_tag","embeddable":true,"href":"https:\/\/cuernavaca.gob.mx\/index.php?rest_route=%2Fwp%2Fv2%2Ftags&post=20322"}],"curies":[{"name":"wp","href":"https:\/\/api.w.org\/{rel}","templated":true}]}}