{"id":20327,"date":"2022-10-18T16:30:00","date_gmt":"2022-10-18T21:30:00","guid":{"rendered":"https:\/\/cuernavaca.gob.mx\/?p=20327"},"modified":"2025-05-06T12:20:13","modified_gmt":"2025-05-06T18:20:13","slug":"b431-18-10-22-avanza-gobierno-municipal-en-la-consolidacion-del-consejo-de-cronistas-de-cuernavaca","status":"publish","type":"post","link":"https:\/\/cuernavaca.gob.mx\/?p=20327","title":{"rendered":"B431 18\/10\/22 AVANZA GOBIERNO MUNICIPAL EN LA CONSOLIDACI\u00d3N DEL CONSEJO DE CRONISTAS DE CUERNAVACA"},"content":{"rendered":"\n<p><strong>\u2022 Integrantes del Cabildo autorizaron el Reglamento del Consejo de Cronistas del municipio, que salda una deuda hist\u00f3rica con aquellas personas que dan cuenta de la historia, tradiciones, mitos, y leyendas de la ciudad<\/strong><\/p>\n\n\n\n<p><strong>\u2022 Ser\u00e1 un \u00f3rgano colegiado de asesor\u00eda y colaboraci\u00f3n para el ayuntamiento, cuya funci\u00f3n se ampl\u00eda no solo a la difusi\u00f3n de la memoria hist\u00f3rica y cultural, sino tambi\u00e9n biocultural, de paisajes, de bienes muebles e inmuebles<\/strong><\/p>\n\n\n\n<p>Para salvaguardar la memoria hist\u00f3rica y cultural de Cuernavaca, integrantes del Cabildo avalaron el Reglamento del Consejo de Cronistas del municipio, mediante el cual se avanza en la integraci\u00f3n de este \u00f3rgano colegiado que dej\u00f3 de estar vigente hace cinco a\u00f1os, pese a estar establecido por ley, y que se desintegr\u00f3 de manera f\u00e1ctica en la pasada administraci\u00f3n, saldando una deuda con aquellas personas que dan cuenta de la historia, tradiciones, mitos, y leyendas de la ciudad.<\/p>\n\n\n\n<p>Tras sostener diversas reuniones preparatorias y de di\u00e1logo con miembros del Consejo de Cronistas de Cuernavaca, A.C., el presidente municipal, Jos\u00e9 Luis Uri\u00f3stegui Salgado, consider\u00f3 relevante la aprobaci\u00f3n de esta norma que contempla las atribuciones espec\u00edficas que deber\u00e1n desempe\u00f1ar quienes lo integren para la recopilaci\u00f3n, preservaci\u00f3n, historia y difusi\u00f3n de la memoria hist\u00f3rica y cultural del municipio, as\u00ed como para el enriquecimiento de su rese\u00f1a cronol\u00f3gica.<\/p>\n\n\n\n<p>\u201cPorque quien da cuenta de la historia, tradiciones, mitos y leyendas de una ciudad son los cronistas, no son propiamente historiadores, basan su actividad en el conocimiento, a veces popular, a veces documental, de tradiciones que se van heredando de una generaci\u00f3n a otra, la convierten en textos, ahora en im\u00e1genes y la representan en espacios p\u00fablicos, de tal manera que la gente conozca todo esto que le da vida y esencia a una comunidad\u201d, afirm\u00f3.<\/p>\n\n\n\n<p>Al explicar su contenido, la regidora presidenta de la Comisi\u00f3n de Gobernaci\u00f3n y Reglamentos, Paz Hern\u00e1ndez Pardo, se\u00f1al\u00f3 que el consejo ser\u00e1 un \u00f3rgano colegiado de asesor\u00eda y colaboraci\u00f3n para el ayuntamiento, cuya funci\u00f3n se ampl\u00eda no solo a la difusi\u00f3n de la memoria hist\u00f3rica y cultural, sino tambi\u00e9n biocultural, de paisajes, de bienes muebles e inmuebles a trav\u00e9s de registros escritos, documentales y gr\u00e1ficos, utilizando las tecnolog\u00edas de la informaci\u00f3n y comunicaci\u00f3n que hoy imperan en el quehacer diario.<\/p>\n\n\n\n<p>Ante este \u00faltimo punto, la regidora, Wendi Salinas Ruiz, celebr\u00f3 que se siga incrustando en las decisiones de la presente administraci\u00f3n el acceso a la informaci\u00f3n como un derecho humano, al incluir la digitalizaci\u00f3n de toda la informaci\u00f3n con la que cuenten los cronistas, logrando llegar a todas partes del mundo.<\/p>\n\n\n\n<p>La regidora, Ximena Rom\u00e1n Peralta, manifest\u00f3 su apoyo a este acuerdo que por la falta de voluntad en administraciones pasadas no se hab\u00eda podido consolidar, agradeciendo, reconociendo y aplaudiendo la participaci\u00f3n de cada uno de los integrantes del Consejo de Cronistas, que con sus amplios conocimientos, trayectoria, experiencia y compromiso ayudar\u00e1n al municipio a darle vida a la hist\u00f3rica y bella ciudad de Cuernavaca.<\/p>\n\n\n\n<p>El Reglamento del Consejo de Cronistas del municipio establece que su integraci\u00f3n se representa por el presidente municipal en car\u00e1cter honor\u00edfico y una persona cronista de la ciudad como coordinador, lo que le da equilibrio a la representaci\u00f3n; una persona subcoordinadora, una persona secretaria, y los consejeros cronistas, que son la totalidad de cronistas reconocidos.<\/p>\n\n\n\n<p>De igual forma, refiere que se constituir\u00e1 de un cuerpo de cronistas partiendo de cero y tendr\u00e1n el car\u00e1cter vitalicio debido a que no porque una autoridad municipal se\u00f1ale que no pertenecen al consejo, dejan de realizar la actividad de investigaci\u00f3n y narrativa, por lo tanto, atendiendo a quien se ha formado para ser cronista va a desarrollar esta funci\u00f3n a lo largo de su vida, este reglamento les reconoce el car\u00e1cter vitalicio.<\/p>\n\n\n\n<p>Indica que a trav\u00e9s del tiempo se podr\u00e1n incorporar los cronistas que cuenten con los siguientes requisitos: ser residentes permanentes de la ciudad en pleno uso de sus derechos pol\u00edticos y civiles, dando la posibilidad a que personas que son de otros pa\u00edses, pero han decidido vivir en Cuernavaca y adentrarse en su historia y lo que se relaciona con su vida cotidiana, puedan participar; reconocer la probidad de honradez de quienes escriben para hacer la cr\u00f3nica, llenar la solicitud de ingreso al consejo, presentar curr\u00edculum o semblanza meritoria para ser cronista, tener amplios conocimientos sobre temas relevantes de la cr\u00f3nica del municipio, haber participado en la difusi\u00f3n y cultura del municipio, haber presentado trabajos escritos, gr\u00e1ficos u orales sobre la ciudad de Cuernavaca; y no ser servidor p\u00fablico en activo.<\/p>\n\n\n\n<figure class=\"wp-container-2 wp-block-gallery-1 wp-block-gallery has-nested-images columns-default is-cropped\">\n<figure class=\"wp-block-image size-large\"><img loading=\"lazy\" width=\"1024\" height=\"682\" data-id=\"20330\"  src=\"https:\/\/cuernavaca.gob.mx\/wp-content\/uploads\/2022\/10\/cronistas-cuernavaca-1-1024x682.jpg\" alt=\"\" class=\"wp-image-20330\" srcset=\"https:\/\/cuernavaca.gob.mx\/wp-content\/uploads\/2022\/10\/cronistas-cuernavaca-1-1024x682.jpg 1024w, https:\/\/cuernavaca.gob.mx\/wp-content\/uploads\/2022\/10\/cronistas-cuernavaca-1-300x200.jpg 300w, https:\/\/cuernavaca.gob.mx\/wp-content\/uploads\/2022\/10\/cronistas-cuernavaca-1-768x512.jpg 768w, https:\/\/cuernavaca.gob.mx\/wp-content\/uploads\/2022\/10\/cronistas-cuernavaca-1-600x400.jpg 600w, https:\/\/cuernavaca.gob.mx\/wp-content\/uploads\/2022\/10\/cronistas-cuernavaca-1-560x373.jpg 560w, https:\/\/cuernavaca.gob.mx\/wp-content\/uploads\/2022\/10\/cronistas-cuernavaca-1.jpg 1280w\" sizes=\"(max-width: 1024px) 100vw, 1024px\" \/><\/figure>\n\n\n\n<figure class=\"wp-block-image size-large\"><img loading=\"lazy\" width=\"1024\" height=\"682\" data-id=\"20329\"  src=\"https:\/\/cuernavaca.gob.mx\/wp-content\/uploads\/2022\/10\/cronistas-cuernavaca-2-1024x682.jpg\" alt=\"\" class=\"wp-image-20329\" srcset=\"https:\/\/cuernavaca.gob.mx\/wp-content\/uploads\/2022\/10\/cronistas-cuernavaca-2-1024x682.jpg 1024w, https:\/\/cuernavaca.gob.mx\/wp-content\/uploads\/2022\/10\/cronistas-cuernavaca-2-300x200.jpg 300w, https:\/\/cuernavaca.gob.mx\/wp-content\/uploads\/2022\/10\/cronistas-cuernavaca-2-768x512.jpg 768w, https:\/\/cuernavaca.gob.mx\/wp-content\/uploads\/2022\/10\/cronistas-cuernavaca-2-600x400.jpg 600w, https:\/\/cuernavaca.gob.mx\/wp-content\/uploads\/2022\/10\/cronistas-cuernavaca-2-560x373.jpg 560w, https:\/\/cuernavaca.gob.mx\/wp-content\/uploads\/2022\/10\/cronistas-cuernavaca-2.jpg 1280w\" sizes=\"(max-width: 1024px) 100vw, 1024px\" \/><\/figure>\n\n\n\n<figure class=\"wp-block-image size-large\"><img loading=\"lazy\" width=\"1024\" height=\"682\" data-id=\"20328\"  src=\"https:\/\/cuernavaca.gob.mx\/wp-content\/uploads\/2022\/10\/cronistas-cuernavaca-3-1024x682.jpg\" alt=\"\" class=\"wp-image-20328\" srcset=\"https:\/\/cuernavaca.gob.mx\/wp-content\/uploads\/2022\/10\/cronistas-cuernavaca-3-1024x682.jpg 1024w, https:\/\/cuernavaca.gob.mx\/wp-content\/uploads\/2022\/10\/cronistas-cuernavaca-3-300x200.jpg 300w, https:\/\/cuernavaca.gob.mx\/wp-content\/uploads\/2022\/10\/cronistas-cuernavaca-3-768x512.jpg 768w, https:\/\/cuernavaca.gob.mx\/wp-content\/uploads\/2022\/10\/cronistas-cuernavaca-3-600x400.jpg 600w, https:\/\/cuernavaca.gob.mx\/wp-content\/uploads\/2022\/10\/cronistas-cuernavaca-3-560x373.jpg 560w, https:\/\/cuernavaca.gob.mx\/wp-content\/uploads\/2022\/10\/cronistas-cuernavaca-3.jpg 1280w\" sizes=\"(max-width: 1024px) 100vw, 1024px\" \/><\/figure>\n\n\n\n<figure class=\"wp-block-image size-large\"><img loading=\"lazy\" width=\"1024\" height=\"682\" data-id=\"20332\"  src=\"https:\/\/cuernavaca.gob.mx\/wp-content\/uploads\/2022\/10\/cronistas-cuernavaca-4-1024x682.jpg\" alt=\"\" class=\"wp-image-20332\" srcset=\"https:\/\/cuernavaca.gob.mx\/wp-content\/uploads\/2022\/10\/cronistas-cuernavaca-4-1024x682.jpg 1024w, https:\/\/cuernavaca.gob.mx\/wp-content\/uploads\/2022\/10\/cronistas-cuernavaca-4-300x200.jpg 300w, https:\/\/cuernavaca.gob.mx\/wp-content\/uploads\/2022\/10\/cronistas-cuernavaca-4-768x512.jpg 768w, https:\/\/cuernavaca.gob.mx\/wp-content\/uploads\/2022\/10\/cronistas-cuernavaca-4-600x400.jpg 600w, https:\/\/cuernavaca.gob.mx\/wp-content\/uploads\/2022\/10\/cronistas-cuernavaca-4-560x373.jpg 560w, https:\/\/cuernavaca.gob.mx\/wp-content\/uploads\/2022\/10\/cronistas-cuernavaca-4.jpg 1280w\" sizes=\"(max-width: 1024px) 100vw, 1024px\" \/><\/figure>\n\n\n\n<figure class=\"wp-block-image size-large\"><img loading=\"lazy\" width=\"1024\" height=\"682\" data-id=\"20331\"  src=\"https:\/\/cuernavaca.gob.mx\/wp-content\/uploads\/2022\/10\/cronistas-cuernavaca-5-1024x682.jpg\" alt=\"\" class=\"wp-image-20331\" srcset=\"https:\/\/cuernavaca.gob.mx\/wp-content\/uploads\/2022\/10\/cronistas-cuernavaca-5-1024x682.jpg 1024w, https:\/\/cuernavaca.gob.mx\/wp-content\/uploads\/2022\/10\/cronistas-cuernavaca-5-300x200.jpg 300w, https:\/\/cuernavaca.gob.mx\/wp-content\/uploads\/2022\/10\/cronistas-cuernavaca-5-768x512.jpg 768w, https:\/\/cuernavaca.gob.mx\/wp-content\/uploads\/2022\/10\/cronistas-cuernavaca-5-600x400.jpg 600w, https:\/\/cuernavaca.gob.mx\/wp-content\/uploads\/2022\/10\/cronistas-cuernavaca-5-560x373.jpg 560w, https:\/\/cuernavaca.gob.mx\/wp-content\/uploads\/2022\/10\/cronistas-cuernavaca-5.jpg 1280w\" sizes=\"(max-width: 1024px) 100vw, 1024px\" \/><\/figure>\n<\/figure>\n","protected":false},"excerpt":{"rendered":"<p>\u2022 Integrantes del Cabildo autorizaron el Reglamento del Consejo de Cronistas del municipio, que salda una deuda hist\u00f3rica con aquellas personas que dan cuenta de la historia, tradiciones, mitos, y leyendas de la ciudad \u2022 Ser\u00e1 un \u00f3rgano colegiado de asesor\u00eda y colaboraci\u00f3n para el ayuntamiento, cuya funci\u00f3n se ampl\u00eda no solo a la difusi\u00f3n [&hellip;]<\/p>\n","protected":false},"author":1,"featured_media":20328,"comment_status":"closed","ping_status":"open","sticky":false,"template":"","format":"standard","meta":[],"categories":[2292],"tags":[2515,121,1071,120,206,1548],"aioseo_notices":[],"_links":{"self":[{"href":"https:\/\/cuernavaca.gob.mx\/index.php?rest_route=\/wp\/v2\/posts\/20327"}],"collection":[{"href":"https:\/\/cuernavaca.gob.mx\/index.php?rest_route=\/wp\/v2\/posts"}],"about":[{"href":"https:\/\/cuernavaca.gob.mx\/index.php?rest_route=\/wp\/v2\/types\/post"}],"author":[{"embeddable":true,"href":"https:\/\/cuernavaca.gob.mx\/index.php?rest_route=\/wp\/v2\/users\/1"}],"replies":[{"embeddable":true,"href":"https:\/\/cuernavaca.gob.mx\/index.php?rest_route=%2Fwp%2Fv2%2Fcomments&post=20327"}],"version-history":[{"count":1,"href":"https:\/\/cuernavaca.gob.mx\/index.php?rest_route=\/wp\/v2\/posts\/20327\/revisions"}],"predecessor-version":[{"id":20333,"href":"https:\/\/cuernavaca.gob.mx\/index.php?rest_route=\/wp\/v2\/posts\/20327\/revisions\/20333"}],"wp:featuredmedia":[{"embeddable":true,"href":"https:\/\/cuernavaca.gob.mx\/index.php?rest_route=\/wp\/v2\/media\/20328"}],"wp:attachment":[{"href":"https:\/\/cuernavaca.gob.mx\/index.php?rest_route=%2Fwp%2Fv2%2Fmedia&parent=20327"}],"wp:term":[{"taxonomy":"category","embeddable":true,"href":"https:\/\/cuernavaca.gob.mx\/index.php?rest_route=%2Fwp%2Fv2%2Fcategories&post=20327"},{"taxonomy":"post_tag","embeddable":true,"href":"https:\/\/cuernavaca.gob.mx\/index.php?rest_route=%2Fwp%2Fv2%2Ftags&post=20327"}],"curies":[{"name":"wp","href":"https:\/\/api.w.org\/{rel}","templated":true}]}}