{"id":20364,"date":"2022-10-19T17:00:00","date_gmt":"2022-10-19T22:00:00","guid":{"rendered":"https:\/\/cuernavaca.gob.mx\/?p=20364"},"modified":"2025-05-06T12:20:12","modified_gmt":"2025-05-06T18:20:12","slug":"f204-19-10-22-gobierno-municipal-sigue-mejorando-la-imagen-urbana-de-cuernavaca-toco-turno-a-lomas-de-ahuatlan","status":"publish","type":"post","link":"https:\/\/cuernavaca.gob.mx\/?p=20364","title":{"rendered":"F204 19\/10\/22 GOBIERNO MUNICIPAL SIGUE MEJORANDO LA IMAGEN URBANA DE CUERNAVACA; TOC\u00d3 TURNO A LOMAS DE AHUATL\u00c1N"},"content":{"rendered":"\n<p>El Ayuntamiento de Cuernavaca continua con diversas labores para mejorar las vialidades e imagen urbana de la ciudad; por indicaciones del presidente municipal, Jos\u00e9 Luis Uri\u00f3stegui Salgado, la Secretar\u00eda de Desarrollo Sustentable y Servicios P\u00fablicos est\u00e1 llevando a cabo en la avenida principal de Lomas de Ahuatl\u00e1n la macro jornada de limpieza, mantenimiento y reparaci\u00f3n &#8220;Cuernavaca Renace&#8221;.<\/p>\n\n\n\n<p>C\u00f3mo parte de estos trabajos que dan atenci\u00f3n a las peticiones hechas por los vecinos, se realiz\u00f3 el mantenimiento y reparaci\u00f3n de rejillas de agua pluvial, la atenci\u00f3n a los escurrimientos de agua sobre la vialidad, la limpieza, chaponeo y poda est\u00e9tica en camellones y \u00e1reas verdes; la renivelaci\u00f3n y bacheo, as\u00ed como el balizamiento de guarniciones y pasos peatonales.<\/p>\n\n\n\n<p>La s\u00edndica municipal, Ver\u00f3nica Atenco P\u00e9rez, los regidores V\u00edctor Manzo God\u00ednez, Fernando Carrillo Alvarado, el secretario de Desarrollo Sustentable y Servicios P\u00fablicos, Israel Albavera V\u00e1zquez; el director general de Servicios P\u00fablicos, Gerardo Abarca Pe\u00f1a; la titular de la Delegaci\u00f3n Emiliano Zapata Salazar, Mar\u00eda Salom\u00e9 Salgado Mart\u00ednez; y el ayudante del poblado de Tetela del Monte, Roberto Rodr\u00edguez Quintero, fueron testigos del arranque de esta macro jornada.<\/p>\n\n\n\n<p>Los trabajos continuar\u00e1n durante esta semana, el d\u00eda de hoy la direcci\u00f3n de Servicios Urbanos realizar\u00e1 una revisi\u00f3n y mantenimiento correctivo a reportes ciudadanos de luminarias en Lomas de Ahuatl\u00e1n.<\/p>\n\n\n\n<p>El Gobierno Municipal a trav\u00e9s de la Secretar\u00eda de Desarrollo Sustentable y Servicios P\u00fablicos mantendr\u00e1 este tipo de acciones a lo largo y ancho del municipio, impulsando no solo el embellecimiento de la capital morelense, sino mejorar la calidad de vida de la poblaci\u00f3n, invitando a la ciudadan\u00eda a enviar sus reportes en materia de servicio p\u00fablicos al tel\u00e9fono de atenci\u00f3n 070 (SIAC).<\/p>\n\n\n\n<figure class=\"wp-container-2 wp-block-gallery-1 wp-block-gallery has-nested-images columns-default is-cropped\">\n<figure class=\"wp-block-image size-large\"><img loading=\"lazy\" width=\"1024\" height=\"768\" data-id=\"20365\"  src=\"https:\/\/cuernavaca.gob.mx\/wp-content\/uploads\/2022\/10\/jornada-de-limpieza-1-1024x768.jpg\" alt=\"\" class=\"wp-image-20365\" srcset=\"https:\/\/cuernavaca.gob.mx\/wp-content\/uploads\/2022\/10\/jornada-de-limpieza-1-1024x768.jpg 1024w, https:\/\/cuernavaca.gob.mx\/wp-content\/uploads\/2022\/10\/jornada-de-limpieza-1-300x225.jpg 300w, https:\/\/cuernavaca.gob.mx\/wp-content\/uploads\/2022\/10\/jornada-de-limpieza-1-768x576.jpg 768w, https:\/\/cuernavaca.gob.mx\/wp-content\/uploads\/2022\/10\/jornada-de-limpieza-1-600x450.jpg 600w, https:\/\/cuernavaca.gob.mx\/wp-content\/uploads\/2022\/10\/jornada-de-limpieza-1-560x420.jpg 560w, https:\/\/cuernavaca.gob.mx\/wp-content\/uploads\/2022\/10\/jornada-de-limpieza-1.jpg 1280w\" sizes=\"(max-width: 1024px) 100vw, 1024px\" \/><\/figure>\n\n\n\n<figure class=\"wp-block-image size-large\"><img loading=\"lazy\" width=\"768\" height=\"1024\" data-id=\"20366\"  src=\"https:\/\/cuernavaca.gob.mx\/wp-content\/uploads\/2022\/10\/jornada-de-limpieza-2-768x1024.jpg\" alt=\"\" class=\"wp-image-20366\" srcset=\"https:\/\/cuernavaca.gob.mx\/wp-content\/uploads\/2022\/10\/jornada-de-limpieza-2-768x1024.jpg 768w, https:\/\/cuernavaca.gob.mx\/wp-content\/uploads\/2022\/10\/jornada-de-limpieza-2-225x300.jpg 225w, https:\/\/cuernavaca.gob.mx\/wp-content\/uploads\/2022\/10\/jornada-de-limpieza-2-450x600.jpg 450w, https:\/\/cuernavaca.gob.mx\/wp-content\/uploads\/2022\/10\/jornada-de-limpieza-2-420x560.jpg 420w, https:\/\/cuernavaca.gob.mx\/wp-content\/uploads\/2022\/10\/jornada-de-limpieza-2.jpg 867w\" sizes=\"(max-width: 768px) 100vw, 768px\" \/><\/figure>\n\n\n\n<figure class=\"wp-block-image size-large\"><img loading=\"lazy\" width=\"1024\" height=\"768\" data-id=\"20369\"  src=\"https:\/\/cuernavaca.gob.mx\/wp-content\/uploads\/2022\/10\/jornada-de-limpieza-3-1024x768.jpg\" alt=\"\" class=\"wp-image-20369\" srcset=\"https:\/\/cuernavaca.gob.mx\/wp-content\/uploads\/2022\/10\/jornada-de-limpieza-3-1024x768.jpg 1024w, https:\/\/cuernavaca.gob.mx\/wp-content\/uploads\/2022\/10\/jornada-de-limpieza-3-300x225.jpg 300w, https:\/\/cuernavaca.gob.mx\/wp-content\/uploads\/2022\/10\/jornada-de-limpieza-3-768x576.jpg 768w, https:\/\/cuernavaca.gob.mx\/wp-content\/uploads\/2022\/10\/jornada-de-limpieza-3-600x450.jpg 600w, https:\/\/cuernavaca.gob.mx\/wp-content\/uploads\/2022\/10\/jornada-de-limpieza-3-560x420.jpg 560w, https:\/\/cuernavaca.gob.mx\/wp-content\/uploads\/2022\/10\/jornada-de-limpieza-3.jpg 1156w\" sizes=\"(max-width: 1024px) 100vw, 1024px\" \/><\/figure>\n\n\n\n<figure class=\"wp-block-image size-large\"><img loading=\"lazy\" width=\"1024\" height=\"768\" data-id=\"20368\"  src=\"https:\/\/cuernavaca.gob.mx\/wp-content\/uploads\/2022\/10\/jornada-de-limpieza-4-1024x768.jpg\" alt=\"\" class=\"wp-image-20368\" srcset=\"https:\/\/cuernavaca.gob.mx\/wp-content\/uploads\/2022\/10\/jornada-de-limpieza-4-1024x768.jpg 1024w, https:\/\/cuernavaca.gob.mx\/wp-content\/uploads\/2022\/10\/jornada-de-limpieza-4-300x225.jpg 300w, https:\/\/cuernavaca.gob.mx\/wp-content\/uploads\/2022\/10\/jornada-de-limpieza-4-768x576.jpg 768w, https:\/\/cuernavaca.gob.mx\/wp-content\/uploads\/2022\/10\/jornada-de-limpieza-4-600x450.jpg 600w, https:\/\/cuernavaca.gob.mx\/wp-content\/uploads\/2022\/10\/jornada-de-limpieza-4-560x420.jpg 560w, https:\/\/cuernavaca.gob.mx\/wp-content\/uploads\/2022\/10\/jornada-de-limpieza-4.jpg 1280w\" sizes=\"(max-width: 1024px) 100vw, 1024px\" \/><\/figure>\n\n\n\n<figure class=\"wp-block-image size-large\"><img loading=\"lazy\" width=\"1024\" height=\"768\" data-id=\"20367\"  src=\"https:\/\/cuernavaca.gob.mx\/wp-content\/uploads\/2022\/10\/jornada-de-limpieza-5-1024x768.jpg\" alt=\"\" class=\"wp-image-20367\" srcset=\"https:\/\/cuernavaca.gob.mx\/wp-content\/uploads\/2022\/10\/jornada-de-limpieza-5-1024x768.jpg 1024w, https:\/\/cuernavaca.gob.mx\/wp-content\/uploads\/2022\/10\/jornada-de-limpieza-5-300x225.jpg 300w, https:\/\/cuernavaca.gob.mx\/wp-content\/uploads\/2022\/10\/jornada-de-limpieza-5-768x576.jpg 768w, https:\/\/cuernavaca.gob.mx\/wp-content\/uploads\/2022\/10\/jornada-de-limpieza-5-600x450.jpg 600w, https:\/\/cuernavaca.gob.mx\/wp-content\/uploads\/2022\/10\/jornada-de-limpieza-5-560x420.jpg 560w, https:\/\/cuernavaca.gob.mx\/wp-content\/uploads\/2022\/10\/jornada-de-limpieza-5.jpg 1280w\" sizes=\"(max-width: 1024px) 100vw, 1024px\" \/><\/figure>\n\n\n\n<figure class=\"wp-block-image size-large\"><img loading=\"lazy\" width=\"1024\" height=\"768\" data-id=\"20370\"  src=\"https:\/\/cuernavaca.gob.mx\/wp-content\/uploads\/2022\/10\/jornada-de-limpieza-6-1024x768.jpg\" alt=\"\" class=\"wp-image-20370\" srcset=\"https:\/\/cuernavaca.gob.mx\/wp-content\/uploads\/2022\/10\/jornada-de-limpieza-6-1024x768.jpg 1024w, https:\/\/cuernavaca.gob.mx\/wp-content\/uploads\/2022\/10\/jornada-de-limpieza-6-300x225.jpg 300w, https:\/\/cuernavaca.gob.mx\/wp-content\/uploads\/2022\/10\/jornada-de-limpieza-6-768x576.jpg 768w, https:\/\/cuernavaca.gob.mx\/wp-content\/uploads\/2022\/10\/jornada-de-limpieza-6-600x450.jpg 600w, https:\/\/cuernavaca.gob.mx\/wp-content\/uploads\/2022\/10\/jornada-de-limpieza-6-560x420.jpg 560w, https:\/\/cuernavaca.gob.mx\/wp-content\/uploads\/2022\/10\/jornada-de-limpieza-6.jpg 1280w\" sizes=\"(max-width: 1024px) 100vw, 1024px\" \/><\/figure>\n\n\n\n<figure class=\"wp-block-image size-large\"><img loading=\"lazy\" width=\"1024\" height=\"768\" data-id=\"20371\"  src=\"https:\/\/cuernavaca.gob.mx\/wp-content\/uploads\/2022\/10\/jornada-de-limpieza-7-1024x768.jpg\" alt=\"\" class=\"wp-image-20371\" srcset=\"https:\/\/cuernavaca.gob.mx\/wp-content\/uploads\/2022\/10\/jornada-de-limpieza-7-1024x768.jpg 1024w, https:\/\/cuernavaca.gob.mx\/wp-content\/uploads\/2022\/10\/jornada-de-limpieza-7-300x225.jpg 300w, https:\/\/cuernavaca.gob.mx\/wp-content\/uploads\/2022\/10\/jornada-de-limpieza-7-768x576.jpg 768w, https:\/\/cuernavaca.gob.mx\/wp-content\/uploads\/2022\/10\/jornada-de-limpieza-7-600x450.jpg 600w, https:\/\/cuernavaca.gob.mx\/wp-content\/uploads\/2022\/10\/jornada-de-limpieza-7-560x420.jpg 560w, https:\/\/cuernavaca.gob.mx\/wp-content\/uploads\/2022\/10\/jornada-de-limpieza-7.jpg 1280w\" sizes=\"(max-width: 1024px) 100vw, 1024px\" \/><\/figure>\n<\/figure>\n","protected":false},"excerpt":{"rendered":"<p>El Ayuntamiento de Cuernavaca continua con diversas labores para mejorar las vialidades e imagen urbana de la ciudad; por indicaciones del presidente municipal, Jos\u00e9 Luis Uri\u00f3stegui Salgado, la Secretar\u00eda de Desarrollo Sustentable y Servicios P\u00fablicos est\u00e1 llevando a cabo en la avenida principal de Lomas de Ahuatl\u00e1n la macro jornada de limpieza, mantenimiento y reparaci\u00f3n [&hellip;]<\/p>\n","protected":false},"author":1,"featured_media":20366,"comment_status":"closed","ping_status":"open","sticky":false,"template":"","format":"standard","meta":[],"categories":[2414],"tags":[1261,121,220,2376,885,120,218,2517,206,125],"aioseo_notices":[],"_links":{"self":[{"href":"https:\/\/cuernavaca.gob.mx\/index.php?rest_route=\/wp\/v2\/posts\/20364"}],"collection":[{"href":"https:\/\/cuernavaca.gob.mx\/index.php?rest_route=\/wp\/v2\/posts"}],"about":[{"href":"https:\/\/cuernavaca.gob.mx\/index.php?rest_route=\/wp\/v2\/types\/post"}],"author":[{"embeddable":true,"href":"https:\/\/cuernavaca.gob.mx\/index.php?rest_route=\/wp\/v2\/users\/1"}],"replies":[{"embeddable":true,"href":"https:\/\/cuernavaca.gob.mx\/index.php?rest_route=%2Fwp%2Fv2%2Fcomments&post=20364"}],"version-history":[{"count":1,"href":"https:\/\/cuernavaca.gob.mx\/index.php?rest_route=\/wp\/v2\/posts\/20364\/revisions"}],"predecessor-version":[{"id":20372,"href":"https:\/\/cuernavaca.gob.mx\/index.php?rest_route=\/wp\/v2\/posts\/20364\/revisions\/20372"}],"wp:featuredmedia":[{"embeddable":true,"href":"https:\/\/cuernavaca.gob.mx\/index.php?rest_route=\/wp\/v2\/media\/20366"}],"wp:attachment":[{"href":"https:\/\/cuernavaca.gob.mx\/index.php?rest_route=%2Fwp%2Fv2%2Fmedia&parent=20364"}],"wp:term":[{"taxonomy":"category","embeddable":true,"href":"https:\/\/cuernavaca.gob.mx\/index.php?rest_route=%2Fwp%2Fv2%2Fcategories&post=20364"},{"taxonomy":"post_tag","embeddable":true,"href":"https:\/\/cuernavaca.gob.mx\/index.php?rest_route=%2Fwp%2Fv2%2Ftags&post=20364"}],"curies":[{"name":"wp","href":"https:\/\/api.w.org\/{rel}","templated":true}]}}