{"id":20373,"date":"2022-10-19T18:00:00","date_gmt":"2022-10-19T23:00:00","guid":{"rendered":"https:\/\/cuernavaca.gob.mx\/?p=20373"},"modified":"2025-05-06T12:20:12","modified_gmt":"2025-05-06T18:20:12","slug":"f205-19-10-22-participa-ayuntamiento-de-cuernavaca-en-conmemoracion-del-voto-de-la-mujer-en-mexico","status":"publish","type":"post","link":"https:\/\/cuernavaca.gob.mx\/?p=20373","title":{"rendered":"F205 19\/10\/22 PARTICIPA AYUNTAMIENTO DE CUERNAVACA EN CONMEMORACI\u00d3N DEL VOTO DE LA MUJER EN M\u00c9XICO"},"content":{"rendered":"\n<p>La s\u00edndica municipal de Cuernavaca, Ver\u00f3nica Atenco P\u00e9rez y la secretaria de Desarrollo Humano y Participaci\u00f3n Social, Laura Hern\u00e1ndez Cruz, asistieron este mi\u00e9rcoles, en representaci\u00f3n del Gobierno Municipal, al evento conmemorativo por el 69 aniversario del voto de la mujer en M\u00e9xico, organizado por el colectivo 50+1.<\/p>\n\n\n\n<p>A invitaci\u00f3n de la presidenta del 50+1 en Morelos, Margarita Alem\u00e1n Olvera, dieron la bienvenida en el Museo de la Ciudad de Cuernavaca a mujeres l\u00edderes pol\u00edticas, profesionistas, empresarias, acad\u00e9micas y de la sociedad civil, recibiendo como anfitrionas a Mar\u00eda Elena Orantes L\u00f3pez, presidenta nacional del colectivo 50+1; Claudia Corichi Garc\u00eda, vicepresidenta nacional del colectivo 50+1; a las diputadas federales, Alejandra Pani Barrag\u00e1n y Brenda Espinoza L\u00f3pez; a la secretaria de Administraci\u00f3n del Gobierno del estado, Sandra Anaya Villegas; a la directora del Instituto de la Mujer del estado, Isela Ch\u00e1vez Cardoso y a Leticia Salgado Pe\u00f1a, representante de colectivas y asociaciones civiles.<\/p>\n\n\n\n<p>En este evento significativo que tambi\u00e9n se enmarco en el D\u00eda Internacional de la Lucha contra el C\u00e1ncer de Mama, Margarita Alem\u00e1n, agradeci\u00f3 el apoyo recibido por el Ayuntamiento de Cuernavaca a este Colectivo, resaltando la importancia de este encuentro que record\u00f3 la lucha de las mujeres; para acceder a espacios en la toma de decisiones del pa\u00eds, logrando con su llegada a cargos p\u00fablicos avances en temas de salud, cultura, ciencia, investigaci\u00f3n, campo, entre muchos m\u00e1s, abriendo camino y combatiendo para terminar con las desigualdades.<\/p>\n\n\n\n<figure class=\"wp-container-2 wp-block-gallery-1 wp-block-gallery has-nested-images columns-default is-cropped\">\n<figure class=\"wp-block-image size-large\"><img loading=\"lazy\" width=\"1024\" height=\"682\" data-id=\"20378\"  src=\"https:\/\/cuernavaca.gob.mx\/wp-content\/uploads\/2022\/10\/voto-mujer-mexico-1-1024x682.jpg\" alt=\"\" class=\"wp-image-20378\" srcset=\"https:\/\/cuernavaca.gob.mx\/wp-content\/uploads\/2022\/10\/voto-mujer-mexico-1-1024x682.jpg 1024w, https:\/\/cuernavaca.gob.mx\/wp-content\/uploads\/2022\/10\/voto-mujer-mexico-1-300x200.jpg 300w, https:\/\/cuernavaca.gob.mx\/wp-content\/uploads\/2022\/10\/voto-mujer-mexico-1-768x512.jpg 768w, https:\/\/cuernavaca.gob.mx\/wp-content\/uploads\/2022\/10\/voto-mujer-mexico-1-600x400.jpg 600w, https:\/\/cuernavaca.gob.mx\/wp-content\/uploads\/2022\/10\/voto-mujer-mexico-1-560x373.jpg 560w, https:\/\/cuernavaca.gob.mx\/wp-content\/uploads\/2022\/10\/voto-mujer-mexico-1.jpg 1280w\" sizes=\"(max-width: 1024px) 100vw, 1024px\" \/><\/figure>\n\n\n\n<figure class=\"wp-block-image size-large\"><img loading=\"lazy\" width=\"1024\" height=\"682\" data-id=\"20374\"  src=\"https:\/\/cuernavaca.gob.mx\/wp-content\/uploads\/2022\/10\/voto-mujer-mexico-2-1024x682.jpg\" alt=\"\" class=\"wp-image-20374\" srcset=\"https:\/\/cuernavaca.gob.mx\/wp-content\/uploads\/2022\/10\/voto-mujer-mexico-2-1024x682.jpg 1024w, https:\/\/cuernavaca.gob.mx\/wp-content\/uploads\/2022\/10\/voto-mujer-mexico-2-300x200.jpg 300w, https:\/\/cuernavaca.gob.mx\/wp-content\/uploads\/2022\/10\/voto-mujer-mexico-2-768x512.jpg 768w, https:\/\/cuernavaca.gob.mx\/wp-content\/uploads\/2022\/10\/voto-mujer-mexico-2-600x400.jpg 600w, https:\/\/cuernavaca.gob.mx\/wp-content\/uploads\/2022\/10\/voto-mujer-mexico-2-560x373.jpg 560w, https:\/\/cuernavaca.gob.mx\/wp-content\/uploads\/2022\/10\/voto-mujer-mexico-2.jpg 1280w\" sizes=\"(max-width: 1024px) 100vw, 1024px\" \/><\/figure>\n\n\n\n<figure class=\"wp-block-image size-large\"><img loading=\"lazy\" width=\"1024\" height=\"682\" data-id=\"20376\"  src=\"https:\/\/cuernavaca.gob.mx\/wp-content\/uploads\/2022\/10\/voto-mujer-mexico-3-1024x682.jpg\" alt=\"\" class=\"wp-image-20376\" srcset=\"https:\/\/cuernavaca.gob.mx\/wp-content\/uploads\/2022\/10\/voto-mujer-mexico-3-1024x682.jpg 1024w, https:\/\/cuernavaca.gob.mx\/wp-content\/uploads\/2022\/10\/voto-mujer-mexico-3-300x200.jpg 300w, https:\/\/cuernavaca.gob.mx\/wp-content\/uploads\/2022\/10\/voto-mujer-mexico-3-768x512.jpg 768w, https:\/\/cuernavaca.gob.mx\/wp-content\/uploads\/2022\/10\/voto-mujer-mexico-3-600x400.jpg 600w, https:\/\/cuernavaca.gob.mx\/wp-content\/uploads\/2022\/10\/voto-mujer-mexico-3-560x373.jpg 560w, https:\/\/cuernavaca.gob.mx\/wp-content\/uploads\/2022\/10\/voto-mujer-mexico-3.jpg 1280w\" sizes=\"(max-width: 1024px) 100vw, 1024px\" \/><\/figure>\n\n\n\n<figure class=\"wp-block-image size-large\"><img loading=\"lazy\" width=\"1024\" height=\"682\" data-id=\"20375\"  src=\"https:\/\/cuernavaca.gob.mx\/wp-content\/uploads\/2022\/10\/voto-mujer-mexico-4-1024x682.jpg\" alt=\"\" class=\"wp-image-20375\" srcset=\"https:\/\/cuernavaca.gob.mx\/wp-content\/uploads\/2022\/10\/voto-mujer-mexico-4-1024x682.jpg 1024w, https:\/\/cuernavaca.gob.mx\/wp-content\/uploads\/2022\/10\/voto-mujer-mexico-4-300x200.jpg 300w, https:\/\/cuernavaca.gob.mx\/wp-content\/uploads\/2022\/10\/voto-mujer-mexico-4-768x512.jpg 768w, https:\/\/cuernavaca.gob.mx\/wp-content\/uploads\/2022\/10\/voto-mujer-mexico-4-600x400.jpg 600w, https:\/\/cuernavaca.gob.mx\/wp-content\/uploads\/2022\/10\/voto-mujer-mexico-4-560x373.jpg 560w, https:\/\/cuernavaca.gob.mx\/wp-content\/uploads\/2022\/10\/voto-mujer-mexico-4.jpg 1280w\" sizes=\"(max-width: 1024px) 100vw, 1024px\" \/><\/figure>\n\n\n\n<figure class=\"wp-block-image size-large\"><img loading=\"lazy\" width=\"1024\" height=\"682\" data-id=\"20377\"  src=\"https:\/\/cuernavaca.gob.mx\/wp-content\/uploads\/2022\/10\/voto-mujer-mexico-5-1024x682.jpg\" alt=\"\" class=\"wp-image-20377\" srcset=\"https:\/\/cuernavaca.gob.mx\/wp-content\/uploads\/2022\/10\/voto-mujer-mexico-5-1024x682.jpg 1024w, https:\/\/cuernavaca.gob.mx\/wp-content\/uploads\/2022\/10\/voto-mujer-mexico-5-300x200.jpg 300w, https:\/\/cuernavaca.gob.mx\/wp-content\/uploads\/2022\/10\/voto-mujer-mexico-5-768x512.jpg 768w, https:\/\/cuernavaca.gob.mx\/wp-content\/uploads\/2022\/10\/voto-mujer-mexico-5-600x400.jpg 600w, https:\/\/cuernavaca.gob.mx\/wp-content\/uploads\/2022\/10\/voto-mujer-mexico-5-560x373.jpg 560w, https:\/\/cuernavaca.gob.mx\/wp-content\/uploads\/2022\/10\/voto-mujer-mexico-5.jpg 1280w\" sizes=\"(max-width: 1024px) 100vw, 1024px\" \/><\/figure>\n<\/figure>\n","protected":false},"excerpt":{"rendered":"<p>La s\u00edndica municipal de Cuernavaca, Ver\u00f3nica Atenco P\u00e9rez y la secretaria de Desarrollo Humano y Participaci\u00f3n Social, Laura Hern\u00e1ndez Cruz, asistieron este mi\u00e9rcoles, en representaci\u00f3n del Gobierno Municipal, al evento conmemorativo por el 69 aniversario del voto de la mujer en M\u00e9xico, organizado por el colectivo 50+1. A invitaci\u00f3n de la presidenta del 50+1 en [&hellip;]<\/p>\n","protected":false},"author":1,"featured_media":20378,"comment_status":"closed","ping_status":"open","sticky":false,"template":"","format":"standard","meta":[],"categories":[280],"tags":[2305,121,120,2267,206,388,2518],"aioseo_notices":[],"_links":{"self":[{"href":"https:\/\/cuernavaca.gob.mx\/index.php?rest_route=\/wp\/v2\/posts\/20373"}],"collection":[{"href":"https:\/\/cuernavaca.gob.mx\/index.php?rest_route=\/wp\/v2\/posts"}],"about":[{"href":"https:\/\/cuernavaca.gob.mx\/index.php?rest_route=\/wp\/v2\/types\/post"}],"author":[{"embeddable":true,"href":"https:\/\/cuernavaca.gob.mx\/index.php?rest_route=\/wp\/v2\/users\/1"}],"replies":[{"embeddable":true,"href":"https:\/\/cuernavaca.gob.mx\/index.php?rest_route=%2Fwp%2Fv2%2Fcomments&post=20373"}],"version-history":[{"count":1,"href":"https:\/\/cuernavaca.gob.mx\/index.php?rest_route=\/wp\/v2\/posts\/20373\/revisions"}],"predecessor-version":[{"id":20379,"href":"https:\/\/cuernavaca.gob.mx\/index.php?rest_route=\/wp\/v2\/posts\/20373\/revisions\/20379"}],"wp:featuredmedia":[{"embeddable":true,"href":"https:\/\/cuernavaca.gob.mx\/index.php?rest_route=\/wp\/v2\/media\/20378"}],"wp:attachment":[{"href":"https:\/\/cuernavaca.gob.mx\/index.php?rest_route=%2Fwp%2Fv2%2Fmedia&parent=20373"}],"wp:term":[{"taxonomy":"category","embeddable":true,"href":"https:\/\/cuernavaca.gob.mx\/index.php?rest_route=%2Fwp%2Fv2%2Fcategories&post=20373"},{"taxonomy":"post_tag","embeddable":true,"href":"https:\/\/cuernavaca.gob.mx\/index.php?rest_route=%2Fwp%2Fv2%2Ftags&post=20373"}],"curies":[{"name":"wp","href":"https:\/\/api.w.org\/{rel}","templated":true}]}}