{"id":20386,"date":"2022-10-20T15:00:00","date_gmt":"2022-10-20T20:00:00","guid":{"rendered":"https:\/\/cuernavaca.gob.mx\/?p=20386"},"modified":"2025-05-06T12:20:11","modified_gmt":"2025-05-06T18:20:11","slug":"b435-instituto-de-la-mujer-de-cuernavaca-consolida-redes-para-promover-la-deteccion-contra-el-cancer-de-mama","status":"publish","type":"post","link":"https:\/\/cuernavaca.gob.mx\/?p=20386","title":{"rendered":"B435 INSTITUTO DE LA MUJER DE CUERNAVACA CONSOLIDA REDES PARA PROMOVER LA DETECCI\u00d3N CONTRA EL C\u00c1NCER DE MAMA"},"content":{"rendered":"\n<p><strong>* Lorena Castillo particip\u00f3 en la iniciativa &#8220;M\u00e1s conciencia, menos c\u00e1ncer&#8221; de la Escuela de Salud P\u00fablica de M\u00e9xico y el Centro de Investigaci\u00f3n en Salud Poblacional del Instituto Nacional de Salud P\u00fablica (INSP)<\/strong><\/p>\n\n\n\n<p><strong>* Tambi\u00e9n se avanza en programas y proyectos en materia de cumplimiento a la Alerta de Violencia de G\u00e9nero (AVG)<\/strong><\/p>\n\n\n\n<p>&#8220;M\u00e1s conciencia, menos c\u00e1ncer&#8221; es una iniciativa de la Escuela de Salud P\u00fablica de M\u00e9xico y el Centro de Investigaci\u00f3n en Salud Poblacional del Instituto Nacional de Salud P\u00fablica (INSP), cuyo objetivo es informar sobre el c\u00e1ncer de mama.<\/p>\n\n\n\n<p>Tambi\u00e9n se trata de &#8220;desmitificar sus causas, hablar y reflexionar sobre lo que hay alrededor de esta enfermedad&#8221;, coincidieron en se\u00f1alar las acad\u00e9micas participantes en el seminario-taller sobre el tema, realizado este mi\u00e9rcoles en el auditorio &#8220;Guillermo Sober\u00f3n&#8221; del INSP.<\/p>\n\n\n\n<p>La directora general del Instituto de la Mujer de Cuernavaca (IMC), Lorena Castillo Castillo, particip\u00f3 con el tema de &#8220;Factores sociales que impiden la detecci\u00f3n de c\u00e1ncer de mama en el municipio capitalino&#8221;, destacando que en M\u00e9xico cada hora tres mujeres son diagnosticadas con esta enfermedad, mientras que en la ciudad capital mueren 22 mujeres por cada cien mil.<\/p>\n\n\n\n<p>Precis\u00f3 que en base al compromiso e inter\u00e9s del presidente municipal, Jos\u00e9 Luis Uri\u00f3stegui Salgado, Cabildo y Gabinete, desde el instituto se han acercado a las mujeres cuernavacenses, brind\u00e1ndoles las herramientas en sus colonias y espacios de todo aquel programa y proyecto que les beneficie, tanto en materia de cumplimiento a la Alerta de Violencia de G\u00e9nero (AVG) como en atenci\u00f3n integral, en este caso de educaci\u00f3n en salud, de prevenci\u00f3n y atenci\u00f3n del c\u00e1ncer de mama con enfoque de g\u00e9nero, involucrando a los hombres.<\/p>\n\n\n\n<p>De igual forma, generando alianzas con instituciones de salud para la ruta y v\u00eda cl\u00ednica de atenci\u00f3n, la conformaci\u00f3n de grupos de mujeres para la difusi\u00f3n de los mensajes de salud y grupos de autoayuda en mujeres sobrevivientes a esta enfermedad, por medio del grupo sororo del propio IMC y por el programa Mujeres Constructoras de Paz (MUCPAZ) desde territorio, siendo la presente administraci\u00f3n la primera en el estado en conformarlos por 10 mujeres con liderazgo en su comunidad, que a su vez pueden integrar m\u00e1s grupos y as\u00ed llegar a cada espacio de los poblados y colonias de Cuernavaca.<\/p>\n\n\n\n<p>&#8220;Hoy se concreta una alianza en materia de atenci\u00f3n integral que es una indicaci\u00f3n precisa, no solo estuvimos dando informaci\u00f3n, hoy concretamos la campa\u00f1a de difusi\u00f3n de los factores protectores para no desarrollar c\u00e1ncer de mama, el INSP nos ayudar\u00e1 con esta campa\u00f1a&#8221;, recalc\u00f3.<\/p>\n\n\n\n<p>Por su lado, la Dra. Lizbeth L\u00f3pez Carrillo y la Mtra. Martha Karen Flores Garc\u00eda, abordaron, respectivamente, los temas del contexto actual de incidencia y recomendaciones para evitar y prevenir el citado c\u00e1ncer.<\/p>\n\n\n\n<p>El seminario taller concluy\u00f3 con los testimonios de dos mujeres sobrevivientes de c\u00e1ncer de mama y la iluminaci\u00f3n del edificio del INSP en color rosa como s\u00edmbolo de adhesi\u00f3n a la causa porque entre m\u00e1s conciencia, menos c\u00e1ncer.<\/p>\n\n\n\n<p>En la actividad que forma parte de Octubre Mes de la Lucha contra el C\u00e1ncer&nbsp; de Mama estuvieron presentes el director del INSP, Eduardo C\u00e9sar Lazcano Ponce, las regidoras Mar\u00eda Wendy Salinas Ruiz, Mirna Mireya Delgado Romero y Ximena Gisela Rom\u00e1n Peralta, as\u00ed como el regidor Christian Mishell P\u00e9rez Jaimes.<\/p>\n\n\n\n<p><\/p>\n\n\n\n<figure class=\"wp-container-2 wp-block-gallery-1 wp-block-gallery has-nested-images columns-default is-cropped\">\n<figure class=\"wp-block-image size-large\"><img loading=\"lazy\" width=\"1024\" height=\"682\" data-id=\"20393\"  src=\"https:\/\/cuernavaca.gob.mx\/wp-content\/uploads\/2022\/10\/conferencia-mujer-1-1024x682.jpg\" alt=\"\" class=\"wp-image-20393\" srcset=\"https:\/\/cuernavaca.gob.mx\/wp-content\/uploads\/2022\/10\/conferencia-mujer-1-1024x682.jpg 1024w, https:\/\/cuernavaca.gob.mx\/wp-content\/uploads\/2022\/10\/conferencia-mujer-1-300x200.jpg 300w, https:\/\/cuernavaca.gob.mx\/wp-content\/uploads\/2022\/10\/conferencia-mujer-1-768x512.jpg 768w, https:\/\/cuernavaca.gob.mx\/wp-content\/uploads\/2022\/10\/conferencia-mujer-1-600x400.jpg 600w, https:\/\/cuernavaca.gob.mx\/wp-content\/uploads\/2022\/10\/conferencia-mujer-1-560x373.jpg 560w, https:\/\/cuernavaca.gob.mx\/wp-content\/uploads\/2022\/10\/conferencia-mujer-1.jpg 1280w\" sizes=\"(max-width: 1024px) 100vw, 1024px\" \/><\/figure>\n\n\n\n<figure class=\"wp-block-image size-large\"><img loading=\"lazy\" width=\"1024\" height=\"682\" data-id=\"20390\"  src=\"https:\/\/cuernavaca.gob.mx\/wp-content\/uploads\/2022\/10\/conferencia-mujer-2-1024x682.jpg\" alt=\"\" class=\"wp-image-20390\" srcset=\"https:\/\/cuernavaca.gob.mx\/wp-content\/uploads\/2022\/10\/conferencia-mujer-2-1024x682.jpg 1024w, https:\/\/cuernavaca.gob.mx\/wp-content\/uploads\/2022\/10\/conferencia-mujer-2-300x200.jpg 300w, https:\/\/cuernavaca.gob.mx\/wp-content\/uploads\/2022\/10\/conferencia-mujer-2-768x512.jpg 768w, https:\/\/cuernavaca.gob.mx\/wp-content\/uploads\/2022\/10\/conferencia-mujer-2-600x400.jpg 600w, https:\/\/cuernavaca.gob.mx\/wp-content\/uploads\/2022\/10\/conferencia-mujer-2-560x373.jpg 560w, https:\/\/cuernavaca.gob.mx\/wp-content\/uploads\/2022\/10\/conferencia-mujer-2.jpg 1280w\" sizes=\"(max-width: 1024px) 100vw, 1024px\" \/><\/figure>\n\n\n\n<figure class=\"wp-block-image size-large\"><img loading=\"lazy\" width=\"1024\" height=\"682\" data-id=\"20389\"  src=\"https:\/\/cuernavaca.gob.mx\/wp-content\/uploads\/2022\/10\/conferencia-mujer-3-1024x682.jpg\" alt=\"\" class=\"wp-image-20389\" srcset=\"https:\/\/cuernavaca.gob.mx\/wp-content\/uploads\/2022\/10\/conferencia-mujer-3-1024x682.jpg 1024w, https:\/\/cuernavaca.gob.mx\/wp-content\/uploads\/2022\/10\/conferencia-mujer-3-300x200.jpg 300w, https:\/\/cuernavaca.gob.mx\/wp-content\/uploads\/2022\/10\/conferencia-mujer-3-768x512.jpg 768w, https:\/\/cuernavaca.gob.mx\/wp-content\/uploads\/2022\/10\/conferencia-mujer-3-600x400.jpg 600w, https:\/\/cuernavaca.gob.mx\/wp-content\/uploads\/2022\/10\/conferencia-mujer-3-560x373.jpg 560w, https:\/\/cuernavaca.gob.mx\/wp-content\/uploads\/2022\/10\/conferencia-mujer-3.jpg 1280w\" sizes=\"(max-width: 1024px) 100vw, 1024px\" \/><\/figure>\n\n\n\n<figure class=\"wp-block-image size-large\"><img loading=\"lazy\" width=\"1024\" height=\"682\" data-id=\"20388\"  src=\"https:\/\/cuernavaca.gob.mx\/wp-content\/uploads\/2022\/10\/conferencia-mujer-4-1024x682.jpg\" alt=\"\" class=\"wp-image-20388\" srcset=\"https:\/\/cuernavaca.gob.mx\/wp-content\/uploads\/2022\/10\/conferencia-mujer-4-1024x682.jpg 1024w, https:\/\/cuernavaca.gob.mx\/wp-content\/uploads\/2022\/10\/conferencia-mujer-4-300x200.jpg 300w, https:\/\/cuernavaca.gob.mx\/wp-content\/uploads\/2022\/10\/conferencia-mujer-4-768x512.jpg 768w, https:\/\/cuernavaca.gob.mx\/wp-content\/uploads\/2022\/10\/conferencia-mujer-4-600x400.jpg 600w, https:\/\/cuernavaca.gob.mx\/wp-content\/uploads\/2022\/10\/conferencia-mujer-4-560x373.jpg 560w, https:\/\/cuernavaca.gob.mx\/wp-content\/uploads\/2022\/10\/conferencia-mujer-4.jpg 1280w\" sizes=\"(max-width: 1024px) 100vw, 1024px\" \/><\/figure>\n\n\n\n<figure class=\"wp-block-image size-large\"><img loading=\"lazy\" width=\"1024\" height=\"682\" data-id=\"20396\"  src=\"https:\/\/cuernavaca.gob.mx\/wp-content\/uploads\/2022\/10\/conferencia-mujer-5-1024x682.jpg\" alt=\"\" class=\"wp-image-20396\" srcset=\"https:\/\/cuernavaca.gob.mx\/wp-content\/uploads\/2022\/10\/conferencia-mujer-5-1024x682.jpg 1024w, https:\/\/cuernavaca.gob.mx\/wp-content\/uploads\/2022\/10\/conferencia-mujer-5-300x200.jpg 300w, https:\/\/cuernavaca.gob.mx\/wp-content\/uploads\/2022\/10\/conferencia-mujer-5-768x512.jpg 768w, https:\/\/cuernavaca.gob.mx\/wp-content\/uploads\/2022\/10\/conferencia-mujer-5-600x400.jpg 600w, https:\/\/cuernavaca.gob.mx\/wp-content\/uploads\/2022\/10\/conferencia-mujer-5-560x373.jpg 560w, https:\/\/cuernavaca.gob.mx\/wp-content\/uploads\/2022\/10\/conferencia-mujer-5.jpg 1280w\" sizes=\"(max-width: 1024px) 100vw, 1024px\" \/><\/figure>\n\n\n\n<figure class=\"wp-block-image size-large\"><img loading=\"lazy\" width=\"1024\" height=\"682\" data-id=\"20391\"  src=\"https:\/\/cuernavaca.gob.mx\/wp-content\/uploads\/2022\/10\/conferencia-mujer-6-1024x682.jpg\" alt=\"\" class=\"wp-image-20391\" srcset=\"https:\/\/cuernavaca.gob.mx\/wp-content\/uploads\/2022\/10\/conferencia-mujer-6-1024x682.jpg 1024w, https:\/\/cuernavaca.gob.mx\/wp-content\/uploads\/2022\/10\/conferencia-mujer-6-300x200.jpg 300w, https:\/\/cuernavaca.gob.mx\/wp-content\/uploads\/2022\/10\/conferencia-mujer-6-768x512.jpg 768w, https:\/\/cuernavaca.gob.mx\/wp-content\/uploads\/2022\/10\/conferencia-mujer-6-600x400.jpg 600w, https:\/\/cuernavaca.gob.mx\/wp-content\/uploads\/2022\/10\/conferencia-mujer-6-560x373.jpg 560w, https:\/\/cuernavaca.gob.mx\/wp-content\/uploads\/2022\/10\/conferencia-mujer-6.jpg 1280w\" sizes=\"(max-width: 1024px) 100vw, 1024px\" \/><\/figure>\n\n\n\n<figure class=\"wp-block-image size-large\"><img loading=\"lazy\" width=\"1024\" height=\"682\" data-id=\"20392\"  src=\"https:\/\/cuernavaca.gob.mx\/wp-content\/uploads\/2022\/10\/conferencia-mujer-7-1024x682.jpg\" alt=\"\" class=\"wp-image-20392\" srcset=\"https:\/\/cuernavaca.gob.mx\/wp-content\/uploads\/2022\/10\/conferencia-mujer-7-1024x682.jpg 1024w, https:\/\/cuernavaca.gob.mx\/wp-content\/uploads\/2022\/10\/conferencia-mujer-7-300x200.jpg 300w, https:\/\/cuernavaca.gob.mx\/wp-content\/uploads\/2022\/10\/conferencia-mujer-7-768x512.jpg 768w, https:\/\/cuernavaca.gob.mx\/wp-content\/uploads\/2022\/10\/conferencia-mujer-7-600x400.jpg 600w, https:\/\/cuernavaca.gob.mx\/wp-content\/uploads\/2022\/10\/conferencia-mujer-7-560x373.jpg 560w, https:\/\/cuernavaca.gob.mx\/wp-content\/uploads\/2022\/10\/conferencia-mujer-7.jpg 1280w\" sizes=\"(max-width: 1024px) 100vw, 1024px\" \/><\/figure>\n\n\n\n<figure class=\"wp-block-image size-large\"><img loading=\"lazy\" width=\"1024\" height=\"682\" data-id=\"20395\"  src=\"https:\/\/cuernavaca.gob.mx\/wp-content\/uploads\/2022\/10\/conferencia-mujer-8-1024x682.jpg\" alt=\"\" class=\"wp-image-20395\" srcset=\"https:\/\/cuernavaca.gob.mx\/wp-content\/uploads\/2022\/10\/conferencia-mujer-8-1024x682.jpg 1024w, https:\/\/cuernavaca.gob.mx\/wp-content\/uploads\/2022\/10\/conferencia-mujer-8-300x200.jpg 300w, https:\/\/cuernavaca.gob.mx\/wp-content\/uploads\/2022\/10\/conferencia-mujer-8-768x512.jpg 768w, https:\/\/cuernavaca.gob.mx\/wp-content\/uploads\/2022\/10\/conferencia-mujer-8-600x400.jpg 600w, https:\/\/cuernavaca.gob.mx\/wp-content\/uploads\/2022\/10\/conferencia-mujer-8-560x373.jpg 560w, https:\/\/cuernavaca.gob.mx\/wp-content\/uploads\/2022\/10\/conferencia-mujer-8.jpg 1280w\" sizes=\"(max-width: 1024px) 100vw, 1024px\" \/><\/figure>\n\n\n\n<figure class=\"wp-block-image size-large\"><img loading=\"lazy\" width=\"1024\" height=\"682\" data-id=\"20394\"  src=\"https:\/\/cuernavaca.gob.mx\/wp-content\/uploads\/2022\/10\/conferencia-mujer-9-1024x682.jpg\" alt=\"\" class=\"wp-image-20394\" srcset=\"https:\/\/cuernavaca.gob.mx\/wp-content\/uploads\/2022\/10\/conferencia-mujer-9-1024x682.jpg 1024w, https:\/\/cuernavaca.gob.mx\/wp-content\/uploads\/2022\/10\/conferencia-mujer-9-300x200.jpg 300w, https:\/\/cuernavaca.gob.mx\/wp-content\/uploads\/2022\/10\/conferencia-mujer-9-768x512.jpg 768w, https:\/\/cuernavaca.gob.mx\/wp-content\/uploads\/2022\/10\/conferencia-mujer-9-600x400.jpg 600w, https:\/\/cuernavaca.gob.mx\/wp-content\/uploads\/2022\/10\/conferencia-mujer-9-560x373.jpg 560w, https:\/\/cuernavaca.gob.mx\/wp-content\/uploads\/2022\/10\/conferencia-mujer-9.jpg 1280w\" sizes=\"(max-width: 1024px) 100vw, 1024px\" \/><\/figure>\n<\/figure>\n","protected":false},"excerpt":{"rendered":"<p>* Lorena Castillo particip\u00f3 en la iniciativa &#8220;M\u00e1s conciencia, menos c\u00e1ncer&#8221; de la Escuela de Salud P\u00fablica de M\u00e9xico y el Centro de Investigaci\u00f3n en Salud Poblacional del Instituto Nacional de Salud P\u00fablica (INSP) * Tambi\u00e9n se avanza en programas y proyectos en materia de cumplimiento a la Alerta de Violencia de G\u00e9nero (AVG) &#8220;M\u00e1s [&hellip;]<\/p>\n","protected":false},"author":1,"featured_media":20390,"comment_status":"closed","ping_status":"open","sticky":false,"template":"","format":"standard","meta":[],"categories":[280],"tags":[2519,2520,121,120,206,202,403],"aioseo_notices":[],"_links":{"self":[{"href":"https:\/\/cuernavaca.gob.mx\/index.php?rest_route=\/wp\/v2\/posts\/20386"}],"collection":[{"href":"https:\/\/cuernavaca.gob.mx\/index.php?rest_route=\/wp\/v2\/posts"}],"about":[{"href":"https:\/\/cuernavaca.gob.mx\/index.php?rest_route=\/wp\/v2\/types\/post"}],"author":[{"embeddable":true,"href":"https:\/\/cuernavaca.gob.mx\/index.php?rest_route=\/wp\/v2\/users\/1"}],"replies":[{"embeddable":true,"href":"https:\/\/cuernavaca.gob.mx\/index.php?rest_route=%2Fwp%2Fv2%2Fcomments&post=20386"}],"version-history":[{"count":2,"href":"https:\/\/cuernavaca.gob.mx\/index.php?rest_route=\/wp\/v2\/posts\/20386\/revisions"}],"predecessor-version":[{"id":20444,"href":"https:\/\/cuernavaca.gob.mx\/index.php?rest_route=\/wp\/v2\/posts\/20386\/revisions\/20444"}],"wp:featuredmedia":[{"embeddable":true,"href":"https:\/\/cuernavaca.gob.mx\/index.php?rest_route=\/wp\/v2\/media\/20390"}],"wp:attachment":[{"href":"https:\/\/cuernavaca.gob.mx\/index.php?rest_route=%2Fwp%2Fv2%2Fmedia&parent=20386"}],"wp:term":[{"taxonomy":"category","embeddable":true,"href":"https:\/\/cuernavaca.gob.mx\/index.php?rest_route=%2Fwp%2Fv2%2Fcategories&post=20386"},{"taxonomy":"post_tag","embeddable":true,"href":"https:\/\/cuernavaca.gob.mx\/index.php?rest_route=%2Fwp%2Fv2%2Ftags&post=20386"}],"curies":[{"name":"wp","href":"https:\/\/api.w.org\/{rel}","templated":true}]}}