{"id":20934,"date":"2022-10-31T14:00:00","date_gmt":"2022-10-31T20:00:00","guid":{"rendered":"https:\/\/cuernavaca.gob.mx\/?p=20934"},"modified":"2025-05-06T12:20:58","modified_gmt":"2025-05-06T18:20:58","slug":"b468-31-10-22-el-festival-mictlan-de-cuernavaca-logra-la-sinergia-entre-la-cultura-tradicion-musica-teatro-y-arte-para-celebrar-dia-de-muertos","status":"publish","type":"post","link":"https:\/\/cuernavaca.gob.mx\/?p=20934","title":{"rendered":"B468 31\/10\/22 EL FESTIVAL MICTL\u00c1N DE CUERNAVACA LOGRA LA SINERGIA ENTRE LA CULTURA, TRADICI\u00d3N, M\u00daSICA, TEATRO Y ARTE PARA CELEBRAR D\u00cdA DE MUERTOS"},"content":{"rendered":"\n<p><strong>\u2022 Disfrutan familias esta festividad en diferentes sedes bajo la organizaci\u00f3n del Instituto de Cultura de la Secretar\u00eda de Desarrollo Humano y Participaci\u00f3n Social<\/strong><\/p>\n\n\n\n<p><strong>\u2022 El museo de la Ciudad y la antigua bodega de los Patios de la Estaci\u00f3n del ferrocarril, crean sus propias atmosferas ofrendas, catrinas y taller de papel picado<\/strong><\/p>\n\n\n\n<p>Con exitoso aforo de familias de Cuernavaca y turistas nacionales y extranjeros, se disfruta de las actividades que con motivo de la celebraci\u00f3n del D\u00eda de Muertos, se han llevado a cabo los tres primeros d\u00edas del Festival Mictl\u00e1n 2022, organizado por el Ayuntamiento de Cuernavaca, a trav\u00e9s del Instituto de Cultura y el Instituto del Deporte, adscritos a la Secretar\u00eda de Desarrollo Humano y Participaci\u00f3n Social.<\/p>\n\n\n\n<p>El primer d\u00eda, en el z\u00f3calo de la ciudad, m\u00e1s de 200 personas de todas las edades participaron en la &#8220;M\u00e1ster class de zumba con disfraces&#8221;, organizada por el Instituto del Deporte municipal, donde la titular de la Secretar\u00eda de Desarrollo Humano, Laura Hern\u00e1ndez Cruz, agradeci\u00f3 la entusiasta participaci\u00f3n de ni\u00f1as, ni\u00f1os, j\u00f3venes y adultos para que las familias, adem\u00e1s de activarse f\u00edsicamente, convivieran de manera sana.<\/p>\n\n\n\n<p>Por su parte, el director del Deporte en Cuernavaca, Gerardo Olvera Moreno, destac\u00f3 la colaboraci\u00f3n de 12 activadores f\u00edsicos para que esta actividad fuera variada sin parar un solo momento, con el objetivo de promover la actividad f\u00edsica. Al final, los participantes m\u00e1s constantes y con los mejores disfraces fueron premiados.<\/p>\n\n\n\n<p>M\u00e1s tarde, el Museo de la Ciudad de Cuernavaca (MuCIC) fue sede de la presentaci\u00f3n de Ismael Pe\u00f1a como solista, m\u00fasico e int\u00e9rprete cuernavacense que explora distintos ritmos como pop, folk, electr\u00f3nico y cumbia, mediante instrumentos como la jarana y el requinto jarocho, as\u00ed como secuencias elaboradas en computadora con otros instrumentos.<\/p>\n\n\n\n<p>Sin duda alguna, una opci\u00f3n de arte alternativo de corte independiente que deleit\u00f3 a decenas de personas como parte de la actividad del Festival de D\u00eda de Muertos Mictl\u00e1n 2022.<\/p>\n\n\n\n<p>Durante el segundo d\u00eda de oferta cultural para las familias de Cuernavaca y las visitantes, en la antigua bodega de la estaci\u00f3n del ferrocarril, ubicada en la colonia Patios de la Estaci\u00f3n, el artesano Alfredo Desaida S\u00e1enz, orgullosamente oriundo del Poblado Ocotepec, imparti\u00f3 el &#8220;Taller gratuito de papel picado&#8221;, el cual fue organizado para personas mayores de 15 a\u00f1os.<\/p>\n\n\n\n<p>De acuerdo con Juan Contreras de Oteyza, director del Instituto de Cultura de Cuernavaca, invitaron al artesano ocotepequense debido a que es uno de los principales promotores del arte de elaborar papel picado sin m\u00e1quina, \u00fanicamente, utilizando tijeras.<\/p>\n\n\n\n<p>Alfredo Desaida, por su parte, ha destacado la importancia del papel picado en la ofrenda a los fieles difuntos como representaci\u00f3n del aire, por lo cual decidi\u00f3 colaborar con el Instituto para dar a conocer a la poblaci\u00f3n cuernavacense la t\u00e9cnica para elaborarlo.<\/p>\n\n\n\n<p>Durante el tercer d\u00eda de actividad del Festival Mictl\u00e1n 2022, el domingo, fue presentada la obra teatral &#8220;Coco&#8221; en la plaza c\u00edvica de la estaci\u00f3n del ferrocarril, en la colonia Patios de la Estaci\u00f3n.<\/p>\n\n\n\n<p>Al evento, el cual fue gratuito, como todas las actividades de la cartelera del festival, acudieron decenas de familias de Patios de la Estaci\u00f3n para, de esta manera, conmemorar la memoria de sus familiares fallecidos, pues tambi\u00e9n hubo lectura de &#8220;calaveritas&#8221; e instalaci\u00f3n de varias ofrendas.<\/p>\n\n\n\n<p>La actividad del Festival Mictl\u00e1n 2022 continuar\u00e1 este lunes 31 de octubre en el MuCIC, con exposici\u00f3n de ofrendas, de catrinas por parte de la Fundaci\u00f3n Mar\u00eda F\u00e9lix, concierto de Cempas\u00fachil Soul y la obra de teatro &#8220;Catrinas&#8221;, todo a partir de las 16:00 horas. La entrada ser\u00e1 gratuita, por lo cual se invita a todas las familias para que asistan porque tambi\u00e9n con el fomento de nuestras tradiciones #CuernavacaRenace.<\/p>\n\n\n\n<figure class=\"wp-container-2 wp-block-gallery-1 wp-block-gallery has-nested-images columns-default is-cropped\">\n<figure class=\"wp-block-image size-large\"><img loading=\"lazy\" width=\"1024\" height=\"611\" data-id=\"20936\"  src=\"https:\/\/cuernavaca.gob.mx\/wp-content\/uploads\/2022\/10\/festival-mictlan-cuernavaca-1-1024x611.jpg\" alt=\"\" class=\"wp-image-20936\" srcset=\"https:\/\/cuernavaca.gob.mx\/wp-content\/uploads\/2022\/10\/festival-mictlan-cuernavaca-1-1024x611.jpg 1024w, https:\/\/cuernavaca.gob.mx\/wp-content\/uploads\/2022\/10\/festival-mictlan-cuernavaca-1-300x179.jpg 300w, https:\/\/cuernavaca.gob.mx\/wp-content\/uploads\/2022\/10\/festival-mictlan-cuernavaca-1-768x458.jpg 768w, https:\/\/cuernavaca.gob.mx\/wp-content\/uploads\/2022\/10\/festival-mictlan-cuernavaca-1-600x358.jpg 600w, https:\/\/cuernavaca.gob.mx\/wp-content\/uploads\/2022\/10\/festival-mictlan-cuernavaca-1-560x334.jpg 560w, https:\/\/cuernavaca.gob.mx\/wp-content\/uploads\/2022\/10\/festival-mictlan-cuernavaca-1.jpg 1280w\" sizes=\"(max-width: 1024px) 100vw, 1024px\" \/><\/figure>\n\n\n\n<figure class=\"wp-block-image size-large\"><img loading=\"lazy\" width=\"1024\" height=\"768\" data-id=\"20943\"  src=\"https:\/\/cuernavaca.gob.mx\/wp-content\/uploads\/2022\/10\/festival-mictlan-cuernavaca-2-1024x768.jpg\" alt=\"\" class=\"wp-image-20943\" srcset=\"https:\/\/cuernavaca.gob.mx\/wp-content\/uploads\/2022\/10\/festival-mictlan-cuernavaca-2-1024x768.jpg 1024w, https:\/\/cuernavaca.gob.mx\/wp-content\/uploads\/2022\/10\/festival-mictlan-cuernavaca-2-300x225.jpg 300w, https:\/\/cuernavaca.gob.mx\/wp-content\/uploads\/2022\/10\/festival-mictlan-cuernavaca-2-768x576.jpg 768w, https:\/\/cuernavaca.gob.mx\/wp-content\/uploads\/2022\/10\/festival-mictlan-cuernavaca-2-600x450.jpg 600w, https:\/\/cuernavaca.gob.mx\/wp-content\/uploads\/2022\/10\/festival-mictlan-cuernavaca-2-560x420.jpg 560w, https:\/\/cuernavaca.gob.mx\/wp-content\/uploads\/2022\/10\/festival-mictlan-cuernavaca-2.jpg 1280w\" sizes=\"(max-width: 1024px) 100vw, 1024px\" \/><\/figure>\n\n\n\n<figure class=\"wp-block-image size-large\"><img loading=\"lazy\" width=\"768\" height=\"1024\" data-id=\"20935\"  src=\"https:\/\/cuernavaca.gob.mx\/wp-content\/uploads\/2022\/10\/festival-mictlan-cuernavaca-3-768x1024.jpg\" alt=\"\" class=\"wp-image-20935\" srcset=\"https:\/\/cuernavaca.gob.mx\/wp-content\/uploads\/2022\/10\/festival-mictlan-cuernavaca-3-768x1024.jpg 768w, https:\/\/cuernavaca.gob.mx\/wp-content\/uploads\/2022\/10\/festival-mictlan-cuernavaca-3-225x300.jpg 225w, https:\/\/cuernavaca.gob.mx\/wp-content\/uploads\/2022\/10\/festival-mictlan-cuernavaca-3-450x600.jpg 450w, https:\/\/cuernavaca.gob.mx\/wp-content\/uploads\/2022\/10\/festival-mictlan-cuernavaca-3-420x560.jpg 420w, https:\/\/cuernavaca.gob.mx\/wp-content\/uploads\/2022\/10\/festival-mictlan-cuernavaca-3.jpg 960w\" sizes=\"(max-width: 768px) 100vw, 768px\" \/><\/figure>\n\n\n\n<figure class=\"wp-block-image size-large\"><img loading=\"lazy\" width=\"1024\" height=\"768\" data-id=\"20939\"  src=\"https:\/\/cuernavaca.gob.mx\/wp-content\/uploads\/2022\/10\/festival-mictlan-cuernavaca-4-1024x768.jpg\" alt=\"\" class=\"wp-image-20939\" srcset=\"https:\/\/cuernavaca.gob.mx\/wp-content\/uploads\/2022\/10\/festival-mictlan-cuernavaca-4-1024x768.jpg 1024w, https:\/\/cuernavaca.gob.mx\/wp-content\/uploads\/2022\/10\/festival-mictlan-cuernavaca-4-300x225.jpg 300w, https:\/\/cuernavaca.gob.mx\/wp-content\/uploads\/2022\/10\/festival-mictlan-cuernavaca-4-768x576.jpg 768w, https:\/\/cuernavaca.gob.mx\/wp-content\/uploads\/2022\/10\/festival-mictlan-cuernavaca-4-600x450.jpg 600w, https:\/\/cuernavaca.gob.mx\/wp-content\/uploads\/2022\/10\/festival-mictlan-cuernavaca-4-560x420.jpg 560w, https:\/\/cuernavaca.gob.mx\/wp-content\/uploads\/2022\/10\/festival-mictlan-cuernavaca-4.jpg 1280w\" sizes=\"(max-width: 1024px) 100vw, 1024px\" \/><\/figure>\n\n\n\n<figure class=\"wp-block-image size-large\"><img loading=\"lazy\" width=\"1024\" height=\"768\" data-id=\"20941\"  src=\"https:\/\/cuernavaca.gob.mx\/wp-content\/uploads\/2022\/10\/festival-mictlan-cuernavaca-5-1024x768.jpg\" alt=\"\" class=\"wp-image-20941\" srcset=\"https:\/\/cuernavaca.gob.mx\/wp-content\/uploads\/2022\/10\/festival-mictlan-cuernavaca-5-1024x768.jpg 1024w, https:\/\/cuernavaca.gob.mx\/wp-content\/uploads\/2022\/10\/festival-mictlan-cuernavaca-5-300x225.jpg 300w, https:\/\/cuernavaca.gob.mx\/wp-content\/uploads\/2022\/10\/festival-mictlan-cuernavaca-5-768x576.jpg 768w, https:\/\/cuernavaca.gob.mx\/wp-content\/uploads\/2022\/10\/festival-mictlan-cuernavaca-5-600x450.jpg 600w, https:\/\/cuernavaca.gob.mx\/wp-content\/uploads\/2022\/10\/festival-mictlan-cuernavaca-5-560x420.jpg 560w, https:\/\/cuernavaca.gob.mx\/wp-content\/uploads\/2022\/10\/festival-mictlan-cuernavaca-5.jpg 1280w\" sizes=\"(max-width: 1024px) 100vw, 1024px\" \/><\/figure>\n\n\n\n<figure class=\"wp-block-image size-large\"><img loading=\"lazy\" width=\"1024\" height=\"768\" data-id=\"20942\"  src=\"https:\/\/cuernavaca.gob.mx\/wp-content\/uploads\/2022\/10\/festival-mictlan-cuernavaca-6-1024x768.jpg\" alt=\"\" class=\"wp-image-20942\" srcset=\"https:\/\/cuernavaca.gob.mx\/wp-content\/uploads\/2022\/10\/festival-mictlan-cuernavaca-6-1024x768.jpg 1024w, https:\/\/cuernavaca.gob.mx\/wp-content\/uploads\/2022\/10\/festival-mictlan-cuernavaca-6-300x225.jpg 300w, https:\/\/cuernavaca.gob.mx\/wp-content\/uploads\/2022\/10\/festival-mictlan-cuernavaca-6-768x576.jpg 768w, https:\/\/cuernavaca.gob.mx\/wp-content\/uploads\/2022\/10\/festival-mictlan-cuernavaca-6-600x450.jpg 600w, https:\/\/cuernavaca.gob.mx\/wp-content\/uploads\/2022\/10\/festival-mictlan-cuernavaca-6-560x420.jpg 560w, https:\/\/cuernavaca.gob.mx\/wp-content\/uploads\/2022\/10\/festival-mictlan-cuernavaca-6.jpg 1280w\" sizes=\"(max-width: 1024px) 100vw, 1024px\" \/><\/figure>\n\n\n\n<figure class=\"wp-block-image size-large\"><img loading=\"lazy\" width=\"1024\" height=\"768\" data-id=\"20938\"  src=\"https:\/\/cuernavaca.gob.mx\/wp-content\/uploads\/2022\/10\/festival-mictlan-cuernavaca-7-1024x768.jpg\" alt=\"\" class=\"wp-image-20938\" srcset=\"https:\/\/cuernavaca.gob.mx\/wp-content\/uploads\/2022\/10\/festival-mictlan-cuernavaca-7-1024x768.jpg 1024w, https:\/\/cuernavaca.gob.mx\/wp-content\/uploads\/2022\/10\/festival-mictlan-cuernavaca-7-300x225.jpg 300w, https:\/\/cuernavaca.gob.mx\/wp-content\/uploads\/2022\/10\/festival-mictlan-cuernavaca-7-768x576.jpg 768w, https:\/\/cuernavaca.gob.mx\/wp-content\/uploads\/2022\/10\/festival-mictlan-cuernavaca-7-600x450.jpg 600w, https:\/\/cuernavaca.gob.mx\/wp-content\/uploads\/2022\/10\/festival-mictlan-cuernavaca-7-560x420.jpg 560w, https:\/\/cuernavaca.gob.mx\/wp-content\/uploads\/2022\/10\/festival-mictlan-cuernavaca-7.jpg 1280w\" sizes=\"(max-width: 1024px) 100vw, 1024px\" \/><\/figure>\n\n\n\n<figure class=\"wp-block-image size-large\"><img loading=\"lazy\" width=\"1024\" height=\"768\" data-id=\"20946\"  src=\"https:\/\/cuernavaca.gob.mx\/wp-content\/uploads\/2022\/10\/festival-mictlan-cuernavaca-8-1024x768.jpg\" alt=\"\" class=\"wp-image-20946\" srcset=\"https:\/\/cuernavaca.gob.mx\/wp-content\/uploads\/2022\/10\/festival-mictlan-cuernavaca-8-1024x768.jpg 1024w, https:\/\/cuernavaca.gob.mx\/wp-content\/uploads\/2022\/10\/festival-mictlan-cuernavaca-8-300x225.jpg 300w, https:\/\/cuernavaca.gob.mx\/wp-content\/uploads\/2022\/10\/festival-mictlan-cuernavaca-8-768x576.jpg 768w, https:\/\/cuernavaca.gob.mx\/wp-content\/uploads\/2022\/10\/festival-mictlan-cuernavaca-8-600x450.jpg 600w, https:\/\/cuernavaca.gob.mx\/wp-content\/uploads\/2022\/10\/festival-mictlan-cuernavaca-8-560x420.jpg 560w, https:\/\/cuernavaca.gob.mx\/wp-content\/uploads\/2022\/10\/festival-mictlan-cuernavaca-8.jpg 1280w\" sizes=\"(max-width: 1024px) 100vw, 1024px\" \/><\/figure>\n\n\n\n<figure class=\"wp-block-image size-large\"><img loading=\"lazy\" width=\"1024\" height=\"768\" data-id=\"20944\"  src=\"https:\/\/cuernavaca.gob.mx\/wp-content\/uploads\/2022\/10\/festival-mictlan-cuernavaca-9-1024x768.jpg\" alt=\"\" class=\"wp-image-20944\" srcset=\"https:\/\/cuernavaca.gob.mx\/wp-content\/uploads\/2022\/10\/festival-mictlan-cuernavaca-9-1024x768.jpg 1024w, https:\/\/cuernavaca.gob.mx\/wp-content\/uploads\/2022\/10\/festival-mictlan-cuernavaca-9-300x225.jpg 300w, https:\/\/cuernavaca.gob.mx\/wp-content\/uploads\/2022\/10\/festival-mictlan-cuernavaca-9-768x576.jpg 768w, https:\/\/cuernavaca.gob.mx\/wp-content\/uploads\/2022\/10\/festival-mictlan-cuernavaca-9-600x450.jpg 600w, https:\/\/cuernavaca.gob.mx\/wp-content\/uploads\/2022\/10\/festival-mictlan-cuernavaca-9-560x420.jpg 560w, https:\/\/cuernavaca.gob.mx\/wp-content\/uploads\/2022\/10\/festival-mictlan-cuernavaca-9.jpg 1280w\" sizes=\"(max-width: 1024px) 100vw, 1024px\" \/><\/figure>\n\n\n\n<figure class=\"wp-block-image size-large\"><img loading=\"lazy\" width=\"1024\" height=\"768\" data-id=\"20947\"  src=\"https:\/\/cuernavaca.gob.mx\/wp-content\/uploads\/2022\/10\/festival-mictlan-cuernavaca-10-1024x768.jpg\" alt=\"\" class=\"wp-image-20947\" srcset=\"https:\/\/cuernavaca.gob.mx\/wp-content\/uploads\/2022\/10\/festival-mictlan-cuernavaca-10-1024x768.jpg 1024w, https:\/\/cuernavaca.gob.mx\/wp-content\/uploads\/2022\/10\/festival-mictlan-cuernavaca-10-300x225.jpg 300w, https:\/\/cuernavaca.gob.mx\/wp-content\/uploads\/2022\/10\/festival-mictlan-cuernavaca-10-768x576.jpg 768w, https:\/\/cuernavaca.gob.mx\/wp-content\/uploads\/2022\/10\/festival-mictlan-cuernavaca-10-600x450.jpg 600w, https:\/\/cuernavaca.gob.mx\/wp-content\/uploads\/2022\/10\/festival-mictlan-cuernavaca-10-560x420.jpg 560w, https:\/\/cuernavaca.gob.mx\/wp-content\/uploads\/2022\/10\/festival-mictlan-cuernavaca-10.jpg 1280w\" sizes=\"(max-width: 1024px) 100vw, 1024px\" \/><\/figure>\n\n\n\n<figure class=\"wp-block-image size-large\"><img loading=\"lazy\" width=\"1024\" height=\"768\" data-id=\"20945\"  src=\"https:\/\/cuernavaca.gob.mx\/wp-content\/uploads\/2022\/10\/festival-mictlan-cuernavaca-11-1024x768.jpg\" alt=\"\" class=\"wp-image-20945\" srcset=\"https:\/\/cuernavaca.gob.mx\/wp-content\/uploads\/2022\/10\/festival-mictlan-cuernavaca-11-1024x768.jpg 1024w, https:\/\/cuernavaca.gob.mx\/wp-content\/uploads\/2022\/10\/festival-mictlan-cuernavaca-11-300x225.jpg 300w, https:\/\/cuernavaca.gob.mx\/wp-content\/uploads\/2022\/10\/festival-mictlan-cuernavaca-11-768x576.jpg 768w, https:\/\/cuernavaca.gob.mx\/wp-content\/uploads\/2022\/10\/festival-mictlan-cuernavaca-11-600x450.jpg 600w, https:\/\/cuernavaca.gob.mx\/wp-content\/uploads\/2022\/10\/festival-mictlan-cuernavaca-11-560x420.jpg 560w, https:\/\/cuernavaca.gob.mx\/wp-content\/uploads\/2022\/10\/festival-mictlan-cuernavaca-11.jpg 1280w\" sizes=\"(max-width: 1024px) 100vw, 1024px\" \/><\/figure>\n\n\n\n<figure class=\"wp-block-image size-large\"><img loading=\"lazy\" width=\"768\" height=\"1024\" data-id=\"20937\"  src=\"https:\/\/cuernavaca.gob.mx\/wp-content\/uploads\/2022\/10\/festival-mictlan-cuernavaca-12-768x1024.jpg\" alt=\"\" class=\"wp-image-20937\" srcset=\"https:\/\/cuernavaca.gob.mx\/wp-content\/uploads\/2022\/10\/festival-mictlan-cuernavaca-12-768x1024.jpg 768w, https:\/\/cuernavaca.gob.mx\/wp-content\/uploads\/2022\/10\/festival-mictlan-cuernavaca-12-225x300.jpg 225w, https:\/\/cuernavaca.gob.mx\/wp-content\/uploads\/2022\/10\/festival-mictlan-cuernavaca-12-450x600.jpg 450w, https:\/\/cuernavaca.gob.mx\/wp-content\/uploads\/2022\/10\/festival-mictlan-cuernavaca-12-420x560.jpg 420w, https:\/\/cuernavaca.gob.mx\/wp-content\/uploads\/2022\/10\/festival-mictlan-cuernavaca-12.jpg 960w\" sizes=\"(max-width: 768px) 100vw, 768px\" \/><\/figure>\n\n\n\n<figure class=\"wp-block-image size-large\"><img loading=\"lazy\" width=\"1024\" height=\"768\" data-id=\"20940\"  src=\"https:\/\/cuernavaca.gob.mx\/wp-content\/uploads\/2022\/10\/festival-mictlan-cuernavaca-13-1024x768.jpg\" alt=\"\" class=\"wp-image-20940\" srcset=\"https:\/\/cuernavaca.gob.mx\/wp-content\/uploads\/2022\/10\/festival-mictlan-cuernavaca-13-1024x768.jpg 1024w, https:\/\/cuernavaca.gob.mx\/wp-content\/uploads\/2022\/10\/festival-mictlan-cuernavaca-13-300x225.jpg 300w, https:\/\/cuernavaca.gob.mx\/wp-content\/uploads\/2022\/10\/festival-mictlan-cuernavaca-13-768x576.jpg 768w, https:\/\/cuernavaca.gob.mx\/wp-content\/uploads\/2022\/10\/festival-mictlan-cuernavaca-13-600x450.jpg 600w, https:\/\/cuernavaca.gob.mx\/wp-content\/uploads\/2022\/10\/festival-mictlan-cuernavaca-13-560x420.jpg 560w, https:\/\/cuernavaca.gob.mx\/wp-content\/uploads\/2022\/10\/festival-mictlan-cuernavaca-13.jpg 1280w\" sizes=\"(max-width: 1024px) 100vw, 1024px\" \/><\/figure>\n\n\n\n<figure class=\"wp-block-image size-large\"><img loading=\"lazy\" width=\"1024\" height=\"768\" data-id=\"20948\"  src=\"https:\/\/cuernavaca.gob.mx\/wp-content\/uploads\/2022\/10\/festival-mictlan-cuernavaca-14-1024x768.jpg\" alt=\"\" class=\"wp-image-20948\" srcset=\"https:\/\/cuernavaca.gob.mx\/wp-content\/uploads\/2022\/10\/festival-mictlan-cuernavaca-14-1024x768.jpg 1024w, https:\/\/cuernavaca.gob.mx\/wp-content\/uploads\/2022\/10\/festival-mictlan-cuernavaca-14-300x225.jpg 300w, https:\/\/cuernavaca.gob.mx\/wp-content\/uploads\/2022\/10\/festival-mictlan-cuernavaca-14-768x576.jpg 768w, https:\/\/cuernavaca.gob.mx\/wp-content\/uploads\/2022\/10\/festival-mictlan-cuernavaca-14-600x450.jpg 600w, https:\/\/cuernavaca.gob.mx\/wp-content\/uploads\/2022\/10\/festival-mictlan-cuernavaca-14-560x420.jpg 560w, https:\/\/cuernavaca.gob.mx\/wp-content\/uploads\/2022\/10\/festival-mictlan-cuernavaca-14.jpg 1280w\" sizes=\"(max-width: 1024px) 100vw, 1024px\" \/><\/figure>\n<\/figure>\n","protected":false},"excerpt":{"rendered":"<p>\u2022 Disfrutan familias esta festividad en diferentes sedes bajo la organizaci\u00f3n del Instituto de Cultura de la Secretar\u00eda de Desarrollo Humano y Participaci\u00f3n Social \u2022 El museo de la Ciudad y la antigua bodega de los Patios de la Estaci\u00f3n del ferrocarril, crean sus propias atmosferas ofrendas, catrinas y taller de papel picado Con exitoso [&hellip;]<\/p>\n","protected":false},"author":1,"featured_media":20942,"comment_status":"closed","ping_status":"open","sticky":false,"template":"","format":"standard","meta":[],"categories":[2292],"tags":[587,190,2490,2337,2540,120,206,194],"aioseo_notices":[],"_links":{"self":[{"href":"https:\/\/cuernavaca.gob.mx\/index.php?rest_route=\/wp\/v2\/posts\/20934"}],"collection":[{"href":"https:\/\/cuernavaca.gob.mx\/index.php?rest_route=\/wp\/v2\/posts"}],"about":[{"href":"https:\/\/cuernavaca.gob.mx\/index.php?rest_route=\/wp\/v2\/types\/post"}],"author":[{"embeddable":true,"href":"https:\/\/cuernavaca.gob.mx\/index.php?rest_route=\/wp\/v2\/users\/1"}],"replies":[{"embeddable":true,"href":"https:\/\/cuernavaca.gob.mx\/index.php?rest_route=%2Fwp%2Fv2%2Fcomments&post=20934"}],"version-history":[{"count":1,"href":"https:\/\/cuernavaca.gob.mx\/index.php?rest_route=\/wp\/v2\/posts\/20934\/revisions"}],"predecessor-version":[{"id":20949,"href":"https:\/\/cuernavaca.gob.mx\/index.php?rest_route=\/wp\/v2\/posts\/20934\/revisions\/20949"}],"wp:featuredmedia":[{"embeddable":true,"href":"https:\/\/cuernavaca.gob.mx\/index.php?rest_route=\/wp\/v2\/media\/20942"}],"wp:attachment":[{"href":"https:\/\/cuernavaca.gob.mx\/index.php?rest_route=%2Fwp%2Fv2%2Fmedia&parent=20934"}],"wp:term":[{"taxonomy":"category","embeddable":true,"href":"https:\/\/cuernavaca.gob.mx\/index.php?rest_route=%2Fwp%2Fv2%2Fcategories&post=20934"},{"taxonomy":"post_tag","embeddable":true,"href":"https:\/\/cuernavaca.gob.mx\/index.php?rest_route=%2Fwp%2Fv2%2Ftags&post=20934"}],"curies":[{"name":"wp","href":"https:\/\/api.w.org\/{rel}","templated":true}]}}