{"id":21170,"date":"2022-11-06T11:30:00","date_gmt":"2022-11-06T17:30:00","guid":{"rendered":"https:\/\/cuernavaca.gob.mx\/?p=21170"},"modified":"2025-05-06T12:21:33","modified_gmt":"2025-05-06T18:21:33","slug":"f223-07-11-22-arranca-en-tiempo-y-forma-la-eleccion-de-los-consejos-de-participacion-social-de-cuernavaca","status":"publish","type":"post","link":"https:\/\/cuernavaca.gob.mx\/?p=21170","title":{"rendered":"F223 07\/11\/22 ARRANCA EN TIEMPO Y FORMA LA ELECCI\u00d3N DE LOS CONSEJOS DE PARTICIPACI\u00d3N SOCIAL DE CUERNAVACA"},"content":{"rendered":"\n<p>A primera hora este domingo 06 de noviembre, integrantes de la Comisi\u00f3n Organizadora de la Elecci\u00f3n de los Consejos de Participaci\u00f3n Social del Municipio de Cuernavaca, encabeza por el presidente municipal, Jos\u00e9 Luis Uri\u00f3stegui Salgado, se declararon en sesi\u00f3n permanente iniciando formalmente este proceso democr\u00e1tico que tendr\u00e1 verificativo en 33 colonias de la capital del estado, quienes elegir\u00e1n a sus pr\u00f3ximas autoridades auxiliares.<\/p>\n\n\n\n<p>En punto de las 09:00 horas arranc\u00f3 el proceso de elecci\u00f3n en papeleta depositada en urna trasparente; las mesas receptoras se ubican en las distintas delegaciones y colonias de la ciudad, las cuales cuentan con un presidente, un secretario y un escrutador, mismos que son servidores p\u00fablicos al servicio del ayuntamiento y que fueron capacitados por el IMPEPAC los d\u00edas jueves 03 y viernes 04 de este mes, a fin de darle certeza y seguridad a los votantes.<\/p>\n\n\n\n<p>De acuerdo a la convocatoria, el cierre de la jornada electoral ser\u00e1 en casillas a las 17:00 horas, donde el escrutador dar\u00e1 comienzo al conteo p\u00fablico de los votos, una vez terminado este proceso se levantar\u00e1 el acta de cierre de las casillas y ser\u00e1n trasladados a las instalaciones Ayuntamiento de Cuernavaca para su c\u00f3mputo que concluir\u00e1 hasta que la \u00faltima colonia sea computarizada<\/p>\n\n\n\n<figure class=\"wp-container-2 wp-block-gallery-1 wp-block-gallery has-nested-images columns-default is-cropped\">\n<figure class=\"wp-block-image size-large\"><img loading=\"lazy\" width=\"1024\" height=\"576\" data-id=\"21171\"  src=\"https:\/\/cuernavaca.gob.mx\/wp-content\/uploads\/2022\/11\/eleccion-cuernavaca-1-1024x576.jpg\" alt=\"\" class=\"wp-image-21171\" srcset=\"https:\/\/cuernavaca.gob.mx\/wp-content\/uploads\/2022\/11\/eleccion-cuernavaca-1-1024x576.jpg 1024w, https:\/\/cuernavaca.gob.mx\/wp-content\/uploads\/2022\/11\/eleccion-cuernavaca-1-300x169.jpg 300w, https:\/\/cuernavaca.gob.mx\/wp-content\/uploads\/2022\/11\/eleccion-cuernavaca-1-768x432.jpg 768w, https:\/\/cuernavaca.gob.mx\/wp-content\/uploads\/2022\/11\/eleccion-cuernavaca-1-1536x864.jpg 1536w, https:\/\/cuernavaca.gob.mx\/wp-content\/uploads\/2022\/11\/eleccion-cuernavaca-1-600x338.jpg 600w, https:\/\/cuernavaca.gob.mx\/wp-content\/uploads\/2022\/11\/eleccion-cuernavaca-1-560x315.jpg 560w, https:\/\/cuernavaca.gob.mx\/wp-content\/uploads\/2022\/11\/eleccion-cuernavaca-1.jpg 1600w\" sizes=\"(max-width: 1024px) 100vw, 1024px\" \/><\/figure>\n\n\n\n<figure class=\"wp-block-image size-large\"><img loading=\"lazy\" width=\"1024\" height=\"768\" data-id=\"21172\"  src=\"https:\/\/cuernavaca.gob.mx\/wp-content\/uploads\/2022\/11\/eleccion-cuernavaca-2-1024x768.jpg\" alt=\"\" class=\"wp-image-21172\" srcset=\"https:\/\/cuernavaca.gob.mx\/wp-content\/uploads\/2022\/11\/eleccion-cuernavaca-2-1024x768.jpg 1024w, https:\/\/cuernavaca.gob.mx\/wp-content\/uploads\/2022\/11\/eleccion-cuernavaca-2-300x225.jpg 300w, https:\/\/cuernavaca.gob.mx\/wp-content\/uploads\/2022\/11\/eleccion-cuernavaca-2-768x576.jpg 768w, https:\/\/cuernavaca.gob.mx\/wp-content\/uploads\/2022\/11\/eleccion-cuernavaca-2-1536x1152.jpg 1536w, https:\/\/cuernavaca.gob.mx\/wp-content\/uploads\/2022\/11\/eleccion-cuernavaca-2-600x450.jpg 600w, https:\/\/cuernavaca.gob.mx\/wp-content\/uploads\/2022\/11\/eleccion-cuernavaca-2-560x420.jpg 560w, https:\/\/cuernavaca.gob.mx\/wp-content\/uploads\/2022\/11\/eleccion-cuernavaca-2.jpg 1600w\" sizes=\"(max-width: 1024px) 100vw, 1024px\" \/><\/figure>\n\n\n\n<figure class=\"wp-block-image size-large\"><img loading=\"lazy\" width=\"1024\" height=\"768\" data-id=\"21174\"  src=\"https:\/\/cuernavaca.gob.mx\/wp-content\/uploads\/2022\/11\/eleccion-cuernavaca-3-1024x768.jpg\" alt=\"\" class=\"wp-image-21174\" srcset=\"https:\/\/cuernavaca.gob.mx\/wp-content\/uploads\/2022\/11\/eleccion-cuernavaca-3-1024x768.jpg 1024w, https:\/\/cuernavaca.gob.mx\/wp-content\/uploads\/2022\/11\/eleccion-cuernavaca-3-300x225.jpg 300w, https:\/\/cuernavaca.gob.mx\/wp-content\/uploads\/2022\/11\/eleccion-cuernavaca-3-768x576.jpg 768w, https:\/\/cuernavaca.gob.mx\/wp-content\/uploads\/2022\/11\/eleccion-cuernavaca-3-1536x1152.jpg 1536w, https:\/\/cuernavaca.gob.mx\/wp-content\/uploads\/2022\/11\/eleccion-cuernavaca-3-600x450.jpg 600w, https:\/\/cuernavaca.gob.mx\/wp-content\/uploads\/2022\/11\/eleccion-cuernavaca-3-560x420.jpg 560w, https:\/\/cuernavaca.gob.mx\/wp-content\/uploads\/2022\/11\/eleccion-cuernavaca-3.jpg 1600w\" sizes=\"(max-width: 1024px) 100vw, 1024px\" \/><\/figure>\n\n\n\n<figure class=\"wp-block-image size-large\"><img loading=\"lazy\" width=\"1024\" height=\"768\" data-id=\"21173\"  src=\"https:\/\/cuernavaca.gob.mx\/wp-content\/uploads\/2022\/11\/eleccion-cuernavaca-4-1024x768.jpg\" alt=\"\" class=\"wp-image-21173\" srcset=\"https:\/\/cuernavaca.gob.mx\/wp-content\/uploads\/2022\/11\/eleccion-cuernavaca-4-1024x768.jpg 1024w, https:\/\/cuernavaca.gob.mx\/wp-content\/uploads\/2022\/11\/eleccion-cuernavaca-4-300x225.jpg 300w, https:\/\/cuernavaca.gob.mx\/wp-content\/uploads\/2022\/11\/eleccion-cuernavaca-4-768x576.jpg 768w, https:\/\/cuernavaca.gob.mx\/wp-content\/uploads\/2022\/11\/eleccion-cuernavaca-4-1536x1152.jpg 1536w, https:\/\/cuernavaca.gob.mx\/wp-content\/uploads\/2022\/11\/eleccion-cuernavaca-4-600x450.jpg 600w, https:\/\/cuernavaca.gob.mx\/wp-content\/uploads\/2022\/11\/eleccion-cuernavaca-4-560x420.jpg 560w, https:\/\/cuernavaca.gob.mx\/wp-content\/uploads\/2022\/11\/eleccion-cuernavaca-4.jpg 1600w\" sizes=\"(max-width: 1024px) 100vw, 1024px\" \/><\/figure>\n<\/figure>\n","protected":false},"excerpt":{"rendered":"<p>A primera hora este domingo 06 de noviembre, integrantes de la Comisi\u00f3n Organizadora de la Elecci\u00f3n de los Consejos de Participaci\u00f3n Social del Municipio de Cuernavaca, encabeza por el presidente municipal, Jos\u00e9 Luis Uri\u00f3stegui Salgado, se declararon en sesi\u00f3n permanente iniciando formalmente este proceso democr\u00e1tico que tendr\u00e1 verificativo en 33 colonias de la capital del [&hellip;]<\/p>\n","protected":false},"author":1,"featured_media":21173,"comment_status":"closed","ping_status":"open","sticky":false,"template":"","format":"standard","meta":[],"categories":[20],"tags":[2581,121,321,1929,120,1098],"aioseo_notices":[],"_links":{"self":[{"href":"https:\/\/cuernavaca.gob.mx\/index.php?rest_route=\/wp\/v2\/posts\/21170"}],"collection":[{"href":"https:\/\/cuernavaca.gob.mx\/index.php?rest_route=\/wp\/v2\/posts"}],"about":[{"href":"https:\/\/cuernavaca.gob.mx\/index.php?rest_route=\/wp\/v2\/types\/post"}],"author":[{"embeddable":true,"href":"https:\/\/cuernavaca.gob.mx\/index.php?rest_route=\/wp\/v2\/users\/1"}],"replies":[{"embeddable":true,"href":"https:\/\/cuernavaca.gob.mx\/index.php?rest_route=%2Fwp%2Fv2%2Fcomments&post=21170"}],"version-history":[{"count":1,"href":"https:\/\/cuernavaca.gob.mx\/index.php?rest_route=\/wp\/v2\/posts\/21170\/revisions"}],"predecessor-version":[{"id":21175,"href":"https:\/\/cuernavaca.gob.mx\/index.php?rest_route=\/wp\/v2\/posts\/21170\/revisions\/21175"}],"wp:featuredmedia":[{"embeddable":true,"href":"https:\/\/cuernavaca.gob.mx\/index.php?rest_route=\/wp\/v2\/media\/21173"}],"wp:attachment":[{"href":"https:\/\/cuernavaca.gob.mx\/index.php?rest_route=%2Fwp%2Fv2%2Fmedia&parent=21170"}],"wp:term":[{"taxonomy":"category","embeddable":true,"href":"https:\/\/cuernavaca.gob.mx\/index.php?rest_route=%2Fwp%2Fv2%2Fcategories&post=21170"},{"taxonomy":"post_tag","embeddable":true,"href":"https:\/\/cuernavaca.gob.mx\/index.php?rest_route=%2Fwp%2Fv2%2Ftags&post=21170"}],"curies":[{"name":"wp","href":"https:\/\/api.w.org\/{rel}","templated":true}]}}