{"id":21176,"date":"2022-11-06T19:00:00","date_gmt":"2022-11-07T01:00:00","guid":{"rendered":"https:\/\/cuernavaca.gob.mx\/?p=21176"},"modified":"2025-05-06T12:21:33","modified_gmt":"2025-05-06T18:21:33","slug":"b484-06-11-22-cuernavaca-renace-con-rescate-de-obras-como-el-carro-de-fuego","status":"publish","type":"post","link":"https:\/\/cuernavaca.gob.mx\/?p=21176","title":{"rendered":"B484 06\/11\/22 CUERNAVACA RENACE CON RESCATE DE OBRAS COMO EL CARRO DEL SOL"},"content":{"rendered":"\n<ul><li><strong>El presidente municipal, Jos\u00e9 Luis Uri\u00f3stegui y Cabildo inauguraron este domingo la nueva ubicaci\u00f3n de la escultura de Miriam P\u00e9rez<\/strong><\/li><\/ul>\n\n\n\n<ul><li><strong>Esta obra formar\u00e1 parte del denominado corredor cultural que va desde la calle Diana, pasando por R\u00edo Mayo, Teopanzolco y Domingo Diez hasta llegar a la Paloma de la Paz<\/strong><\/li><\/ul>\n\n\n\n<p>Bajo el compromiso de recuperar los espacios p\u00fablicos de la ciudad d\u00e1ndole sentido a todas las expresiones art\u00edsticas, el presidente municipal, Jos\u00e9 Luis Uri\u00f3stegui Salgado y el Cabildo, inaugur\u00f3 este domingo el nuevo hogar de la emblem\u00e1tica obra &#8220;El Carro del Sol\u201d, de la escultora Miriam P\u00e9rez Guerrero, que habr\u00eda sido vandalizada y retirada en 2018 de uno de los camellones de Boulevard Cuauhn\u00e1huac, situ\u00e1ndose de ahora en adelante en calle R\u00edo Balsas, esquina con Poder Legislativo, donde brilla en todo su esplendor.<\/p>\n\n\n\n<p>Acompa\u00f1ado de la presidenta del Sistema Municipal DIF Cuernavaca, Luz Mar\u00eda Zagal Guzm\u00e1n e integrantes del Gabinete, expres\u00f3 p\u00fablicamente la gratitud de la ciudad a la que representa para la maestra Miriam P\u00e9rez, quien de manera gratuita otorg\u00f3 su tiempo y mano de obra al municipio para recuperar esta obra tan trascedente donada a Cuernavaca por la se\u00f1ora Laura Fern\u00e1ndez McGregor, ya que se encontraba en mal estado por parte de trabajadores de aquella administraci\u00f3n municipal hace m\u00e1s de cuatro a\u00f1os.<\/p>\n\n\n\n<p>Anunci\u00f3 que esta obra formar\u00e1 parte del denominado corredor cultural, que parte desde la calle Diana, pasando por R\u00edo Mayo, Teopanzolco y Domingo Diez hasta llegar a la Paloma de la Paz, sum\u00e1ndose a la donaci\u00f3n de la obra &#8220;Quetzalc\u00f3atl&#8221; por parte del maestro V\u00edctor Contreras que recibi\u00f3 la presente administraci\u00f3n y est\u00e1 situada en la glorieta entre calle R\u00edo Balsas y R\u00edo Mayo.<\/p>\n\n\n\n<p>&#8220;Tenemos que darle sentido a la expresi\u00f3n art\u00edstica e invitar a m\u00e1s gente con talento a que pueda exhibir sus obras. Esta que se encontraba aqu\u00ed, una pir\u00e1mide humana de Carlos Pi\u00f1ar, ser\u00e1 reinstalada pronto en la glorieta de Reforma, ya tenemos la base y tendr\u00e1 un lugar digno para exhibirse dentro de la ciudad de Cuernavaca&#8221;, expres\u00f3.<\/p>\n\n\n\n<p>Jos\u00e9 Luis Uri\u00f3stegui reconoci\u00f3 el trabajo hecho por el personal de las Secretar\u00edas de Desarrollo Urbano y Obras P\u00fablicas, as\u00ed como Desarrollo Sustentable y Servicios P\u00fablicos, debido a que en una semana culminaron esta ardua labor, trabajando d\u00eda y noche para los cuernavacenses y visitantes cuenten con espacios dignos donde la cultura y el arte se conjugan.<\/p>\n\n\n\n<p>La explicaci\u00f3n t\u00e9cnica estuvo a cargo del secretario de Desarrollo Urbano y Obras P\u00fablicas, Alejandro Rosas L\u00f3pez, quien refiri\u00f3 que la intervenci\u00f3n se llev\u00f3 a cabo con la supervisi\u00f3n de la maestra Miriam P\u00e9rez, adecuando el espacio para instalar una nueva base de concreto armado que pueda soportar la escultura de m\u00e1s de seis metros de alto y de un peso de 2.5 toneladas, adem\u00e1s del embellecimiento del jard\u00edn; se tuvo una fuerza de trabajo de 15 trabajadoras que colaboraron con la Secretar\u00eda de Desarrollo Sustentable y Servicios P\u00fablicos, la cual se encarg\u00f3 de la limpieza, poda de \u00e1rboles y el retiro de los \u00e1rboles que se encontraron y que ser\u00e1n plantados en avenida Emiliano Zapata a la altura de la colonia Buena Vista.<\/p>\n\n\n\n<p>A la develaci\u00f3n de la obra asistieron la s\u00edndica municipal, Ver\u00f3nica Atenco P\u00e9rez y los regidores Mirna Mireya Delgado Romero, V\u00edctor Manzo God\u00ednez y Fernando Carrillo Alvarado.<\/p>\n\n\n\n<p>En su mensaje, la escultora Miriam P\u00e9rez, manifest\u00f3 que significa mucho que una autoridad municipal, como fue el caso del alcalde capitalino, tome inter\u00e9s en el aspecto cultural y sensible del arte para d\u00e1rselo a todos los ciudadanos de Cuernavaca, &#8220;sufri\u00f3 bastante &#8220;El Carro del Sol&#8221;, pero finalmente lleg\u00f3 a su casa y lleg\u00f3 con muy buena recepci\u00f3n, con los trabajos del ingeniero y del presidente. Ha sido una labor verdaderamente agotadora, pero deliciosa&#8221;.<\/p>\n\n\n\n<p>El presidente municipal, Jos\u00e9 Luis Uri\u00f3stegui y la maestra Miriam P\u00e9rez solicitaron al notario p\u00fablico 02, Hugo Salgado Casta\u00f1eda diera fe de la entrega de un certificado de autenticidad para que la ciudadan\u00eda sepa porque se hace, con quien se hace y sea un legado para todos los habitantes de Cuernavaca.<\/p>\n\n\n\n<p>En el evento estuvieron presentes como invitadas de honor familiares de la reconocida pintora, Tamara de Lempicka, quien por varias \u00e9pocas vivi\u00f3 en la ciudad, gracias a la invitaci\u00f3n del maestro V\u00edctor Contreras, quien tambi\u00e9n asisti\u00f3; de igual forma s\u00e9 cont\u00f3 con la asistencia del alcalde Huitzilac, Rafael Vargas Mu\u00f1oz y la presidenta del Sistema Municipal DIF de Huitzilac, Cynthia Flores Guadarrama.<\/p>\n\n\n\n<p>De igual forma, asistieron integrantes del Consejo Municipal de Cultura y las Artes; empresarios, representantes de la sociedad civil organizada y fil\u00e1ntropos, quienes avalaron este importante momento en la historia de la ciudad, apreciando la bella escultura que es muy acorde a la ciudad de la Eterna Primavera.<\/p>\n\n\n\n<figure class=\"wp-container-2 wp-block-gallery-1 wp-block-gallery has-nested-images columns-default is-cropped\">\n<figure class=\"wp-block-image size-large\"><img loading=\"lazy\" width=\"1024\" height=\"682\" data-id=\"21177\"  src=\"https:\/\/cuernavaca.gob.mx\/wp-content\/uploads\/2022\/11\/carro-del-sol-cuernavaca-1-1024x682.jpeg\" alt=\"\" class=\"wp-image-21177\" srcset=\"https:\/\/cuernavaca.gob.mx\/wp-content\/uploads\/2022\/11\/carro-del-sol-cuernavaca-1-1024x682.jpeg 1024w, https:\/\/cuernavaca.gob.mx\/wp-content\/uploads\/2022\/11\/carro-del-sol-cuernavaca-1-300x200.jpeg 300w, https:\/\/cuernavaca.gob.mx\/wp-content\/uploads\/2022\/11\/carro-del-sol-cuernavaca-1-768x512.jpeg 768w, https:\/\/cuernavaca.gob.mx\/wp-content\/uploads\/2022\/11\/carro-del-sol-cuernavaca-1-600x400.jpeg 600w, https:\/\/cuernavaca.gob.mx\/wp-content\/uploads\/2022\/11\/carro-del-sol-cuernavaca-1-560x373.jpeg 560w, https:\/\/cuernavaca.gob.mx\/wp-content\/uploads\/2022\/11\/carro-del-sol-cuernavaca-1.jpeg 1280w\" sizes=\"(max-width: 1024px) 100vw, 1024px\" \/><\/figure>\n\n\n\n<figure class=\"wp-block-image size-large\"><img loading=\"lazy\" width=\"1024\" height=\"682\" data-id=\"21183\"  src=\"https:\/\/cuernavaca.gob.mx\/wp-content\/uploads\/2022\/11\/carro-del-sol-cuernavaca-2-1024x682.jpeg\" alt=\"\" class=\"wp-image-21183\" srcset=\"https:\/\/cuernavaca.gob.mx\/wp-content\/uploads\/2022\/11\/carro-del-sol-cuernavaca-2-1024x682.jpeg 1024w, https:\/\/cuernavaca.gob.mx\/wp-content\/uploads\/2022\/11\/carro-del-sol-cuernavaca-2-300x200.jpeg 300w, https:\/\/cuernavaca.gob.mx\/wp-content\/uploads\/2022\/11\/carro-del-sol-cuernavaca-2-768x512.jpeg 768w, https:\/\/cuernavaca.gob.mx\/wp-content\/uploads\/2022\/11\/carro-del-sol-cuernavaca-2-600x400.jpeg 600w, https:\/\/cuernavaca.gob.mx\/wp-content\/uploads\/2022\/11\/carro-del-sol-cuernavaca-2-560x373.jpeg 560w, https:\/\/cuernavaca.gob.mx\/wp-content\/uploads\/2022\/11\/carro-del-sol-cuernavaca-2.jpeg 1280w\" sizes=\"(max-width: 1024px) 100vw, 1024px\" \/><\/figure>\n\n\n\n<figure class=\"wp-block-image size-large\"><img loading=\"lazy\" width=\"1024\" height=\"682\" data-id=\"21187\"  src=\"https:\/\/cuernavaca.gob.mx\/wp-content\/uploads\/2022\/11\/carro-del-sol-cuernavaca-3-1024x682.jpeg\" alt=\"\" class=\"wp-image-21187\" srcset=\"https:\/\/cuernavaca.gob.mx\/wp-content\/uploads\/2022\/11\/carro-del-sol-cuernavaca-3-1024x682.jpeg 1024w, https:\/\/cuernavaca.gob.mx\/wp-content\/uploads\/2022\/11\/carro-del-sol-cuernavaca-3-300x200.jpeg 300w, https:\/\/cuernavaca.gob.mx\/wp-content\/uploads\/2022\/11\/carro-del-sol-cuernavaca-3-768x512.jpeg 768w, https:\/\/cuernavaca.gob.mx\/wp-content\/uploads\/2022\/11\/carro-del-sol-cuernavaca-3-600x400.jpeg 600w, https:\/\/cuernavaca.gob.mx\/wp-content\/uploads\/2022\/11\/carro-del-sol-cuernavaca-3-560x373.jpeg 560w, https:\/\/cuernavaca.gob.mx\/wp-content\/uploads\/2022\/11\/carro-del-sol-cuernavaca-3.jpeg 1280w\" sizes=\"(max-width: 1024px) 100vw, 1024px\" \/><\/figure>\n\n\n\n<figure class=\"wp-block-image size-large\"><img loading=\"lazy\" width=\"1024\" height=\"682\" data-id=\"21179\"  src=\"https:\/\/cuernavaca.gob.mx\/wp-content\/uploads\/2022\/11\/carro-del-sol-cuernavaca-4-1024x682.jpeg\" alt=\"\" class=\"wp-image-21179\" srcset=\"https:\/\/cuernavaca.gob.mx\/wp-content\/uploads\/2022\/11\/carro-del-sol-cuernavaca-4-1024x682.jpeg 1024w, https:\/\/cuernavaca.gob.mx\/wp-content\/uploads\/2022\/11\/carro-del-sol-cuernavaca-4-300x200.jpeg 300w, https:\/\/cuernavaca.gob.mx\/wp-content\/uploads\/2022\/11\/carro-del-sol-cuernavaca-4-768x512.jpeg 768w, https:\/\/cuernavaca.gob.mx\/wp-content\/uploads\/2022\/11\/carro-del-sol-cuernavaca-4-600x400.jpeg 600w, https:\/\/cuernavaca.gob.mx\/wp-content\/uploads\/2022\/11\/carro-del-sol-cuernavaca-4-560x373.jpeg 560w, https:\/\/cuernavaca.gob.mx\/wp-content\/uploads\/2022\/11\/carro-del-sol-cuernavaca-4.jpeg 1280w\" sizes=\"(max-width: 1024px) 100vw, 1024px\" \/><\/figure>\n\n\n\n<figure class=\"wp-block-image size-large\"><img loading=\"lazy\" width=\"1024\" height=\"682\" data-id=\"21184\"  src=\"https:\/\/cuernavaca.gob.mx\/wp-content\/uploads\/2022\/11\/carro-del-sol-cuernavaca-5-1024x682.jpeg\" alt=\"\" class=\"wp-image-21184\" srcset=\"https:\/\/cuernavaca.gob.mx\/wp-content\/uploads\/2022\/11\/carro-del-sol-cuernavaca-5-1024x682.jpeg 1024w, https:\/\/cuernavaca.gob.mx\/wp-content\/uploads\/2022\/11\/carro-del-sol-cuernavaca-5-300x200.jpeg 300w, https:\/\/cuernavaca.gob.mx\/wp-content\/uploads\/2022\/11\/carro-del-sol-cuernavaca-5-768x512.jpeg 768w, https:\/\/cuernavaca.gob.mx\/wp-content\/uploads\/2022\/11\/carro-del-sol-cuernavaca-5-600x400.jpeg 600w, https:\/\/cuernavaca.gob.mx\/wp-content\/uploads\/2022\/11\/carro-del-sol-cuernavaca-5-560x373.jpeg 560w, https:\/\/cuernavaca.gob.mx\/wp-content\/uploads\/2022\/11\/carro-del-sol-cuernavaca-5.jpeg 1280w\" sizes=\"(max-width: 1024px) 100vw, 1024px\" \/><\/figure>\n\n\n\n<figure class=\"wp-block-image size-large\"><img loading=\"lazy\" width=\"1024\" height=\"682\" data-id=\"21180\"  src=\"https:\/\/cuernavaca.gob.mx\/wp-content\/uploads\/2022\/11\/carro-del-sol-cuernavaca-6-1024x682.jpeg\" alt=\"\" class=\"wp-image-21180\" srcset=\"https:\/\/cuernavaca.gob.mx\/wp-content\/uploads\/2022\/11\/carro-del-sol-cuernavaca-6-1024x682.jpeg 1024w, https:\/\/cuernavaca.gob.mx\/wp-content\/uploads\/2022\/11\/carro-del-sol-cuernavaca-6-300x200.jpeg 300w, https:\/\/cuernavaca.gob.mx\/wp-content\/uploads\/2022\/11\/carro-del-sol-cuernavaca-6-768x512.jpeg 768w, https:\/\/cuernavaca.gob.mx\/wp-content\/uploads\/2022\/11\/carro-del-sol-cuernavaca-6-600x400.jpeg 600w, https:\/\/cuernavaca.gob.mx\/wp-content\/uploads\/2022\/11\/carro-del-sol-cuernavaca-6-560x373.jpeg 560w, https:\/\/cuernavaca.gob.mx\/wp-content\/uploads\/2022\/11\/carro-del-sol-cuernavaca-6.jpeg 1280w\" sizes=\"(max-width: 1024px) 100vw, 1024px\" \/><\/figure>\n\n\n\n<figure class=\"wp-block-image size-large\"><img loading=\"lazy\" width=\"1024\" height=\"682\" data-id=\"21182\"  src=\"https:\/\/cuernavaca.gob.mx\/wp-content\/uploads\/2022\/11\/carro-del-sol-cuernavaca-7-1024x682.jpeg\" alt=\"\" class=\"wp-image-21182\" srcset=\"https:\/\/cuernavaca.gob.mx\/wp-content\/uploads\/2022\/11\/carro-del-sol-cuernavaca-7-1024x682.jpeg 1024w, https:\/\/cuernavaca.gob.mx\/wp-content\/uploads\/2022\/11\/carro-del-sol-cuernavaca-7-300x200.jpeg 300w, https:\/\/cuernavaca.gob.mx\/wp-content\/uploads\/2022\/11\/carro-del-sol-cuernavaca-7-768x512.jpeg 768w, https:\/\/cuernavaca.gob.mx\/wp-content\/uploads\/2022\/11\/carro-del-sol-cuernavaca-7-600x400.jpeg 600w, https:\/\/cuernavaca.gob.mx\/wp-content\/uploads\/2022\/11\/carro-del-sol-cuernavaca-7-560x373.jpeg 560w, https:\/\/cuernavaca.gob.mx\/wp-content\/uploads\/2022\/11\/carro-del-sol-cuernavaca-7.jpeg 1280w\" sizes=\"(max-width: 1024px) 100vw, 1024px\" \/><\/figure>\n\n\n\n<figure class=\"wp-block-image size-large\"><img loading=\"lazy\" width=\"1024\" height=\"682\" data-id=\"21188\"  src=\"https:\/\/cuernavaca.gob.mx\/wp-content\/uploads\/2022\/11\/carro-del-sol-cuernavaca-8-1024x682.jpeg\" alt=\"\" class=\"wp-image-21188\" srcset=\"https:\/\/cuernavaca.gob.mx\/wp-content\/uploads\/2022\/11\/carro-del-sol-cuernavaca-8-1024x682.jpeg 1024w, https:\/\/cuernavaca.gob.mx\/wp-content\/uploads\/2022\/11\/carro-del-sol-cuernavaca-8-300x200.jpeg 300w, https:\/\/cuernavaca.gob.mx\/wp-content\/uploads\/2022\/11\/carro-del-sol-cuernavaca-8-768x512.jpeg 768w, https:\/\/cuernavaca.gob.mx\/wp-content\/uploads\/2022\/11\/carro-del-sol-cuernavaca-8-600x400.jpeg 600w, https:\/\/cuernavaca.gob.mx\/wp-content\/uploads\/2022\/11\/carro-del-sol-cuernavaca-8-560x373.jpeg 560w, https:\/\/cuernavaca.gob.mx\/wp-content\/uploads\/2022\/11\/carro-del-sol-cuernavaca-8.jpeg 1280w\" sizes=\"(max-width: 1024px) 100vw, 1024px\" \/><\/figure>\n\n\n\n<figure class=\"wp-block-image size-large\"><img loading=\"lazy\" width=\"1024\" height=\"682\" data-id=\"21185\"  src=\"https:\/\/cuernavaca.gob.mx\/wp-content\/uploads\/2022\/11\/carro-del-sol-cuernavaca-9-1024x682.jpeg\" alt=\"\" class=\"wp-image-21185\" srcset=\"https:\/\/cuernavaca.gob.mx\/wp-content\/uploads\/2022\/11\/carro-del-sol-cuernavaca-9-1024x682.jpeg 1024w, https:\/\/cuernavaca.gob.mx\/wp-content\/uploads\/2022\/11\/carro-del-sol-cuernavaca-9-300x200.jpeg 300w, https:\/\/cuernavaca.gob.mx\/wp-content\/uploads\/2022\/11\/carro-del-sol-cuernavaca-9-768x512.jpeg 768w, https:\/\/cuernavaca.gob.mx\/wp-content\/uploads\/2022\/11\/carro-del-sol-cuernavaca-9-600x400.jpeg 600w, https:\/\/cuernavaca.gob.mx\/wp-content\/uploads\/2022\/11\/carro-del-sol-cuernavaca-9-560x373.jpeg 560w, https:\/\/cuernavaca.gob.mx\/wp-content\/uploads\/2022\/11\/carro-del-sol-cuernavaca-9.jpeg 1280w\" sizes=\"(max-width: 1024px) 100vw, 1024px\" \/><\/figure>\n\n\n\n<figure class=\"wp-block-image size-large\"><img loading=\"lazy\" width=\"1024\" height=\"682\" data-id=\"21181\"  src=\"https:\/\/cuernavaca.gob.mx\/wp-content\/uploads\/2022\/11\/carro-del-sol-cuernavaca-10-1024x682.jpeg\" alt=\"\" class=\"wp-image-21181\" srcset=\"https:\/\/cuernavaca.gob.mx\/wp-content\/uploads\/2022\/11\/carro-del-sol-cuernavaca-10-1024x682.jpeg 1024w, https:\/\/cuernavaca.gob.mx\/wp-content\/uploads\/2022\/11\/carro-del-sol-cuernavaca-10-300x200.jpeg 300w, https:\/\/cuernavaca.gob.mx\/wp-content\/uploads\/2022\/11\/carro-del-sol-cuernavaca-10-768x512.jpeg 768w, https:\/\/cuernavaca.gob.mx\/wp-content\/uploads\/2022\/11\/carro-del-sol-cuernavaca-10-600x400.jpeg 600w, https:\/\/cuernavaca.gob.mx\/wp-content\/uploads\/2022\/11\/carro-del-sol-cuernavaca-10-560x373.jpeg 560w, https:\/\/cuernavaca.gob.mx\/wp-content\/uploads\/2022\/11\/carro-del-sol-cuernavaca-10.jpeg 1280w\" sizes=\"(max-width: 1024px) 100vw, 1024px\" \/><\/figure>\n\n\n\n<figure class=\"wp-block-image size-large\"><img loading=\"lazy\" width=\"682\" height=\"1024\" data-id=\"21178\"  src=\"https:\/\/cuernavaca.gob.mx\/wp-content\/uploads\/2022\/11\/carro-del-sol-cuernavaca-11-682x1024.jpeg\" alt=\"\" class=\"wp-image-21178\" srcset=\"https:\/\/cuernavaca.gob.mx\/wp-content\/uploads\/2022\/11\/carro-del-sol-cuernavaca-11-682x1024.jpeg 682w, https:\/\/cuernavaca.gob.mx\/wp-content\/uploads\/2022\/11\/carro-del-sol-cuernavaca-11-200x300.jpeg 200w, https:\/\/cuernavaca.gob.mx\/wp-content\/uploads\/2022\/11\/carro-del-sol-cuernavaca-11-768x1152.jpeg 768w, https:\/\/cuernavaca.gob.mx\/wp-content\/uploads\/2022\/11\/carro-del-sol-cuernavaca-11-400x600.jpeg 400w, https:\/\/cuernavaca.gob.mx\/wp-content\/uploads\/2022\/11\/carro-del-sol-cuernavaca-11-373x560.jpeg 373w, https:\/\/cuernavaca.gob.mx\/wp-content\/uploads\/2022\/11\/carro-del-sol-cuernavaca-11.jpeg 853w\" sizes=\"(max-width: 682px) 100vw, 682px\" \/><\/figure>\n\n\n\n<figure class=\"wp-block-image size-large\"><img loading=\"lazy\" width=\"1024\" height=\"682\" data-id=\"21186\"  src=\"https:\/\/cuernavaca.gob.mx\/wp-content\/uploads\/2022\/11\/carro-del-sol-cuernavaca-12-1024x682.jpeg\" alt=\"\" class=\"wp-image-21186\" srcset=\"https:\/\/cuernavaca.gob.mx\/wp-content\/uploads\/2022\/11\/carro-del-sol-cuernavaca-12-1024x682.jpeg 1024w, https:\/\/cuernavaca.gob.mx\/wp-content\/uploads\/2022\/11\/carro-del-sol-cuernavaca-12-300x200.jpeg 300w, https:\/\/cuernavaca.gob.mx\/wp-content\/uploads\/2022\/11\/carro-del-sol-cuernavaca-12-768x512.jpeg 768w, https:\/\/cuernavaca.gob.mx\/wp-content\/uploads\/2022\/11\/carro-del-sol-cuernavaca-12-600x400.jpeg 600w, https:\/\/cuernavaca.gob.mx\/wp-content\/uploads\/2022\/11\/carro-del-sol-cuernavaca-12-560x373.jpeg 560w, https:\/\/cuernavaca.gob.mx\/wp-content\/uploads\/2022\/11\/carro-del-sol-cuernavaca-12.jpeg 1280w\" sizes=\"(max-width: 1024px) 100vw, 1024px\" \/><\/figure>\n<\/figure>\n","protected":false},"excerpt":{"rendered":"<p>El presidente municipal, Jos\u00e9 Luis Uri\u00f3stegui y Cabildo inauguraron este domingo la nueva ubicaci\u00f3n de la escultura de Miriam P\u00e9rez Esta obra formar\u00e1 parte del denominado corredor cultural que va desde la calle Diana, pasando por R\u00edo Mayo, Teopanzolco y Domingo Diez hasta llegar a la Paloma de la Paz Bajo el compromiso de recuperar [&hellip;]<\/p>\n","protected":false},"author":1,"featured_media":21181,"comment_status":"closed","ping_status":"open","sticky":false,"template":"","format":"standard","meta":[],"categories":[2414],"tags":[1300,121,303,220,2337,2376,120,206,194],"aioseo_notices":[],"_links":{"self":[{"href":"https:\/\/cuernavaca.gob.mx\/index.php?rest_route=\/wp\/v2\/posts\/21176"}],"collection":[{"href":"https:\/\/cuernavaca.gob.mx\/index.php?rest_route=\/wp\/v2\/posts"}],"about":[{"href":"https:\/\/cuernavaca.gob.mx\/index.php?rest_route=\/wp\/v2\/types\/post"}],"author":[{"embeddable":true,"href":"https:\/\/cuernavaca.gob.mx\/index.php?rest_route=\/wp\/v2\/users\/1"}],"replies":[{"embeddable":true,"href":"https:\/\/cuernavaca.gob.mx\/index.php?rest_route=%2Fwp%2Fv2%2Fcomments&post=21176"}],"version-history":[{"count":3,"href":"https:\/\/cuernavaca.gob.mx\/index.php?rest_route=\/wp\/v2\/posts\/21176\/revisions"}],"predecessor-version":[{"id":21462,"href":"https:\/\/cuernavaca.gob.mx\/index.php?rest_route=\/wp\/v2\/posts\/21176\/revisions\/21462"}],"wp:featuredmedia":[{"embeddable":true,"href":"https:\/\/cuernavaca.gob.mx\/index.php?rest_route=\/wp\/v2\/media\/21181"}],"wp:attachment":[{"href":"https:\/\/cuernavaca.gob.mx\/index.php?rest_route=%2Fwp%2Fv2%2Fmedia&parent=21176"}],"wp:term":[{"taxonomy":"category","embeddable":true,"href":"https:\/\/cuernavaca.gob.mx\/index.php?rest_route=%2Fwp%2Fv2%2Fcategories&post=21176"},{"taxonomy":"post_tag","embeddable":true,"href":"https:\/\/cuernavaca.gob.mx\/index.php?rest_route=%2Fwp%2Fv2%2Ftags&post=21176"}],"curies":[{"name":"wp","href":"https:\/\/api.w.org\/{rel}","templated":true}]}}