{"id":21190,"date":"2022-11-07T15:30:00","date_gmt":"2022-11-07T21:30:00","guid":{"rendered":"https:\/\/cuernavaca.gob.mx\/?p=21190"},"modified":"2025-05-06T12:21:33","modified_gmt":"2025-05-06T18:21:33","slug":"f225-07-11-22-ayuntamiento-de-cuernavaca-avanza-en-rehabilitacion-de-calle-el-rosal-en-rancho-cortes","status":"publish","type":"post","link":"https:\/\/cuernavaca.gob.mx\/?p=21190","title":{"rendered":"F225 07\/11\/22 AYUNTAMIENTO DE CUERNAVACA AVANZA EN REHABILITACI\u00d3N DE CALLE EL ROSAL EN RANCHO CORT\u00c9S"},"content":{"rendered":"\n<p>Por instrucciones del presidente municipal de Cuernavaca, Jos\u00e9 Luis Uri\u00f3stegui Salgado, la Direcci\u00f3n General de Servicios P\u00fablicos, adscrita a la Secretar\u00eda de Desarrollo Sustentable y Servicios P\u00fablicos, tiene un avance del 50 por ciento en los trabajos de mejoramiento y rehabilitaci\u00f3n de calle El Rosal en la colonia Rancho Cort\u00e9s de la delegaci\u00f3n Emiliano Zapata, debido a que por el exceso de filtraciones del agua pluvial ante la construcci\u00f3n de colectores sanitarios por parte de la Comisi\u00f3n Estatal del Agua (CEAGUA), la carpeta asf\u00e1ltica registro da\u00f1os severos.<\/p>\n\n\n\n<p>El director general de Servicios P\u00fablicos, Gerardo Abarca Pe\u00f1a, record\u00f3 que por esta obra que realiz\u00f3 CEAGUA a trav\u00e9s de un tercero, se presentaron baches, socavones y hundimientos que dificultaban gravemente el tr\u00e1nsito vehicular, por lo cual el Gobierno Municipal ante las solicitudes de los vecinos decidi\u00f3 tomar cartas en el asunto y comenzar la rehabilitaci\u00f3n, en un trabajo coordinado con el Sistema de Agua Potable y Alcantarillado de Cuernavaca (SAPAC), que se ha encargado de reparar las fugas o algunas conexiones mal hechas que pudieran presentarse.<\/p>\n\n\n\n<p>Se\u00f1al\u00f3 que, si bien la Secretar\u00eda de Desarrollo Sustentable y Servicios P\u00fablicos se ha encargado del asfaltado, CEAGUA y la Secretar\u00eda de Desarrollo Urbano y Obras P\u00fablicas de Cuernavaca, se han hecho cargo de la entrega de los materiales, como mezcla asf\u00e1ltica y emulsi\u00f3n, para poder intervenir la vialidad, la cual cuenta ya con un 50 por ciento de avance, iniciando los trabajos en las zonas m\u00e1s da\u00f1adas.<\/p>\n\n\n\n<p>Cabe mencionar que el alcalde de Cuernavaca ha estado muy pendiente de los avances de esta obra emergente, socializando con los vecinos los trabajos y recorri\u00e9ndola en su momento, junto con la directora general de SAPAC, Evelia Flores Hern\u00e1ndez y los secretarios de Desarrollo Urbano y Obras P\u00fablicas, Alejandro Rosas L\u00f3pez, y de Desarrollo Sustentable y Servicios P\u00fablicos, Omar Israel Albavera V\u00e1zquez; adem\u00e1s se cuenta con el apoyo de la Polic\u00eda Vial de la Secretar\u00eda de Protecci\u00f3n y Auxilio Ciudadano (SEPRAC), evitando cualquier perjuicio mayor a los pobladores.<\/p>\n\n\n\n<figure class=\"wp-container-2 wp-block-gallery-1 wp-block-gallery has-nested-images columns-default is-cropped\">\n<figure class=\"wp-block-image size-large\"><img loading=\"lazy\" width=\"1024\" height=\"768\" data-id=\"21193\"  src=\"https:\/\/cuernavaca.gob.mx\/wp-content\/uploads\/2022\/11\/pavimentaciones-cuernavaca-1-1024x768.jpg\" alt=\"\" class=\"wp-image-21193\" srcset=\"https:\/\/cuernavaca.gob.mx\/wp-content\/uploads\/2022\/11\/pavimentaciones-cuernavaca-1-1024x768.jpg 1024w, https:\/\/cuernavaca.gob.mx\/wp-content\/uploads\/2022\/11\/pavimentaciones-cuernavaca-1-300x225.jpg 300w, https:\/\/cuernavaca.gob.mx\/wp-content\/uploads\/2022\/11\/pavimentaciones-cuernavaca-1-768x576.jpg 768w, https:\/\/cuernavaca.gob.mx\/wp-content\/uploads\/2022\/11\/pavimentaciones-cuernavaca-1-1536x1152.jpg 1536w, https:\/\/cuernavaca.gob.mx\/wp-content\/uploads\/2022\/11\/pavimentaciones-cuernavaca-1-600x450.jpg 600w, https:\/\/cuernavaca.gob.mx\/wp-content\/uploads\/2022\/11\/pavimentaciones-cuernavaca-1-560x420.jpg 560w, https:\/\/cuernavaca.gob.mx\/wp-content\/uploads\/2022\/11\/pavimentaciones-cuernavaca-1.jpg 1600w\" sizes=\"(max-width: 1024px) 100vw, 1024px\" \/><\/figure>\n\n\n\n<figure class=\"wp-block-image size-large\"><img loading=\"lazy\" width=\"1024\" height=\"768\" data-id=\"21191\"  src=\"https:\/\/cuernavaca.gob.mx\/wp-content\/uploads\/2022\/11\/pavimentaciones-cuernavaca-2-1024x768.jpg\" alt=\"\" class=\"wp-image-21191\" srcset=\"https:\/\/cuernavaca.gob.mx\/wp-content\/uploads\/2022\/11\/pavimentaciones-cuernavaca-2-1024x768.jpg 1024w, https:\/\/cuernavaca.gob.mx\/wp-content\/uploads\/2022\/11\/pavimentaciones-cuernavaca-2-300x225.jpg 300w, https:\/\/cuernavaca.gob.mx\/wp-content\/uploads\/2022\/11\/pavimentaciones-cuernavaca-2-768x576.jpg 768w, https:\/\/cuernavaca.gob.mx\/wp-content\/uploads\/2022\/11\/pavimentaciones-cuernavaca-2-1536x1152.jpg 1536w, https:\/\/cuernavaca.gob.mx\/wp-content\/uploads\/2022\/11\/pavimentaciones-cuernavaca-2-600x450.jpg 600w, https:\/\/cuernavaca.gob.mx\/wp-content\/uploads\/2022\/11\/pavimentaciones-cuernavaca-2-560x420.jpg 560w, https:\/\/cuernavaca.gob.mx\/wp-content\/uploads\/2022\/11\/pavimentaciones-cuernavaca-2.jpg 1600w\" sizes=\"(max-width: 1024px) 100vw, 1024px\" \/><\/figure>\n\n\n\n<figure class=\"wp-block-image size-large\"><img loading=\"lazy\" width=\"1024\" height=\"768\" data-id=\"21192\"  src=\"https:\/\/cuernavaca.gob.mx\/wp-content\/uploads\/2022\/11\/pavimentaciones-cuernavaca-3-1024x768.jpg\" alt=\"\" class=\"wp-image-21192\" srcset=\"https:\/\/cuernavaca.gob.mx\/wp-content\/uploads\/2022\/11\/pavimentaciones-cuernavaca-3-1024x768.jpg 1024w, https:\/\/cuernavaca.gob.mx\/wp-content\/uploads\/2022\/11\/pavimentaciones-cuernavaca-3-300x225.jpg 300w, https:\/\/cuernavaca.gob.mx\/wp-content\/uploads\/2022\/11\/pavimentaciones-cuernavaca-3-768x576.jpg 768w, https:\/\/cuernavaca.gob.mx\/wp-content\/uploads\/2022\/11\/pavimentaciones-cuernavaca-3-1536x1152.jpg 1536w, https:\/\/cuernavaca.gob.mx\/wp-content\/uploads\/2022\/11\/pavimentaciones-cuernavaca-3-600x450.jpg 600w, https:\/\/cuernavaca.gob.mx\/wp-content\/uploads\/2022\/11\/pavimentaciones-cuernavaca-3-560x420.jpg 560w, https:\/\/cuernavaca.gob.mx\/wp-content\/uploads\/2022\/11\/pavimentaciones-cuernavaca-3.jpg 1600w\" sizes=\"(max-width: 1024px) 100vw, 1024px\" \/><\/figure>\n\n\n\n<figure class=\"wp-block-image size-large\"><img loading=\"lazy\" width=\"1024\" height=\"768\" data-id=\"21194\"  src=\"https:\/\/cuernavaca.gob.mx\/wp-content\/uploads\/2022\/11\/pavimentaciones-cuernavaca-4-1024x768.jpg\" alt=\"\" class=\"wp-image-21194\" srcset=\"https:\/\/cuernavaca.gob.mx\/wp-content\/uploads\/2022\/11\/pavimentaciones-cuernavaca-4-1024x768.jpg 1024w, https:\/\/cuernavaca.gob.mx\/wp-content\/uploads\/2022\/11\/pavimentaciones-cuernavaca-4-300x225.jpg 300w, https:\/\/cuernavaca.gob.mx\/wp-content\/uploads\/2022\/11\/pavimentaciones-cuernavaca-4-768x576.jpg 768w, https:\/\/cuernavaca.gob.mx\/wp-content\/uploads\/2022\/11\/pavimentaciones-cuernavaca-4-1536x1152.jpg 1536w, https:\/\/cuernavaca.gob.mx\/wp-content\/uploads\/2022\/11\/pavimentaciones-cuernavaca-4-600x450.jpg 600w, https:\/\/cuernavaca.gob.mx\/wp-content\/uploads\/2022\/11\/pavimentaciones-cuernavaca-4-560x420.jpg 560w, https:\/\/cuernavaca.gob.mx\/wp-content\/uploads\/2022\/11\/pavimentaciones-cuernavaca-4.jpg 1600w\" sizes=\"(max-width: 1024px) 100vw, 1024px\" \/><\/figure>\n<\/figure>\n","protected":false},"excerpt":{"rendered":"<p>Por instrucciones del presidente municipal de Cuernavaca, Jos\u00e9 Luis Uri\u00f3stegui Salgado, la Direcci\u00f3n General de Servicios P\u00fablicos, adscrita a la Secretar\u00eda de Desarrollo Sustentable y Servicios P\u00fablicos, tiene un avance del 50 por ciento en los trabajos de mejoramiento y rehabilitaci\u00f3n de calle El Rosal en la colonia Rancho Cort\u00e9s de la delegaci\u00f3n Emiliano Zapata, [&hellip;]<\/p>\n","protected":false},"author":1,"featured_media":21194,"comment_status":"closed","ping_status":"open","sticky":false,"template":"","format":"standard","meta":[],"categories":[18],"tags":[121,120,2288,206,358,342],"aioseo_notices":[],"_links":{"self":[{"href":"https:\/\/cuernavaca.gob.mx\/index.php?rest_route=\/wp\/v2\/posts\/21190"}],"collection":[{"href":"https:\/\/cuernavaca.gob.mx\/index.php?rest_route=\/wp\/v2\/posts"}],"about":[{"href":"https:\/\/cuernavaca.gob.mx\/index.php?rest_route=\/wp\/v2\/types\/post"}],"author":[{"embeddable":true,"href":"https:\/\/cuernavaca.gob.mx\/index.php?rest_route=\/wp\/v2\/users\/1"}],"replies":[{"embeddable":true,"href":"https:\/\/cuernavaca.gob.mx\/index.php?rest_route=%2Fwp%2Fv2%2Fcomments&post=21190"}],"version-history":[{"count":1,"href":"https:\/\/cuernavaca.gob.mx\/index.php?rest_route=\/wp\/v2\/posts\/21190\/revisions"}],"predecessor-version":[{"id":21195,"href":"https:\/\/cuernavaca.gob.mx\/index.php?rest_route=\/wp\/v2\/posts\/21190\/revisions\/21195"}],"wp:featuredmedia":[{"embeddable":true,"href":"https:\/\/cuernavaca.gob.mx\/index.php?rest_route=\/wp\/v2\/media\/21194"}],"wp:attachment":[{"href":"https:\/\/cuernavaca.gob.mx\/index.php?rest_route=%2Fwp%2Fv2%2Fmedia&parent=21190"}],"wp:term":[{"taxonomy":"category","embeddable":true,"href":"https:\/\/cuernavaca.gob.mx\/index.php?rest_route=%2Fwp%2Fv2%2Fcategories&post=21190"},{"taxonomy":"post_tag","embeddable":true,"href":"https:\/\/cuernavaca.gob.mx\/index.php?rest_route=%2Fwp%2Fv2%2Ftags&post=21190"}],"curies":[{"name":"wp","href":"https:\/\/api.w.org\/{rel}","templated":true}]}}