{"id":21196,"date":"2022-11-07T15:00:00","date_gmt":"2022-11-07T21:00:00","guid":{"rendered":"https:\/\/cuernavaca.gob.mx\/?p=21196"},"modified":"2025-05-06T12:21:33","modified_gmt":"2025-05-06T18:21:33","slug":"b485-07-11-22-seprac-en-accion-preventiva-aseguro-al-presunto-agresor-de-una-menor-de-edad-denunciado-en-redes-sociales","status":"publish","type":"post","link":"https:\/\/cuernavaca.gob.mx\/?p=21196","title":{"rendered":"B485 07\/11\/22 SEPRAC EN ACCI\u00d3N PREVENTIVA ASEGUR\u00d3 AL PRESUNTO AGRESOR DE UNA MENOR DE EDAD DENUNCIADO EN REDES SOCIALES"},"content":{"rendered":"\n<p><strong>\u2022 Alicia V\u00e1zquez inform\u00f3 que gracias una denuncia ciudadana a los n\u00fameros de emergencia del C4, llevaron a cabo el aseguramiento de Fredy \u201cN\u201d en la colonia Delicias de la capital morelense<\/strong><\/p>\n\n\n\n<p><strong>\u2022 Este fin de semana la SEPRAC llev\u00f3 a cabo trabajos en materia preventiva y la detenci\u00f3n de diversas personas, logrando el aseguramiento de diversas unidades, entre ellas una camioneta con reporte de robo en persecuci\u00f3n<\/strong><\/p>\n\n\n\n<p>En atenci\u00f3n a denuncias ciudadanas, la Secretar\u00eda de Protecci\u00f3n y Auxilio Ciudadano de Cuernavaca (SEPRAC) realiz\u00f3 la b\u00fasqueda, localizaci\u00f3n y detenci\u00f3n de Fredy \u201cN\u201d, de 30 a\u00f1os de edad, originario del municipio de Tepoztl\u00e1n, quien presuntamente agredi\u00f3 a una menor de edad en el municipio de Jiutepec, hecho que se viraliz\u00f3 en redes sociales.<\/p>\n\n\n\n<p>En conferencia de prensa, la titular de SEPRAC, Alicia V\u00e1zquez Luna, inform\u00f3 que gracias una denuncia ciudadana a los n\u00fameros de emergencia del C4, llevaron a cabo el aseguramiento de Fredy \u201cN\u201d en la colonia Delicias de la capital morelense, logrando a trav\u00e9s de una colaboraci\u00f3n intermunicipal con la polic\u00eda preventiva y el Sistema Municipal DIF de Tepoztl\u00e1n, que la Fiscal\u00eda General del Estado (FGE) hiciera el pedimento ante el Ministerio P\u00fablico para obtener una orden de aprehensi\u00f3n, misma que fue ejecutada el d\u00eda de ayer.<\/p>\n\n\n\n<p>Se\u00f1al\u00f3 que en la mesa de la construcci\u00f3n de paz el municipio de Tepoztl\u00e1n solicit\u00f3 la colaboraci\u00f3n de la SEPRAC, que se dedic\u00f3 a la b\u00fasqueda de Fredy \u201cN\u201d y a ra\u00edz de una denuncia, que mencion\u00f3 haber visto a una persona con las caracter\u00edsticas similares al hombre que agredi\u00f3 en un video viral a una menor, fue como la polic\u00eda municipal preventiva de la SEPRAC acudi\u00f3 al lugar y al momento de solicitarle que se identificara para ver si correspond\u00eda a la persona de nombre Fredy con sus dos apellidos que ya circulaban, la persona se mostr\u00f3 con una actitud retadora a la autoridad, ocasionado el desorden en v\u00eda p\u00fablica, por lo cual fue trasladado al juez c\u00edvico donde qued\u00f3 plenamente identificado como la persona que estaban buscando las autoridades de Tepoztl\u00e1n, quedando en manos de la FGE el proceso de investigaci\u00f3n y posible sanci\u00f3n.<\/p>\n\n\n\n<p>Alicia V\u00e1zquez, hizo un llamado a la poblaci\u00f3n en general a respetar los derechos de los infantes, siendo responsabilidades de todos evitar cualquier tipo de violencia hacia los ni\u00f1os \u201cporque todos somos en determinado momento garantes de los ni\u00f1os y j\u00f3venes a\u00fan y cuando no sean nuestros familiares\u201d.<\/p>\n\n\n\n<p>Puntualiz\u00f3 que, si bien las redes sociales sirvieron en esta ocasi\u00f3n para dar con el detenido, es importante que la ciudadan\u00eda denuncie, para evitar que este tipo de situaciones y cualquier otro delito se siga presentando, fomentando la cultura de la denuncia.<\/p>\n\n\n\n<p>Acompa\u00f1ada de Christian M\u00e9ndez Quintana, subsecretario de la Polic\u00eda Preventiva; Antonio Miguel Escamilla, director de Operaciones de la Polic\u00eda Preventiva; y de Javier Antonio Tencle Santiago, director de la Polic\u00eda Vial; V\u00e1zquez Luna inform\u00f3 sobre las diversas actividades que se efectuaron este fin de semana, destacando que hubo 18 detenidos remitidos al juez c\u00edvico por distintas infracciones, y cinco detenidos puestos a disposici\u00f3n del Ministerio P\u00fablico, tres de ellos cometer el robo de una motocicleta y lesiones a su propietario, as\u00ed como el aseguramiento de dos personas que se dedican al robo de cable de Tel\u00e9fonos de M\u00e9xico, que se ha convertido en un problema, pero que poco a poco estar\u00e1n generando estas acciones para evitar este tipo de comportamiento.<\/p>\n\n\n\n<p>Dentro de los operativos, SEPRAC logr\u00f3 asegurar, por parte de la Polic\u00eda de Vialidad, 13 veh\u00edculos y 19 motos, en tanto, la polic\u00eda preventiva asegur\u00f3 dos veh\u00edculos, una moto y una camioneta en v\u00eda de persecuci\u00f3n despu\u00e9s de haber sido robada, la cual fue asegurada y entregada al Ministerio P\u00fablica para que la v\u00edctima pueda recuperarla en su totalidad.<\/p>\n\n\n\n<p>En materia preventiva, la secretaria de Protecci\u00f3n y Auxilio Ciudadano inform\u00f3 que se realizaron pl\u00e1ticas con diversas facultades de la Universidad Aut\u00f3noma del Estado de Morelos (UAEM), en el manejo de emociones; la jornada de colaboraci\u00f3n con el Sistema DIF Municipal para presentar el proyecto a desarrollarse \u201cPrevekids\u201d, que estar\u00e1 dirigido a los ni\u00f1os y adolescentes; as\u00ed como una campa\u00f1a de difusi\u00f3n v\u00eda radio sobre los promotores de la prevenci\u00f3n y brigadas de j\u00f3venes universitarios para el desarrollo de sus pr\u00e1cticas profesionales y servicios social.<\/p>\n\n\n\n<p>Refiri\u00f3 que las brigadas que se encargan de las marchas exploratorias tuvieron presencia en avenida R\u00edo Mayo donde les entregaron folleter\u00eda, a efecto de que tomen medidas sobre la prevenci\u00f3n del robo y al mismo tiempo puedan interrelacionarse con las actividades de la polic\u00eda municipales; al interior de la instituci\u00f3n se desarrollan tambi\u00e9n acciones de prevenci\u00f3n, como terapias psicol\u00f3gicas al Cuerpo de Bomberos y a la Polic\u00eda Preventiva, que en esta ocasi\u00f3n fueron cinco con el objetivo de que su trabajo sea m\u00e1s eficiente.<\/p>\n\n\n\n<p>En el eje de reacci\u00f3n de las \u00e1reas operativas, indic\u00f3, que se mantiene una colaboraci\u00f3n con los j\u00f3venes instructores del Pentathl\u00f3n, que corresponde al Deportivo Militarizado Universitario a cargo del comandante Israel Mogollan Rom\u00e1n, quien estar\u00e1 realizando tareas de prevenci\u00f3n que sumen a los cuerpos de polic\u00eda y al mismo tiempo, lograr\u00e1 rescatar a chicos que quieran desarrollarse de manera saludable, f\u00edsica y mentalmente.<\/p>\n\n\n\n<p><\/p>\n\n\n\n<figure class=\"wp-container-2 wp-block-gallery-1 wp-block-gallery has-nested-images columns-default is-cropped\">\n<figure class=\"wp-block-image size-large\"><img loading=\"lazy\" width=\"1024\" height=\"683\" data-id=\"21198\"  src=\"https:\/\/cuernavaca.gob.mx\/wp-content\/uploads\/2022\/11\/seguridad-cuernavaca-1-1024x683.jpg\" alt=\"\" class=\"wp-image-21198\" srcset=\"https:\/\/cuernavaca.gob.mx\/wp-content\/uploads\/2022\/11\/seguridad-cuernavaca-1-1024x683.jpg 1024w, https:\/\/cuernavaca.gob.mx\/wp-content\/uploads\/2022\/11\/seguridad-cuernavaca-1-300x200.jpg 300w, https:\/\/cuernavaca.gob.mx\/wp-content\/uploads\/2022\/11\/seguridad-cuernavaca-1-768x512.jpg 768w, https:\/\/cuernavaca.gob.mx\/wp-content\/uploads\/2022\/11\/seguridad-cuernavaca-1-1536x1024.jpg 1536w, https:\/\/cuernavaca.gob.mx\/wp-content\/uploads\/2022\/11\/seguridad-cuernavaca-1-600x400.jpg 600w, https:\/\/cuernavaca.gob.mx\/wp-content\/uploads\/2022\/11\/seguridad-cuernavaca-1-560x373.jpg 560w, https:\/\/cuernavaca.gob.mx\/wp-content\/uploads\/2022\/11\/seguridad-cuernavaca-1.jpg 1599w\" sizes=\"(max-width: 1024px) 100vw, 1024px\" \/><\/figure>\n\n\n\n<figure class=\"wp-block-image size-large\"><img loading=\"lazy\" width=\"1024\" height=\"683\" data-id=\"21197\"  src=\"https:\/\/cuernavaca.gob.mx\/wp-content\/uploads\/2022\/11\/seguridad-cuernavaca-2-1024x683.jpg\" alt=\"\" class=\"wp-image-21197\" srcset=\"https:\/\/cuernavaca.gob.mx\/wp-content\/uploads\/2022\/11\/seguridad-cuernavaca-2-1024x683.jpg 1024w, https:\/\/cuernavaca.gob.mx\/wp-content\/uploads\/2022\/11\/seguridad-cuernavaca-2-300x200.jpg 300w, https:\/\/cuernavaca.gob.mx\/wp-content\/uploads\/2022\/11\/seguridad-cuernavaca-2-768x512.jpg 768w, https:\/\/cuernavaca.gob.mx\/wp-content\/uploads\/2022\/11\/seguridad-cuernavaca-2-1536x1024.jpg 1536w, https:\/\/cuernavaca.gob.mx\/wp-content\/uploads\/2022\/11\/seguridad-cuernavaca-2-600x400.jpg 600w, https:\/\/cuernavaca.gob.mx\/wp-content\/uploads\/2022\/11\/seguridad-cuernavaca-2-560x373.jpg 560w, https:\/\/cuernavaca.gob.mx\/wp-content\/uploads\/2022\/11\/seguridad-cuernavaca-2.jpg 1599w\" sizes=\"(max-width: 1024px) 100vw, 1024px\" \/><\/figure>\n\n\n\n<figure class=\"wp-block-image size-large\"><img loading=\"lazy\" width=\"1024\" height=\"683\" data-id=\"21200\"  src=\"https:\/\/cuernavaca.gob.mx\/wp-content\/uploads\/2022\/11\/seguridad-cuernavaca-3-1024x683.jpg\" alt=\"\" class=\"wp-image-21200\" srcset=\"https:\/\/cuernavaca.gob.mx\/wp-content\/uploads\/2022\/11\/seguridad-cuernavaca-3-1024x683.jpg 1024w, https:\/\/cuernavaca.gob.mx\/wp-content\/uploads\/2022\/11\/seguridad-cuernavaca-3-300x200.jpg 300w, https:\/\/cuernavaca.gob.mx\/wp-content\/uploads\/2022\/11\/seguridad-cuernavaca-3-768x512.jpg 768w, https:\/\/cuernavaca.gob.mx\/wp-content\/uploads\/2022\/11\/seguridad-cuernavaca-3-1536x1024.jpg 1536w, https:\/\/cuernavaca.gob.mx\/wp-content\/uploads\/2022\/11\/seguridad-cuernavaca-3-600x400.jpg 600w, https:\/\/cuernavaca.gob.mx\/wp-content\/uploads\/2022\/11\/seguridad-cuernavaca-3-560x373.jpg 560w, https:\/\/cuernavaca.gob.mx\/wp-content\/uploads\/2022\/11\/seguridad-cuernavaca-3.jpg 1599w\" sizes=\"(max-width: 1024px) 100vw, 1024px\" \/><\/figure>\n\n\n\n<figure class=\"wp-block-image size-large\"><img loading=\"lazy\" width=\"1024\" height=\"683\" data-id=\"21201\"  src=\"https:\/\/cuernavaca.gob.mx\/wp-content\/uploads\/2022\/11\/seguridad-cuernavaca-4-1024x683.jpg\" alt=\"\" class=\"wp-image-21201\" srcset=\"https:\/\/cuernavaca.gob.mx\/wp-content\/uploads\/2022\/11\/seguridad-cuernavaca-4-1024x683.jpg 1024w, https:\/\/cuernavaca.gob.mx\/wp-content\/uploads\/2022\/11\/seguridad-cuernavaca-4-300x200.jpg 300w, https:\/\/cuernavaca.gob.mx\/wp-content\/uploads\/2022\/11\/seguridad-cuernavaca-4-768x512.jpg 768w, https:\/\/cuernavaca.gob.mx\/wp-content\/uploads\/2022\/11\/seguridad-cuernavaca-4-1536x1024.jpg 1536w, https:\/\/cuernavaca.gob.mx\/wp-content\/uploads\/2022\/11\/seguridad-cuernavaca-4-600x400.jpg 600w, https:\/\/cuernavaca.gob.mx\/wp-content\/uploads\/2022\/11\/seguridad-cuernavaca-4-560x373.jpg 560w, https:\/\/cuernavaca.gob.mx\/wp-content\/uploads\/2022\/11\/seguridad-cuernavaca-4.jpg 1599w\" sizes=\"(max-width: 1024px) 100vw, 1024px\" \/><\/figure>\n\n\n\n<figure class=\"wp-block-image size-large\"><img loading=\"lazy\" width=\"1024\" height=\"683\" data-id=\"21199\"  src=\"https:\/\/cuernavaca.gob.mx\/wp-content\/uploads\/2022\/11\/seguridad-cuernavaca-5-1024x683.jpg\" alt=\"\" class=\"wp-image-21199\" srcset=\"https:\/\/cuernavaca.gob.mx\/wp-content\/uploads\/2022\/11\/seguridad-cuernavaca-5-1024x683.jpg 1024w, https:\/\/cuernavaca.gob.mx\/wp-content\/uploads\/2022\/11\/seguridad-cuernavaca-5-300x200.jpg 300w, https:\/\/cuernavaca.gob.mx\/wp-content\/uploads\/2022\/11\/seguridad-cuernavaca-5-768x512.jpg 768w, https:\/\/cuernavaca.gob.mx\/wp-content\/uploads\/2022\/11\/seguridad-cuernavaca-5-1536x1024.jpg 1536w, https:\/\/cuernavaca.gob.mx\/wp-content\/uploads\/2022\/11\/seguridad-cuernavaca-5-600x400.jpg 600w, https:\/\/cuernavaca.gob.mx\/wp-content\/uploads\/2022\/11\/seguridad-cuernavaca-5-560x373.jpg 560w, https:\/\/cuernavaca.gob.mx\/wp-content\/uploads\/2022\/11\/seguridad-cuernavaca-5.jpg 1599w\" sizes=\"(max-width: 1024px) 100vw, 1024px\" \/><\/figure>\n<\/figure>\n","protected":false},"excerpt":{"rendered":"<p>\u2022 Alicia V\u00e1zquez inform\u00f3 que gracias una denuncia ciudadana a los n\u00fameros de emergencia del C4, llevaron a cabo el aseguramiento de Fredy \u201cN\u201d en la colonia Delicias de la capital morelense \u2022 Este fin de semana la SEPRAC llev\u00f3 a cabo trabajos en materia preventiva y la detenci\u00f3n de diversas personas, logrando el aseguramiento [&hellip;]<\/p>\n","protected":false},"author":1,"featured_media":21198,"comment_status":"closed","ping_status":"open","sticky":false,"template":"","format":"standard","meta":[],"categories":[17],"tags":[2582,121,2498,120,206,414,1583,125],"aioseo_notices":[],"_links":{"self":[{"href":"https:\/\/cuernavaca.gob.mx\/index.php?rest_route=\/wp\/v2\/posts\/21196"}],"collection":[{"href":"https:\/\/cuernavaca.gob.mx\/index.php?rest_route=\/wp\/v2\/posts"}],"about":[{"href":"https:\/\/cuernavaca.gob.mx\/index.php?rest_route=\/wp\/v2\/types\/post"}],"author":[{"embeddable":true,"href":"https:\/\/cuernavaca.gob.mx\/index.php?rest_route=\/wp\/v2\/users\/1"}],"replies":[{"embeddable":true,"href":"https:\/\/cuernavaca.gob.mx\/index.php?rest_route=%2Fwp%2Fv2%2Fcomments&post=21196"}],"version-history":[{"count":1,"href":"https:\/\/cuernavaca.gob.mx\/index.php?rest_route=\/wp\/v2\/posts\/21196\/revisions"}],"predecessor-version":[{"id":21202,"href":"https:\/\/cuernavaca.gob.mx\/index.php?rest_route=\/wp\/v2\/posts\/21196\/revisions\/21202"}],"wp:featuredmedia":[{"embeddable":true,"href":"https:\/\/cuernavaca.gob.mx\/index.php?rest_route=\/wp\/v2\/media\/21198"}],"wp:attachment":[{"href":"https:\/\/cuernavaca.gob.mx\/index.php?rest_route=%2Fwp%2Fv2%2Fmedia&parent=21196"}],"wp:term":[{"taxonomy":"category","embeddable":true,"href":"https:\/\/cuernavaca.gob.mx\/index.php?rest_route=%2Fwp%2Fv2%2Fcategories&post=21196"},{"taxonomy":"post_tag","embeddable":true,"href":"https:\/\/cuernavaca.gob.mx\/index.php?rest_route=%2Fwp%2Fv2%2Ftags&post=21196"}],"curies":[{"name":"wp","href":"https:\/\/api.w.org\/{rel}","templated":true}]}}