{"id":21203,"date":"2022-11-07T17:00:00","date_gmt":"2022-11-07T23:00:00","guid":{"rendered":"https:\/\/cuernavaca.gob.mx\/?p=21203"},"modified":"2025-05-06T12:21:32","modified_gmt":"2025-05-06T18:21:32","slug":"b486-07-11-22-en-un-clima-de-civilidad-se-llevo-a-cabo-este-domingo-la-eleccion-de-los-consejos-de-participacion-social-de-cuernavaca","status":"publish","type":"post","link":"https:\/\/cuernavaca.gob.mx\/?p=21203","title":{"rendered":"B486 07\/11\/22 EN UN CLIMA DE CIVILIDAD SE LLEV\u00d3 A CABO ESTE DOMINGO LA ELECCI\u00d3N DE LOS CONSEJOS DE PARTICIPACI\u00d3N SOCIAL DE CUERNAVACA"},"content":{"rendered":"\n<p><strong>\u2022 El director general de Pol\u00edtica Municipal y secretario t\u00e9cnico de la Comisi\u00f3n Organizadora de la Elecci\u00f3n de los Consejos de Participaci\u00f3n Social, Jaime Castera, inform\u00f3 que, en este proceso democr\u00e1tico, que se desarroll\u00f3 en 33 colonias solo se registraron dos incidentes menores<\/strong><\/p>\n\n\n\n<p><strong>\u2022 La comisi\u00f3n organizadora llevar\u00e1 a cabo la calificaci\u00f3n del proceso electoral en un plazo no mayor a siete d\u00edas despu\u00e9s para remitir al Cabildo el resultado para validar las elecciones<\/strong><\/p>\n\n\n\n<p>Con una alta participaci\u00f3n ciudadana y en ambiente de transparencia y armon\u00eda, se desarroll\u00f3 este domingo la elecci\u00f3n de los Consejos de Participaci\u00f3n Social de 33 colonias de Cuernavaca, organizado por el Gobierno Municipal con el acompa\u00f1amiento del Instituto Morelense de Procesos Electorales y Participaci\u00f3n Ciudadana (IMPEPAC), proceso que continuar\u00e1 esta semana con la calificaci\u00f3n de los votos para que el domingo 13 de noviembre sea el Cabildo quien valide los resultados.<\/p>\n\n\n\n<p>Jaime Castera Toscano, director general de Pol\u00edtica Municipal y secretario t\u00e9cnico de la Comisi\u00f3n Organizadora de la Elecci\u00f3n de los Consejos de Participaci\u00f3n Social, confirm\u00f3 que durante la jornada electoral solo se presentaron dos incidentes menores, en el poblado de Ahuatepec donde no se permiti\u00f3 la instalaci\u00f3n de la casilla, por lo cual ser\u00e1 la comisi\u00f3n la que decidida que se har\u00e1 al respecto, y en la colonia Oriente, que por cuestiones t\u00e9cnicos ser\u00e1 este pr\u00f3ximo domingo cuando se lleve a cabo la elecci\u00f3n, en el mismo horario y con los mismos protocolos de actuaci\u00f3n.<\/p>\n\n\n\n<p>No obstante, asegur\u00f3 que, en las dem\u00e1s colonias, barrios y fraccionamientos registrados, el proceso democr\u00e1tico se realiz\u00f3 en un clima de completa paz, registrando una alta participaci\u00f3n ciudadana para designar a estas autoridades que tendr\u00e1n un cargo honor\u00edfico por tres a\u00f1os, recordando que por el desempe\u00f1o de sus funciones no percibir\u00e1n remuneraci\u00f3n alguna.<\/p>\n\n\n\n<p>Explic\u00f3 que, en base a la convocatoria, la comisi\u00f3n organizadora llevar\u00e1 a cabo la calificaci\u00f3n del proceso electoral en un plazo no mayor a siete d\u00edas despu\u00e9s de concluido el proceso electoral para remitir al Cabildo el resultado de la calificaci\u00f3n, quienes, el domingo 13 de noviembre, validar\u00e1n las elecciones, lo cual ser\u00e1 difundido a trav\u00e9s de las redes sociales oficiales del municipio, para posteriormente, el lunes 14 de noviembre, tomar protesta a los nuevos Consejos de Participaci\u00f3n Social que resulten electos.<\/p>\n\n\n\n<p>Castera Toscano puntualiz\u00f3 que, la ciudadan\u00eda participante podr\u00e1 presentar, en cuanto a los recursos de impugnaci\u00f3n, un escrito de protesta, recursos de revisi\u00f3n o recursos de inconformidad; ante cualquier anomal\u00eda de los participantes en el proceso ante la comisi\u00f3n organizadora hasta el cierre de las casillas en el d\u00eda de la elecci\u00f3n, misma que tiene un plazo de 72 horas para resolver.<\/p>\n\n\n\n<p>Respecto al recurso de revisi\u00f3n, proceder\u00e1 en contra de los actos o resoluciones de la comisi\u00f3n organizadora y deber\u00e1 interponerlo el titular de la planilla ante la comisi\u00f3n organizadora, dentro de las 24 horas siguientes al momento en que el interesado sea notificado por cualquier medio o tenga conocimiento del acto o resoluci\u00f3n que se impugna. Este tipo de recurso ser\u00e1 resulto por la comisi\u00f3n dentro de un plazo no mayor a 48 horas despu\u00e9s de recibido el mismo.<\/p>\n\n\n\n<p>En tanto, el recurso de inconformidad se har\u00e1 valer contra los resultados de la elecci\u00f3n o contra los actos o resoluciones de la comisi\u00f3n organizadora, el cual deber\u00e1 interponerlo el titular de la planilla ante el ayuntamiento dentro de las 24 horas siguientes al momento en que el interesado sea notificado por cualquier medio o tenga conocimiento del acto o resoluci\u00f3n que se impugna, mismo que ser\u00e1 resuelto por el Cabildo, dentro un plazo no mayor a 10 d\u00edas despu\u00e9s de la concluida la elecci\u00f3n y su fallo ser\u00e1 definitivo e inatacable.<\/p>\n\n\n\n<p>\u201cAgradecerles a todos los que intervinieron en el proceso porque fue un proceso limpio, transparente y con mucha civilidad. Exhorto a la ciudadan\u00eda a que siga comport\u00e1ndose as\u00ed para que el estado y la ciudad tenga una mejor visi\u00f3n de lo que es gobierno y sociedad\u201d, expres\u00f3 Jaime Castera.<\/p>\n\n\n\n<p>Cabe destacar que algunas colonias, barrios y fraccionamientos inscritos en la convocatoria fueron seleccionados como ganadores de manera administrativa, al no haberse registrado ning\u00fan contrincante.<\/p>\n\n\n\n<figure class=\"wp-container-2 wp-block-gallery-1 wp-block-gallery has-nested-images columns-default is-cropped\">\n<figure class=\"wp-block-image size-large\"><img loading=\"lazy\" width=\"1024\" height=\"682\" data-id=\"21205\"  src=\"https:\/\/cuernavaca.gob.mx\/wp-content\/uploads\/2022\/11\/eleccion-cuernavaca-1-1-1024x682.jpg\" alt=\"\" class=\"wp-image-21205\" srcset=\"https:\/\/cuernavaca.gob.mx\/wp-content\/uploads\/2022\/11\/eleccion-cuernavaca-1-1-1024x682.jpg 1024w, https:\/\/cuernavaca.gob.mx\/wp-content\/uploads\/2022\/11\/eleccion-cuernavaca-1-1-300x200.jpg 300w, https:\/\/cuernavaca.gob.mx\/wp-content\/uploads\/2022\/11\/eleccion-cuernavaca-1-1-768x512.jpg 768w, https:\/\/cuernavaca.gob.mx\/wp-content\/uploads\/2022\/11\/eleccion-cuernavaca-1-1-600x400.jpg 600w, https:\/\/cuernavaca.gob.mx\/wp-content\/uploads\/2022\/11\/eleccion-cuernavaca-1-1-560x373.jpg 560w, https:\/\/cuernavaca.gob.mx\/wp-content\/uploads\/2022\/11\/eleccion-cuernavaca-1-1.jpg 1280w\" sizes=\"(max-width: 1024px) 100vw, 1024px\" \/><\/figure>\n\n\n\n<figure class=\"wp-block-image size-large\"><img loading=\"lazy\" width=\"1024\" height=\"682\" data-id=\"21208\"  src=\"https:\/\/cuernavaca.gob.mx\/wp-content\/uploads\/2022\/11\/eleccion-cuernavaca-2-1-1024x682.jpg\" alt=\"\" class=\"wp-image-21208\" srcset=\"https:\/\/cuernavaca.gob.mx\/wp-content\/uploads\/2022\/11\/eleccion-cuernavaca-2-1-1024x682.jpg 1024w, https:\/\/cuernavaca.gob.mx\/wp-content\/uploads\/2022\/11\/eleccion-cuernavaca-2-1-300x200.jpg 300w, https:\/\/cuernavaca.gob.mx\/wp-content\/uploads\/2022\/11\/eleccion-cuernavaca-2-1-768x512.jpg 768w, https:\/\/cuernavaca.gob.mx\/wp-content\/uploads\/2022\/11\/eleccion-cuernavaca-2-1-600x400.jpg 600w, https:\/\/cuernavaca.gob.mx\/wp-content\/uploads\/2022\/11\/eleccion-cuernavaca-2-1-560x373.jpg 560w, https:\/\/cuernavaca.gob.mx\/wp-content\/uploads\/2022\/11\/eleccion-cuernavaca-2-1.jpg 1280w\" sizes=\"(max-width: 1024px) 100vw, 1024px\" \/><\/figure>\n\n\n\n<figure class=\"wp-block-image size-large\"><img loading=\"lazy\" width=\"1024\" height=\"682\" data-id=\"21204\"  src=\"https:\/\/cuernavaca.gob.mx\/wp-content\/uploads\/2022\/11\/eleccion-cuernavaca-3-1-1024x682.jpg\" alt=\"\" class=\"wp-image-21204\" srcset=\"https:\/\/cuernavaca.gob.mx\/wp-content\/uploads\/2022\/11\/eleccion-cuernavaca-3-1-1024x682.jpg 1024w, https:\/\/cuernavaca.gob.mx\/wp-content\/uploads\/2022\/11\/eleccion-cuernavaca-3-1-300x200.jpg 300w, https:\/\/cuernavaca.gob.mx\/wp-content\/uploads\/2022\/11\/eleccion-cuernavaca-3-1-768x512.jpg 768w, https:\/\/cuernavaca.gob.mx\/wp-content\/uploads\/2022\/11\/eleccion-cuernavaca-3-1-600x400.jpg 600w, https:\/\/cuernavaca.gob.mx\/wp-content\/uploads\/2022\/11\/eleccion-cuernavaca-3-1-560x373.jpg 560w, https:\/\/cuernavaca.gob.mx\/wp-content\/uploads\/2022\/11\/eleccion-cuernavaca-3-1.jpg 1280w\" sizes=\"(max-width: 1024px) 100vw, 1024px\" \/><\/figure>\n\n\n\n<figure class=\"wp-block-image size-large\"><img loading=\"lazy\" width=\"1024\" height=\"682\" data-id=\"21207\"  src=\"https:\/\/cuernavaca.gob.mx\/wp-content\/uploads\/2022\/11\/eleccion-cuernavaca-4-1-1024x682.jpg\" alt=\"\" class=\"wp-image-21207\" srcset=\"https:\/\/cuernavaca.gob.mx\/wp-content\/uploads\/2022\/11\/eleccion-cuernavaca-4-1-1024x682.jpg 1024w, https:\/\/cuernavaca.gob.mx\/wp-content\/uploads\/2022\/11\/eleccion-cuernavaca-4-1-300x200.jpg 300w, https:\/\/cuernavaca.gob.mx\/wp-content\/uploads\/2022\/11\/eleccion-cuernavaca-4-1-768x512.jpg 768w, https:\/\/cuernavaca.gob.mx\/wp-content\/uploads\/2022\/11\/eleccion-cuernavaca-4-1-600x400.jpg 600w, https:\/\/cuernavaca.gob.mx\/wp-content\/uploads\/2022\/11\/eleccion-cuernavaca-4-1-560x373.jpg 560w, https:\/\/cuernavaca.gob.mx\/wp-content\/uploads\/2022\/11\/eleccion-cuernavaca-4-1.jpg 1280w\" sizes=\"(max-width: 1024px) 100vw, 1024px\" \/><\/figure>\n\n\n\n<figure class=\"wp-block-image size-large\"><img loading=\"lazy\" width=\"1024\" height=\"682\" data-id=\"21206\"  src=\"https:\/\/cuernavaca.gob.mx\/wp-content\/uploads\/2022\/11\/eleccion-cuernavaca-5-1024x682.jpg\" alt=\"\" class=\"wp-image-21206\" srcset=\"https:\/\/cuernavaca.gob.mx\/wp-content\/uploads\/2022\/11\/eleccion-cuernavaca-5-1024x682.jpg 1024w, https:\/\/cuernavaca.gob.mx\/wp-content\/uploads\/2022\/11\/eleccion-cuernavaca-5-300x200.jpg 300w, https:\/\/cuernavaca.gob.mx\/wp-content\/uploads\/2022\/11\/eleccion-cuernavaca-5-768x512.jpg 768w, https:\/\/cuernavaca.gob.mx\/wp-content\/uploads\/2022\/11\/eleccion-cuernavaca-5-600x400.jpg 600w, https:\/\/cuernavaca.gob.mx\/wp-content\/uploads\/2022\/11\/eleccion-cuernavaca-5-560x373.jpg 560w, https:\/\/cuernavaca.gob.mx\/wp-content\/uploads\/2022\/11\/eleccion-cuernavaca-5.jpg 1280w\" sizes=\"(max-width: 1024px) 100vw, 1024px\" \/><\/figure>\n\n\n\n<figure class=\"wp-block-image size-large\"><img loading=\"lazy\" width=\"1024\" height=\"682\" data-id=\"21210\"  src=\"https:\/\/cuernavaca.gob.mx\/wp-content\/uploads\/2022\/11\/eleccion-cuernavaca-6-1024x682.jpg\" alt=\"\" class=\"wp-image-21210\" srcset=\"https:\/\/cuernavaca.gob.mx\/wp-content\/uploads\/2022\/11\/eleccion-cuernavaca-6-1024x682.jpg 1024w, https:\/\/cuernavaca.gob.mx\/wp-content\/uploads\/2022\/11\/eleccion-cuernavaca-6-300x200.jpg 300w, https:\/\/cuernavaca.gob.mx\/wp-content\/uploads\/2022\/11\/eleccion-cuernavaca-6-768x512.jpg 768w, https:\/\/cuernavaca.gob.mx\/wp-content\/uploads\/2022\/11\/eleccion-cuernavaca-6-600x400.jpg 600w, https:\/\/cuernavaca.gob.mx\/wp-content\/uploads\/2022\/11\/eleccion-cuernavaca-6-560x373.jpg 560w, https:\/\/cuernavaca.gob.mx\/wp-content\/uploads\/2022\/11\/eleccion-cuernavaca-6.jpg 1280w\" sizes=\"(max-width: 1024px) 100vw, 1024px\" \/><\/figure>\n\n\n\n<figure class=\"wp-block-image size-large\"><img loading=\"lazy\" width=\"1024\" height=\"682\" data-id=\"21209\"  src=\"https:\/\/cuernavaca.gob.mx\/wp-content\/uploads\/2022\/11\/eleccion-cuernavaca-7-1024x682.jpg\" alt=\"\" class=\"wp-image-21209\" srcset=\"https:\/\/cuernavaca.gob.mx\/wp-content\/uploads\/2022\/11\/eleccion-cuernavaca-7-1024x682.jpg 1024w, https:\/\/cuernavaca.gob.mx\/wp-content\/uploads\/2022\/11\/eleccion-cuernavaca-7-300x200.jpg 300w, https:\/\/cuernavaca.gob.mx\/wp-content\/uploads\/2022\/11\/eleccion-cuernavaca-7-768x512.jpg 768w, https:\/\/cuernavaca.gob.mx\/wp-content\/uploads\/2022\/11\/eleccion-cuernavaca-7-600x400.jpg 600w, https:\/\/cuernavaca.gob.mx\/wp-content\/uploads\/2022\/11\/eleccion-cuernavaca-7-560x373.jpg 560w, https:\/\/cuernavaca.gob.mx\/wp-content\/uploads\/2022\/11\/eleccion-cuernavaca-7.jpg 1280w\" sizes=\"(max-width: 1024px) 100vw, 1024px\" \/><\/figure>\n<\/figure>\n","protected":false},"excerpt":{"rendered":"<p>\u2022 El director general de Pol\u00edtica Municipal y secretario t\u00e9cnico de la Comisi\u00f3n Organizadora de la Elecci\u00f3n de los Consejos de Participaci\u00f3n Social, Jaime Castera, inform\u00f3 que, en este proceso democr\u00e1tico, que se desarroll\u00f3 en 33 colonias solo se registraron dos incidentes menores \u2022 La comisi\u00f3n organizadora llevar\u00e1 a cabo la calificaci\u00f3n del proceso electoral [&hellip;]<\/p>\n","protected":false},"author":1,"featured_media":21204,"comment_status":"closed","ping_status":"open","sticky":false,"template":"","format":"standard","meta":[],"categories":[20],"tags":[121,321,1929,120,1098],"aioseo_notices":[],"_links":{"self":[{"href":"https:\/\/cuernavaca.gob.mx\/index.php?rest_route=\/wp\/v2\/posts\/21203"}],"collection":[{"href":"https:\/\/cuernavaca.gob.mx\/index.php?rest_route=\/wp\/v2\/posts"}],"about":[{"href":"https:\/\/cuernavaca.gob.mx\/index.php?rest_route=\/wp\/v2\/types\/post"}],"author":[{"embeddable":true,"href":"https:\/\/cuernavaca.gob.mx\/index.php?rest_route=\/wp\/v2\/users\/1"}],"replies":[{"embeddable":true,"href":"https:\/\/cuernavaca.gob.mx\/index.php?rest_route=%2Fwp%2Fv2%2Fcomments&post=21203"}],"version-history":[{"count":1,"href":"https:\/\/cuernavaca.gob.mx\/index.php?rest_route=\/wp\/v2\/posts\/21203\/revisions"}],"predecessor-version":[{"id":21211,"href":"https:\/\/cuernavaca.gob.mx\/index.php?rest_route=\/wp\/v2\/posts\/21203\/revisions\/21211"}],"wp:featuredmedia":[{"embeddable":true,"href":"https:\/\/cuernavaca.gob.mx\/index.php?rest_route=\/wp\/v2\/media\/21204"}],"wp:attachment":[{"href":"https:\/\/cuernavaca.gob.mx\/index.php?rest_route=%2Fwp%2Fv2%2Fmedia&parent=21203"}],"wp:term":[{"taxonomy":"category","embeddable":true,"href":"https:\/\/cuernavaca.gob.mx\/index.php?rest_route=%2Fwp%2Fv2%2Fcategories&post=21203"},{"taxonomy":"post_tag","embeddable":true,"href":"https:\/\/cuernavaca.gob.mx\/index.php?rest_route=%2Fwp%2Fv2%2Ftags&post=21203"}],"curies":[{"name":"wp","href":"https:\/\/api.w.org\/{rel}","templated":true}]}}