{"id":21233,"date":"2022-11-08T14:00:00","date_gmt":"2022-11-08T20:00:00","guid":{"rendered":"https:\/\/cuernavaca.gob.mx\/?p=21233"},"modified":"2025-05-06T12:21:32","modified_gmt":"2025-05-06T18:21:32","slug":"b487-08-11-22-entrega-jose-luis-uriostegui-ascensos-a-policias-de-cuernavaca-al-aprobar-proceso-del-servicio-profesional-de-carrera","status":"publish","type":"post","link":"https:\/\/cuernavaca.gob.mx\/?p=21233","title":{"rendered":"B487 08\/11\/22 ENTREGA JOS\u00c9 LUIS URI\u00d3STEGUI ASCENSOS A POLIC\u00cdAS DE CUERNAVACA AL APROBAR PROCESO DEL SERVICIO PROFESIONAL DE CARRERA"},"content":{"rendered":"\n<p><strong>\u2022 Por primera ocasi\u00f3n en la historia de Cuernavaca, la Secretar\u00eda de Protecci\u00f3n y Auxilio Ciudadano (SEPRAC) entrega acreditaciones de promoci\u00f3n de grado dejando de lado las discrecionalidades que se manejaron por a\u00f1os<\/strong><\/p>\n\n\n\n<p><strong>\u2022 Reconocieron a elementos que han destacado en acciones de prevenci\u00f3n del delito, vialidad, proximidad e interrelacionar de su actividad con la poblaci\u00f3n<\/strong><\/p>\n\n\n\n<p>Como un hecho sin precedentes en la historia del municipio de Cuernavaca y en cumplimiento a los Lineamientos del Servicio Profesional de Carrera Policial, el presidente municipal, Jos\u00e9 Luis Uri\u00f3stegui Salgado, entreg\u00f3 a seis polic\u00edas municipales preventivos y viales adscritos a la Secretar\u00eda de Protecci\u00f3n y Auxilio Ciudadano (SEPRAC) su promoci\u00f3n de grado, con lo que, asegur\u00f3, se terminan las discrecionalidades que imperaron por a\u00f1os en la instituci\u00f3n, garantizando una igualdad de oportunidades, al dar prioridad a quienes, con base a un esfuerzo permanente, capacitaci\u00f3n constante y disciplina para realizar su trabajo, se hicieron merecedores de estos ascensos que conllevan una mejora, no solo salarial, sino tambi\u00e9n en su calidad de vida.<\/p>\n\n\n\n<p>En una emotiva ceremonia donde estuvieron presentes los elementos de las diferentes corporaciones policiales y autoridades de la SEPRAC, se\u00f1al\u00f3 que los rangos que se concursaron fueron, polic\u00edas segundos y polic\u00edas terceros que van a ganar un 10 por ciento m\u00e1s del salario que percib\u00edan, siendo esta la forma en que la administraci\u00f3n municipal pretende reconocer a quienes m\u00e1s se destacan de entre la corporaci\u00f3n para servir mejor a la sociedad.<\/p>\n\n\n\n<p>Precis\u00f3 que estas acciones son fundamentales, en especial en un momento tan complicado como el que se est\u00e1 viviendo la ciudad donde la delincuencia desatada en varias comunidades ha dejado huellas muy profundas en la sociedad con los delitos de alto impacto, exigiendo a la Secretar\u00eda y a la administraci\u00f3n municipal un mayor esfuerzo, por lo que, a trav\u00e9s de este reconocimiento a los elementos policiacos, la SEPRAC est\u00e1 tambi\u00e9n priorizando dar un mejor servicio a la poblaci\u00f3n, ya que tanto la polic\u00eda vial como preventiva realizan actividades en beneficio de la comunidad que van m\u00e1s all\u00e1 de mejorar la circulaci\u00f3n vehicular, tratan de que todos cumplan la ley.<\/p>\n\n\n\n<p>\u201cYo invito a todo el personal de la Secretar\u00eda de Protecci\u00f3n y Auxilio Ciudadano a que sigan trabajando al l\u00edmite de sus capacidades y que nos permitan tambi\u00e9n que dentro de los esfuerzos que nos corresponde como administraci\u00f3n busquemos los contactos y las relaciones para poder mejorar gradualmente las circunstancias en que trabajan y las percepciones que ustedes reciben\u201d, puntualiz\u00f3.<\/p>\n\n\n\n<p>La titular de SEPRAC, Alicia V\u00e1zquez Luna, explic\u00f3 que la convocatoria 2022 tuvo como prop\u00f3sito transparentar el proceso de selecci\u00f3n para que los elementos adquirieran un rango superior al que ya ejerc\u00edan, quedando en manos de la Comisi\u00f3n del Servicio Profesional de Carrera Policial su evaluaci\u00f3n, que consisti\u00f3 en los conocimientos te\u00f3ricos y pr\u00e1cticos que adquieren en la academia y en el diario acontecer, pero al mismo tiempo se hizo un porcentaje de la evaluaci\u00f3n referente a su experiencia, a determinar si ten\u00edan procesos de investigaci\u00f3n o de sanci\u00f3n en asuntos internos, en procesos administrativos, jur\u00eddicos, de derechos humanos, e incapacidades, as\u00ed como que la evaluaci\u00f3n de control y confianza estuviera debidamente acreditada y las siete competencias que cada a\u00f1o tienen que refrendar para mantener su portaci\u00f3n de arma.<\/p>\n\n\n\n<p>\u201cEs la primera vez que la Secretar\u00eda de Protecci\u00f3n y Auxilio Ciudadano, antes Secretar\u00eda de Seguridad, otorga y promociona los grados de los integrantes de la polic\u00eda. Esto representa para la secretar\u00eda, para la rector\u00eda que nos han brindado el alcalde, el reconocimiento de manera digna al esfuerzo del trabajo que d\u00eda con d\u00eda realizan nuestros elementos de la polic\u00eda\u201d, subray\u00f3.<\/p>\n\n\n\n<p>Adem\u00e1s, como parte de la evaluaci\u00f3n permanente al esfuerzo que cada uno de los polic\u00edas realizan en funci\u00f3n, no solo en las detenciones, sino tambi\u00e9n en cuanto a la proximidad social, y para interrelacionar su actividad con la poblaci\u00f3n, Jos\u00e9 Luis Uri\u00f3stegui y Alicia V\u00e1zquez encabezaron la entrega de reconocimientos al polic\u00eda Javier Salazar por su actuaci\u00f3n en el pol\u00edgono oriente de la ciudad, as\u00ed como a Trinitty Enr\u00edquez Ortiz, por su desempe\u00f1o al fomentar la educaci\u00f3n vial y la aplicaci\u00f3n del reglamento de tr\u00e1nsito, otorgandole una motocicleta nueva, donada por el representante del Colegio Mexicano de Estudios de Posgrado Jur\u00eddicos y Econ\u00f3micos, Jorge Manuel Manrique Morteo, a un polic\u00eda vial que gracias a su constancia y fomento diario de la educaci\u00f3n vial ha permitido que en Cuernavaca gradualmente se vaya generando una consciencia y responsabilidad vial por parte de la poblaci\u00f3n para darle cumplimiento al Reglamento de Tr\u00e1nsito.<\/p>\n\n\n\n<p>En este sentido, Jorge Manuel Manrique, invit\u00f3 a las empresas y a la ciudadan\u00eda en general a sumarse a las acciones que est\u00e1 encabezando la SEPRAC, ya que con su \u201cgranito de arena\u201d podr\u00e1n mejorar las condiciones econ\u00f3micas de la presente administraci\u00f3n, coadyuvando en la prevenci\u00f3n del delito.<\/p>\n\n\n\n<p>Cabe mencionar que en esta convocatoria 2022 de promoci\u00f3n de grado inmediato en activo participaron 40 polic\u00edas municipales.<\/p>\n\n\n\n<figure class=\"wp-container-2 wp-block-gallery-1 wp-block-gallery has-nested-images columns-default is-cropped\">\n<figure class=\"wp-block-image size-large\"><img loading=\"lazy\" width=\"1024\" height=\"684\" data-id=\"21234\"  src=\"https:\/\/cuernavaca.gob.mx\/wp-content\/uploads\/2022\/11\/policia-cuernavaca-1-1024x684.jpg\" alt=\"\" class=\"wp-image-21234\" srcset=\"https:\/\/cuernavaca.gob.mx\/wp-content\/uploads\/2022\/11\/policia-cuernavaca-1-1024x684.jpg 1024w, https:\/\/cuernavaca.gob.mx\/wp-content\/uploads\/2022\/11\/policia-cuernavaca-1-300x200.jpg 300w, https:\/\/cuernavaca.gob.mx\/wp-content\/uploads\/2022\/11\/policia-cuernavaca-1-768x513.jpg 768w, https:\/\/cuernavaca.gob.mx\/wp-content\/uploads\/2022\/11\/policia-cuernavaca-1-600x401.jpg 600w, https:\/\/cuernavaca.gob.mx\/wp-content\/uploads\/2022\/11\/policia-cuernavaca-1-560x374.jpg 560w, https:\/\/cuernavaca.gob.mx\/wp-content\/uploads\/2022\/11\/policia-cuernavaca-1.jpg 1136w\" sizes=\"(max-width: 1024px) 100vw, 1024px\" \/><\/figure>\n\n\n\n<figure class=\"wp-block-image size-large\"><img loading=\"lazy\" width=\"1024\" height=\"718\" data-id=\"21242\"  src=\"https:\/\/cuernavaca.gob.mx\/wp-content\/uploads\/2022\/11\/policia-cuernavaca-2-1024x718.jpg\" alt=\"\" class=\"wp-image-21242\" srcset=\"https:\/\/cuernavaca.gob.mx\/wp-content\/uploads\/2022\/11\/policia-cuernavaca-2-1024x718.jpg 1024w, https:\/\/cuernavaca.gob.mx\/wp-content\/uploads\/2022\/11\/policia-cuernavaca-2-300x210.jpg 300w, https:\/\/cuernavaca.gob.mx\/wp-content\/uploads\/2022\/11\/policia-cuernavaca-2-768x538.jpg 768w, https:\/\/cuernavaca.gob.mx\/wp-content\/uploads\/2022\/11\/policia-cuernavaca-2-600x421.jpg 600w, https:\/\/cuernavaca.gob.mx\/wp-content\/uploads\/2022\/11\/policia-cuernavaca-2-560x393.jpg 560w, https:\/\/cuernavaca.gob.mx\/wp-content\/uploads\/2022\/11\/policia-cuernavaca-2.jpg 1100w\" sizes=\"(max-width: 1024px) 100vw, 1024px\" \/><\/figure>\n\n\n\n<figure class=\"wp-block-image size-large\"><img loading=\"lazy\" width=\"1024\" height=\"682\" data-id=\"21235\"  src=\"https:\/\/cuernavaca.gob.mx\/wp-content\/uploads\/2022\/11\/policia-cuernavaca-3-1024x682.jpg\" alt=\"\" class=\"wp-image-21235\" srcset=\"https:\/\/cuernavaca.gob.mx\/wp-content\/uploads\/2022\/11\/policia-cuernavaca-3-1024x682.jpg 1024w, https:\/\/cuernavaca.gob.mx\/wp-content\/uploads\/2022\/11\/policia-cuernavaca-3-300x200.jpg 300w, https:\/\/cuernavaca.gob.mx\/wp-content\/uploads\/2022\/11\/policia-cuernavaca-3-768x512.jpg 768w, https:\/\/cuernavaca.gob.mx\/wp-content\/uploads\/2022\/11\/policia-cuernavaca-3-600x400.jpg 600w, https:\/\/cuernavaca.gob.mx\/wp-content\/uploads\/2022\/11\/policia-cuernavaca-3-560x373.jpg 560w, https:\/\/cuernavaca.gob.mx\/wp-content\/uploads\/2022\/11\/policia-cuernavaca-3.jpg 1280w\" sizes=\"(max-width: 1024px) 100vw, 1024px\" \/><\/figure>\n\n\n\n<figure class=\"wp-block-image size-large\"><img loading=\"lazy\" width=\"1024\" height=\"682\" data-id=\"21241\"  src=\"https:\/\/cuernavaca.gob.mx\/wp-content\/uploads\/2022\/11\/policia-cuernavaca-4-1024x682.jpg\" alt=\"\" class=\"wp-image-21241\" srcset=\"https:\/\/cuernavaca.gob.mx\/wp-content\/uploads\/2022\/11\/policia-cuernavaca-4-1024x682.jpg 1024w, https:\/\/cuernavaca.gob.mx\/wp-content\/uploads\/2022\/11\/policia-cuernavaca-4-300x200.jpg 300w, https:\/\/cuernavaca.gob.mx\/wp-content\/uploads\/2022\/11\/policia-cuernavaca-4-768x512.jpg 768w, https:\/\/cuernavaca.gob.mx\/wp-content\/uploads\/2022\/11\/policia-cuernavaca-4-600x400.jpg 600w, https:\/\/cuernavaca.gob.mx\/wp-content\/uploads\/2022\/11\/policia-cuernavaca-4-560x373.jpg 560w, https:\/\/cuernavaca.gob.mx\/wp-content\/uploads\/2022\/11\/policia-cuernavaca-4.jpg 1280w\" sizes=\"(max-width: 1024px) 100vw, 1024px\" \/><\/figure>\n\n\n\n<figure class=\"wp-block-image size-large\"><img loading=\"lazy\" width=\"1024\" height=\"687\" data-id=\"21236\"  src=\"https:\/\/cuernavaca.gob.mx\/wp-content\/uploads\/2022\/11\/policia-cuernavaca-5-1024x687.jpg\" alt=\"\" class=\"wp-image-21236\" srcset=\"https:\/\/cuernavaca.gob.mx\/wp-content\/uploads\/2022\/11\/policia-cuernavaca-5-1024x687.jpg 1024w, https:\/\/cuernavaca.gob.mx\/wp-content\/uploads\/2022\/11\/policia-cuernavaca-5-300x201.jpg 300w, https:\/\/cuernavaca.gob.mx\/wp-content\/uploads\/2022\/11\/policia-cuernavaca-5-768x515.jpg 768w, https:\/\/cuernavaca.gob.mx\/wp-content\/uploads\/2022\/11\/policia-cuernavaca-5-600x402.jpg 600w, https:\/\/cuernavaca.gob.mx\/wp-content\/uploads\/2022\/11\/policia-cuernavaca-5-560x376.jpg 560w, https:\/\/cuernavaca.gob.mx\/wp-content\/uploads\/2022\/11\/policia-cuernavaca-5.jpg 1145w\" sizes=\"(max-width: 1024px) 100vw, 1024px\" \/><\/figure>\n\n\n\n<figure class=\"wp-block-image size-large\"><img loading=\"lazy\" width=\"1024\" height=\"682\" data-id=\"21237\"  src=\"https:\/\/cuernavaca.gob.mx\/wp-content\/uploads\/2022\/11\/policia-cuernavaca-6-1024x682.jpg\" alt=\"\" class=\"wp-image-21237\" srcset=\"https:\/\/cuernavaca.gob.mx\/wp-content\/uploads\/2022\/11\/policia-cuernavaca-6-1024x682.jpg 1024w, https:\/\/cuernavaca.gob.mx\/wp-content\/uploads\/2022\/11\/policia-cuernavaca-6-300x200.jpg 300w, https:\/\/cuernavaca.gob.mx\/wp-content\/uploads\/2022\/11\/policia-cuernavaca-6-768x512.jpg 768w, https:\/\/cuernavaca.gob.mx\/wp-content\/uploads\/2022\/11\/policia-cuernavaca-6-600x400.jpg 600w, https:\/\/cuernavaca.gob.mx\/wp-content\/uploads\/2022\/11\/policia-cuernavaca-6-560x373.jpg 560w, https:\/\/cuernavaca.gob.mx\/wp-content\/uploads\/2022\/11\/policia-cuernavaca-6.jpg 1280w\" sizes=\"(max-width: 1024px) 100vw, 1024px\" \/><\/figure>\n\n\n\n<figure class=\"wp-block-image size-large\"><img loading=\"lazy\" width=\"1024\" height=\"688\" data-id=\"21238\"  src=\"https:\/\/cuernavaca.gob.mx\/wp-content\/uploads\/2022\/11\/policia-cuernavaca-7-1024x688.jpg\" alt=\"\" class=\"wp-image-21238\" srcset=\"https:\/\/cuernavaca.gob.mx\/wp-content\/uploads\/2022\/11\/policia-cuernavaca-7-1024x688.jpg 1024w, https:\/\/cuernavaca.gob.mx\/wp-content\/uploads\/2022\/11\/policia-cuernavaca-7-300x202.jpg 300w, https:\/\/cuernavaca.gob.mx\/wp-content\/uploads\/2022\/11\/policia-cuernavaca-7-768x516.jpg 768w, https:\/\/cuernavaca.gob.mx\/wp-content\/uploads\/2022\/11\/policia-cuernavaca-7-600x403.jpg 600w, https:\/\/cuernavaca.gob.mx\/wp-content\/uploads\/2022\/11\/policia-cuernavaca-7-560x376.jpg 560w, https:\/\/cuernavaca.gob.mx\/wp-content\/uploads\/2022\/11\/policia-cuernavaca-7.jpg 1058w\" sizes=\"(max-width: 1024px) 100vw, 1024px\" \/><\/figure>\n\n\n\n<figure class=\"wp-block-image size-large\"><img loading=\"lazy\" width=\"1024\" height=\"721\" data-id=\"21239\"  src=\"https:\/\/cuernavaca.gob.mx\/wp-content\/uploads\/2022\/11\/policia-cuernavaca-8-1024x721.jpg\" alt=\"\" class=\"wp-image-21239\" srcset=\"https:\/\/cuernavaca.gob.mx\/wp-content\/uploads\/2022\/11\/policia-cuernavaca-8-1024x721.jpg 1024w, https:\/\/cuernavaca.gob.mx\/wp-content\/uploads\/2022\/11\/policia-cuernavaca-8-300x211.jpg 300w, https:\/\/cuernavaca.gob.mx\/wp-content\/uploads\/2022\/11\/policia-cuernavaca-8-768x541.jpg 768w, https:\/\/cuernavaca.gob.mx\/wp-content\/uploads\/2022\/11\/policia-cuernavaca-8-600x422.jpg 600w, https:\/\/cuernavaca.gob.mx\/wp-content\/uploads\/2022\/11\/policia-cuernavaca-8-560x394.jpg 560w, https:\/\/cuernavaca.gob.mx\/wp-content\/uploads\/2022\/11\/policia-cuernavaca-8.jpg 1159w\" sizes=\"(max-width: 1024px) 100vw, 1024px\" \/><\/figure>\n\n\n\n<figure class=\"wp-block-image size-large\"><img loading=\"lazy\" width=\"1024\" height=\"682\" data-id=\"21240\"  src=\"https:\/\/cuernavaca.gob.mx\/wp-content\/uploads\/2022\/11\/policia-cuernavaca-9-1024x682.jpg\" alt=\"\" class=\"wp-image-21240\" srcset=\"https:\/\/cuernavaca.gob.mx\/wp-content\/uploads\/2022\/11\/policia-cuernavaca-9-1024x682.jpg 1024w, https:\/\/cuernavaca.gob.mx\/wp-content\/uploads\/2022\/11\/policia-cuernavaca-9-300x200.jpg 300w, https:\/\/cuernavaca.gob.mx\/wp-content\/uploads\/2022\/11\/policia-cuernavaca-9-768x512.jpg 768w, https:\/\/cuernavaca.gob.mx\/wp-content\/uploads\/2022\/11\/policia-cuernavaca-9-600x400.jpg 600w, https:\/\/cuernavaca.gob.mx\/wp-content\/uploads\/2022\/11\/policia-cuernavaca-9-560x373.jpg 560w, https:\/\/cuernavaca.gob.mx\/wp-content\/uploads\/2022\/11\/policia-cuernavaca-9.jpg 1280w\" sizes=\"(max-width: 1024px) 100vw, 1024px\" \/><\/figure>\n\n\n\n<figure class=\"wp-block-image size-large\"><img loading=\"lazy\" width=\"1024\" height=\"645\" data-id=\"21243\"  src=\"https:\/\/cuernavaca.gob.mx\/wp-content\/uploads\/2022\/11\/policia-cuernavaca-10-1024x645.jpg\" alt=\"\" class=\"wp-image-21243\" srcset=\"https:\/\/cuernavaca.gob.mx\/wp-content\/uploads\/2022\/11\/policia-cuernavaca-10-1024x645.jpg 1024w, https:\/\/cuernavaca.gob.mx\/wp-content\/uploads\/2022\/11\/policia-cuernavaca-10-300x189.jpg 300w, https:\/\/cuernavaca.gob.mx\/wp-content\/uploads\/2022\/11\/policia-cuernavaca-10-768x484.jpg 768w, https:\/\/cuernavaca.gob.mx\/wp-content\/uploads\/2022\/11\/policia-cuernavaca-10-600x378.jpg 600w, https:\/\/cuernavaca.gob.mx\/wp-content\/uploads\/2022\/11\/policia-cuernavaca-10-560x353.jpg 560w, https:\/\/cuernavaca.gob.mx\/wp-content\/uploads\/2022\/11\/policia-cuernavaca-10.jpg 1200w\" sizes=\"(max-width: 1024px) 100vw, 1024px\" \/><\/figure>\n\n\n\n<figure class=\"wp-block-image size-large\"><img loading=\"lazy\" width=\"1024\" height=\"660\" data-id=\"21245\"  src=\"https:\/\/cuernavaca.gob.mx\/wp-content\/uploads\/2022\/11\/policia-cuernavaca-11-1024x660.jpg\" alt=\"\" class=\"wp-image-21245\" srcset=\"https:\/\/cuernavaca.gob.mx\/wp-content\/uploads\/2022\/11\/policia-cuernavaca-11-1024x660.jpg 1024w, https:\/\/cuernavaca.gob.mx\/wp-content\/uploads\/2022\/11\/policia-cuernavaca-11-300x193.jpg 300w, https:\/\/cuernavaca.gob.mx\/wp-content\/uploads\/2022\/11\/policia-cuernavaca-11-768x495.jpg 768w, https:\/\/cuernavaca.gob.mx\/wp-content\/uploads\/2022\/11\/policia-cuernavaca-11-600x387.jpg 600w, https:\/\/cuernavaca.gob.mx\/wp-content\/uploads\/2022\/11\/policia-cuernavaca-11-560x361.jpg 560w, https:\/\/cuernavaca.gob.mx\/wp-content\/uploads\/2022\/11\/policia-cuernavaca-11.jpg 1176w\" sizes=\"(max-width: 1024px) 100vw, 1024px\" \/><\/figure>\n\n\n\n<figure class=\"wp-block-image size-large\"><img loading=\"lazy\" width=\"1024\" height=\"682\" data-id=\"21244\"  src=\"https:\/\/cuernavaca.gob.mx\/wp-content\/uploads\/2022\/11\/policia-cuernavaca-12-1024x682.jpg\" alt=\"\" class=\"wp-image-21244\" srcset=\"https:\/\/cuernavaca.gob.mx\/wp-content\/uploads\/2022\/11\/policia-cuernavaca-12-1024x682.jpg 1024w, https:\/\/cuernavaca.gob.mx\/wp-content\/uploads\/2022\/11\/policia-cuernavaca-12-300x200.jpg 300w, https:\/\/cuernavaca.gob.mx\/wp-content\/uploads\/2022\/11\/policia-cuernavaca-12-768x512.jpg 768w, https:\/\/cuernavaca.gob.mx\/wp-content\/uploads\/2022\/11\/policia-cuernavaca-12-600x400.jpg 600w, https:\/\/cuernavaca.gob.mx\/wp-content\/uploads\/2022\/11\/policia-cuernavaca-12-560x373.jpg 560w, https:\/\/cuernavaca.gob.mx\/wp-content\/uploads\/2022\/11\/policia-cuernavaca-12.jpg 1280w\" sizes=\"(max-width: 1024px) 100vw, 1024px\" \/><\/figure>\n\n\n\n<figure class=\"wp-block-image size-large\"><img loading=\"lazy\" width=\"1024\" height=\"682\" data-id=\"21246\"  src=\"https:\/\/cuernavaca.gob.mx\/wp-content\/uploads\/2022\/11\/policia-cuernavaca-13-1024x682.jpg\" alt=\"\" class=\"wp-image-21246\" srcset=\"https:\/\/cuernavaca.gob.mx\/wp-content\/uploads\/2022\/11\/policia-cuernavaca-13-1024x682.jpg 1024w, https:\/\/cuernavaca.gob.mx\/wp-content\/uploads\/2022\/11\/policia-cuernavaca-13-300x200.jpg 300w, https:\/\/cuernavaca.gob.mx\/wp-content\/uploads\/2022\/11\/policia-cuernavaca-13-768x512.jpg 768w, https:\/\/cuernavaca.gob.mx\/wp-content\/uploads\/2022\/11\/policia-cuernavaca-13-600x400.jpg 600w, https:\/\/cuernavaca.gob.mx\/wp-content\/uploads\/2022\/11\/policia-cuernavaca-13-560x373.jpg 560w, https:\/\/cuernavaca.gob.mx\/wp-content\/uploads\/2022\/11\/policia-cuernavaca-13.jpg 1280w\" sizes=\"(max-width: 1024px) 100vw, 1024px\" \/><\/figure>\n<\/figure>\n","protected":false},"excerpt":{"rendered":"<p>\u2022 Por primera ocasi\u00f3n en la historia de Cuernavaca, la Secretar\u00eda de Protecci\u00f3n y Auxilio Ciudadano (SEPRAC) entrega acreditaciones de promoci\u00f3n de grado dejando de lado las discrecionalidades que se manejaron por a\u00f1os \u2022 Reconocieron a elementos que han destacado en acciones de prevenci\u00f3n del delito, vialidad, proximidad e interrelacionar de su actividad con la [&hellip;]<\/p>\n","protected":false},"author":1,"featured_media":21243,"comment_status":"closed","ping_status":"open","sticky":false,"template":"","format":"standard","meta":[],"categories":[17],"tags":[2584,2585,121,120,206,201,937,125,252],"aioseo_notices":[],"_links":{"self":[{"href":"https:\/\/cuernavaca.gob.mx\/index.php?rest_route=\/wp\/v2\/posts\/21233"}],"collection":[{"href":"https:\/\/cuernavaca.gob.mx\/index.php?rest_route=\/wp\/v2\/posts"}],"about":[{"href":"https:\/\/cuernavaca.gob.mx\/index.php?rest_route=\/wp\/v2\/types\/post"}],"author":[{"embeddable":true,"href":"https:\/\/cuernavaca.gob.mx\/index.php?rest_route=\/wp\/v2\/users\/1"}],"replies":[{"embeddable":true,"href":"https:\/\/cuernavaca.gob.mx\/index.php?rest_route=%2Fwp%2Fv2%2Fcomments&post=21233"}],"version-history":[{"count":1,"href":"https:\/\/cuernavaca.gob.mx\/index.php?rest_route=\/wp\/v2\/posts\/21233\/revisions"}],"predecessor-version":[{"id":21247,"href":"https:\/\/cuernavaca.gob.mx\/index.php?rest_route=\/wp\/v2\/posts\/21233\/revisions\/21247"}],"wp:featuredmedia":[{"embeddable":true,"href":"https:\/\/cuernavaca.gob.mx\/index.php?rest_route=\/wp\/v2\/media\/21243"}],"wp:attachment":[{"href":"https:\/\/cuernavaca.gob.mx\/index.php?rest_route=%2Fwp%2Fv2%2Fmedia&parent=21233"}],"wp:term":[{"taxonomy":"category","embeddable":true,"href":"https:\/\/cuernavaca.gob.mx\/index.php?rest_route=%2Fwp%2Fv2%2Fcategories&post=21233"},{"taxonomy":"post_tag","embeddable":true,"href":"https:\/\/cuernavaca.gob.mx\/index.php?rest_route=%2Fwp%2Fv2%2Ftags&post=21233"}],"curies":[{"name":"wp","href":"https:\/\/api.w.org\/{rel}","templated":true}]}}