{"id":21414,"date":"2022-11-12T17:00:00","date_gmt":"2022-11-12T23:00:00","guid":{"rendered":"https:\/\/cuernavaca.gob.mx\/?p=21414"},"modified":"2025-05-06T12:22:53","modified_gmt":"2025-05-06T18:22:53","slug":"b503-12-11-22-cabildo-de-cuernavaca-fortalece-politicas-publicas-a-favor-de-la-salud-mental","status":"publish","type":"post","link":"https:\/\/cuernavaca.gob.mx\/?p=21414","title":{"rendered":"B503 12\/11\/22 CABILDO DE CUERNAVACA FORTALECE POL\u00cdTICAS P\u00daBLICAS A FAVOR DE LA SALUD MENTAL"},"content":{"rendered":"\n<ul><li><strong>A propuesta de la regidora Wendi Salinas, el Ayuntamiento de Cuernavaca aprob\u00f3 la iniciativa para darle integralidad a las pol\u00edticas p\u00fablicas en la materia<\/strong><\/li><\/ul>\n\n\n\n<p>Al ser uno de los ejes rectores de la presente administraci\u00f3n, el acceso a la salud de todas las personas y al considerar que no hay salud sin salud mental, el Ayuntamiento de Cuernavaca aprob\u00f3 la iniciativa para darle integralidad a las pol\u00edticas p\u00fablicas en la materia, considerando todos y cada uno de los rubros en los que el municipio debe abonar para que el entorno social propicie la misma.<\/p>\n\n\n\n<p>En sesi\u00f3n ordinaria de Cabildo, la regidora Wendi Salinas Ruiz present\u00f3 este acuerdo, mediante el cual se establece que la Secretar\u00eda de Desarrollo Humano y Participaci\u00f3n Social cree, promueva y fortalezca estrategias para la prevenci\u00f3n, atenci\u00f3n y tratamientos de la salud mental, garantizando mayor opciones de atenci\u00f3n a las miles de familias cuernavacenses.<\/p>\n\n\n\n<p>Precis\u00f3 que la capital morelense tiene tres motivos principales para intervenir en la salud mental: la salud p\u00fablica, los derechos humanos y el desarrollo socioecon\u00f3mico, ya que &#8220;una mala salud mental frena el desarrollo y en s\u00ed la productividad, agrava los ciclos de pobreza y desventaja social&#8221;, siendo una soluci\u00f3n y garant\u00eda por parte del municipio ofrecer un servicio con la atenci\u00f3n centrada espec\u00edficamente en la persona, orientada en su recuperaci\u00f3n y basada en los derechos humanos.<\/p>\n\n\n\n<p>En este sentido, el presidente municipal, Jos\u00e9 Luis Uri\u00f3stegui Salgado, retom\u00f3 algunas cifras expuestas por la regidora, destacando que en base a datos del \u00faltimo censo del Instituto Nacional de Estad\u00edstica y Geograf\u00eda (INEGI), en M\u00e9xico se cuenta con 126 millones de habitantes, de los cuales se espera que en 13 millones y medio de personas se presenten trastornos, que parten de depresi\u00f3n, bipolaridad, esquizofrenia, p\u00e1nico, estr\u00e9s, entre otros, que llevan a las adicciones y frustraci\u00f3n por diversas circunstancias, aunado a las consecuencias que trajo consigo la pandemia.<\/p>\n\n\n\n<p>Por ello, ratific\u00f3 que la propuesta ayudar\u00e1 a darle integralidad a todas las acciones que la presente administraci\u00f3n ha venido desarrollando, definiendo metas a corto, mediano y largo plazo para evaluar los resultados que hacen falta y que reforzar\u00e1 a la propia Secretar\u00eda de Desarrollo Humano y Participaci\u00f3n Social, conjuntando esfuerzos con las dem\u00e1s \u00e1reas municipales para que dentro de sus competencias puedan darle la transversalidad que han buscado.<\/p>\n\n\n\n<p>Tras reconocer la importancia de esta iniciativa, la regidora Mirna Mireya Delgado Romero, afirm\u00f3 que para la presente administraci\u00f3n la salud mental le preocupa y ocupa, por lo cual desde la Secretar\u00eda de Desarrollo Humano y Participaci\u00f3n Social, el Instituto de la Mujer y el Sistema Municipal DIF Cuernavaca ha llevado a cabo distintas actividades tendientes a cuidar la salud mental de todos los habitantes como el programa de Vialidades Seguras, el rescate de espacios p\u00fablicos, eventos deportivos, culturales, y jornadas de salud, trabajando de manera transversal todas la unidades administrativas involucradas.<\/p>\n\n\n\n<p>Finalmente, la regidora Paz Hern\u00e1ndez Pardo, manifest\u00f3 la importancia de generar acciones preventivas en la materia para y por la ni\u00f1ez, brind\u00e1ndoles las herramientas necesarias para que cuando sean adultos pueden enfrentar esta situaci\u00f3n, sumando acciones para que Cuernavaca renazca.<\/p>\n\n\n\n<figure class=\"wp-container-2 wp-block-gallery-1 wp-block-gallery has-nested-images columns-default is-cropped\">\n<figure class=\"wp-block-image size-large\"><img loading=\"lazy\" width=\"1024\" height=\"682\" data-id=\"21418\"  src=\"https:\/\/cuernavaca.gob.mx\/wp-content\/uploads\/2022\/11\/salud-mental-cuernavaca-1-1024x682.jpeg\" alt=\"\" class=\"wp-image-21418\" srcset=\"https:\/\/cuernavaca.gob.mx\/wp-content\/uploads\/2022\/11\/salud-mental-cuernavaca-1-1024x682.jpeg 1024w, https:\/\/cuernavaca.gob.mx\/wp-content\/uploads\/2022\/11\/salud-mental-cuernavaca-1-300x200.jpeg 300w, https:\/\/cuernavaca.gob.mx\/wp-content\/uploads\/2022\/11\/salud-mental-cuernavaca-1-768x512.jpeg 768w, https:\/\/cuernavaca.gob.mx\/wp-content\/uploads\/2022\/11\/salud-mental-cuernavaca-1-600x400.jpeg 600w, https:\/\/cuernavaca.gob.mx\/wp-content\/uploads\/2022\/11\/salud-mental-cuernavaca-1-560x373.jpeg 560w, https:\/\/cuernavaca.gob.mx\/wp-content\/uploads\/2022\/11\/salud-mental-cuernavaca-1.jpeg 1280w\" sizes=\"(max-width: 1024px) 100vw, 1024px\" \/><\/figure>\n\n\n\n<figure class=\"wp-block-image size-large\"><img loading=\"lazy\" width=\"1024\" height=\"682\" data-id=\"21416\"  src=\"https:\/\/cuernavaca.gob.mx\/wp-content\/uploads\/2022\/11\/salud-mental-cuernavaca-2-1024x682.jpeg\" alt=\"\" class=\"wp-image-21416\" srcset=\"https:\/\/cuernavaca.gob.mx\/wp-content\/uploads\/2022\/11\/salud-mental-cuernavaca-2-1024x682.jpeg 1024w, https:\/\/cuernavaca.gob.mx\/wp-content\/uploads\/2022\/11\/salud-mental-cuernavaca-2-300x200.jpeg 300w, https:\/\/cuernavaca.gob.mx\/wp-content\/uploads\/2022\/11\/salud-mental-cuernavaca-2-768x512.jpeg 768w, https:\/\/cuernavaca.gob.mx\/wp-content\/uploads\/2022\/11\/salud-mental-cuernavaca-2-600x400.jpeg 600w, https:\/\/cuernavaca.gob.mx\/wp-content\/uploads\/2022\/11\/salud-mental-cuernavaca-2-560x373.jpeg 560w, https:\/\/cuernavaca.gob.mx\/wp-content\/uploads\/2022\/11\/salud-mental-cuernavaca-2.jpeg 1280w\" sizes=\"(max-width: 1024px) 100vw, 1024px\" \/><\/figure>\n\n\n\n<figure class=\"wp-block-image size-large\"><img loading=\"lazy\" width=\"1024\" height=\"576\" data-id=\"21415\"  src=\"https:\/\/cuernavaca.gob.mx\/wp-content\/uploads\/2022\/11\/salud-mental-cuernavaca-3-1024x576.jpeg\" alt=\"\" class=\"wp-image-21415\" srcset=\"https:\/\/cuernavaca.gob.mx\/wp-content\/uploads\/2022\/11\/salud-mental-cuernavaca-3-1024x576.jpeg 1024w, https:\/\/cuernavaca.gob.mx\/wp-content\/uploads\/2022\/11\/salud-mental-cuernavaca-3-300x169.jpeg 300w, https:\/\/cuernavaca.gob.mx\/wp-content\/uploads\/2022\/11\/salud-mental-cuernavaca-3-768x432.jpeg 768w, https:\/\/cuernavaca.gob.mx\/wp-content\/uploads\/2022\/11\/salud-mental-cuernavaca-3-600x338.jpeg 600w, https:\/\/cuernavaca.gob.mx\/wp-content\/uploads\/2022\/11\/salud-mental-cuernavaca-3-560x315.jpeg 560w, https:\/\/cuernavaca.gob.mx\/wp-content\/uploads\/2022\/11\/salud-mental-cuernavaca-3.jpeg 1280w\" sizes=\"(max-width: 1024px) 100vw, 1024px\" \/><\/figure>\n\n\n\n<figure class=\"wp-block-image size-large\"><img loading=\"lazy\" width=\"1024\" height=\"682\" data-id=\"21417\"  src=\"https:\/\/cuernavaca.gob.mx\/wp-content\/uploads\/2022\/11\/salud-mental-cuernavaca-4-1024x682.jpeg\" alt=\"\" class=\"wp-image-21417\" srcset=\"https:\/\/cuernavaca.gob.mx\/wp-content\/uploads\/2022\/11\/salud-mental-cuernavaca-4-1024x682.jpeg 1024w, https:\/\/cuernavaca.gob.mx\/wp-content\/uploads\/2022\/11\/salud-mental-cuernavaca-4-300x200.jpeg 300w, https:\/\/cuernavaca.gob.mx\/wp-content\/uploads\/2022\/11\/salud-mental-cuernavaca-4-768x512.jpeg 768w, https:\/\/cuernavaca.gob.mx\/wp-content\/uploads\/2022\/11\/salud-mental-cuernavaca-4-600x400.jpeg 600w, https:\/\/cuernavaca.gob.mx\/wp-content\/uploads\/2022\/11\/salud-mental-cuernavaca-4-560x373.jpeg 560w, https:\/\/cuernavaca.gob.mx\/wp-content\/uploads\/2022\/11\/salud-mental-cuernavaca-4.jpeg 1280w\" sizes=\"(max-width: 1024px) 100vw, 1024px\" \/><\/figure>\n\n\n\n<figure class=\"wp-block-image size-large\"><img loading=\"lazy\" width=\"1024\" height=\"682\" data-id=\"21419\"  src=\"https:\/\/cuernavaca.gob.mx\/wp-content\/uploads\/2022\/11\/salud-mental-cuernavaca-5-1024x682.jpeg\" alt=\"\" class=\"wp-image-21419\" srcset=\"https:\/\/cuernavaca.gob.mx\/wp-content\/uploads\/2022\/11\/salud-mental-cuernavaca-5-1024x682.jpeg 1024w, https:\/\/cuernavaca.gob.mx\/wp-content\/uploads\/2022\/11\/salud-mental-cuernavaca-5-300x200.jpeg 300w, https:\/\/cuernavaca.gob.mx\/wp-content\/uploads\/2022\/11\/salud-mental-cuernavaca-5-768x512.jpeg 768w, https:\/\/cuernavaca.gob.mx\/wp-content\/uploads\/2022\/11\/salud-mental-cuernavaca-5-600x400.jpeg 600w, https:\/\/cuernavaca.gob.mx\/wp-content\/uploads\/2022\/11\/salud-mental-cuernavaca-5-560x373.jpeg 560w, https:\/\/cuernavaca.gob.mx\/wp-content\/uploads\/2022\/11\/salud-mental-cuernavaca-5.jpeg 1280w\" sizes=\"(max-width: 1024px) 100vw, 1024px\" \/><\/figure>\n<\/figure>\n","protected":false},"excerpt":{"rendered":"<p>A propuesta de la regidora Wendi Salinas, el Ayuntamiento de Cuernavaca aprob\u00f3 la iniciativa para darle integralidad a las pol\u00edticas p\u00fablicas en la materia Al ser uno de los ejes rectores de la presente administraci\u00f3n, el acceso a la salud de todas las personas y al considerar que no hay salud sin salud mental, el [&hellip;]<\/p>\n","protected":false},"author":1,"featured_media":21419,"comment_status":"closed","ping_status":"open","sticky":false,"template":"","format":"standard","meta":[],"categories":[862,899],"tags":[1024,121,2609,120,206,2611,2610,154,1635],"aioseo_notices":[],"_links":{"self":[{"href":"https:\/\/cuernavaca.gob.mx\/index.php?rest_route=\/wp\/v2\/posts\/21414"}],"collection":[{"href":"https:\/\/cuernavaca.gob.mx\/index.php?rest_route=\/wp\/v2\/posts"}],"about":[{"href":"https:\/\/cuernavaca.gob.mx\/index.php?rest_route=\/wp\/v2\/types\/post"}],"author":[{"embeddable":true,"href":"https:\/\/cuernavaca.gob.mx\/index.php?rest_route=\/wp\/v2\/users\/1"}],"replies":[{"embeddable":true,"href":"https:\/\/cuernavaca.gob.mx\/index.php?rest_route=%2Fwp%2Fv2%2Fcomments&post=21414"}],"version-history":[{"count":1,"href":"https:\/\/cuernavaca.gob.mx\/index.php?rest_route=\/wp\/v2\/posts\/21414\/revisions"}],"predecessor-version":[{"id":21420,"href":"https:\/\/cuernavaca.gob.mx\/index.php?rest_route=\/wp\/v2\/posts\/21414\/revisions\/21420"}],"wp:featuredmedia":[{"embeddable":true,"href":"https:\/\/cuernavaca.gob.mx\/index.php?rest_route=\/wp\/v2\/media\/21419"}],"wp:attachment":[{"href":"https:\/\/cuernavaca.gob.mx\/index.php?rest_route=%2Fwp%2Fv2%2Fmedia&parent=21414"}],"wp:term":[{"taxonomy":"category","embeddable":true,"href":"https:\/\/cuernavaca.gob.mx\/index.php?rest_route=%2Fwp%2Fv2%2Fcategories&post=21414"},{"taxonomy":"post_tag","embeddable":true,"href":"https:\/\/cuernavaca.gob.mx\/index.php?rest_route=%2Fwp%2Fv2%2Ftags&post=21414"}],"curies":[{"name":"wp","href":"https:\/\/api.w.org\/{rel}","templated":true}]}}