{"id":21481,"date":"2022-11-14T17:30:00","date_gmt":"2022-11-14T23:30:00","guid":{"rendered":"https:\/\/cuernavaca.gob.mx\/?p=21481"},"modified":"2025-05-06T12:22:52","modified_gmt":"2025-05-06T18:22:52","slug":"b509-14-11-22-ayuntamiento-de-cuernavaca-instala-el-subcomite-especial-de-perspectiva-de-familia-y-comunitaria","status":"publish","type":"post","link":"https:\/\/cuernavaca.gob.mx\/?p=21481","title":{"rendered":"B509 14\/11\/22 AYUNTAMIENTO DE CUERNAVACA INSTALA EL SUBCOMIT\u00c9 ESPECIAL DE PERSPECTIVA DE FAMILIA Y COMUNITARIA"},"content":{"rendered":"\n<p><strong>\u2022 La Secretar\u00eda de Desarrollo Humano y Participaci\u00f3n Social instal\u00f3 este subcomit\u00e9 especial, el cual est\u00e1 integrado, no solo por autoridades municipales, sino tambi\u00e9n de la sociedad civil organizada<\/strong><\/p>\n\n\n\n<p><strong>\u2022 Cuernavaca avanza al futuro al considerar la perspectiva de familia como un eje transversal en todas las pol\u00edticas p\u00fablicas municipales<\/strong><\/p>\n\n\n\n<p>Bajo el entendimiento de que las familias fuertes construyen una ciudad fuerte y con la visi\u00f3n de cuidar de donde nace la vida comunitaria, que es la familia, este lunes la Secretar\u00eda de Desarrollo Humano y Participaci\u00f3n Social del Ayuntamiento de Cuernavaca instal\u00f3 el Subcomit\u00e9 Especial de Perspectiva de Familia y Comunitaria, el cual estar\u00e1 integrado, no solo por autoridades municipales, sino tambi\u00e9n de la sociedad civil organizada.<\/p>\n\n\n\n<p>La secretaria de Desarrollo Humano y Participaci\u00f3n Social, Laura Hern\u00e1ndez Cruz, explic\u00f3 que derivado de la aprobaci\u00f3n del Plan Municipal de Desarrollo 2022- 2024 por parte de integrantes del Cabildo y posteriormente con el visto bueno del Congreso de Morelos, ha quedado asentada la perspectiva de familia como eje transversal de todas las pol\u00edticas p\u00fablicas municipales, lo que significa que todas las \u00e1reas, desde Desarrollo Urbano y Obras P\u00fablicas, hasta Desarrollo Sustentable y Servicios P\u00fablicos, Desarrollo Econ\u00f3mico y Turismo, el Sistema Municipal DIF Cuernavaca, entre otros, est\u00e1n obligados a trabajar, proponer y dise\u00f1ar pol\u00edticas p\u00fablicas e intervenciones sociales tomando en consideraci\u00f3n este eje, que podr\u00e1 llevar a Cuernavaca al futuro.<\/p>\n\n\n\n<p>\u201cEs la primera vez que en Cuernavaca se instala un subcomit\u00e9 especial porque es la primera vez que un gobierno decide impulsar a la perspectiva de familia como un eje transversal para las acciones que va a realizar, pero tambi\u00e9n somos el primer municipio en el estado que se suma a much\u00edsimas ciudades m\u00e1s que ya lo tienen instalado y por supuesto nos estamos sumando a un esfuerzo internacional porque esto es tambi\u00e9n parte de la agenda de ODS de Naciones Unidas, en donde se considera un proyecto especial a la perspectiva de familia\u201d, afirm\u00f3.<\/p>\n\n\n\n<p>El Subcomit\u00e9 Especial de Perspectiva de Familia y Comunitaria est\u00e1 integrado por los regidores V\u00edctor Manzo God\u00ednez, presidente de la Comisi\u00f3n de Bienestar Social y Debendrenath Salazar Solorio, presidente de la Comisi\u00f3n de Derechos Humanos; el director general del Sistema Municipal DIF Cuernavaca, Luis Antonio Flores Garc\u00eda; el diputado presidente de la Comisi\u00f3n de Familia del Congreso del Estado, \u00d3scar Cano Mondrag\u00f3n; el director general del Instituto de An\u00e1lisis de Pol\u00edtica Familiar (IAPF), Juan Antonio L\u00f3pez Baljarg; y la presidenta de la Asociaci\u00f3n de Escuelas Particulares del Estado de Morelos, Diana Recio de Ramos.<\/p>\n\n\n\n<p>Al uso de la palabra, el diputado presidente de la Comisi\u00f3n de Familia del Congreso de Morelos, \u00d3scar Cano, resalt\u00f3 la importancia de la perspectiva de g\u00e9nero como pol\u00edtica p\u00fablica, ya que involucra diversos temas que afectan o benefician a la sociedad, como es la seguridad.<\/p>\n\n\n\n<p>Por su lado, el director general del Instituto de An\u00e1lisis de Pol\u00edtica Familiar (IAPF), Juan Antonio L\u00f3pez Baljarg, aval\u00f3 la importancia de que existan gobiernos, como el de Cuernavaca, orientados a una perspectiva familiar, promoviendo ciudades amigables para estas, tambi\u00e9n conocidas como ciudades familiarmente sostenibles que reconocen el valor de la familia como bien p\u00fablico y promueven su fortalecimiento a trav\u00e9s de pol\u00edticas p\u00fablicas que aporten a la resoluci\u00f3n de los grandes problemas que atraviesan, con el fin de lograr la sostenibilidad y el cumplimiento de los Objetivos de Desarrollo Sostenibles de la Agenda 2030.<\/p>\n\n\n\n<p>Como parte del plan de acci\u00f3n del Subcomit\u00e9 Especial de Perspectiva de Familia y Comunitaria, el director general del Instituto de An\u00e1lisis de Pol\u00edtica Familiar (IAPF), Juan Antonio L\u00f3pez, encabez\u00f3 el taller de capacitaci\u00f3n en el eje transversal de perspectiva de familia para la elaboraci\u00f3n de pol\u00edticas p\u00fablicas a servidores p\u00fablicos e integrantes de la sociedad civil organizada.<\/p>\n\n\n\n<p>Entre los asistentes a la instalaci\u00f3n del subcomit\u00e9 se cont\u00f3 con la presencia de la presidenta del Sistema Municipal DIF Cuernavaca, Luz Mar\u00eda Zagal Guzm\u00e1n; el regidor Adri\u00e1n Mart\u00ednez Terrazas; la contralora municipal, Dolores \u00c1lvarez D\u00edaz; el coordinador del COPLADEMUN, Luis Enrique Mart\u00ednez Catal\u00e1n; el director general del Instituto Municipal de Planeaci\u00f3n (IMPLAN), Carlos Hern\u00e1ndez Ad\u00e1n; la presidenta estatal del Partido Acci\u00f3n Nacional (PAN), Dalila Morales Sandoval; el vicario de la Di\u00f3cesis de Cuernavaca, Tom\u00e1s Toral N\u00e1jera; as\u00ed como funcionarios municipales y representantes de la sociedad civil organizada.<\/p>\n\n\n\n<p><\/p>\n\n\n\n<figure class=\"wp-container-2 wp-block-gallery-1 wp-block-gallery has-nested-images columns-default is-cropped\">\n<figure class=\"wp-block-image size-large\"><img loading=\"lazy\" width=\"1024\" height=\"682\" data-id=\"21482\"  src=\"https:\/\/cuernavaca.gob.mx\/wp-content\/uploads\/2022\/11\/familia-cuernavaca-1-1024x682.jpg\" alt=\"\" class=\"wp-image-21482\" srcset=\"https:\/\/cuernavaca.gob.mx\/wp-content\/uploads\/2022\/11\/familia-cuernavaca-1-1024x682.jpg 1024w, https:\/\/cuernavaca.gob.mx\/wp-content\/uploads\/2022\/11\/familia-cuernavaca-1-300x200.jpg 300w, https:\/\/cuernavaca.gob.mx\/wp-content\/uploads\/2022\/11\/familia-cuernavaca-1-768x512.jpg 768w, https:\/\/cuernavaca.gob.mx\/wp-content\/uploads\/2022\/11\/familia-cuernavaca-1-600x400.jpg 600w, https:\/\/cuernavaca.gob.mx\/wp-content\/uploads\/2022\/11\/familia-cuernavaca-1-560x373.jpg 560w, https:\/\/cuernavaca.gob.mx\/wp-content\/uploads\/2022\/11\/familia-cuernavaca-1.jpg 1280w\" sizes=\"(max-width: 1024px) 100vw, 1024px\" \/><\/figure>\n\n\n\n<figure class=\"wp-block-image size-large\"><img loading=\"lazy\" width=\"1024\" height=\"682\" data-id=\"21483\"  src=\"https:\/\/cuernavaca.gob.mx\/wp-content\/uploads\/2022\/11\/familia-cuernavaca-2-1024x682.jpg\" alt=\"\" class=\"wp-image-21483\" srcset=\"https:\/\/cuernavaca.gob.mx\/wp-content\/uploads\/2022\/11\/familia-cuernavaca-2-1024x682.jpg 1024w, https:\/\/cuernavaca.gob.mx\/wp-content\/uploads\/2022\/11\/familia-cuernavaca-2-300x200.jpg 300w, https:\/\/cuernavaca.gob.mx\/wp-content\/uploads\/2022\/11\/familia-cuernavaca-2-768x512.jpg 768w, https:\/\/cuernavaca.gob.mx\/wp-content\/uploads\/2022\/11\/familia-cuernavaca-2-600x400.jpg 600w, https:\/\/cuernavaca.gob.mx\/wp-content\/uploads\/2022\/11\/familia-cuernavaca-2-560x373.jpg 560w, https:\/\/cuernavaca.gob.mx\/wp-content\/uploads\/2022\/11\/familia-cuernavaca-2.jpg 1280w\" sizes=\"(max-width: 1024px) 100vw, 1024px\" \/><\/figure>\n\n\n\n<figure class=\"wp-block-image size-large\"><img loading=\"lazy\" width=\"1024\" height=\"682\" data-id=\"21488\"  src=\"https:\/\/cuernavaca.gob.mx\/wp-content\/uploads\/2022\/11\/familia-cuernavaca-3-1024x682.jpg\" alt=\"\" class=\"wp-image-21488\" srcset=\"https:\/\/cuernavaca.gob.mx\/wp-content\/uploads\/2022\/11\/familia-cuernavaca-3-1024x682.jpg 1024w, https:\/\/cuernavaca.gob.mx\/wp-content\/uploads\/2022\/11\/familia-cuernavaca-3-300x200.jpg 300w, https:\/\/cuernavaca.gob.mx\/wp-content\/uploads\/2022\/11\/familia-cuernavaca-3-768x512.jpg 768w, https:\/\/cuernavaca.gob.mx\/wp-content\/uploads\/2022\/11\/familia-cuernavaca-3-600x400.jpg 600w, https:\/\/cuernavaca.gob.mx\/wp-content\/uploads\/2022\/11\/familia-cuernavaca-3-560x373.jpg 560w, https:\/\/cuernavaca.gob.mx\/wp-content\/uploads\/2022\/11\/familia-cuernavaca-3.jpg 1280w\" sizes=\"(max-width: 1024px) 100vw, 1024px\" \/><\/figure>\n\n\n\n<figure class=\"wp-block-image size-large\"><img loading=\"lazy\" width=\"1024\" height=\"682\" data-id=\"21486\"  src=\"https:\/\/cuernavaca.gob.mx\/wp-content\/uploads\/2022\/11\/familia-cuernavaca-4-1024x682.jpg\" alt=\"\" class=\"wp-image-21486\" srcset=\"https:\/\/cuernavaca.gob.mx\/wp-content\/uploads\/2022\/11\/familia-cuernavaca-4-1024x682.jpg 1024w, https:\/\/cuernavaca.gob.mx\/wp-content\/uploads\/2022\/11\/familia-cuernavaca-4-300x200.jpg 300w, https:\/\/cuernavaca.gob.mx\/wp-content\/uploads\/2022\/11\/familia-cuernavaca-4-768x512.jpg 768w, https:\/\/cuernavaca.gob.mx\/wp-content\/uploads\/2022\/11\/familia-cuernavaca-4-600x400.jpg 600w, https:\/\/cuernavaca.gob.mx\/wp-content\/uploads\/2022\/11\/familia-cuernavaca-4-560x373.jpg 560w, https:\/\/cuernavaca.gob.mx\/wp-content\/uploads\/2022\/11\/familia-cuernavaca-4.jpg 1280w\" sizes=\"(max-width: 1024px) 100vw, 1024px\" \/><\/figure>\n\n\n\n<figure class=\"wp-block-image size-large\"><img loading=\"lazy\" width=\"1024\" height=\"682\" data-id=\"21484\"  src=\"https:\/\/cuernavaca.gob.mx\/wp-content\/uploads\/2022\/11\/familia-cuernavaca-5-1024x682.jpg\" alt=\"\" class=\"wp-image-21484\" srcset=\"https:\/\/cuernavaca.gob.mx\/wp-content\/uploads\/2022\/11\/familia-cuernavaca-5-1024x682.jpg 1024w, https:\/\/cuernavaca.gob.mx\/wp-content\/uploads\/2022\/11\/familia-cuernavaca-5-300x200.jpg 300w, https:\/\/cuernavaca.gob.mx\/wp-content\/uploads\/2022\/11\/familia-cuernavaca-5-768x512.jpg 768w, https:\/\/cuernavaca.gob.mx\/wp-content\/uploads\/2022\/11\/familia-cuernavaca-5-600x400.jpg 600w, https:\/\/cuernavaca.gob.mx\/wp-content\/uploads\/2022\/11\/familia-cuernavaca-5-560x373.jpg 560w, https:\/\/cuernavaca.gob.mx\/wp-content\/uploads\/2022\/11\/familia-cuernavaca-5.jpg 1280w\" sizes=\"(max-width: 1024px) 100vw, 1024px\" \/><\/figure>\n\n\n\n<figure class=\"wp-block-image size-large\"><img loading=\"lazy\" width=\"1024\" height=\"682\" data-id=\"21487\"  src=\"https:\/\/cuernavaca.gob.mx\/wp-content\/uploads\/2022\/11\/familia-cuernavaca-6-1024x682.jpg\" alt=\"\" class=\"wp-image-21487\" srcset=\"https:\/\/cuernavaca.gob.mx\/wp-content\/uploads\/2022\/11\/familia-cuernavaca-6-1024x682.jpg 1024w, https:\/\/cuernavaca.gob.mx\/wp-content\/uploads\/2022\/11\/familia-cuernavaca-6-300x200.jpg 300w, https:\/\/cuernavaca.gob.mx\/wp-content\/uploads\/2022\/11\/familia-cuernavaca-6-768x512.jpg 768w, https:\/\/cuernavaca.gob.mx\/wp-content\/uploads\/2022\/11\/familia-cuernavaca-6-600x400.jpg 600w, https:\/\/cuernavaca.gob.mx\/wp-content\/uploads\/2022\/11\/familia-cuernavaca-6-560x373.jpg 560w, https:\/\/cuernavaca.gob.mx\/wp-content\/uploads\/2022\/11\/familia-cuernavaca-6.jpg 1280w\" sizes=\"(max-width: 1024px) 100vw, 1024px\" \/><\/figure>\n\n\n\n<figure class=\"wp-block-image size-large\"><img loading=\"lazy\" width=\"1024\" height=\"682\" data-id=\"21489\"  src=\"https:\/\/cuernavaca.gob.mx\/wp-content\/uploads\/2022\/11\/familia-cuernavaca-7-1024x682.jpg\" alt=\"\" class=\"wp-image-21489\" srcset=\"https:\/\/cuernavaca.gob.mx\/wp-content\/uploads\/2022\/11\/familia-cuernavaca-7-1024x682.jpg 1024w, https:\/\/cuernavaca.gob.mx\/wp-content\/uploads\/2022\/11\/familia-cuernavaca-7-300x200.jpg 300w, https:\/\/cuernavaca.gob.mx\/wp-content\/uploads\/2022\/11\/familia-cuernavaca-7-768x512.jpg 768w, https:\/\/cuernavaca.gob.mx\/wp-content\/uploads\/2022\/11\/familia-cuernavaca-7-600x400.jpg 600w, https:\/\/cuernavaca.gob.mx\/wp-content\/uploads\/2022\/11\/familia-cuernavaca-7-560x373.jpg 560w, https:\/\/cuernavaca.gob.mx\/wp-content\/uploads\/2022\/11\/familia-cuernavaca-7.jpg 1280w\" sizes=\"(max-width: 1024px) 100vw, 1024px\" \/><\/figure>\n\n\n\n<figure class=\"wp-block-image size-large\"><img loading=\"lazy\" width=\"1024\" height=\"576\" data-id=\"21485\"  src=\"https:\/\/cuernavaca.gob.mx\/wp-content\/uploads\/2022\/11\/familia-cuernavaca-8-1024x576.jpg\" alt=\"\" class=\"wp-image-21485\" srcset=\"https:\/\/cuernavaca.gob.mx\/wp-content\/uploads\/2022\/11\/familia-cuernavaca-8-1024x576.jpg 1024w, https:\/\/cuernavaca.gob.mx\/wp-content\/uploads\/2022\/11\/familia-cuernavaca-8-300x169.jpg 300w, https:\/\/cuernavaca.gob.mx\/wp-content\/uploads\/2022\/11\/familia-cuernavaca-8-768x432.jpg 768w, https:\/\/cuernavaca.gob.mx\/wp-content\/uploads\/2022\/11\/familia-cuernavaca-8-600x338.jpg 600w, https:\/\/cuernavaca.gob.mx\/wp-content\/uploads\/2022\/11\/familia-cuernavaca-8-560x315.jpg 560w, https:\/\/cuernavaca.gob.mx\/wp-content\/uploads\/2022\/11\/familia-cuernavaca-8.jpg 1280w\" sizes=\"(max-width: 1024px) 100vw, 1024px\" \/><\/figure>\n<\/figure>\n","protected":false},"excerpt":{"rendered":"<p>\u2022 La Secretar\u00eda de Desarrollo Humano y Participaci\u00f3n Social instal\u00f3 este subcomit\u00e9 especial, el cual est\u00e1 integrado, no solo por autoridades municipales, sino tambi\u00e9n de la sociedad civil organizada \u2022 Cuernavaca avanza al futuro al considerar la perspectiva de familia como un eje transversal en todas las pol\u00edticas p\u00fablicas municipales Bajo el entendimiento de que [&hellip;]<\/p>\n","protected":false},"author":1,"featured_media":21489,"comment_status":"closed","ping_status":"open","sticky":false,"template":"","format":"standard","meta":[],"categories":[2294],"tags":[1120,121,382,2616,2337,120,206,2617],"aioseo_notices":[],"_links":{"self":[{"href":"https:\/\/cuernavaca.gob.mx\/index.php?rest_route=\/wp\/v2\/posts\/21481"}],"collection":[{"href":"https:\/\/cuernavaca.gob.mx\/index.php?rest_route=\/wp\/v2\/posts"}],"about":[{"href":"https:\/\/cuernavaca.gob.mx\/index.php?rest_route=\/wp\/v2\/types\/post"}],"author":[{"embeddable":true,"href":"https:\/\/cuernavaca.gob.mx\/index.php?rest_route=\/wp\/v2\/users\/1"}],"replies":[{"embeddable":true,"href":"https:\/\/cuernavaca.gob.mx\/index.php?rest_route=%2Fwp%2Fv2%2Fcomments&post=21481"}],"version-history":[{"count":1,"href":"https:\/\/cuernavaca.gob.mx\/index.php?rest_route=\/wp\/v2\/posts\/21481\/revisions"}],"predecessor-version":[{"id":21490,"href":"https:\/\/cuernavaca.gob.mx\/index.php?rest_route=\/wp\/v2\/posts\/21481\/revisions\/21490"}],"wp:featuredmedia":[{"embeddable":true,"href":"https:\/\/cuernavaca.gob.mx\/index.php?rest_route=\/wp\/v2\/media\/21489"}],"wp:attachment":[{"href":"https:\/\/cuernavaca.gob.mx\/index.php?rest_route=%2Fwp%2Fv2%2Fmedia&parent=21481"}],"wp:term":[{"taxonomy":"category","embeddable":true,"href":"https:\/\/cuernavaca.gob.mx\/index.php?rest_route=%2Fwp%2Fv2%2Fcategories&post=21481"},{"taxonomy":"post_tag","embeddable":true,"href":"https:\/\/cuernavaca.gob.mx\/index.php?rest_route=%2Fwp%2Fv2%2Ftags&post=21481"}],"curies":[{"name":"wp","href":"https:\/\/api.w.org\/{rel}","templated":true}]}}