{"id":21530,"date":"2022-11-15T19:00:00","date_gmt":"2022-11-16T01:00:00","guid":{"rendered":"https:\/\/cuernavaca.gob.mx\/?p=21530"},"modified":"2025-05-06T12:22:50","modified_gmt":"2025-05-06T18:22:50","slug":"f227-15-11-22-tras-nuevo-derrumbe-autoridades-de-cuernavaca-mantienen-supervision-y-comunicacion-con-habitantes-de-la-colonia-los-pilares","status":"publish","type":"post","link":"https:\/\/cuernavaca.gob.mx\/?p=21530","title":{"rendered":"F227 15\/11\/22 TRAS NUEVO DERRUMBE AUTORIDADES DE CUERNAVACA MANTIENEN SUPERVISI\u00d3N Y COMUNICACI\u00d3N CON HABITANTES DE LA COLONIA LOS PILARES"},"content":{"rendered":"\n<p>Derivado de reportes de vecinos de la colonia Los Pilares sobre otro derrumbe en el pared\u00f3n registrado la noche del lunes 14 de noviembre alrededor de las 23:00 horas en inmediaciones de la calle 10 de abril, el director del pante\u00f3n Jardines de la Paz, Christian de la Cruz Flores en conjunto con personal de la Coordinaci\u00f3n de Protecci\u00f3n Civil municipal y el Heroico Cuerpo de Bomberos de Cuernavaca, asistieron al lugar de los hechos, observando la ca\u00edda de rocas que llegaron a mitad de calle las cuales no provocaron afectaciones a personas ni a viviendas.<\/p>\n\n\n\n<p>La zona afectada en la zona sur de Cuernavaca fue acordonada, y se reforzaron las medidas establecidas desde el 14 de septiembre cuando se registr\u00f3 el mayor desgajamiento, en tanto las autoridades llevaron a cabo acciones de prevenci\u00f3n como parte de los requerimientos que ha establecido la Coordinaci\u00f3n de Protecci\u00f3n Civil del municipio, para evitar mayores riesgos y da\u00f1os a la poblaci\u00f3n.<\/p>\n\n\n\n<p>El secretario de Desarrollo Sustentable y Servicios P\u00fablicos del Ayuntamiento de Cuernavaca, Israel Albavera V\u00e1zquez, mantiene comunicaci\u00f3n permanente con los vecinos de la zona de riesgo en la colonia Los Pilares, cumpliendo indicaciones del presidente municipal, Jos\u00e9 Luis Uri\u00f3stegui Salgado, de dar el acompa\u00f1amiento y apoyo las veces que sean necesarias, a quienes a\u00fan se mantienen habitando esta zona por las condiciones inestables del lugar.<\/p>\n\n\n\n<figure class=\"wp-container-2 wp-block-gallery-1 wp-block-gallery has-nested-images columns-default is-cropped\">\n<figure class=\"wp-block-image size-large\"><img loading=\"lazy\" width=\"768\" height=\"1024\" data-id=\"21532\"  src=\"https:\/\/cuernavaca.gob.mx\/wp-content\/uploads\/2022\/11\/los-pilares-cuernavaca-1-768x1024.jpeg\" alt=\"\" class=\"wp-image-21532\" srcset=\"https:\/\/cuernavaca.gob.mx\/wp-content\/uploads\/2022\/11\/los-pilares-cuernavaca-1-768x1024.jpeg 768w, https:\/\/cuernavaca.gob.mx\/wp-content\/uploads\/2022\/11\/los-pilares-cuernavaca-1-225x300.jpeg 225w, https:\/\/cuernavaca.gob.mx\/wp-content\/uploads\/2022\/11\/los-pilares-cuernavaca-1-450x600.jpeg 450w, https:\/\/cuernavaca.gob.mx\/wp-content\/uploads\/2022\/11\/los-pilares-cuernavaca-1-420x560.jpeg 420w, https:\/\/cuernavaca.gob.mx\/wp-content\/uploads\/2022\/11\/los-pilares-cuernavaca-1.jpeg 780w\" sizes=\"(max-width: 768px) 100vw, 768px\" \/><\/figure>\n\n\n\n<figure class=\"wp-block-image size-large\"><img loading=\"lazy\" width=\"828\" height=\"647\" data-id=\"21531\"  src=\"https:\/\/cuernavaca.gob.mx\/wp-content\/uploads\/2022\/11\/los-pilares-cuernavaca-2.jpeg\" alt=\"\" class=\"wp-image-21531\" srcset=\"https:\/\/cuernavaca.gob.mx\/wp-content\/uploads\/2022\/11\/los-pilares-cuernavaca-2.jpeg 828w, https:\/\/cuernavaca.gob.mx\/wp-content\/uploads\/2022\/11\/los-pilares-cuernavaca-2-300x234.jpeg 300w, https:\/\/cuernavaca.gob.mx\/wp-content\/uploads\/2022\/11\/los-pilares-cuernavaca-2-768x600.jpeg 768w, https:\/\/cuernavaca.gob.mx\/wp-content\/uploads\/2022\/11\/los-pilares-cuernavaca-2-600x469.jpeg 600w, https:\/\/cuernavaca.gob.mx\/wp-content\/uploads\/2022\/11\/los-pilares-cuernavaca-2-560x438.jpeg 560w\" sizes=\"(max-width: 828px) 100vw, 828px\" \/><\/figure>\n\n\n\n<figure class=\"wp-block-image size-large\"><img loading=\"lazy\" width=\"1024\" height=\"1024\" data-id=\"21533\"  src=\"https:\/\/cuernavaca.gob.mx\/wp-content\/uploads\/2022\/11\/los-pilares-cuernavaca-3-1024x1024.jpeg\" alt=\"\" class=\"wp-image-21533\" srcset=\"https:\/\/cuernavaca.gob.mx\/wp-content\/uploads\/2022\/11\/los-pilares-cuernavaca-3-1024x1024.jpeg 1024w, https:\/\/cuernavaca.gob.mx\/wp-content\/uploads\/2022\/11\/los-pilares-cuernavaca-3-300x300.jpeg 300w, https:\/\/cuernavaca.gob.mx\/wp-content\/uploads\/2022\/11\/los-pilares-cuernavaca-3-150x150.jpeg 150w, https:\/\/cuernavaca.gob.mx\/wp-content\/uploads\/2022\/11\/los-pilares-cuernavaca-3-768x768.jpeg 768w, https:\/\/cuernavaca.gob.mx\/wp-content\/uploads\/2022\/11\/los-pilares-cuernavaca-3-600x600.jpeg 600w, https:\/\/cuernavaca.gob.mx\/wp-content\/uploads\/2022\/11\/los-pilares-cuernavaca-3-560x560.jpeg 560w, https:\/\/cuernavaca.gob.mx\/wp-content\/uploads\/2022\/11\/los-pilares-cuernavaca-3.jpeg 1500w\" sizes=\"(max-width: 1024px) 100vw, 1024px\" \/><\/figure>\n\n\n\n<figure class=\"wp-block-image size-large\"><img loading=\"lazy\" width=\"1024\" height=\"1024\" data-id=\"21534\"  src=\"https:\/\/cuernavaca.gob.mx\/wp-content\/uploads\/2022\/11\/los-pilares-cuernavaca-4-1024x1024.jpeg\" alt=\"\" class=\"wp-image-21534\" srcset=\"https:\/\/cuernavaca.gob.mx\/wp-content\/uploads\/2022\/11\/los-pilares-cuernavaca-4-1024x1024.jpeg 1024w, https:\/\/cuernavaca.gob.mx\/wp-content\/uploads\/2022\/11\/los-pilares-cuernavaca-4-300x300.jpeg 300w, https:\/\/cuernavaca.gob.mx\/wp-content\/uploads\/2022\/11\/los-pilares-cuernavaca-4-150x150.jpeg 150w, https:\/\/cuernavaca.gob.mx\/wp-content\/uploads\/2022\/11\/los-pilares-cuernavaca-4-768x768.jpeg 768w, https:\/\/cuernavaca.gob.mx\/wp-content\/uploads\/2022\/11\/los-pilares-cuernavaca-4-600x600.jpeg 600w, https:\/\/cuernavaca.gob.mx\/wp-content\/uploads\/2022\/11\/los-pilares-cuernavaca-4-560x560.jpeg 560w, https:\/\/cuernavaca.gob.mx\/wp-content\/uploads\/2022\/11\/los-pilares-cuernavaca-4.jpeg 1500w\" sizes=\"(max-width: 1024px) 100vw, 1024px\" \/><\/figure>\n<\/figure>\n","protected":false},"excerpt":{"rendered":"<p>Derivado de reportes de vecinos de la colonia Los Pilares sobre otro derrumbe en el pared\u00f3n registrado la noche del lunes 14 de noviembre alrededor de las 23:00 horas en inmediaciones de la calle 10 de abril, el director del pante\u00f3n Jardines de la Paz, Christian de la Cruz Flores en conjunto con personal de [&hellip;]<\/p>\n","protected":false},"author":1,"featured_media":21534,"comment_status":"closed","ping_status":"open","sticky":false,"template":"","format":"standard","meta":[],"categories":[2227],"tags":[529,988,1052,121,2115,120,172,125],"aioseo_notices":[],"_links":{"self":[{"href":"https:\/\/cuernavaca.gob.mx\/index.php?rest_route=\/wp\/v2\/posts\/21530"}],"collection":[{"href":"https:\/\/cuernavaca.gob.mx\/index.php?rest_route=\/wp\/v2\/posts"}],"about":[{"href":"https:\/\/cuernavaca.gob.mx\/index.php?rest_route=\/wp\/v2\/types\/post"}],"author":[{"embeddable":true,"href":"https:\/\/cuernavaca.gob.mx\/index.php?rest_route=\/wp\/v2\/users\/1"}],"replies":[{"embeddable":true,"href":"https:\/\/cuernavaca.gob.mx\/index.php?rest_route=%2Fwp%2Fv2%2Fcomments&post=21530"}],"version-history":[{"count":1,"href":"https:\/\/cuernavaca.gob.mx\/index.php?rest_route=\/wp\/v2\/posts\/21530\/revisions"}],"predecessor-version":[{"id":21535,"href":"https:\/\/cuernavaca.gob.mx\/index.php?rest_route=\/wp\/v2\/posts\/21530\/revisions\/21535"}],"wp:featuredmedia":[{"embeddable":true,"href":"https:\/\/cuernavaca.gob.mx\/index.php?rest_route=\/wp\/v2\/media\/21534"}],"wp:attachment":[{"href":"https:\/\/cuernavaca.gob.mx\/index.php?rest_route=%2Fwp%2Fv2%2Fmedia&parent=21530"}],"wp:term":[{"taxonomy":"category","embeddable":true,"href":"https:\/\/cuernavaca.gob.mx\/index.php?rest_route=%2Fwp%2Fv2%2Fcategories&post=21530"},{"taxonomy":"post_tag","embeddable":true,"href":"https:\/\/cuernavaca.gob.mx\/index.php?rest_route=%2Fwp%2Fv2%2Ftags&post=21530"}],"curies":[{"name":"wp","href":"https:\/\/api.w.org\/{rel}","templated":true}]}}