{"id":21542,"date":"2022-11-16T18:30:00","date_gmt":"2022-11-17T00:30:00","guid":{"rendered":"https:\/\/cuernavaca.gob.mx\/?p=21542"},"modified":"2025-05-06T12:22:50","modified_gmt":"2025-05-06T18:22:50","slug":"b515-16-11-22-reconoce-gobierno-municipal-con-la-venera-cuernavaca-2022-a-10-personalidades-de-talla-nacional-e-internacional","status":"publish","type":"post","link":"https:\/\/cuernavaca.gob.mx\/?p=21542","title":{"rendered":"B515 16\/11\/22 RECONOCE GOBIERNO MUNICIPAL CON LA VENERA CUERNAVACA 2022 A 10 PERSONALIDADES DE TALLA NACIONAL E INTERNACIONAL"},"content":{"rendered":"\n<p><strong>\u2022 En Sesi\u00f3n Solemne el Cabildo entreg\u00f3 este galard\u00f3n en grado de distinci\u00f3n de honor a Silvia Pinal; Guillermo Le\u00f3n; Mara Erika Paredes; Sergio Corona; Flora Guerrero; Nicol\u00e1s Celis; H\u00e9ctor Slim; David Jim\u00e9nez, al ministro de Alfredo Guti\u00e9rrez Ortiz Mena y de manera p\u00f3stuma a Marcos Manuel Su\u00e1rez Ruiz<\/strong><\/p>\n\n\n\n<p>El Ayuntamiento de Cuernavaca hizo entrega este mi\u00e9rcoles del galard\u00f3n en grado de distinci\u00f3n de honor denominado \u201cVenera Cuernavaca\u201d a 10 personalidades oriundas y avecindadas en la capital morelense que han trascendido en el mundo de la pol\u00edtica, el espect\u00e1culo, el cine, la televisi\u00f3n, la justicia, la iniciativa privada, la investigaci\u00f3n y la preservaci\u00f3n del medio ambiente a nivel nacional e internacional, promoviendo el fortalecimiento de la identidad y que la comunidad trabaje por el engrandecimiento del territorio.<\/p>\n\n\n\n<p>En sesi\u00f3n Solemne de Cabildo que tuvo como escenario el patio central del Museo de la Ciudad, el presidente municipal, Jos\u00e9 Luis Uri\u00f3stegui Salgado, puntualiz\u00f3 que este galard\u00f3n conlleva solicitar a los recipiendarios de la distinci\u00f3n, se conviertan en embajadores de buena voluntad de Cuernavaca hacia todos los lugares a donde vayan.<\/p>\n\n\n\n<p>Tras agradecer y reconocer el esfuerzo de la s\u00edndica municipal, Ver\u00f3nica Atenco P\u00e9rez, as\u00ed como las y los regidores Wendi Salinas Ruiz, Lucero Cuenca Noria, Mirna Delgado Romero, Ximena Rom\u00e1n Peralta, Paz Hern\u00e1ndez Pardo, V\u00edctor Manzo God\u00ednez, Jes\u00fas Rosales Puebla, Adri\u00e1n Mart\u00ednez Terrazas, Debendrenath Salazar Solorio, Fernando Carrillo Alvarado y Cristian P\u00e9rez Jaimes, quienes dieron fe que las y los galardonados tienen m\u00e9ritos m\u00e1s que suficientes para recibir el reconocimiento, destac\u00f3 que a trav\u00e9s de la venera el nombre de Cuernavaca se pondr\u00e1 en alto en todas las latitudes del plantea, \u201cque sepan que trabajamos unidos, que es m\u00e1s lo que nos une que hoy la inseguridad, la divergencia, los malos comentarios y las malas voluntades\u201d.<\/p>\n\n\n\n<p>Las y los homenajeados fueron: la primera actriz, Silvia Pinal Hidalgo; el licenciado en Comercio y Administraci\u00f3n, Guillermo Le\u00f3n Flores; la maestra en Biolog\u00eda, Mara Erika Paredes Lira; el primer actor, Sergio Corona Ortega; la pintora y activista ambiental, Flora Guerrero Goof; el productor de cine, Nicol\u00e1s Celis L\u00f3pez; el director general de Tel\u00e9fonos de M\u00e9xico y presidente del Club de Golf Cuernavaca, H\u00e9ctor Slim Seade; el embajador de M\u00e9xico en la Rep\u00fablica de Honduras, David Jos\u00e9 del Carmen Jim\u00e9nez; el ministro de la Suprema Corte de Justicia de la Naci\u00f3n (SCJN), Alfredo Guti\u00e9rrez Ortiz Mena; y como un reconocimiento p\u00f3stumo al ingeniero y licenciado, Marcos Manuel Su\u00e1rez Ruiz.<\/p>\n\n\n\n<p>Al uso de la palabra, el empresario Guillermo Le\u00f3n Flores, destacado como productor av\u00edcola y desarrollador tur\u00edstico invit\u00f3 a todas y todos los presentes a respaldar las acciones que el Gobierno Municipal emprenda en beneficio de la ciudad, para que Cuernavaca continu\u00e9 siendo la ciudad de la Eterna Primavera que se anhela no tan solo por quienes la habitan, sino quienes contin\u00faan eligi\u00e9ndola para visitar y pasear.<\/p>\n\n\n\n<p>Por su lado, la maestra en Biolog\u00eda, Mara Erika Paredes Lira, destac\u00f3 la importancia que tienen los Centros de Investigaciones Biol\u00f3gicas en el estado y por supuesto en la capital morelense, para promover la divulgaci\u00f3n cient\u00edfica, manteniendo a la poblaci\u00f3n informada sobre los problemas que enfrenta el medio ambiente y como poder ayudarlo.<\/p>\n\n\n\n<p>Al recibir el reconocimiento p\u00f3stumo al ingeniero y licenciado, Marcos Manuel Su\u00e1rez Ruiz, su hijo, Pablo Su\u00e1rez Gerard, agradeci\u00f3 esta distinci\u00f3n, recordando la trascendencia que ha tenido su padre en el servicio p\u00fablico, desde el Poder Ejecutivo, hasta el Legislativo y Judicial, pero principalmente en la academia, su verdadera pasi\u00f3n donde forj\u00f3 a muchos estudiantes que hoy ocupan espacios pol\u00edticos, judiciales y en la abogac\u00eda en todo el pa\u00eds.<\/p>\n\n\n\n<p>En su mensaje, la artista pl\u00e1stica y activista ambiental, Flora Guerrero Goof, puntualiz\u00f3 que es fundamental, urgente y determinante que las reservas naturales, barrancas y los bosques del municipio sean protegidos, ya que son la garant\u00eda de sobrevivencia de las futuras generaciones, que hoy est\u00e1n siendo devastados por la tala ilegal y el crecimiento urbano ilegal.<\/p>\n\n\n\n<p>El primer actor, Sergio Corona Ortega, afirm\u00f3 que su vida en Cuernavaca en su infancia fue simplemente maravillosa por su clima y belleza que atra\u00edan a miles de turistas de distintos pa\u00edses, as\u00ed como por la familia que aqu\u00ed se arraig\u00f3 y las amistades que forj\u00f3, las an\u00e9cdotas que creo con sus padres en su casa ubicada en la calle de Humboldt en el coraz\u00f3n de la ciudad.<\/p>\n\n\n\n<p>Por su lado, el productor de cine, Nicol\u00e1s Celis L\u00f3pez, fundador de la casa productora Pimienta Films y ganador del premio Oscar por la pel\u00edcula ROMA, se pronunci\u00f3 a favor de apoyar todas las acciones que se han emprendido para recuperar a la Cuernavaca de antes, donde naci\u00f3, creci\u00f3 y se form\u00f3, con seguridad y desarrollo para construir un mejor lugar desde todas las trincheras.<\/p>\n\n\n\n<p>El director general de Tel\u00e9fonos de M\u00e9xico (Telmex), presidente del Club de Golf de Cuernavaca y del Consejo Consultivo del hotel Racquet Club, H\u00e9ctor Slim Seade, afirm\u00f3 que se tiene en la mira a Cuernavaca para que recupere su esplendor, manifestando su respaldo para seguir trabajando a favor de la capital morelense a trav\u00e9s de inversiones y difusi\u00f3n de lo bueno que ocurre en la ciudad.<\/p>\n\n\n\n<p>A su vez, el embajador de M\u00e9xico en Honduras, ex presidente municipal de Cuernavaca, ex Diputado Federal y Senador por Morelos, David Jos\u00e9 del Carmen Jim\u00e9nez, subray\u00f3 que no se puede olvidar a Cuernavaca, por lo cual se estar\u00e1 sumando a todas las actividades, programas y proyectos de la presente administraci\u00f3n, al reconocer los retos que se viven actualmente, se\u00f1alando que entre ellos podr\u00eda estar un hermanamiento con ciudades hondure\u00f1as.<\/p>\n\n\n\n<p>Finalmente, el ministro de la Suprema Corte de Justicia de la Naci\u00f3n (SCJN), Alfredo Guti\u00e9rrez Ortiz Mena, expres\u00f3 el importante papel que ha tenido Cuernavaca, no solo en su vida personal, sino tambi\u00e9n profesional, debido a que las concepciones de justicia y libertad que lleva consigo de forma permanente y que hoy definen su perfil como impartidor de justicia emanan de la inigualable capital morelense donde naci\u00f3 y reside su familia.<\/p>\n\n\n\n<p>Cabe mencionar que las y los galardonados recibieron un reconocimiento y una medalla en presencia de distintos personajes cuernavacenses del \u00e1mbito p\u00fablico, pol\u00edtico, empresarial, la academia y la sociedad civil organizada.<\/p>\n\n\n\n<figure class=\"wp-container-2 wp-block-gallery-1 wp-block-gallery has-nested-images columns-default is-cropped\">\n<figure class=\"wp-block-image size-large\"><img loading=\"lazy\" width=\"1024\" height=\"682\" data-id=\"21544\"  src=\"https:\/\/cuernavaca.gob.mx\/wp-content\/uploads\/2022\/11\/venera-cuernavaca-1-1024x682.jpg\" alt=\"\" class=\"wp-image-21544\" srcset=\"https:\/\/cuernavaca.gob.mx\/wp-content\/uploads\/2022\/11\/venera-cuernavaca-1-1024x682.jpg 1024w, https:\/\/cuernavaca.gob.mx\/wp-content\/uploads\/2022\/11\/venera-cuernavaca-1-300x200.jpg 300w, https:\/\/cuernavaca.gob.mx\/wp-content\/uploads\/2022\/11\/venera-cuernavaca-1-768x512.jpg 768w, https:\/\/cuernavaca.gob.mx\/wp-content\/uploads\/2022\/11\/venera-cuernavaca-1-600x400.jpg 600w, https:\/\/cuernavaca.gob.mx\/wp-content\/uploads\/2022\/11\/venera-cuernavaca-1-560x373.jpg 560w, https:\/\/cuernavaca.gob.mx\/wp-content\/uploads\/2022\/11\/venera-cuernavaca-1.jpg 1280w\" sizes=\"(max-width: 1024px) 100vw, 1024px\" \/><\/figure>\n\n\n\n<figure class=\"wp-block-image size-large\"><img loading=\"lazy\" width=\"1024\" height=\"682\" data-id=\"21543\"  src=\"https:\/\/cuernavaca.gob.mx\/wp-content\/uploads\/2022\/11\/venera-cuernavaca-2-1024x682.jpg\" alt=\"\" class=\"wp-image-21543\" srcset=\"https:\/\/cuernavaca.gob.mx\/wp-content\/uploads\/2022\/11\/venera-cuernavaca-2-1024x682.jpg 1024w, https:\/\/cuernavaca.gob.mx\/wp-content\/uploads\/2022\/11\/venera-cuernavaca-2-300x200.jpg 300w, https:\/\/cuernavaca.gob.mx\/wp-content\/uploads\/2022\/11\/venera-cuernavaca-2-768x512.jpg 768w, https:\/\/cuernavaca.gob.mx\/wp-content\/uploads\/2022\/11\/venera-cuernavaca-2-600x400.jpg 600w, https:\/\/cuernavaca.gob.mx\/wp-content\/uploads\/2022\/11\/venera-cuernavaca-2-560x373.jpg 560w, https:\/\/cuernavaca.gob.mx\/wp-content\/uploads\/2022\/11\/venera-cuernavaca-2.jpg 1280w\" sizes=\"(max-width: 1024px) 100vw, 1024px\" \/><\/figure>\n\n\n\n<figure class=\"wp-block-image size-large\"><img loading=\"lazy\" width=\"1024\" height=\"682\" data-id=\"21547\"  src=\"https:\/\/cuernavaca.gob.mx\/wp-content\/uploads\/2022\/11\/venera-cuernavaca-3-1024x682.jpg\" alt=\"\" class=\"wp-image-21547\" srcset=\"https:\/\/cuernavaca.gob.mx\/wp-content\/uploads\/2022\/11\/venera-cuernavaca-3-1024x682.jpg 1024w, https:\/\/cuernavaca.gob.mx\/wp-content\/uploads\/2022\/11\/venera-cuernavaca-3-300x200.jpg 300w, https:\/\/cuernavaca.gob.mx\/wp-content\/uploads\/2022\/11\/venera-cuernavaca-3-768x512.jpg 768w, https:\/\/cuernavaca.gob.mx\/wp-content\/uploads\/2022\/11\/venera-cuernavaca-3-600x400.jpg 600w, https:\/\/cuernavaca.gob.mx\/wp-content\/uploads\/2022\/11\/venera-cuernavaca-3-560x373.jpg 560w, https:\/\/cuernavaca.gob.mx\/wp-content\/uploads\/2022\/11\/venera-cuernavaca-3.jpg 1280w\" sizes=\"(max-width: 1024px) 100vw, 1024px\" \/><\/figure>\n\n\n\n<figure class=\"wp-block-image size-large\"><img loading=\"lazy\" width=\"1024\" height=\"682\" data-id=\"21546\"  src=\"https:\/\/cuernavaca.gob.mx\/wp-content\/uploads\/2022\/11\/venera-cuernavaca-4-1024x682.jpg\" alt=\"\" class=\"wp-image-21546\" srcset=\"https:\/\/cuernavaca.gob.mx\/wp-content\/uploads\/2022\/11\/venera-cuernavaca-4-1024x682.jpg 1024w, https:\/\/cuernavaca.gob.mx\/wp-content\/uploads\/2022\/11\/venera-cuernavaca-4-300x200.jpg 300w, https:\/\/cuernavaca.gob.mx\/wp-content\/uploads\/2022\/11\/venera-cuernavaca-4-768x512.jpg 768w, https:\/\/cuernavaca.gob.mx\/wp-content\/uploads\/2022\/11\/venera-cuernavaca-4-600x400.jpg 600w, https:\/\/cuernavaca.gob.mx\/wp-content\/uploads\/2022\/11\/venera-cuernavaca-4-560x373.jpg 560w, https:\/\/cuernavaca.gob.mx\/wp-content\/uploads\/2022\/11\/venera-cuernavaca-4.jpg 1280w\" sizes=\"(max-width: 1024px) 100vw, 1024px\" \/><\/figure>\n\n\n\n<figure class=\"wp-block-image\"><img\/><\/figure>\n\n\n\n<figure class=\"wp-block-image size-large\"><img loading=\"lazy\" width=\"1024\" height=\"682\" data-id=\"21549\"  src=\"https:\/\/cuernavaca.gob.mx\/wp-content\/uploads\/2022\/11\/venera-cuernavaca-6-1024x682.jpg\" alt=\"\" class=\"wp-image-21549\" srcset=\"https:\/\/cuernavaca.gob.mx\/wp-content\/uploads\/2022\/11\/venera-cuernavaca-6-1024x682.jpg 1024w, https:\/\/cuernavaca.gob.mx\/wp-content\/uploads\/2022\/11\/venera-cuernavaca-6-300x200.jpg 300w, https:\/\/cuernavaca.gob.mx\/wp-content\/uploads\/2022\/11\/venera-cuernavaca-6-768x512.jpg 768w, https:\/\/cuernavaca.gob.mx\/wp-content\/uploads\/2022\/11\/venera-cuernavaca-6-600x400.jpg 600w, https:\/\/cuernavaca.gob.mx\/wp-content\/uploads\/2022\/11\/venera-cuernavaca-6-560x373.jpg 560w, https:\/\/cuernavaca.gob.mx\/wp-content\/uploads\/2022\/11\/venera-cuernavaca-6.jpg 1280w\" sizes=\"(max-width: 1024px) 100vw, 1024px\" \/><\/figure>\n\n\n\n<figure class=\"wp-block-image size-large\"><img loading=\"lazy\" width=\"1024\" height=\"682\" data-id=\"21545\"  src=\"https:\/\/cuernavaca.gob.mx\/wp-content\/uploads\/2022\/11\/venera-cuernavaca-7-1024x682.jpg\" alt=\"\" class=\"wp-image-21545\" srcset=\"https:\/\/cuernavaca.gob.mx\/wp-content\/uploads\/2022\/11\/venera-cuernavaca-7-1024x682.jpg 1024w, https:\/\/cuernavaca.gob.mx\/wp-content\/uploads\/2022\/11\/venera-cuernavaca-7-300x200.jpg 300w, https:\/\/cuernavaca.gob.mx\/wp-content\/uploads\/2022\/11\/venera-cuernavaca-7-768x512.jpg 768w, https:\/\/cuernavaca.gob.mx\/wp-content\/uploads\/2022\/11\/venera-cuernavaca-7-600x400.jpg 600w, https:\/\/cuernavaca.gob.mx\/wp-content\/uploads\/2022\/11\/venera-cuernavaca-7-560x373.jpg 560w, https:\/\/cuernavaca.gob.mx\/wp-content\/uploads\/2022\/11\/venera-cuernavaca-7.jpg 1280w\" sizes=\"(max-width: 1024px) 100vw, 1024px\" \/><\/figure>\n\n\n\n<figure class=\"wp-block-image size-large\"><img loading=\"lazy\" width=\"1024\" height=\"682\" data-id=\"21548\"  src=\"https:\/\/cuernavaca.gob.mx\/wp-content\/uploads\/2022\/11\/venera-cuernavaca-8-1024x682.jpg\" alt=\"\" class=\"wp-image-21548\" srcset=\"https:\/\/cuernavaca.gob.mx\/wp-content\/uploads\/2022\/11\/venera-cuernavaca-8-1024x682.jpg 1024w, https:\/\/cuernavaca.gob.mx\/wp-content\/uploads\/2022\/11\/venera-cuernavaca-8-300x200.jpg 300w, https:\/\/cuernavaca.gob.mx\/wp-content\/uploads\/2022\/11\/venera-cuernavaca-8-768x512.jpg 768w, https:\/\/cuernavaca.gob.mx\/wp-content\/uploads\/2022\/11\/venera-cuernavaca-8-600x400.jpg 600w, https:\/\/cuernavaca.gob.mx\/wp-content\/uploads\/2022\/11\/venera-cuernavaca-8-560x373.jpg 560w, https:\/\/cuernavaca.gob.mx\/wp-content\/uploads\/2022\/11\/venera-cuernavaca-8.jpg 1280w\" sizes=\"(max-width: 1024px) 100vw, 1024px\" \/><\/figure>\n\n\n\n<figure class=\"wp-block-image\"><img\/><\/figure>\n\n\n\n<figure class=\"wp-block-image size-large\"><img loading=\"lazy\" width=\"1024\" height=\"682\" data-id=\"21550\"  src=\"https:\/\/cuernavaca.gob.mx\/wp-content\/uploads\/2022\/11\/venera-cuernavaca-10-1024x682.jpg\" alt=\"\" class=\"wp-image-21550\" srcset=\"https:\/\/cuernavaca.gob.mx\/wp-content\/uploads\/2022\/11\/venera-cuernavaca-10-1024x682.jpg 1024w, https:\/\/cuernavaca.gob.mx\/wp-content\/uploads\/2022\/11\/venera-cuernavaca-10-300x200.jpg 300w, https:\/\/cuernavaca.gob.mx\/wp-content\/uploads\/2022\/11\/venera-cuernavaca-10-768x512.jpg 768w, https:\/\/cuernavaca.gob.mx\/wp-content\/uploads\/2022\/11\/venera-cuernavaca-10-600x400.jpg 600w, https:\/\/cuernavaca.gob.mx\/wp-content\/uploads\/2022\/11\/venera-cuernavaca-10-560x373.jpg 560w, https:\/\/cuernavaca.gob.mx\/wp-content\/uploads\/2022\/11\/venera-cuernavaca-10.jpg 1280w\" sizes=\"(max-width: 1024px) 100vw, 1024px\" \/><\/figure>\n\n\n\n<figure class=\"wp-block-image\"><img\/><\/figure>\n\n\n\n<figure class=\"wp-block-image size-large\"><img loading=\"lazy\" width=\"1024\" height=\"682\" data-id=\"21552\"  src=\"https:\/\/cuernavaca.gob.mx\/wp-content\/uploads\/2022\/11\/venera-cuernavaca-12-1024x682.jpg\" alt=\"\" class=\"wp-image-21552\" srcset=\"https:\/\/cuernavaca.gob.mx\/wp-content\/uploads\/2022\/11\/venera-cuernavaca-12-1024x682.jpg 1024w, https:\/\/cuernavaca.gob.mx\/wp-content\/uploads\/2022\/11\/venera-cuernavaca-12-300x200.jpg 300w, https:\/\/cuernavaca.gob.mx\/wp-content\/uploads\/2022\/11\/venera-cuernavaca-12-768x512.jpg 768w, https:\/\/cuernavaca.gob.mx\/wp-content\/uploads\/2022\/11\/venera-cuernavaca-12-600x400.jpg 600w, https:\/\/cuernavaca.gob.mx\/wp-content\/uploads\/2022\/11\/venera-cuernavaca-12-560x373.jpg 560w, https:\/\/cuernavaca.gob.mx\/wp-content\/uploads\/2022\/11\/venera-cuernavaca-12.jpg 1280w\" sizes=\"(max-width: 1024px) 100vw, 1024px\" \/><\/figure>\n\n\n\n<figure class=\"wp-block-image\"><img\/><\/figure>\n\n\n\n<figure class=\"wp-block-image\"><img\/><\/figure>\n\n\n\n<figure class=\"wp-block-image\"><img\/><\/figure>\n\n\n\n<figure class=\"wp-block-image\"><img\/><\/figure>\n\n\n\n<figure class=\"wp-block-image\"><img\/><\/figure>\n\n\n\n<figure class=\"wp-block-image\"><img\/><\/figure>\n\n\n\n<figure class=\"wp-block-image\"><img\/><\/figure>\n\n\n\n<figure class=\"wp-block-image\"><img\/><\/figure>\n\n\n\n<figure class=\"wp-block-image\"><img\/><\/figure>\n\n\n\n<figure class=\"wp-block-image\"><img\/><\/figure>\n\n\n\n<figure class=\"wp-block-image\"><img\/><\/figure>\n\n\n\n<figure class=\"wp-block-image\"><img\/><\/figure>\n\n\n\n<figure class=\"wp-block-image\"><img\/><\/figure>\n\n\n\n<figure class=\"wp-block-image\"><img\/><\/figure>\n\n\n\n<figure class=\"wp-block-image\"><img\/><\/figure>\n\n\n\n<figure class=\"wp-block-image\"><img\/><\/figure>\n\n\n\n<figure class=\"wp-block-image\"><img\/><\/figure>\n\n\n\n<figure class=\"wp-block-image\"><img\/><\/figure>\n\n\n\n<figure class=\"wp-block-image\"><img\/><\/figure>\n\n\n\n<figure class=\"wp-block-image\"><img\/><\/figure>\n\n\n\n<figure class=\"wp-block-image\"><img\/><\/figure>\n\n\n\n<figure class=\"wp-block-image\"><img\/><\/figure>\n\n\n\n<figure class=\"wp-block-image\"><img\/><\/figure>\n\n\n\n<figure class=\"wp-block-image\"><img\/><\/figure>\n\n\n\n<figure class=\"wp-block-image\"><img\/><\/figure>\n\n\n\n<figure class=\"wp-block-image\"><img\/><\/figure>\n\n\n\n<figure class=\"wp-block-image\"><img\/><\/figure>\n\n\n\n<figure class=\"wp-block-image\"><img\/><\/figure>\n\n\n\n<figure class=\"wp-block-image\"><img\/><\/figure>\n\n\n\n<figure class=\"wp-block-image\"><img\/><\/figure>\n\n\n\n<figure class=\"wp-block-image\"><img\/><\/figure>\n\n\n\n<figure class=\"wp-block-image\"><img\/><\/figure>\n\n\n\n<figure class=\"wp-block-image\"><img\/><\/figure>\n\n\n\n<figure class=\"wp-block-image\"><img\/><\/figure>\n\n\n\n<figure class=\"wp-block-image\"><img\/><\/figure>\n\n\n\n<figure class=\"wp-block-image\"><img\/><\/figure>\n\n\n\n<figure class=\"wp-block-image\"><img\/><\/figure>\n\n\n\n<figure class=\"wp-block-image\"><img\/><\/figure>\n\n\n\n<figure class=\"wp-block-image\"><img\/><\/figure>\n\n\n\n<figure class=\"wp-block-image\"><img\/><\/figure>\n\n\n\n<figure class=\"wp-block-image\"><img\/><\/figure>\n\n\n\n<figure class=\"wp-block-image\"><img\/><\/figure>\n\n\n\n<figure class=\"wp-block-image\"><img\/><\/figure>\n<\/figure>\n","protected":false},"excerpt":{"rendered":"<p>\u2022 En Sesi\u00f3n Solemne el Cabildo entreg\u00f3 este galard\u00f3n en grado de distinci\u00f3n de honor a Silvia Pinal; Guillermo Le\u00f3n; Mara Erika Paredes; Sergio Corona; Flora Guerrero; Nicol\u00e1s Celis; H\u00e9ctor Slim; David Jim\u00e9nez, al ministro de Alfredo Guti\u00e9rrez Ortiz Mena y de manera p\u00f3stuma a Marcos Manuel Su\u00e1rez Ruiz El Ayuntamiento de Cuernavaca hizo entrega [&hellip;]<\/p>\n","protected":false},"author":1,"featured_media":21544,"comment_status":"closed","ping_status":"open","sticky":false,"template":"","format":"standard","meta":[],"categories":[20],"tags":[158,2630,1923,1570,120,206,2631,2628,712,2629,2627],"aioseo_notices":[],"_links":{"self":[{"href":"https:\/\/cuernavaca.gob.mx\/index.php?rest_route=\/wp\/v2\/posts\/21542"}],"collection":[{"href":"https:\/\/cuernavaca.gob.mx\/index.php?rest_route=\/wp\/v2\/posts"}],"about":[{"href":"https:\/\/cuernavaca.gob.mx\/index.php?rest_route=\/wp\/v2\/types\/post"}],"author":[{"embeddable":true,"href":"https:\/\/cuernavaca.gob.mx\/index.php?rest_route=\/wp\/v2\/users\/1"}],"replies":[{"embeddable":true,"href":"https:\/\/cuernavaca.gob.mx\/index.php?rest_route=%2Fwp%2Fv2%2Fcomments&post=21542"}],"version-history":[{"count":1,"href":"https:\/\/cuernavaca.gob.mx\/index.php?rest_route=\/wp\/v2\/posts\/21542\/revisions"}],"predecessor-version":[{"id":21598,"href":"https:\/\/cuernavaca.gob.mx\/index.php?rest_route=\/wp\/v2\/posts\/21542\/revisions\/21598"}],"wp:featuredmedia":[{"embeddable":true,"href":"https:\/\/cuernavaca.gob.mx\/index.php?rest_route=\/wp\/v2\/media\/21544"}],"wp:attachment":[{"href":"https:\/\/cuernavaca.gob.mx\/index.php?rest_route=%2Fwp%2Fv2%2Fmedia&parent=21542"}],"wp:term":[{"taxonomy":"category","embeddable":true,"href":"https:\/\/cuernavaca.gob.mx\/index.php?rest_route=%2Fwp%2Fv2%2Fcategories&post=21542"},{"taxonomy":"post_tag","embeddable":true,"href":"https:\/\/cuernavaca.gob.mx\/index.php?rest_route=%2Fwp%2Fv2%2Ftags&post=21542"}],"curies":[{"name":"wp","href":"https:\/\/api.w.org\/{rel}","templated":true}]}}