{"id":21619,"date":"2022-11-17T18:30:00","date_gmt":"2022-11-18T00:30:00","guid":{"rendered":"https:\/\/cuernavaca.gob.mx\/?p=21619"},"modified":"2025-05-06T12:22:49","modified_gmt":"2025-05-06T18:22:49","slug":"b517-17-11-22-ayuntamiento-de-cuernavaca-se-suma-a-las-acciones-en-contra-del-abuso-sexual-infantil-y-el-ciberacoso-en-ninas-ninos-y-adolescentes","status":"publish","type":"post","link":"https:\/\/cuernavaca.gob.mx\/?p=21619","title":{"rendered":"B517 17\/11\/22 AYUNTAMIENTO DE CUERNAVACA SE SUMA A LAS ACCIONES EN CONTRA DEL ABUSO SEXUAL INFANTIL Y EL CIBERACOSO EN NI\u00d1AS, NI\u00d1OS Y ADOLESCENTES"},"content":{"rendered":"\n<p><strong>\u2022 Jos\u00e9 Luis Uri\u00f3stegui firm\u00f3 este jueves un convenio con la Fundaci\u00f3n PAS (Prevenci\u00f3n del Abuso Sexual Infantil), convirti\u00e9ndose en la tercera ciudad en M\u00e9xico que se adhiere a esta plataforma latinoamericana<\/strong><\/p>\n\n\n\n<p><strong>\u2022 El Gobierno Municipal organiz\u00f3 el foro \u201cCuernavaca frente al ciberacoso en ni\u00f1as, ni\u00f1os y adolescentes\u201d, con la Comisi\u00f3n de Derechos de la Ni\u00f1ez y de la Adolescencia del Senado de la Rep\u00fablica y la Fundaci\u00f3n PAS<\/strong><\/p>\n\n\n\n<p>Con el compromiso de darles mejores oportunidades de desarrollo a las ni\u00f1as, ni\u00f1os y adolescentes cuernavacenses, promoviendo una cultura de seguridad cibern\u00e9tica entre autoridades, madres y padres de familia, as\u00ed como personal educativo, el presidente municipal de Cuernavaca, Jos\u00e9 Luis Uri\u00f3stegui Salgado, firm\u00f3 este jueves un convenio con la Fundaci\u00f3n PAS (Prevenci\u00f3n del Abuso Sexual Infantil), convirti\u00e9ndose en la tercera ciudad en M\u00e9xico que se adhiere a esta plataforma latinoamericana de combate al ciberacoso sexual en las infancias y adolescencia.<\/p>\n\n\n\n<p>El marco de esta firma de convenio, impulsado por la Secretar\u00eda de Desarrollo Humano y Participaci\u00f3n Social a cargo de Laura Hern\u00e1ndez Cruz, se realiz\u00f3 el foro \u201cCuernavaca frente al ciberacoso en ni\u00f1as, ni\u00f1os y adolescentes\u201d, la Comisi\u00f3n de Derechos de la Ni\u00f1ez y de la Adolescencia del Senado de la Rep\u00fablica y la Fundaci\u00f3n PAS, donde la secretaria de Desarrollo Humano y Participaci\u00f3n Social, Laura Hern\u00e1ndez Cruz, indic\u00f3 que de acuerdo al INEGI, el a\u00f1o pasado m\u00e1s de 17 millones de personas fueron v\u00edctimas del ciberacoso, en Morelos se reporta que m\u00e1s del 24 por ciento de la poblaci\u00f3n mayor de 12 a\u00f1os lo ha padecido, en su mayor\u00eda mujeres.<\/p>\n\n\n\n<p>\u201cEsta forma de violencia sin duda parece ser el monstruo de mil cabezas, que quienes lo padecen podr\u00edan calificarlo como indestructible por encontrarse en el mundo digital y es un mal que puede arrebatarnos mucho, incluso puede llegar a arrebatarnos lo m\u00e1s preciado para nosotros, que es la vida de nuestras ni\u00f1as, ni\u00f1os y adolescentes\u201d, puntualiz\u00f3.<\/p>\n\n\n\n<p>En su intervenci\u00f3n, el presidente de Fundaci\u00f3n PAS, Eduardo Cruz Moguel, dio a conocer su propia historia como v\u00edctima de abuso sexual infantil y las consecuencias que trajo a su vida a partir de este momento, pero que lo encaminaron a trabajar para erradicar este grave delito, se\u00f1alando que uno de cada cinco ni\u00f1os que est\u00e1 conectado a internet va a ser abordado por un agresor sexual y menos del 10 por ciento lo va a hablar, aunado a que M\u00e9xico es uno de los principales pa\u00edses productores de material de abuso sexual infantil en el mundo.<\/p>\n\n\n\n<p>Precis\u00f3 que junto con otras madres y padres de familia preocupados por esta situaci\u00f3n decidieron crear en 2010 la fundaci\u00f3n PAS, desarrollando al d\u00eda de hoy m\u00e1s de 20 programas educativos y una plataforma educativa digital que ha llegado a m\u00e1s de 20 millones de personas en el pa\u00eds y en Latinoam\u00e9rica, creando un Centro de Prevenci\u00f3n, y hace seis a\u00f1os se sumaron a la red m\u00e1s grande en el mundo que trabaja en la prevenci\u00f3n del abuso sexual infantil, INHOP, a trav\u00e9s de la primera l\u00ednea de reporte de material audiovisual con contenido sexual infantil en entornos digitales y redes sociales con el prop\u00f3sito de bajarlo inmediatamente, \u201cTe protejo M\u00e9xico\u201d, a la cual se uni\u00f3 Cuernavaca.<\/p>\n\n\n\n<p>En este sentido, la Senadora presidenta de la Comisi\u00f3n de Derechos de la Ni\u00f1ez y de la Adolescencia de la C\u00e1mara Alta, Josefina V\u00e1zquez Mota, reconoci\u00f3 el compromiso de Jos\u00e9 Luis Uri\u00f3stegui para decir no a la violencia, incorpor\u00e1ndose a las acciones de prevenci\u00f3n y denuncia de reportes de contenidos en internet que atenten contra la integridad de ni\u00f1as, ni\u00f1os y adolescentes.<\/p>\n\n\n\n<p>\u201cHoy querido presidente aqu\u00ed en Cuernavaca se dice No a esa violencia que destruye, ya sea f\u00edsicamente o por las redes sociales; esa violencia que destruye la vida para siempre, que acompa\u00f1a y que probablemente nunca se denuncia, esa violencia que se comete por quien m\u00e1s debiese amar y proteger, esa violencia que muchas veces cuando finalmente se hace acopio de valor y se dice suele encontrar como respuesta de un adulto \u201cno te creo\u201d, \u201calg\u00fan d\u00eda se te va a pasar\u201d y agradezco esta convocatoria porque aqu\u00ed estamos en comunidad, estamos los j\u00f3venes que son el prop\u00f3sito y coraz\u00f3n de nuestra presencia el d\u00eda de hoy, habremos pap\u00e1s, mam\u00e1s, abuelos, profesoras y profesores, autoridades, legisladores y aqu\u00ed estamos por las ni\u00f1as, ni\u00f1os y adolescentes que no tienen partido, que tienen derecho a ser felices, a crecer en un mundo sin violencia, y que nosotros los adultos tenemos que ser corresponsables para que as\u00ed suceda\u201d, resalt\u00f3.<\/p>\n\n\n\n<p>Por su lado, el presidente municipal, Jos\u00e9 Luis Uri\u00f3stegui, reconoci\u00f3 el papel fundamental que tienen las madres y padres de familia para prevenir este tipo de situaciones que ponen en grave peligro a los menores de edad, debido a que, en muchas ocasiones, en aras de permitirles una independencia o un libre desarrollo de la personalidad, les permiten tener acceso a estos medios digitales a corta edad, simplemente se ausentan porque les quita tiempo cuando no deber\u00eda ser as\u00ed.<\/p>\n\n\n\n<p>Afirm\u00f3 que desde la administraci\u00f3n p\u00fablica municipal se unir\u00e1n a estas actividades, aceptando el reto de que las ni\u00f1as, ni\u00f1os, adolescentes, j\u00f3venes y adultos cuernavacenses accedan a la l\u00ednea de reporte \u201cTe protejo M\u00e9xico\u201d, \u201cporque en comunidad somos mejores, porque siendo entes que vivimos en el mismo municipio podemos comunicarnos de mejor manera y sumar esfuerzos y lograr que esta aplicaci\u00f3n aparezca en todos los celulares para prevenir y que no tengamos que escuchar m\u00e1s experiencias dolorosas como la que hoy se nos ha compartido\u201d.<\/p>\n\n\n\n<p>Tras la firma del convenio, Iv\u00e1n Lor\u00eda Caballero, Licenciado en Sociolog\u00eda por la Universidad Aut\u00f3noma Metropolitana; Mois\u00e9s Laniado Kassin, director de la Organizaci\u00f3n Jud\u00eda Kol Ve Koaj; Jos\u00e9 Monroy Vald\u00e9s, oficial de la Direcci\u00f3n General Cient\u00edfica de la Guardia Nacional; y Javier Ibarrondo, de Fundaci\u00f3n Freedom, dieron algunos consejos a los presentes para prevenir el ciberacoso en ni\u00f1as, ni\u00f1os y adolescentes y el abuso sexual infantil desde la escuela y la casa.<\/p>\n\n\n\n<p>A este evento asistieron integrantes del Cabildo y Gabinete de Cuernavaca, la senadora Lucy Meza y el senador \u00c1ngel Garc\u00eda Y\u00e1\u00f1ez; la secretaria ejecutiva de SIPINNA, Danae De Negri, representantes de la sociedad civil organizada, autoridades educativas y j\u00f3venes estudiantes.<\/p>\n\n\n\n<figure class=\"wp-container-2 wp-block-gallery-1 wp-block-gallery has-nested-images columns-default is-cropped\">\n<figure class=\"wp-block-image size-large\"><img loading=\"lazy\" width=\"1024\" height=\"682\" data-id=\"21622\"  src=\"https:\/\/cuernavaca.gob.mx\/wp-content\/uploads\/2022\/11\/proteccion-infantil-cuernavaca-1-1024x682.jpg\" alt=\"\" class=\"wp-image-21622\" srcset=\"https:\/\/cuernavaca.gob.mx\/wp-content\/uploads\/2022\/11\/proteccion-infantil-cuernavaca-1-1024x682.jpg 1024w, https:\/\/cuernavaca.gob.mx\/wp-content\/uploads\/2022\/11\/proteccion-infantil-cuernavaca-1-300x200.jpg 300w, https:\/\/cuernavaca.gob.mx\/wp-content\/uploads\/2022\/11\/proteccion-infantil-cuernavaca-1-768x512.jpg 768w, https:\/\/cuernavaca.gob.mx\/wp-content\/uploads\/2022\/11\/proteccion-infantil-cuernavaca-1-600x400.jpg 600w, https:\/\/cuernavaca.gob.mx\/wp-content\/uploads\/2022\/11\/proteccion-infantil-cuernavaca-1-560x373.jpg 560w, https:\/\/cuernavaca.gob.mx\/wp-content\/uploads\/2022\/11\/proteccion-infantil-cuernavaca-1.jpg 1280w\" sizes=\"(max-width: 1024px) 100vw, 1024px\" \/><\/figure>\n\n\n\n<figure class=\"wp-block-image size-large\"><img loading=\"lazy\" width=\"1024\" height=\"682\" data-id=\"21626\"  src=\"https:\/\/cuernavaca.gob.mx\/wp-content\/uploads\/2022\/11\/proteccion-infantil-cuernavaca-2-1024x682.jpg\" alt=\"\" class=\"wp-image-21626\" srcset=\"https:\/\/cuernavaca.gob.mx\/wp-content\/uploads\/2022\/11\/proteccion-infantil-cuernavaca-2-1024x682.jpg 1024w, https:\/\/cuernavaca.gob.mx\/wp-content\/uploads\/2022\/11\/proteccion-infantil-cuernavaca-2-300x200.jpg 300w, https:\/\/cuernavaca.gob.mx\/wp-content\/uploads\/2022\/11\/proteccion-infantil-cuernavaca-2-768x512.jpg 768w, https:\/\/cuernavaca.gob.mx\/wp-content\/uploads\/2022\/11\/proteccion-infantil-cuernavaca-2-600x400.jpg 600w, https:\/\/cuernavaca.gob.mx\/wp-content\/uploads\/2022\/11\/proteccion-infantil-cuernavaca-2-560x373.jpg 560w, https:\/\/cuernavaca.gob.mx\/wp-content\/uploads\/2022\/11\/proteccion-infantil-cuernavaca-2.jpg 1280w\" sizes=\"(max-width: 1024px) 100vw, 1024px\" \/><\/figure>\n\n\n\n<figure class=\"wp-block-image size-large\"><img loading=\"lazy\" width=\"1024\" height=\"682\" data-id=\"21624\"  src=\"https:\/\/cuernavaca.gob.mx\/wp-content\/uploads\/2022\/11\/proteccion-infantil-cuernavaca-3-1024x682.jpg\" alt=\"\" class=\"wp-image-21624\" srcset=\"https:\/\/cuernavaca.gob.mx\/wp-content\/uploads\/2022\/11\/proteccion-infantil-cuernavaca-3-1024x682.jpg 1024w, https:\/\/cuernavaca.gob.mx\/wp-content\/uploads\/2022\/11\/proteccion-infantil-cuernavaca-3-300x200.jpg 300w, https:\/\/cuernavaca.gob.mx\/wp-content\/uploads\/2022\/11\/proteccion-infantil-cuernavaca-3-768x512.jpg 768w, https:\/\/cuernavaca.gob.mx\/wp-content\/uploads\/2022\/11\/proteccion-infantil-cuernavaca-3-600x400.jpg 600w, https:\/\/cuernavaca.gob.mx\/wp-content\/uploads\/2022\/11\/proteccion-infantil-cuernavaca-3-560x373.jpg 560w, https:\/\/cuernavaca.gob.mx\/wp-content\/uploads\/2022\/11\/proteccion-infantil-cuernavaca-3.jpg 1280w\" sizes=\"(max-width: 1024px) 100vw, 1024px\" \/><\/figure>\n\n\n\n<figure class=\"wp-block-image size-large\"><img loading=\"lazy\" width=\"1024\" height=\"682\" data-id=\"21628\"  src=\"https:\/\/cuernavaca.gob.mx\/wp-content\/uploads\/2022\/11\/proteccion-infantil-cuernavaca-4-1024x682.jpg\" alt=\"\" class=\"wp-image-21628\" srcset=\"https:\/\/cuernavaca.gob.mx\/wp-content\/uploads\/2022\/11\/proteccion-infantil-cuernavaca-4-1024x682.jpg 1024w, https:\/\/cuernavaca.gob.mx\/wp-content\/uploads\/2022\/11\/proteccion-infantil-cuernavaca-4-300x200.jpg 300w, https:\/\/cuernavaca.gob.mx\/wp-content\/uploads\/2022\/11\/proteccion-infantil-cuernavaca-4-768x512.jpg 768w, https:\/\/cuernavaca.gob.mx\/wp-content\/uploads\/2022\/11\/proteccion-infantil-cuernavaca-4-600x400.jpg 600w, https:\/\/cuernavaca.gob.mx\/wp-content\/uploads\/2022\/11\/proteccion-infantil-cuernavaca-4-560x373.jpg 560w, https:\/\/cuernavaca.gob.mx\/wp-content\/uploads\/2022\/11\/proteccion-infantil-cuernavaca-4.jpg 1280w\" sizes=\"(max-width: 1024px) 100vw, 1024px\" \/><\/figure>\n\n\n\n<figure class=\"wp-block-image size-large\"><img loading=\"lazy\" width=\"1024\" height=\"682\" data-id=\"21627\"  src=\"https:\/\/cuernavaca.gob.mx\/wp-content\/uploads\/2022\/11\/proteccion-infantil-cuernavaca-5-1024x682.jpg\" alt=\"\" class=\"wp-image-21627\" srcset=\"https:\/\/cuernavaca.gob.mx\/wp-content\/uploads\/2022\/11\/proteccion-infantil-cuernavaca-5-1024x682.jpg 1024w, https:\/\/cuernavaca.gob.mx\/wp-content\/uploads\/2022\/11\/proteccion-infantil-cuernavaca-5-300x200.jpg 300w, https:\/\/cuernavaca.gob.mx\/wp-content\/uploads\/2022\/11\/proteccion-infantil-cuernavaca-5-768x512.jpg 768w, https:\/\/cuernavaca.gob.mx\/wp-content\/uploads\/2022\/11\/proteccion-infantil-cuernavaca-5-600x400.jpg 600w, https:\/\/cuernavaca.gob.mx\/wp-content\/uploads\/2022\/11\/proteccion-infantil-cuernavaca-5-560x373.jpg 560w, https:\/\/cuernavaca.gob.mx\/wp-content\/uploads\/2022\/11\/proteccion-infantil-cuernavaca-5.jpg 1280w\" sizes=\"(max-width: 1024px) 100vw, 1024px\" \/><\/figure>\n\n\n\n<figure class=\"wp-block-image size-large\"><img loading=\"lazy\" width=\"1024\" height=\"682\" data-id=\"21625\"  src=\"https:\/\/cuernavaca.gob.mx\/wp-content\/uploads\/2022\/11\/proteccion-infantil-cuernavaca-6-1024x682.jpg\" alt=\"\" class=\"wp-image-21625\" srcset=\"https:\/\/cuernavaca.gob.mx\/wp-content\/uploads\/2022\/11\/proteccion-infantil-cuernavaca-6-1024x682.jpg 1024w, https:\/\/cuernavaca.gob.mx\/wp-content\/uploads\/2022\/11\/proteccion-infantil-cuernavaca-6-300x200.jpg 300w, https:\/\/cuernavaca.gob.mx\/wp-content\/uploads\/2022\/11\/proteccion-infantil-cuernavaca-6-768x512.jpg 768w, https:\/\/cuernavaca.gob.mx\/wp-content\/uploads\/2022\/11\/proteccion-infantil-cuernavaca-6-600x400.jpg 600w, https:\/\/cuernavaca.gob.mx\/wp-content\/uploads\/2022\/11\/proteccion-infantil-cuernavaca-6-560x373.jpg 560w, https:\/\/cuernavaca.gob.mx\/wp-content\/uploads\/2022\/11\/proteccion-infantil-cuernavaca-6.jpg 1280w\" sizes=\"(max-width: 1024px) 100vw, 1024px\" \/><\/figure>\n\n\n\n<figure class=\"wp-block-image size-large\"><img loading=\"lazy\" width=\"1024\" height=\"682\" data-id=\"21621\"  src=\"https:\/\/cuernavaca.gob.mx\/wp-content\/uploads\/2022\/11\/proteccion-infantil-cuernavaca-7-1024x682.jpg\" alt=\"\" class=\"wp-image-21621\" srcset=\"https:\/\/cuernavaca.gob.mx\/wp-content\/uploads\/2022\/11\/proteccion-infantil-cuernavaca-7-1024x682.jpg 1024w, https:\/\/cuernavaca.gob.mx\/wp-content\/uploads\/2022\/11\/proteccion-infantil-cuernavaca-7-300x200.jpg 300w, https:\/\/cuernavaca.gob.mx\/wp-content\/uploads\/2022\/11\/proteccion-infantil-cuernavaca-7-768x512.jpg 768w, https:\/\/cuernavaca.gob.mx\/wp-content\/uploads\/2022\/11\/proteccion-infantil-cuernavaca-7-600x400.jpg 600w, https:\/\/cuernavaca.gob.mx\/wp-content\/uploads\/2022\/11\/proteccion-infantil-cuernavaca-7-560x373.jpg 560w, https:\/\/cuernavaca.gob.mx\/wp-content\/uploads\/2022\/11\/proteccion-infantil-cuernavaca-7.jpg 1280w\" sizes=\"(max-width: 1024px) 100vw, 1024px\" \/><\/figure>\n\n\n\n<figure class=\"wp-block-image size-large\"><img loading=\"lazy\" width=\"1024\" height=\"682\" data-id=\"21629\"  src=\"https:\/\/cuernavaca.gob.mx\/wp-content\/uploads\/2022\/11\/proteccion-infantil-cuernavaca-8-1024x682.jpg\" alt=\"\" class=\"wp-image-21629\" srcset=\"https:\/\/cuernavaca.gob.mx\/wp-content\/uploads\/2022\/11\/proteccion-infantil-cuernavaca-8-1024x682.jpg 1024w, https:\/\/cuernavaca.gob.mx\/wp-content\/uploads\/2022\/11\/proteccion-infantil-cuernavaca-8-300x200.jpg 300w, https:\/\/cuernavaca.gob.mx\/wp-content\/uploads\/2022\/11\/proteccion-infantil-cuernavaca-8-768x512.jpg 768w, https:\/\/cuernavaca.gob.mx\/wp-content\/uploads\/2022\/11\/proteccion-infantil-cuernavaca-8-600x400.jpg 600w, https:\/\/cuernavaca.gob.mx\/wp-content\/uploads\/2022\/11\/proteccion-infantil-cuernavaca-8-560x373.jpg 560w, https:\/\/cuernavaca.gob.mx\/wp-content\/uploads\/2022\/11\/proteccion-infantil-cuernavaca-8.jpg 1280w\" sizes=\"(max-width: 1024px) 100vw, 1024px\" \/><\/figure>\n\n\n\n<figure class=\"wp-block-image size-large\"><img loading=\"lazy\" width=\"1024\" height=\"682\" data-id=\"21623\"  src=\"https:\/\/cuernavaca.gob.mx\/wp-content\/uploads\/2022\/11\/proteccion-infantil-cuernavaca-9-1024x682.jpg\" alt=\"\" class=\"wp-image-21623\" srcset=\"https:\/\/cuernavaca.gob.mx\/wp-content\/uploads\/2022\/11\/proteccion-infantil-cuernavaca-9-1024x682.jpg 1024w, https:\/\/cuernavaca.gob.mx\/wp-content\/uploads\/2022\/11\/proteccion-infantil-cuernavaca-9-300x200.jpg 300w, https:\/\/cuernavaca.gob.mx\/wp-content\/uploads\/2022\/11\/proteccion-infantil-cuernavaca-9-768x512.jpg 768w, https:\/\/cuernavaca.gob.mx\/wp-content\/uploads\/2022\/11\/proteccion-infantil-cuernavaca-9-600x400.jpg 600w, https:\/\/cuernavaca.gob.mx\/wp-content\/uploads\/2022\/11\/proteccion-infantil-cuernavaca-9-560x373.jpg 560w, https:\/\/cuernavaca.gob.mx\/wp-content\/uploads\/2022\/11\/proteccion-infantil-cuernavaca-9.jpg 1280w\" sizes=\"(max-width: 1024px) 100vw, 1024px\" \/><\/figure>\n\n\n\n<figure class=\"wp-block-image size-large\"><img loading=\"lazy\" width=\"1024\" height=\"682\" data-id=\"21630\"  src=\"https:\/\/cuernavaca.gob.mx\/wp-content\/uploads\/2022\/11\/proteccion-infantil-cuernavaca-10-1024x682.jpg\" alt=\"\" class=\"wp-image-21630\" srcset=\"https:\/\/cuernavaca.gob.mx\/wp-content\/uploads\/2022\/11\/proteccion-infantil-cuernavaca-10-1024x682.jpg 1024w, https:\/\/cuernavaca.gob.mx\/wp-content\/uploads\/2022\/11\/proteccion-infantil-cuernavaca-10-300x200.jpg 300w, https:\/\/cuernavaca.gob.mx\/wp-content\/uploads\/2022\/11\/proteccion-infantil-cuernavaca-10-768x512.jpg 768w, https:\/\/cuernavaca.gob.mx\/wp-content\/uploads\/2022\/11\/proteccion-infantil-cuernavaca-10-600x400.jpg 600w, https:\/\/cuernavaca.gob.mx\/wp-content\/uploads\/2022\/11\/proteccion-infantil-cuernavaca-10-560x373.jpg 560w, https:\/\/cuernavaca.gob.mx\/wp-content\/uploads\/2022\/11\/proteccion-infantil-cuernavaca-10.jpg 1280w\" sizes=\"(max-width: 1024px) 100vw, 1024px\" \/><\/figure>\n\n\n\n<figure class=\"wp-block-image size-large\"><img loading=\"lazy\" width=\"1024\" height=\"682\" data-id=\"21633\"  src=\"https:\/\/cuernavaca.gob.mx\/wp-content\/uploads\/2022\/11\/proteccion-infantil-cuernavaca-11-1024x682.jpg\" alt=\"\" class=\"wp-image-21633\" srcset=\"https:\/\/cuernavaca.gob.mx\/wp-content\/uploads\/2022\/11\/proteccion-infantil-cuernavaca-11-1024x682.jpg 1024w, https:\/\/cuernavaca.gob.mx\/wp-content\/uploads\/2022\/11\/proteccion-infantil-cuernavaca-11-300x200.jpg 300w, https:\/\/cuernavaca.gob.mx\/wp-content\/uploads\/2022\/11\/proteccion-infantil-cuernavaca-11-768x512.jpg 768w, https:\/\/cuernavaca.gob.mx\/wp-content\/uploads\/2022\/11\/proteccion-infantil-cuernavaca-11-600x400.jpg 600w, https:\/\/cuernavaca.gob.mx\/wp-content\/uploads\/2022\/11\/proteccion-infantil-cuernavaca-11-560x373.jpg 560w, https:\/\/cuernavaca.gob.mx\/wp-content\/uploads\/2022\/11\/proteccion-infantil-cuernavaca-11.jpg 1280w\" sizes=\"(max-width: 1024px) 100vw, 1024px\" \/><\/figure>\n\n\n\n<figure class=\"wp-block-image size-large\"><img loading=\"lazy\" width=\"1024\" height=\"682\" data-id=\"21631\"  src=\"https:\/\/cuernavaca.gob.mx\/wp-content\/uploads\/2022\/11\/proteccion-infantil-cuernavaca-12-1024x682.jpg\" alt=\"\" class=\"wp-image-21631\" srcset=\"https:\/\/cuernavaca.gob.mx\/wp-content\/uploads\/2022\/11\/proteccion-infantil-cuernavaca-12-1024x682.jpg 1024w, https:\/\/cuernavaca.gob.mx\/wp-content\/uploads\/2022\/11\/proteccion-infantil-cuernavaca-12-300x200.jpg 300w, https:\/\/cuernavaca.gob.mx\/wp-content\/uploads\/2022\/11\/proteccion-infantil-cuernavaca-12-768x512.jpg 768w, https:\/\/cuernavaca.gob.mx\/wp-content\/uploads\/2022\/11\/proteccion-infantil-cuernavaca-12-600x400.jpg 600w, https:\/\/cuernavaca.gob.mx\/wp-content\/uploads\/2022\/11\/proteccion-infantil-cuernavaca-12-560x373.jpg 560w, https:\/\/cuernavaca.gob.mx\/wp-content\/uploads\/2022\/11\/proteccion-infantil-cuernavaca-12.jpg 1280w\" sizes=\"(max-width: 1024px) 100vw, 1024px\" \/><\/figure>\n\n\n\n<figure class=\"wp-block-image size-large\"><img loading=\"lazy\" width=\"1024\" height=\"682\" data-id=\"21635\"  src=\"https:\/\/cuernavaca.gob.mx\/wp-content\/uploads\/2022\/11\/proteccion-infantil-cuernavaca-13-1024x682.jpg\" alt=\"\" class=\"wp-image-21635\" srcset=\"https:\/\/cuernavaca.gob.mx\/wp-content\/uploads\/2022\/11\/proteccion-infantil-cuernavaca-13-1024x682.jpg 1024w, https:\/\/cuernavaca.gob.mx\/wp-content\/uploads\/2022\/11\/proteccion-infantil-cuernavaca-13-300x200.jpg 300w, https:\/\/cuernavaca.gob.mx\/wp-content\/uploads\/2022\/11\/proteccion-infantil-cuernavaca-13-768x512.jpg 768w, https:\/\/cuernavaca.gob.mx\/wp-content\/uploads\/2022\/11\/proteccion-infantil-cuernavaca-13-600x400.jpg 600w, https:\/\/cuernavaca.gob.mx\/wp-content\/uploads\/2022\/11\/proteccion-infantil-cuernavaca-13-560x373.jpg 560w, https:\/\/cuernavaca.gob.mx\/wp-content\/uploads\/2022\/11\/proteccion-infantil-cuernavaca-13.jpg 1280w\" sizes=\"(max-width: 1024px) 100vw, 1024px\" \/><\/figure>\n\n\n\n<figure class=\"wp-block-image size-large\"><img loading=\"lazy\" width=\"1024\" height=\"682\" data-id=\"21632\"  src=\"https:\/\/cuernavaca.gob.mx\/wp-content\/uploads\/2022\/11\/proteccion-infantil-cuernavaca-14-1024x682.jpg\" alt=\"\" class=\"wp-image-21632\" srcset=\"https:\/\/cuernavaca.gob.mx\/wp-content\/uploads\/2022\/11\/proteccion-infantil-cuernavaca-14-1024x682.jpg 1024w, https:\/\/cuernavaca.gob.mx\/wp-content\/uploads\/2022\/11\/proteccion-infantil-cuernavaca-14-300x200.jpg 300w, https:\/\/cuernavaca.gob.mx\/wp-content\/uploads\/2022\/11\/proteccion-infantil-cuernavaca-14-768x512.jpg 768w, https:\/\/cuernavaca.gob.mx\/wp-content\/uploads\/2022\/11\/proteccion-infantil-cuernavaca-14-600x400.jpg 600w, https:\/\/cuernavaca.gob.mx\/wp-content\/uploads\/2022\/11\/proteccion-infantil-cuernavaca-14-560x373.jpg 560w, https:\/\/cuernavaca.gob.mx\/wp-content\/uploads\/2022\/11\/proteccion-infantil-cuernavaca-14.jpg 1280w\" sizes=\"(max-width: 1024px) 100vw, 1024px\" \/><\/figure>\n\n\n\n<figure class=\"wp-block-image size-large\"><img loading=\"lazy\" width=\"1024\" height=\"682\" data-id=\"21634\"  src=\"https:\/\/cuernavaca.gob.mx\/wp-content\/uploads\/2022\/11\/proteccion-infantil-cuernavaca-15-1024x682.jpg\" alt=\"\" class=\"wp-image-21634\" srcset=\"https:\/\/cuernavaca.gob.mx\/wp-content\/uploads\/2022\/11\/proteccion-infantil-cuernavaca-15-1024x682.jpg 1024w, https:\/\/cuernavaca.gob.mx\/wp-content\/uploads\/2022\/11\/proteccion-infantil-cuernavaca-15-300x200.jpg 300w, https:\/\/cuernavaca.gob.mx\/wp-content\/uploads\/2022\/11\/proteccion-infantil-cuernavaca-15-768x512.jpg 768w, https:\/\/cuernavaca.gob.mx\/wp-content\/uploads\/2022\/11\/proteccion-infantil-cuernavaca-15-600x400.jpg 600w, https:\/\/cuernavaca.gob.mx\/wp-content\/uploads\/2022\/11\/proteccion-infantil-cuernavaca-15-560x373.jpg 560w, https:\/\/cuernavaca.gob.mx\/wp-content\/uploads\/2022\/11\/proteccion-infantil-cuernavaca-15.jpg 1280w\" sizes=\"(max-width: 1024px) 100vw, 1024px\" \/><\/figure>\n\n\n\n<figure class=\"wp-block-image size-large\"><img loading=\"lazy\" width=\"1024\" height=\"682\" data-id=\"21637\"  src=\"https:\/\/cuernavaca.gob.mx\/wp-content\/uploads\/2022\/11\/proteccion-infantil-cuernavaca-16-1024x682.jpg\" alt=\"\" class=\"wp-image-21637\" srcset=\"https:\/\/cuernavaca.gob.mx\/wp-content\/uploads\/2022\/11\/proteccion-infantil-cuernavaca-16-1024x682.jpg 1024w, https:\/\/cuernavaca.gob.mx\/wp-content\/uploads\/2022\/11\/proteccion-infantil-cuernavaca-16-300x200.jpg 300w, https:\/\/cuernavaca.gob.mx\/wp-content\/uploads\/2022\/11\/proteccion-infantil-cuernavaca-16-768x512.jpg 768w, https:\/\/cuernavaca.gob.mx\/wp-content\/uploads\/2022\/11\/proteccion-infantil-cuernavaca-16-600x400.jpg 600w, https:\/\/cuernavaca.gob.mx\/wp-content\/uploads\/2022\/11\/proteccion-infantil-cuernavaca-16-560x373.jpg 560w, https:\/\/cuernavaca.gob.mx\/wp-content\/uploads\/2022\/11\/proteccion-infantil-cuernavaca-16.jpg 1280w\" sizes=\"(max-width: 1024px) 100vw, 1024px\" \/><\/figure>\n\n\n\n<figure class=\"wp-block-image size-large\"><img loading=\"lazy\" width=\"1024\" height=\"682\" data-id=\"21636\"  src=\"https:\/\/cuernavaca.gob.mx\/wp-content\/uploads\/2022\/11\/proteccion-infantil-cuernavaca-17-1024x682.jpg\" alt=\"\" class=\"wp-image-21636\" srcset=\"https:\/\/cuernavaca.gob.mx\/wp-content\/uploads\/2022\/11\/proteccion-infantil-cuernavaca-17-1024x682.jpg 1024w, https:\/\/cuernavaca.gob.mx\/wp-content\/uploads\/2022\/11\/proteccion-infantil-cuernavaca-17-300x200.jpg 300w, https:\/\/cuernavaca.gob.mx\/wp-content\/uploads\/2022\/11\/proteccion-infantil-cuernavaca-17-768x512.jpg 768w, https:\/\/cuernavaca.gob.mx\/wp-content\/uploads\/2022\/11\/proteccion-infantil-cuernavaca-17-600x400.jpg 600w, https:\/\/cuernavaca.gob.mx\/wp-content\/uploads\/2022\/11\/proteccion-infantil-cuernavaca-17-560x373.jpg 560w, https:\/\/cuernavaca.gob.mx\/wp-content\/uploads\/2022\/11\/proteccion-infantil-cuernavaca-17.jpg 1280w\" sizes=\"(max-width: 1024px) 100vw, 1024px\" \/><\/figure>\n<\/figure>\n","protected":false},"excerpt":{"rendered":"<p>\u2022 Jos\u00e9 Luis Uri\u00f3stegui firm\u00f3 este jueves un convenio con la Fundaci\u00f3n PAS (Prevenci\u00f3n del Abuso Sexual Infantil), convirti\u00e9ndose en la tercera ciudad en M\u00e9xico que se adhiere a esta plataforma latinoamericana \u2022 El Gobierno Municipal organiz\u00f3 el foro \u201cCuernavaca frente al ciberacoso en ni\u00f1as, ni\u00f1os y adolescentes\u201d, con la Comisi\u00f3n de Derechos de la [&hellip;]<\/p>\n","protected":false},"author":1,"featured_media":21626,"comment_status":"closed","ping_status":"open","sticky":false,"template":"","format":"standard","meta":[],"categories":[17],"tags":[381,2640,121,2641,1837,120,379,414,1291,125],"aioseo_notices":[],"_links":{"self":[{"href":"https:\/\/cuernavaca.gob.mx\/index.php?rest_route=\/wp\/v2\/posts\/21619"}],"collection":[{"href":"https:\/\/cuernavaca.gob.mx\/index.php?rest_route=\/wp\/v2\/posts"}],"about":[{"href":"https:\/\/cuernavaca.gob.mx\/index.php?rest_route=\/wp\/v2\/types\/post"}],"author":[{"embeddable":true,"href":"https:\/\/cuernavaca.gob.mx\/index.php?rest_route=\/wp\/v2\/users\/1"}],"replies":[{"embeddable":true,"href":"https:\/\/cuernavaca.gob.mx\/index.php?rest_route=%2Fwp%2Fv2%2Fcomments&post=21619"}],"version-history":[{"count":2,"href":"https:\/\/cuernavaca.gob.mx\/index.php?rest_route=\/wp\/v2\/posts\/21619\/revisions"}],"predecessor-version":[{"id":21657,"href":"https:\/\/cuernavaca.gob.mx\/index.php?rest_route=\/wp\/v2\/posts\/21619\/revisions\/21657"}],"wp:featuredmedia":[{"embeddable":true,"href":"https:\/\/cuernavaca.gob.mx\/index.php?rest_route=\/wp\/v2\/media\/21626"}],"wp:attachment":[{"href":"https:\/\/cuernavaca.gob.mx\/index.php?rest_route=%2Fwp%2Fv2%2Fmedia&parent=21619"}],"wp:term":[{"taxonomy":"category","embeddable":true,"href":"https:\/\/cuernavaca.gob.mx\/index.php?rest_route=%2Fwp%2Fv2%2Fcategories&post=21619"},{"taxonomy":"post_tag","embeddable":true,"href":"https:\/\/cuernavaca.gob.mx\/index.php?rest_route=%2Fwp%2Fv2%2Ftags&post=21619"}],"curies":[{"name":"wp","href":"https:\/\/api.w.org\/{rel}","templated":true}]}}