{"id":21677,"date":"2022-11-18T18:29:58","date_gmt":"2022-11-19T00:29:58","guid":{"rendered":"https:\/\/cuernavaca.gob.mx\/?p=21677"},"modified":"2025-05-06T12:23:24","modified_gmt":"2025-05-06T18:23:24","slug":"b521-18-11-22-dif-cuernavaca-invita-a-artista-plasticos-pintores-y-escultores-a-sumarse-al-programa-el-arbol-de-la-bondad","status":"publish","type":"post","link":"https:\/\/cuernavaca.gob.mx\/?p=21677","title":{"rendered":"B521 18\/11\/22 DIF CUERNAVACA INVITA A ARTISTA PL\u00c1STICOS, PINTORES Y ESCULTORES A SUMARSE AL PROGRAMA \u201cEL \u00c1RBOL DE LA BONDAD\u201d"},"content":{"rendered":"\n<p>\u2022 La presidenta del Sistema DIF Cuernavaca, Luz Mar\u00eda Zagal, anunci\u00f3 esta convocatoria que busca, a trav\u00e9s del arte, la obtenci\u00f3n de fondos para la adquisici\u00f3n de equipo que se entregar\u00e1 a poblaci\u00f3n en situaci\u00f3n en vulnerabilidad<\/p>\n\n\n\n<p>\u2022 Se invita a los artistas consolidados y emergentes a intervenir una escultura del \u00e1rbol de la vida que ser\u00e1 subastada posteriormente para adquirir aparatos funcionales, sembrando bondad al intervenir un \u00e1rbol<\/p>\n\n\n\n<p>Como una manera de obtener los fondos suficientes para la adquisici\u00f3n de aparatos funcionales que ayuden a personas en estado de vulnerabilidad y no ateni\u00e9ndose tan solo a lo que presupuestalmente se asigna, que llega a no ser suficiente, el Sistema DIF Municipal de Cuernavaca hace una convocatoria abierta a pintores, escultores y artistas pl\u00e1sticos para sumarse al programa \u201cEl \u00e1rbol de la bondad\u201d, mediante el cual a trav\u00e9s de su arte transformar\u00e1n las circunstancias que hoy padecen muchas personas, mejorando su calidad de vida.<\/p>\n\n\n\n<p>En conferencia de prensa, la presidenta del Sistema DIF Municipal de Cuernavaca, Luz Mar\u00eda Zagal Guzm\u00e1n, explic\u00f3 que ante la imperiosa necesidad de allegarse de mayores recursos para seguir apoyando a la poblaci\u00f3n cuernavacense dada la insuficiencia econ\u00f3mica que ha padecido el organismo, dise\u00f1aron este programa a trav\u00e9s del cual cada artista podr\u00e1 intervenir con la expresi\u00f3n de su arte un ejemplar de la escultura del \u00e1rbol de la bondad, que posteriormente ser\u00e1n subastados p\u00fablicamente para la adquisici\u00f3n de los aparatos funcionales, como sillas de ruedas, bastones, andaderas, aparatos auditivos, hasta donde el recurso alcance.<\/p>\n\n\n\n<p>Con la asistencia de Jorge Cazares Clement, representantes del Consejo Municipal de las Artes y Cultura, la presidenta del DIF Cuernavaca, precis\u00f3 que estas esculturas que representan el tronco de un \u00e1rbol fueron hechas a base de cer\u00e1mica por la dise\u00f1adora Mariana Uri\u00f3stegui, con la idea de colocar ornamentos variados que representan los valores que motivan el trabajo de la instituci\u00f3n a su cargo, como son: el amor, la confianza, la solidaridad, la empat\u00eda, la dignidad y el respeto; al mostrar dos ejemplares que pintaron su hija Fernanda Uri\u00f3stegui y ella, con estilos libres y distintos entre s\u00ed, acent\u00fao, que todos los artistas podr\u00e1n plasmar el trabajo art\u00edstico que deseen.<\/p>\n\n\n\n<p>Las obras ser\u00e1n subastadas en un evento p\u00fablico a celebrarse en el mes de febrero del pr\u00f3ximo a\u00f1o y el dinero recaudado se invertir\u00e1 en los aparatos funcionales, los cuales ser\u00e1n entregados a las personas que lo necesiten acompa\u00f1ados de los artistas que as\u00ed lo deseen, certificando que el producto de su trabajo lleg\u00f3 a su destino.<\/p>\n\n\n\n<p>El Sistema DIF Municipal de Cuernavaca abri\u00f3 sus puertas tambi\u00e9n a los artistas que deseen donar alguna de sus obras ya hechas para que sean subastadas y el valor econ\u00f3mico recaudado se invierta en los aparatos funcionales o la compra de equipo para terapia de la Unidad B\u00e1sica de Rehabilitaci\u00f3n, que en tan solo 11 meses de la presente administraci\u00f3n ha beneficiado a cientos de ciudadanos.<\/p>\n\n\n\n<p>\u201cHemos denominado a este programa \u201cEl \u00e1rbol de la bondad\u201d porque eso representa, un sentimiento que cada artista plasmar\u00e1 en su trabajo para ayudar a otros que lo necesitan y no dudamos que su generosidad transformar\u00e1 las circunstancias que ahora padecen muchas personas. Interviniendo un \u00e1rbol, sembrar\u00e1n bondad\u201d, afirm\u00f3 Luz Mar\u00eda Zagal en presencia de los regidores Wendi Salinas Ruiz, Mirna Delgado Romero, Paz Hern\u00e1ndez Pardo, Christian P\u00e9rez Jaimes, Jes\u00fas Rosales Puebla, Adri\u00e1n Mart\u00ednez Terrazas, Fernando Carrillo Alvarado y V\u00edctor Manzo God\u00ednez.<\/p>\n\n\n\n<p>En este sentido, el presidente municipal, Jos\u00e9 Luis Uri\u00f3stegui Salgado, felicit\u00f3 a la presidenta del Sistema DIF Municipal de Cuernavaca y a su equipo porque no se quedan solo esperando a ver que el presupuesto del pr\u00f3ximo a\u00f1o mejore, sino impulsan la generaci\u00f3n de ingresos que puedan permitir la compra de estos aparatos que mucha gente necesita por medio distintas acciones que han tra\u00eddo grandes beneficios, como conf\u00eda ser\u00e1 este programa.<\/p>\n\n\n\n<p>La convocatoria est\u00e1 dirigida a artistas, pero no solo con un prestigio consolidado, sino tambi\u00e9n emergentes, ni\u00f1as, ni\u00f1os, adolescentes, j\u00f3venes y adultos cuyo arte pueda quedar plasmado en esos ejemplares, los interesados en sumarse al programa \u201cEl \u00e1rbol de la bondad\u201d deben dirigirse a partir de esta fecha y hasta el 15 de diciembre del presente a\u00f1o a las instalaciones del Sistema DIF Municipal de Cuernavaca de las 09:00 a las 15:00 horas donde les entregar\u00e1n la escultura, la cual tendr\u00e1n hasta el 15 de enero del 2023 para entregarlo.<\/p>\n\n\n\n<figure class=\"wp-container-2 wp-block-gallery-1 wp-block-gallery has-nested-images columns-default is-cropped\">\n<figure class=\"wp-block-image size-large\"><img loading=\"lazy\" width=\"1024\" height=\"682\" data-id=\"21684\"  src=\"https:\/\/cuernavaca.gob.mx\/wp-content\/uploads\/2022\/11\/WhatsApp-Image-2022-11-18-at-4.20.23-PM5-1024x682.jpeg\" alt=\"\" class=\"wp-image-21684\" srcset=\"https:\/\/cuernavaca.gob.mx\/wp-content\/uploads\/2022\/11\/WhatsApp-Image-2022-11-18-at-4.20.23-PM5-1024x682.jpeg 1024w, https:\/\/cuernavaca.gob.mx\/wp-content\/uploads\/2022\/11\/WhatsApp-Image-2022-11-18-at-4.20.23-PM5-300x200.jpeg 300w, https:\/\/cuernavaca.gob.mx\/wp-content\/uploads\/2022\/11\/WhatsApp-Image-2022-11-18-at-4.20.23-PM5-768x512.jpeg 768w, https:\/\/cuernavaca.gob.mx\/wp-content\/uploads\/2022\/11\/WhatsApp-Image-2022-11-18-at-4.20.23-PM5-600x400.jpeg 600w, https:\/\/cuernavaca.gob.mx\/wp-content\/uploads\/2022\/11\/WhatsApp-Image-2022-11-18-at-4.20.23-PM5-560x373.jpeg 560w, https:\/\/cuernavaca.gob.mx\/wp-content\/uploads\/2022\/11\/WhatsApp-Image-2022-11-18-at-4.20.23-PM5.jpeg 1280w\" sizes=\"(max-width: 1024px) 100vw, 1024px\" \/><\/figure>\n\n\n\n<figure class=\"wp-block-image size-large\"><img loading=\"lazy\" width=\"1024\" height=\"682\" data-id=\"21686\"  src=\"https:\/\/cuernavaca.gob.mx\/wp-content\/uploads\/2022\/11\/WhatsApp-Image-2022-11-18-at-4.20.23-PM4-1024x682.jpeg\" alt=\"\" class=\"wp-image-21686\" srcset=\"https:\/\/cuernavaca.gob.mx\/wp-content\/uploads\/2022\/11\/WhatsApp-Image-2022-11-18-at-4.20.23-PM4-1024x682.jpeg 1024w, https:\/\/cuernavaca.gob.mx\/wp-content\/uploads\/2022\/11\/WhatsApp-Image-2022-11-18-at-4.20.23-PM4-300x200.jpeg 300w, https:\/\/cuernavaca.gob.mx\/wp-content\/uploads\/2022\/11\/WhatsApp-Image-2022-11-18-at-4.20.23-PM4-768x512.jpeg 768w, https:\/\/cuernavaca.gob.mx\/wp-content\/uploads\/2022\/11\/WhatsApp-Image-2022-11-18-at-4.20.23-PM4-600x400.jpeg 600w, https:\/\/cuernavaca.gob.mx\/wp-content\/uploads\/2022\/11\/WhatsApp-Image-2022-11-18-at-4.20.23-PM4-560x373.jpeg 560w, https:\/\/cuernavaca.gob.mx\/wp-content\/uploads\/2022\/11\/WhatsApp-Image-2022-11-18-at-4.20.23-PM4.jpeg 1280w\" sizes=\"(max-width: 1024px) 100vw, 1024px\" \/><\/figure>\n\n\n\n<figure class=\"wp-block-image size-large\"><img loading=\"lazy\" width=\"1024\" height=\"682\" data-id=\"21690\"  src=\"https:\/\/cuernavaca.gob.mx\/wp-content\/uploads\/2022\/11\/WhatsApp-Image-2022-11-18-at-4.20.23-PM3-1024x682.jpeg\" alt=\"\" class=\"wp-image-21690\" srcset=\"https:\/\/cuernavaca.gob.mx\/wp-content\/uploads\/2022\/11\/WhatsApp-Image-2022-11-18-at-4.20.23-PM3-1024x682.jpeg 1024w, https:\/\/cuernavaca.gob.mx\/wp-content\/uploads\/2022\/11\/WhatsApp-Image-2022-11-18-at-4.20.23-PM3-300x200.jpeg 300w, https:\/\/cuernavaca.gob.mx\/wp-content\/uploads\/2022\/11\/WhatsApp-Image-2022-11-18-at-4.20.23-PM3-768x512.jpeg 768w, https:\/\/cuernavaca.gob.mx\/wp-content\/uploads\/2022\/11\/WhatsApp-Image-2022-11-18-at-4.20.23-PM3-600x400.jpeg 600w, https:\/\/cuernavaca.gob.mx\/wp-content\/uploads\/2022\/11\/WhatsApp-Image-2022-11-18-at-4.20.23-PM3-560x373.jpeg 560w, https:\/\/cuernavaca.gob.mx\/wp-content\/uploads\/2022\/11\/WhatsApp-Image-2022-11-18-at-4.20.23-PM3.jpeg 1280w\" sizes=\"(max-width: 1024px) 100vw, 1024px\" \/><\/figure>\n\n\n\n<figure class=\"wp-block-image size-large\"><img loading=\"lazy\" width=\"1024\" height=\"682\" data-id=\"21682\"  src=\"https:\/\/cuernavaca.gob.mx\/wp-content\/uploads\/2022\/11\/WhatsApp-Image-2022-11-18-at-4.20.23-PM2-1024x682.jpeg\" alt=\"\" class=\"wp-image-21682\" srcset=\"https:\/\/cuernavaca.gob.mx\/wp-content\/uploads\/2022\/11\/WhatsApp-Image-2022-11-18-at-4.20.23-PM2-1024x682.jpeg 1024w, https:\/\/cuernavaca.gob.mx\/wp-content\/uploads\/2022\/11\/WhatsApp-Image-2022-11-18-at-4.20.23-PM2-300x200.jpeg 300w, https:\/\/cuernavaca.gob.mx\/wp-content\/uploads\/2022\/11\/WhatsApp-Image-2022-11-18-at-4.20.23-PM2-768x512.jpeg 768w, https:\/\/cuernavaca.gob.mx\/wp-content\/uploads\/2022\/11\/WhatsApp-Image-2022-11-18-at-4.20.23-PM2-600x400.jpeg 600w, https:\/\/cuernavaca.gob.mx\/wp-content\/uploads\/2022\/11\/WhatsApp-Image-2022-11-18-at-4.20.23-PM2-560x373.jpeg 560w, https:\/\/cuernavaca.gob.mx\/wp-content\/uploads\/2022\/11\/WhatsApp-Image-2022-11-18-at-4.20.23-PM2.jpeg 1280w\" sizes=\"(max-width: 1024px) 100vw, 1024px\" \/><\/figure>\n\n\n\n<figure class=\"wp-block-image size-large\"><img loading=\"lazy\" width=\"1024\" height=\"682\" data-id=\"21685\"  src=\"https:\/\/cuernavaca.gob.mx\/wp-content\/uploads\/2022\/11\/WhatsApp-Image-2022-11-18-at-4.20.23-PM1-1024x682.jpeg\" alt=\"\" class=\"wp-image-21685\" srcset=\"https:\/\/cuernavaca.gob.mx\/wp-content\/uploads\/2022\/11\/WhatsApp-Image-2022-11-18-at-4.20.23-PM1-1024x682.jpeg 1024w, https:\/\/cuernavaca.gob.mx\/wp-content\/uploads\/2022\/11\/WhatsApp-Image-2022-11-18-at-4.20.23-PM1-300x200.jpeg 300w, https:\/\/cuernavaca.gob.mx\/wp-content\/uploads\/2022\/11\/WhatsApp-Image-2022-11-18-at-4.20.23-PM1-768x512.jpeg 768w, https:\/\/cuernavaca.gob.mx\/wp-content\/uploads\/2022\/11\/WhatsApp-Image-2022-11-18-at-4.20.23-PM1-600x400.jpeg 600w, https:\/\/cuernavaca.gob.mx\/wp-content\/uploads\/2022\/11\/WhatsApp-Image-2022-11-18-at-4.20.23-PM1-560x373.jpeg 560w, https:\/\/cuernavaca.gob.mx\/wp-content\/uploads\/2022\/11\/WhatsApp-Image-2022-11-18-at-4.20.23-PM1.jpeg 1280w\" sizes=\"(max-width: 1024px) 100vw, 1024px\" \/><\/figure>\n\n\n\n<figure class=\"wp-block-image size-large\"><img loading=\"lazy\" width=\"1024\" height=\"682\" data-id=\"21680\"  src=\"https:\/\/cuernavaca.gob.mx\/wp-content\/uploads\/2022\/11\/WhatsApp-Image-2022-11-18-at-4.20.23-PM-1024x682.jpeg\" alt=\"\" class=\"wp-image-21680\" srcset=\"https:\/\/cuernavaca.gob.mx\/wp-content\/uploads\/2022\/11\/WhatsApp-Image-2022-11-18-at-4.20.23-PM-1024x682.jpeg 1024w, https:\/\/cuernavaca.gob.mx\/wp-content\/uploads\/2022\/11\/WhatsApp-Image-2022-11-18-at-4.20.23-PM-300x200.jpeg 300w, https:\/\/cuernavaca.gob.mx\/wp-content\/uploads\/2022\/11\/WhatsApp-Image-2022-11-18-at-4.20.23-PM-768x512.jpeg 768w, https:\/\/cuernavaca.gob.mx\/wp-content\/uploads\/2022\/11\/WhatsApp-Image-2022-11-18-at-4.20.23-PM-600x400.jpeg 600w, https:\/\/cuernavaca.gob.mx\/wp-content\/uploads\/2022\/11\/WhatsApp-Image-2022-11-18-at-4.20.23-PM-560x373.jpeg 560w, https:\/\/cuernavaca.gob.mx\/wp-content\/uploads\/2022\/11\/WhatsApp-Image-2022-11-18-at-4.20.23-PM.jpeg 1280w\" sizes=\"(max-width: 1024px) 100vw, 1024px\" \/><\/figure>\n\n\n\n<figure class=\"wp-block-image size-large\"><img loading=\"lazy\" width=\"1024\" height=\"682\" data-id=\"21678\"  src=\"https:\/\/cuernavaca.gob.mx\/wp-content\/uploads\/2022\/11\/WhatsApp-Image-2022-11-18-at-4.20.22-PM5-1024x682.jpeg\" alt=\"\" class=\"wp-image-21678\" srcset=\"https:\/\/cuernavaca.gob.mx\/wp-content\/uploads\/2022\/11\/WhatsApp-Image-2022-11-18-at-4.20.22-PM5-1024x682.jpeg 1024w, https:\/\/cuernavaca.gob.mx\/wp-content\/uploads\/2022\/11\/WhatsApp-Image-2022-11-18-at-4.20.22-PM5-300x200.jpeg 300w, https:\/\/cuernavaca.gob.mx\/wp-content\/uploads\/2022\/11\/WhatsApp-Image-2022-11-18-at-4.20.22-PM5-768x512.jpeg 768w, https:\/\/cuernavaca.gob.mx\/wp-content\/uploads\/2022\/11\/WhatsApp-Image-2022-11-18-at-4.20.22-PM5-600x400.jpeg 600w, https:\/\/cuernavaca.gob.mx\/wp-content\/uploads\/2022\/11\/WhatsApp-Image-2022-11-18-at-4.20.22-PM5-560x373.jpeg 560w, https:\/\/cuernavaca.gob.mx\/wp-content\/uploads\/2022\/11\/WhatsApp-Image-2022-11-18-at-4.20.22-PM5.jpeg 1280w\" sizes=\"(max-width: 1024px) 100vw, 1024px\" \/><\/figure>\n\n\n\n<figure class=\"wp-block-image size-large\"><img loading=\"lazy\" width=\"1024\" height=\"682\" data-id=\"21679\"  src=\"https:\/\/cuernavaca.gob.mx\/wp-content\/uploads\/2022\/11\/WhatsApp-Image-2022-11-18-at-4.20.22-PM4-1024x682.jpeg\" alt=\"\" class=\"wp-image-21679\" srcset=\"https:\/\/cuernavaca.gob.mx\/wp-content\/uploads\/2022\/11\/WhatsApp-Image-2022-11-18-at-4.20.22-PM4-1024x682.jpeg 1024w, https:\/\/cuernavaca.gob.mx\/wp-content\/uploads\/2022\/11\/WhatsApp-Image-2022-11-18-at-4.20.22-PM4-300x200.jpeg 300w, https:\/\/cuernavaca.gob.mx\/wp-content\/uploads\/2022\/11\/WhatsApp-Image-2022-11-18-at-4.20.22-PM4-768x512.jpeg 768w, https:\/\/cuernavaca.gob.mx\/wp-content\/uploads\/2022\/11\/WhatsApp-Image-2022-11-18-at-4.20.22-PM4-600x400.jpeg 600w, https:\/\/cuernavaca.gob.mx\/wp-content\/uploads\/2022\/11\/WhatsApp-Image-2022-11-18-at-4.20.22-PM4-560x373.jpeg 560w, https:\/\/cuernavaca.gob.mx\/wp-content\/uploads\/2022\/11\/WhatsApp-Image-2022-11-18-at-4.20.22-PM4.jpeg 1280w\" sizes=\"(max-width: 1024px) 100vw, 1024px\" \/><\/figure>\n\n\n\n<figure class=\"wp-block-image size-large\"><img loading=\"lazy\" width=\"1024\" height=\"682\" data-id=\"21687\"  src=\"https:\/\/cuernavaca.gob.mx\/wp-content\/uploads\/2022\/11\/WhatsApp-Image-2022-11-18-at-4.20.22-PM3-1024x682.jpeg\" alt=\"\" class=\"wp-image-21687\" srcset=\"https:\/\/cuernavaca.gob.mx\/wp-content\/uploads\/2022\/11\/WhatsApp-Image-2022-11-18-at-4.20.22-PM3-1024x682.jpeg 1024w, https:\/\/cuernavaca.gob.mx\/wp-content\/uploads\/2022\/11\/WhatsApp-Image-2022-11-18-at-4.20.22-PM3-300x200.jpeg 300w, https:\/\/cuernavaca.gob.mx\/wp-content\/uploads\/2022\/11\/WhatsApp-Image-2022-11-18-at-4.20.22-PM3-768x512.jpeg 768w, https:\/\/cuernavaca.gob.mx\/wp-content\/uploads\/2022\/11\/WhatsApp-Image-2022-11-18-at-4.20.22-PM3-600x400.jpeg 600w, https:\/\/cuernavaca.gob.mx\/wp-content\/uploads\/2022\/11\/WhatsApp-Image-2022-11-18-at-4.20.22-PM3-560x373.jpeg 560w, https:\/\/cuernavaca.gob.mx\/wp-content\/uploads\/2022\/11\/WhatsApp-Image-2022-11-18-at-4.20.22-PM3.jpeg 1280w\" sizes=\"(max-width: 1024px) 100vw, 1024px\" \/><\/figure>\n\n\n\n<figure class=\"wp-block-image size-large\"><img loading=\"lazy\" width=\"1024\" height=\"682\" data-id=\"21681\"  src=\"https:\/\/cuernavaca.gob.mx\/wp-content\/uploads\/2022\/11\/WhatsApp-Image-2022-11-18-at-4.20.22-PM2-1024x682.jpeg\" alt=\"\" class=\"wp-image-21681\" srcset=\"https:\/\/cuernavaca.gob.mx\/wp-content\/uploads\/2022\/11\/WhatsApp-Image-2022-11-18-at-4.20.22-PM2-1024x682.jpeg 1024w, https:\/\/cuernavaca.gob.mx\/wp-content\/uploads\/2022\/11\/WhatsApp-Image-2022-11-18-at-4.20.22-PM2-300x200.jpeg 300w, https:\/\/cuernavaca.gob.mx\/wp-content\/uploads\/2022\/11\/WhatsApp-Image-2022-11-18-at-4.20.22-PM2-768x512.jpeg 768w, https:\/\/cuernavaca.gob.mx\/wp-content\/uploads\/2022\/11\/WhatsApp-Image-2022-11-18-at-4.20.22-PM2-600x400.jpeg 600w, https:\/\/cuernavaca.gob.mx\/wp-content\/uploads\/2022\/11\/WhatsApp-Image-2022-11-18-at-4.20.22-PM2-560x373.jpeg 560w, https:\/\/cuernavaca.gob.mx\/wp-content\/uploads\/2022\/11\/WhatsApp-Image-2022-11-18-at-4.20.22-PM2.jpeg 1280w\" sizes=\"(max-width: 1024px) 100vw, 1024px\" \/><\/figure>\n\n\n\n<figure class=\"wp-block-image size-large\"><img loading=\"lazy\" width=\"1024\" height=\"682\" data-id=\"21683\"  src=\"https:\/\/cuernavaca.gob.mx\/wp-content\/uploads\/2022\/11\/WhatsApp-Image-2022-11-18-at-4.20.22-PM1-1024x682.jpeg\" alt=\"\" class=\"wp-image-21683\" srcset=\"https:\/\/cuernavaca.gob.mx\/wp-content\/uploads\/2022\/11\/WhatsApp-Image-2022-11-18-at-4.20.22-PM1-1024x682.jpeg 1024w, https:\/\/cuernavaca.gob.mx\/wp-content\/uploads\/2022\/11\/WhatsApp-Image-2022-11-18-at-4.20.22-PM1-300x200.jpeg 300w, https:\/\/cuernavaca.gob.mx\/wp-content\/uploads\/2022\/11\/WhatsApp-Image-2022-11-18-at-4.20.22-PM1-768x512.jpeg 768w, https:\/\/cuernavaca.gob.mx\/wp-content\/uploads\/2022\/11\/WhatsApp-Image-2022-11-18-at-4.20.22-PM1-600x400.jpeg 600w, https:\/\/cuernavaca.gob.mx\/wp-content\/uploads\/2022\/11\/WhatsApp-Image-2022-11-18-at-4.20.22-PM1-560x373.jpeg 560w, https:\/\/cuernavaca.gob.mx\/wp-content\/uploads\/2022\/11\/WhatsApp-Image-2022-11-18-at-4.20.22-PM1.jpeg 1280w\" sizes=\"(max-width: 1024px) 100vw, 1024px\" \/><\/figure>\n\n\n\n<figure class=\"wp-block-image size-large\"><img loading=\"lazy\" width=\"1024\" height=\"682\" data-id=\"21689\"  src=\"https:\/\/cuernavaca.gob.mx\/wp-content\/uploads\/2022\/11\/WhatsApp-Image-2022-11-18-at-4.20.22-PM-1024x682.jpeg\" alt=\"\" class=\"wp-image-21689\" srcset=\"https:\/\/cuernavaca.gob.mx\/wp-content\/uploads\/2022\/11\/WhatsApp-Image-2022-11-18-at-4.20.22-PM-1024x682.jpeg 1024w, https:\/\/cuernavaca.gob.mx\/wp-content\/uploads\/2022\/11\/WhatsApp-Image-2022-11-18-at-4.20.22-PM-300x200.jpeg 300w, https:\/\/cuernavaca.gob.mx\/wp-content\/uploads\/2022\/11\/WhatsApp-Image-2022-11-18-at-4.20.22-PM-768x512.jpeg 768w, https:\/\/cuernavaca.gob.mx\/wp-content\/uploads\/2022\/11\/WhatsApp-Image-2022-11-18-at-4.20.22-PM-600x400.jpeg 600w, https:\/\/cuernavaca.gob.mx\/wp-content\/uploads\/2022\/11\/WhatsApp-Image-2022-11-18-at-4.20.22-PM-560x373.jpeg 560w, https:\/\/cuernavaca.gob.mx\/wp-content\/uploads\/2022\/11\/WhatsApp-Image-2022-11-18-at-4.20.22-PM.jpeg 1280w\" sizes=\"(max-width: 1024px) 100vw, 1024px\" \/><\/figure>\n\n\n\n<figure class=\"wp-block-image size-large\"><img loading=\"lazy\" width=\"1024\" height=\"682\" data-id=\"21688\"  src=\"https:\/\/cuernavaca.gob.mx\/wp-content\/uploads\/2022\/11\/WhatsApp-Image-2022-11-18-at-4.20.21-PM-1-1024x682.jpeg\" alt=\"\" class=\"wp-image-21688\" srcset=\"https:\/\/cuernavaca.gob.mx\/wp-content\/uploads\/2022\/11\/WhatsApp-Image-2022-11-18-at-4.20.21-PM-1-1024x682.jpeg 1024w, https:\/\/cuernavaca.gob.mx\/wp-content\/uploads\/2022\/11\/WhatsApp-Image-2022-11-18-at-4.20.21-PM-1-300x200.jpeg 300w, https:\/\/cuernavaca.gob.mx\/wp-content\/uploads\/2022\/11\/WhatsApp-Image-2022-11-18-at-4.20.21-PM-1-768x512.jpeg 768w, https:\/\/cuernavaca.gob.mx\/wp-content\/uploads\/2022\/11\/WhatsApp-Image-2022-11-18-at-4.20.21-PM-1-600x400.jpeg 600w, https:\/\/cuernavaca.gob.mx\/wp-content\/uploads\/2022\/11\/WhatsApp-Image-2022-11-18-at-4.20.21-PM-1-560x373.jpeg 560w, https:\/\/cuernavaca.gob.mx\/wp-content\/uploads\/2022\/11\/WhatsApp-Image-2022-11-18-at-4.20.21-PM-1.jpeg 1280w\" sizes=\"(max-width: 1024px) 100vw, 1024px\" \/><\/figure>\n<\/figure>\n","protected":false},"excerpt":{"rendered":"<p>\u2022 La presidenta del Sistema DIF Cuernavaca, Luz Mar\u00eda Zagal, anunci\u00f3 esta convocatoria que busca, a trav\u00e9s del arte, la obtenci\u00f3n de fondos para la adquisici\u00f3n de equipo que se entregar\u00e1 a poblaci\u00f3n en situaci\u00f3n en vulnerabilidad \u2022 Se invita a los artistas consolidados y emergentes a intervenir una escultura del \u00e1rbol de la vida [&hellip;]<\/p>\n","protected":false},"author":1,"featured_media":21682,"comment_status":"closed","ping_status":"open","sticky":false,"template":"","format":"standard","meta":[],"categories":[2292,862],"tags":[1300,121,190,2377,2646,120,206,2645,2647],"aioseo_notices":[],"_links":{"self":[{"href":"https:\/\/cuernavaca.gob.mx\/index.php?rest_route=\/wp\/v2\/posts\/21677"}],"collection":[{"href":"https:\/\/cuernavaca.gob.mx\/index.php?rest_route=\/wp\/v2\/posts"}],"about":[{"href":"https:\/\/cuernavaca.gob.mx\/index.php?rest_route=\/wp\/v2\/types\/post"}],"author":[{"embeddable":true,"href":"https:\/\/cuernavaca.gob.mx\/index.php?rest_route=\/wp\/v2\/users\/1"}],"replies":[{"embeddable":true,"href":"https:\/\/cuernavaca.gob.mx\/index.php?rest_route=%2Fwp%2Fv2%2Fcomments&post=21677"}],"version-history":[{"count":1,"href":"https:\/\/cuernavaca.gob.mx\/index.php?rest_route=\/wp\/v2\/posts\/21677\/revisions"}],"predecessor-version":[{"id":21691,"href":"https:\/\/cuernavaca.gob.mx\/index.php?rest_route=\/wp\/v2\/posts\/21677\/revisions\/21691"}],"wp:featuredmedia":[{"embeddable":true,"href":"https:\/\/cuernavaca.gob.mx\/index.php?rest_route=\/wp\/v2\/media\/21682"}],"wp:attachment":[{"href":"https:\/\/cuernavaca.gob.mx\/index.php?rest_route=%2Fwp%2Fv2%2Fmedia&parent=21677"}],"wp:term":[{"taxonomy":"category","embeddable":true,"href":"https:\/\/cuernavaca.gob.mx\/index.php?rest_route=%2Fwp%2Fv2%2Fcategories&post=21677"},{"taxonomy":"post_tag","embeddable":true,"href":"https:\/\/cuernavaca.gob.mx\/index.php?rest_route=%2Fwp%2Fv2%2Ftags&post=21677"}],"curies":[{"name":"wp","href":"https:\/\/api.w.org\/{rel}","templated":true}]}}