{"id":21700,"date":"2022-11-20T13:30:00","date_gmt":"2022-11-20T19:30:00","guid":{"rendered":"https:\/\/cuernavaca.gob.mx\/?p=21700"},"modified":"2025-05-06T12:23:23","modified_gmt":"2025-05-06T18:23:23","slug":"b523-20-11-22-resalta-jose-luis-uriostegui-la-preservacion-de-valores-civicos-en-la-celebracion-del-112-aniversario-de-la-revolucion-mexicana","status":"publish","type":"post","link":"https:\/\/cuernavaca.gob.mx\/?p=21700","title":{"rendered":"B523 20\/11\/22 RESALTA JOS\u00c9 LUIS URI\u00d3STEGUI LA PRESERVACI\u00d3N DE VALORES C\u00cdVICOS EN LA CELEBRACI\u00d3N DEL 112 ANIVERSARIO DE LA REVOLUCI\u00d3N MEXICANA"},"content":{"rendered":"\n<p><strong>\u2022 El presidente municipal de Cuernavaca particip\u00f3 en la Ceremonia y Desfile C\u00edvico-Deportivo que convoc\u00f3 a los tres poderes del Estado en Plaza de Armas<\/strong><\/p>\n\n\n\n<p><strong>\u2022 Tambi\u00e9n felicit\u00f3 y reconoci\u00f3 la dedicaci\u00f3n de los ganadores del Premio Estatal del Deporte 2022 y a participantes del Desfile C\u00edvico-Deportivo<\/strong><\/p>\n\n\n\n<p>Enaltecer los valores c\u00edvicos y preservar los principios que motivaron a hombres y mujeres a movilizarse, luchar, incluso sacrificar su vida a favor de derechos y libertades que hoy d\u00eda goza nuestro pa\u00eds, fue el pronunciamiento del presidente municipal de Cuernavaca, Jos\u00e9 Luis Uri\u00f3stegui Salgado, tras participar en la Ceremonia y Desfile C\u00edvico-Deportivo conmemorativo al 112 Aniversario de la Revoluci\u00f3n Mexicana.<\/p>\n\n\n\n<p>Acompa\u00f1ando a los representantes de los tres poderes de Gobierno en Plaza de Armas donde se llev\u00f3 a cabo la ceremonia protocolaria, el alcalde capitalino atestigu\u00f3 la entrega del Premio Estatal del Deporte 2022, que este a\u00f1o recibieron Amelia Espinosa Beltr\u00e1n, destacada en Tae Kwon Do al representar a M\u00e9xico en el campeonato mundial World Taekwondo Championships Guadalajara 2022; Frida Salgado Ortiz, seleccionada morelense en Para-Atletismo y Para-Tae Kwon Do, participando en las Sordol\u00edmpiadas realizadas en Brasil.<\/p>\n\n\n\n<p>El Premio Estatal del Deporte 2022 tambi\u00e9n se entreg\u00f3 a David Betancourt Olvera, Seleccionado Nacional de Kick Boxing que estuvo presente en el Campeonato Mundial en Jesolo, Italia, y en la modalidad de entrenador, fueron galardonados Wendy Lizette Garc\u00eda Pati\u00f1o, Entrenadora de Lucha Ol\u00edmpica, as\u00ed como Joel Rodr\u00edguez Flores, atleta especialista en nataci\u00f3n y aguas abiertas, con reconocimiento nacional e internacional.<\/p>\n\n\n\n<p>Posteriormente, Jos\u00e9 Luis Uri\u00f3stegui, acompa\u00f1\u00f3 al gobernador Cuauht\u00e9moc Blanco Bravo, al diputado presidente de la Mesa Directiva del Congreso del Estado, Francisco S\u00e1nchez Zavala y al magistrado presidente del Tribunal Superior de Justicia, Luis Jorge Gamboa Olea, a los balcones de Palacio de Gobierno, donde celebr\u00f3 la reanudaci\u00f3n del Desfile C\u00edvico-Deportivo conmemorativo al 112 Aniversario de la Revoluci\u00f3n Mexicana, que estuvo suspendido por dos a\u00f1os consecuencia de la pandemia por COVID 19, permitiendo ahora la participaci\u00f3n de cientos de j\u00f3venes estudiantes, maestras y maestros de instituciones de educaci\u00f3n b\u00e1sica de Cuernavaca y otros municipios convocados.<\/p>\n\n\n\n<figure class=\"wp-container-2 wp-block-gallery-1 wp-block-gallery has-nested-images columns-default is-cropped\">\n<figure class=\"wp-block-image size-large\"><img loading=\"lazy\" width=\"1024\" height=\"682\" data-id=\"21704\"  src=\"https:\/\/cuernavaca.gob.mx\/wp-content\/uploads\/2022\/11\/desfile-cuernavaca-1-1024x682.jpg\" alt=\"\" class=\"wp-image-21704\" srcset=\"https:\/\/cuernavaca.gob.mx\/wp-content\/uploads\/2022\/11\/desfile-cuernavaca-1-1024x682.jpg 1024w, https:\/\/cuernavaca.gob.mx\/wp-content\/uploads\/2022\/11\/desfile-cuernavaca-1-300x200.jpg 300w, https:\/\/cuernavaca.gob.mx\/wp-content\/uploads\/2022\/11\/desfile-cuernavaca-1-768x512.jpg 768w, https:\/\/cuernavaca.gob.mx\/wp-content\/uploads\/2022\/11\/desfile-cuernavaca-1-600x400.jpg 600w, https:\/\/cuernavaca.gob.mx\/wp-content\/uploads\/2022\/11\/desfile-cuernavaca-1-560x373.jpg 560w, https:\/\/cuernavaca.gob.mx\/wp-content\/uploads\/2022\/11\/desfile-cuernavaca-1.jpg 1280w\" sizes=\"(max-width: 1024px) 100vw, 1024px\" \/><\/figure>\n\n\n\n<figure class=\"wp-block-image\"><img alt=\"\"\/><\/figure>\n\n\n\n<figure class=\"wp-block-image\"><img alt=\"\"\/><\/figure>\n\n\n\n<figure class=\"wp-block-image size-large\"><img loading=\"lazy\" width=\"1024\" height=\"682\" data-id=\"21705\"  src=\"https:\/\/cuernavaca.gob.mx\/wp-content\/uploads\/2022\/11\/desfile-cuernavaca-4-1024x682.jpg\" alt=\"\" class=\"wp-image-21705\" srcset=\"https:\/\/cuernavaca.gob.mx\/wp-content\/uploads\/2022\/11\/desfile-cuernavaca-4-1024x682.jpg 1024w, https:\/\/cuernavaca.gob.mx\/wp-content\/uploads\/2022\/11\/desfile-cuernavaca-4-300x200.jpg 300w, https:\/\/cuernavaca.gob.mx\/wp-content\/uploads\/2022\/11\/desfile-cuernavaca-4-768x512.jpg 768w, https:\/\/cuernavaca.gob.mx\/wp-content\/uploads\/2022\/11\/desfile-cuernavaca-4-600x400.jpg 600w, https:\/\/cuernavaca.gob.mx\/wp-content\/uploads\/2022\/11\/desfile-cuernavaca-4-560x373.jpg 560w, https:\/\/cuernavaca.gob.mx\/wp-content\/uploads\/2022\/11\/desfile-cuernavaca-4.jpg 1280w\" sizes=\"(max-width: 1024px) 100vw, 1024px\" \/><\/figure>\n\n\n\n<figure class=\"wp-block-image\"><img alt=\"\"\/><\/figure>\n\n\n\n<figure class=\"wp-block-image size-large\"><img loading=\"lazy\" width=\"1024\" height=\"682\" data-id=\"21701\"  src=\"https:\/\/cuernavaca.gob.mx\/wp-content\/uploads\/2022\/11\/desfile-cuernavaca-6-1024x682.jpg\" alt=\"\" class=\"wp-image-21701\" srcset=\"https:\/\/cuernavaca.gob.mx\/wp-content\/uploads\/2022\/11\/desfile-cuernavaca-6-1024x682.jpg 1024w, https:\/\/cuernavaca.gob.mx\/wp-content\/uploads\/2022\/11\/desfile-cuernavaca-6-300x200.jpg 300w, https:\/\/cuernavaca.gob.mx\/wp-content\/uploads\/2022\/11\/desfile-cuernavaca-6-768x512.jpg 768w, https:\/\/cuernavaca.gob.mx\/wp-content\/uploads\/2022\/11\/desfile-cuernavaca-6-600x400.jpg 600w, https:\/\/cuernavaca.gob.mx\/wp-content\/uploads\/2022\/11\/desfile-cuernavaca-6-560x373.jpg 560w, https:\/\/cuernavaca.gob.mx\/wp-content\/uploads\/2022\/11\/desfile-cuernavaca-6.jpg 1280w\" sizes=\"(max-width: 1024px) 100vw, 1024px\" \/><\/figure>\n\n\n\n<figure class=\"wp-block-image size-large\"><img loading=\"lazy\" width=\"1024\" height=\"682\" data-id=\"21702\"  src=\"https:\/\/cuernavaca.gob.mx\/wp-content\/uploads\/2022\/11\/desfile-cuernavaca-7-1024x682.jpg\" alt=\"\" class=\"wp-image-21702\" srcset=\"https:\/\/cuernavaca.gob.mx\/wp-content\/uploads\/2022\/11\/desfile-cuernavaca-7-1024x682.jpg 1024w, https:\/\/cuernavaca.gob.mx\/wp-content\/uploads\/2022\/11\/desfile-cuernavaca-7-300x200.jpg 300w, https:\/\/cuernavaca.gob.mx\/wp-content\/uploads\/2022\/11\/desfile-cuernavaca-7-768x512.jpg 768w, https:\/\/cuernavaca.gob.mx\/wp-content\/uploads\/2022\/11\/desfile-cuernavaca-7-600x400.jpg 600w, https:\/\/cuernavaca.gob.mx\/wp-content\/uploads\/2022\/11\/desfile-cuernavaca-7-560x373.jpg 560w, https:\/\/cuernavaca.gob.mx\/wp-content\/uploads\/2022\/11\/desfile-cuernavaca-7.jpg 1280w\" sizes=\"(max-width: 1024px) 100vw, 1024px\" \/><\/figure>\n\n\n\n<figure class=\"wp-block-image\"><img alt=\"\"\/><\/figure>\n\n\n\n<figure class=\"wp-block-image\"><img alt=\"\"\/><\/figure>\n\n\n\n<figure class=\"wp-block-image\"><img alt=\"\"\/><\/figure>\n\n\n\n<figure class=\"wp-block-image size-large\"><img loading=\"lazy\" width=\"1024\" height=\"682\" data-id=\"21703\"  src=\"https:\/\/cuernavaca.gob.mx\/wp-content\/uploads\/2022\/11\/desfile-cuernavaca-12-1024x682.jpg\" alt=\"\" class=\"wp-image-21703\" srcset=\"https:\/\/cuernavaca.gob.mx\/wp-content\/uploads\/2022\/11\/desfile-cuernavaca-12-1024x682.jpg 1024w, https:\/\/cuernavaca.gob.mx\/wp-content\/uploads\/2022\/11\/desfile-cuernavaca-12-300x200.jpg 300w, https:\/\/cuernavaca.gob.mx\/wp-content\/uploads\/2022\/11\/desfile-cuernavaca-12-768x512.jpg 768w, https:\/\/cuernavaca.gob.mx\/wp-content\/uploads\/2022\/11\/desfile-cuernavaca-12-600x400.jpg 600w, https:\/\/cuernavaca.gob.mx\/wp-content\/uploads\/2022\/11\/desfile-cuernavaca-12-560x373.jpg 560w, https:\/\/cuernavaca.gob.mx\/wp-content\/uploads\/2022\/11\/desfile-cuernavaca-12.jpg 1280w\" sizes=\"(max-width: 1024px) 100vw, 1024px\" \/><\/figure>\n\n\n\n<figure class=\"wp-block-image size-large\"><img loading=\"lazy\" width=\"1024\" height=\"682\" data-id=\"21732\"  src=\"https:\/\/cuernavaca.gob.mx\/wp-content\/uploads\/2022\/11\/desfile-cuernavaca-13-1024x682.jpg\" alt=\"\" class=\"wp-image-21732\" srcset=\"https:\/\/cuernavaca.gob.mx\/wp-content\/uploads\/2022\/11\/desfile-cuernavaca-13-1024x682.jpg 1024w, https:\/\/cuernavaca.gob.mx\/wp-content\/uploads\/2022\/11\/desfile-cuernavaca-13-300x200.jpg 300w, https:\/\/cuernavaca.gob.mx\/wp-content\/uploads\/2022\/11\/desfile-cuernavaca-13-768x512.jpg 768w, https:\/\/cuernavaca.gob.mx\/wp-content\/uploads\/2022\/11\/desfile-cuernavaca-13-600x400.jpg 600w, https:\/\/cuernavaca.gob.mx\/wp-content\/uploads\/2022\/11\/desfile-cuernavaca-13-560x373.jpg 560w, https:\/\/cuernavaca.gob.mx\/wp-content\/uploads\/2022\/11\/desfile-cuernavaca-13.jpg 1280w\" sizes=\"(max-width: 1024px) 100vw, 1024px\" \/><\/figure>\n\n\n\n<figure class=\"wp-block-image size-large\"><img loading=\"lazy\" width=\"1024\" height=\"682\" data-id=\"21712\"  src=\"https:\/\/cuernavaca.gob.mx\/wp-content\/uploads\/2022\/11\/desfile-cuernavaca-14-1024x682.jpg\" alt=\"\" class=\"wp-image-21712\" srcset=\"https:\/\/cuernavaca.gob.mx\/wp-content\/uploads\/2022\/11\/desfile-cuernavaca-14-1024x682.jpg 1024w, https:\/\/cuernavaca.gob.mx\/wp-content\/uploads\/2022\/11\/desfile-cuernavaca-14-300x200.jpg 300w, https:\/\/cuernavaca.gob.mx\/wp-content\/uploads\/2022\/11\/desfile-cuernavaca-14-768x512.jpg 768w, https:\/\/cuernavaca.gob.mx\/wp-content\/uploads\/2022\/11\/desfile-cuernavaca-14-600x400.jpg 600w, https:\/\/cuernavaca.gob.mx\/wp-content\/uploads\/2022\/11\/desfile-cuernavaca-14-560x373.jpg 560w, https:\/\/cuernavaca.gob.mx\/wp-content\/uploads\/2022\/11\/desfile-cuernavaca-14.jpg 1280w\" sizes=\"(max-width: 1024px) 100vw, 1024px\" \/><\/figure>\n\n\n\n<figure class=\"wp-block-image size-large\"><img loading=\"lazy\" width=\"1024\" height=\"682\" data-id=\"21707\"  src=\"https:\/\/cuernavaca.gob.mx\/wp-content\/uploads\/2022\/11\/desfile-cuernavaca-15-1024x682.jpg\" alt=\"\" class=\"wp-image-21707\" srcset=\"https:\/\/cuernavaca.gob.mx\/wp-content\/uploads\/2022\/11\/desfile-cuernavaca-15-1024x682.jpg 1024w, https:\/\/cuernavaca.gob.mx\/wp-content\/uploads\/2022\/11\/desfile-cuernavaca-15-300x200.jpg 300w, https:\/\/cuernavaca.gob.mx\/wp-content\/uploads\/2022\/11\/desfile-cuernavaca-15-768x512.jpg 768w, https:\/\/cuernavaca.gob.mx\/wp-content\/uploads\/2022\/11\/desfile-cuernavaca-15-600x400.jpg 600w, https:\/\/cuernavaca.gob.mx\/wp-content\/uploads\/2022\/11\/desfile-cuernavaca-15-560x373.jpg 560w, https:\/\/cuernavaca.gob.mx\/wp-content\/uploads\/2022\/11\/desfile-cuernavaca-15.jpg 1280w\" sizes=\"(max-width: 1024px) 100vw, 1024px\" \/><\/figure>\n\n\n\n<figure class=\"wp-block-image size-large\"><img loading=\"lazy\" width=\"1024\" height=\"682\" data-id=\"21730\"  src=\"https:\/\/cuernavaca.gob.mx\/wp-content\/uploads\/2022\/11\/desfile-cuernavaca-16-1024x682.jpg\" alt=\"\" class=\"wp-image-21730\" srcset=\"https:\/\/cuernavaca.gob.mx\/wp-content\/uploads\/2022\/11\/desfile-cuernavaca-16-1024x682.jpg 1024w, https:\/\/cuernavaca.gob.mx\/wp-content\/uploads\/2022\/11\/desfile-cuernavaca-16-300x200.jpg 300w, https:\/\/cuernavaca.gob.mx\/wp-content\/uploads\/2022\/11\/desfile-cuernavaca-16-768x512.jpg 768w, https:\/\/cuernavaca.gob.mx\/wp-content\/uploads\/2022\/11\/desfile-cuernavaca-16-600x400.jpg 600w, https:\/\/cuernavaca.gob.mx\/wp-content\/uploads\/2022\/11\/desfile-cuernavaca-16-560x373.jpg 560w, https:\/\/cuernavaca.gob.mx\/wp-content\/uploads\/2022\/11\/desfile-cuernavaca-16.jpg 1280w\" sizes=\"(max-width: 1024px) 100vw, 1024px\" \/><\/figure>\n\n\n\n<figure class=\"wp-block-image size-large\"><img loading=\"lazy\" width=\"1024\" height=\"682\" data-id=\"21706\"  src=\"https:\/\/cuernavaca.gob.mx\/wp-content\/uploads\/2022\/11\/desfile-cuernavaca-17-1024x682.jpg\" alt=\"\" class=\"wp-image-21706\" srcset=\"https:\/\/cuernavaca.gob.mx\/wp-content\/uploads\/2022\/11\/desfile-cuernavaca-17-1024x682.jpg 1024w, https:\/\/cuernavaca.gob.mx\/wp-content\/uploads\/2022\/11\/desfile-cuernavaca-17-300x200.jpg 300w, https:\/\/cuernavaca.gob.mx\/wp-content\/uploads\/2022\/11\/desfile-cuernavaca-17-768x512.jpg 768w, https:\/\/cuernavaca.gob.mx\/wp-content\/uploads\/2022\/11\/desfile-cuernavaca-17-600x400.jpg 600w, https:\/\/cuernavaca.gob.mx\/wp-content\/uploads\/2022\/11\/desfile-cuernavaca-17-560x373.jpg 560w, https:\/\/cuernavaca.gob.mx\/wp-content\/uploads\/2022\/11\/desfile-cuernavaca-17.jpg 1280w\" sizes=\"(max-width: 1024px) 100vw, 1024px\" \/><\/figure>\n\n\n\n<figure class=\"wp-block-image size-large\"><img loading=\"lazy\" width=\"1024\" height=\"682\" data-id=\"21735\"  src=\"https:\/\/cuernavaca.gob.mx\/wp-content\/uploads\/2022\/11\/desfile-cuernavaca-18-1024x682.jpg\" alt=\"\" class=\"wp-image-21735\" srcset=\"https:\/\/cuernavaca.gob.mx\/wp-content\/uploads\/2022\/11\/desfile-cuernavaca-18-1024x682.jpg 1024w, https:\/\/cuernavaca.gob.mx\/wp-content\/uploads\/2022\/11\/desfile-cuernavaca-18-300x200.jpg 300w, https:\/\/cuernavaca.gob.mx\/wp-content\/uploads\/2022\/11\/desfile-cuernavaca-18-768x512.jpg 768w, https:\/\/cuernavaca.gob.mx\/wp-content\/uploads\/2022\/11\/desfile-cuernavaca-18-600x400.jpg 600w, https:\/\/cuernavaca.gob.mx\/wp-content\/uploads\/2022\/11\/desfile-cuernavaca-18-560x373.jpg 560w, https:\/\/cuernavaca.gob.mx\/wp-content\/uploads\/2022\/11\/desfile-cuernavaca-18.jpg 1280w\" sizes=\"(max-width: 1024px) 100vw, 1024px\" \/><\/figure>\n\n\n\n<figure class=\"wp-block-image size-large\"><img loading=\"lazy\" width=\"1024\" height=\"682\" data-id=\"21723\"  src=\"https:\/\/cuernavaca.gob.mx\/wp-content\/uploads\/2022\/11\/desfile-cuernavaca-19-1024x682.jpg\" alt=\"\" class=\"wp-image-21723\" srcset=\"https:\/\/cuernavaca.gob.mx\/wp-content\/uploads\/2022\/11\/desfile-cuernavaca-19-1024x682.jpg 1024w, https:\/\/cuernavaca.gob.mx\/wp-content\/uploads\/2022\/11\/desfile-cuernavaca-19-300x200.jpg 300w, https:\/\/cuernavaca.gob.mx\/wp-content\/uploads\/2022\/11\/desfile-cuernavaca-19-768x512.jpg 768w, https:\/\/cuernavaca.gob.mx\/wp-content\/uploads\/2022\/11\/desfile-cuernavaca-19-600x400.jpg 600w, https:\/\/cuernavaca.gob.mx\/wp-content\/uploads\/2022\/11\/desfile-cuernavaca-19-560x373.jpg 560w, https:\/\/cuernavaca.gob.mx\/wp-content\/uploads\/2022\/11\/desfile-cuernavaca-19.jpg 1280w\" sizes=\"(max-width: 1024px) 100vw, 1024px\" \/><\/figure>\n\n\n\n<figure class=\"wp-block-image size-large\"><img loading=\"lazy\" width=\"1024\" height=\"682\" data-id=\"21710\"  src=\"https:\/\/cuernavaca.gob.mx\/wp-content\/uploads\/2022\/11\/desfile-cuernavaca-20-1024x682.jpg\" alt=\"\" class=\"wp-image-21710\" srcset=\"https:\/\/cuernavaca.gob.mx\/wp-content\/uploads\/2022\/11\/desfile-cuernavaca-20-1024x682.jpg 1024w, https:\/\/cuernavaca.gob.mx\/wp-content\/uploads\/2022\/11\/desfile-cuernavaca-20-300x200.jpg 300w, https:\/\/cuernavaca.gob.mx\/wp-content\/uploads\/2022\/11\/desfile-cuernavaca-20-768x512.jpg 768w, https:\/\/cuernavaca.gob.mx\/wp-content\/uploads\/2022\/11\/desfile-cuernavaca-20-600x400.jpg 600w, https:\/\/cuernavaca.gob.mx\/wp-content\/uploads\/2022\/11\/desfile-cuernavaca-20-560x373.jpg 560w, https:\/\/cuernavaca.gob.mx\/wp-content\/uploads\/2022\/11\/desfile-cuernavaca-20.jpg 1280w\" sizes=\"(max-width: 1024px) 100vw, 1024px\" \/><\/figure>\n\n\n\n<figure class=\"wp-block-image size-large\"><img loading=\"lazy\" width=\"1024\" height=\"682\" data-id=\"21711\"  src=\"https:\/\/cuernavaca.gob.mx\/wp-content\/uploads\/2022\/11\/desfile-cuernavaca-21-1024x682.jpg\" alt=\"\" class=\"wp-image-21711\" srcset=\"https:\/\/cuernavaca.gob.mx\/wp-content\/uploads\/2022\/11\/desfile-cuernavaca-21-1024x682.jpg 1024w, https:\/\/cuernavaca.gob.mx\/wp-content\/uploads\/2022\/11\/desfile-cuernavaca-21-300x200.jpg 300w, https:\/\/cuernavaca.gob.mx\/wp-content\/uploads\/2022\/11\/desfile-cuernavaca-21-768x512.jpg 768w, https:\/\/cuernavaca.gob.mx\/wp-content\/uploads\/2022\/11\/desfile-cuernavaca-21-600x400.jpg 600w, https:\/\/cuernavaca.gob.mx\/wp-content\/uploads\/2022\/11\/desfile-cuernavaca-21-560x373.jpg 560w, https:\/\/cuernavaca.gob.mx\/wp-content\/uploads\/2022\/11\/desfile-cuernavaca-21.jpg 1280w\" sizes=\"(max-width: 1024px) 100vw, 1024px\" \/><\/figure>\n\n\n\n<figure class=\"wp-block-image size-large\"><img loading=\"lazy\" width=\"1024\" height=\"682\" data-id=\"21752\"  src=\"https:\/\/cuernavaca.gob.mx\/wp-content\/uploads\/2022\/11\/desfile-cuernavaca-22-1024x682.jpg\" alt=\"\" class=\"wp-image-21752\" srcset=\"https:\/\/cuernavaca.gob.mx\/wp-content\/uploads\/2022\/11\/desfile-cuernavaca-22-1024x682.jpg 1024w, https:\/\/cuernavaca.gob.mx\/wp-content\/uploads\/2022\/11\/desfile-cuernavaca-22-300x200.jpg 300w, https:\/\/cuernavaca.gob.mx\/wp-content\/uploads\/2022\/11\/desfile-cuernavaca-22-768x512.jpg 768w, https:\/\/cuernavaca.gob.mx\/wp-content\/uploads\/2022\/11\/desfile-cuernavaca-22-600x400.jpg 600w, https:\/\/cuernavaca.gob.mx\/wp-content\/uploads\/2022\/11\/desfile-cuernavaca-22-560x373.jpg 560w, https:\/\/cuernavaca.gob.mx\/wp-content\/uploads\/2022\/11\/desfile-cuernavaca-22.jpg 1280w\" sizes=\"(max-width: 1024px) 100vw, 1024px\" \/><\/figure>\n\n\n\n<figure class=\"wp-block-image size-large\"><img loading=\"lazy\" width=\"1024\" height=\"682\" data-id=\"21744\"  src=\"https:\/\/cuernavaca.gob.mx\/wp-content\/uploads\/2022\/11\/desfile-cuernavaca-23-1024x682.jpg\" alt=\"\" class=\"wp-image-21744\" srcset=\"https:\/\/cuernavaca.gob.mx\/wp-content\/uploads\/2022\/11\/desfile-cuernavaca-23-1024x682.jpg 1024w, https:\/\/cuernavaca.gob.mx\/wp-content\/uploads\/2022\/11\/desfile-cuernavaca-23-300x200.jpg 300w, https:\/\/cuernavaca.gob.mx\/wp-content\/uploads\/2022\/11\/desfile-cuernavaca-23-768x512.jpg 768w, https:\/\/cuernavaca.gob.mx\/wp-content\/uploads\/2022\/11\/desfile-cuernavaca-23-600x400.jpg 600w, https:\/\/cuernavaca.gob.mx\/wp-content\/uploads\/2022\/11\/desfile-cuernavaca-23-560x373.jpg 560w, https:\/\/cuernavaca.gob.mx\/wp-content\/uploads\/2022\/11\/desfile-cuernavaca-23.jpg 1280w\" sizes=\"(max-width: 1024px) 100vw, 1024px\" \/><\/figure>\n\n\n\n<figure class=\"wp-block-image size-large\"><img loading=\"lazy\" width=\"1024\" height=\"682\" data-id=\"21709\"  src=\"https:\/\/cuernavaca.gob.mx\/wp-content\/uploads\/2022\/11\/desfile-cuernavaca-24-1024x682.jpg\" alt=\"\" class=\"wp-image-21709\" srcset=\"https:\/\/cuernavaca.gob.mx\/wp-content\/uploads\/2022\/11\/desfile-cuernavaca-24-1024x682.jpg 1024w, https:\/\/cuernavaca.gob.mx\/wp-content\/uploads\/2022\/11\/desfile-cuernavaca-24-300x200.jpg 300w, https:\/\/cuernavaca.gob.mx\/wp-content\/uploads\/2022\/11\/desfile-cuernavaca-24-768x512.jpg 768w, https:\/\/cuernavaca.gob.mx\/wp-content\/uploads\/2022\/11\/desfile-cuernavaca-24-600x400.jpg 600w, https:\/\/cuernavaca.gob.mx\/wp-content\/uploads\/2022\/11\/desfile-cuernavaca-24-560x373.jpg 560w, https:\/\/cuernavaca.gob.mx\/wp-content\/uploads\/2022\/11\/desfile-cuernavaca-24.jpg 1280w\" sizes=\"(max-width: 1024px) 100vw, 1024px\" \/><\/figure>\n\n\n\n<figure class=\"wp-block-image size-large\"><img loading=\"lazy\" width=\"1024\" height=\"682\" data-id=\"21748\"  src=\"https:\/\/cuernavaca.gob.mx\/wp-content\/uploads\/2022\/11\/desfile-cuernavaca-25-1024x682.jpg\" alt=\"\" class=\"wp-image-21748\" srcset=\"https:\/\/cuernavaca.gob.mx\/wp-content\/uploads\/2022\/11\/desfile-cuernavaca-25-1024x682.jpg 1024w, https:\/\/cuernavaca.gob.mx\/wp-content\/uploads\/2022\/11\/desfile-cuernavaca-25-300x200.jpg 300w, https:\/\/cuernavaca.gob.mx\/wp-content\/uploads\/2022\/11\/desfile-cuernavaca-25-768x512.jpg 768w, https:\/\/cuernavaca.gob.mx\/wp-content\/uploads\/2022\/11\/desfile-cuernavaca-25-600x400.jpg 600w, https:\/\/cuernavaca.gob.mx\/wp-content\/uploads\/2022\/11\/desfile-cuernavaca-25-560x373.jpg 560w, https:\/\/cuernavaca.gob.mx\/wp-content\/uploads\/2022\/11\/desfile-cuernavaca-25.jpg 1280w\" sizes=\"(max-width: 1024px) 100vw, 1024px\" \/><\/figure>\n\n\n\n<figure class=\"wp-block-image size-large\"><img loading=\"lazy\" width=\"1024\" height=\"682\" data-id=\"21743\"  src=\"https:\/\/cuernavaca.gob.mx\/wp-content\/uploads\/2022\/11\/desfile-cuernavaca-26-1024x682.jpg\" alt=\"\" class=\"wp-image-21743\" srcset=\"https:\/\/cuernavaca.gob.mx\/wp-content\/uploads\/2022\/11\/desfile-cuernavaca-26-1024x682.jpg 1024w, https:\/\/cuernavaca.gob.mx\/wp-content\/uploads\/2022\/11\/desfile-cuernavaca-26-300x200.jpg 300w, https:\/\/cuernavaca.gob.mx\/wp-content\/uploads\/2022\/11\/desfile-cuernavaca-26-768x512.jpg 768w, https:\/\/cuernavaca.gob.mx\/wp-content\/uploads\/2022\/11\/desfile-cuernavaca-26-600x400.jpg 600w, https:\/\/cuernavaca.gob.mx\/wp-content\/uploads\/2022\/11\/desfile-cuernavaca-26-560x373.jpg 560w, https:\/\/cuernavaca.gob.mx\/wp-content\/uploads\/2022\/11\/desfile-cuernavaca-26.jpg 1280w\" sizes=\"(max-width: 1024px) 100vw, 1024px\" \/><\/figure>\n\n\n\n<figure class=\"wp-block-image size-large\"><img loading=\"lazy\" width=\"1024\" height=\"682\" data-id=\"21708\"  src=\"https:\/\/cuernavaca.gob.mx\/wp-content\/uploads\/2022\/11\/desfile-cuernavaca-27-1024x682.jpg\" alt=\"\" class=\"wp-image-21708\" srcset=\"https:\/\/cuernavaca.gob.mx\/wp-content\/uploads\/2022\/11\/desfile-cuernavaca-27-1024x682.jpg 1024w, https:\/\/cuernavaca.gob.mx\/wp-content\/uploads\/2022\/11\/desfile-cuernavaca-27-300x200.jpg 300w, https:\/\/cuernavaca.gob.mx\/wp-content\/uploads\/2022\/11\/desfile-cuernavaca-27-768x512.jpg 768w, https:\/\/cuernavaca.gob.mx\/wp-content\/uploads\/2022\/11\/desfile-cuernavaca-27-600x400.jpg 600w, https:\/\/cuernavaca.gob.mx\/wp-content\/uploads\/2022\/11\/desfile-cuernavaca-27-560x373.jpg 560w, https:\/\/cuernavaca.gob.mx\/wp-content\/uploads\/2022\/11\/desfile-cuernavaca-27.jpg 1280w\" sizes=\"(max-width: 1024px) 100vw, 1024px\" \/><\/figure>\n\n\n\n<figure class=\"wp-block-image\"><img alt=\"\"\/><\/figure>\n\n\n\n<figure class=\"wp-block-image\"><img alt=\"\"\/><\/figure>\n\n\n\n<figure class=\"wp-block-image size-large\"><img loading=\"lazy\" width=\"1024\" height=\"682\" data-id=\"21717\"  src=\"https:\/\/cuernavaca.gob.mx\/wp-content\/uploads\/2022\/11\/desfile-cuernavaca-30-1024x682.jpg\" alt=\"\" class=\"wp-image-21717\" srcset=\"https:\/\/cuernavaca.gob.mx\/wp-content\/uploads\/2022\/11\/desfile-cuernavaca-30-1024x682.jpg 1024w, https:\/\/cuernavaca.gob.mx\/wp-content\/uploads\/2022\/11\/desfile-cuernavaca-30-300x200.jpg 300w, https:\/\/cuernavaca.gob.mx\/wp-content\/uploads\/2022\/11\/desfile-cuernavaca-30-768x512.jpg 768w, https:\/\/cuernavaca.gob.mx\/wp-content\/uploads\/2022\/11\/desfile-cuernavaca-30-600x400.jpg 600w, https:\/\/cuernavaca.gob.mx\/wp-content\/uploads\/2022\/11\/desfile-cuernavaca-30-560x373.jpg 560w, https:\/\/cuernavaca.gob.mx\/wp-content\/uploads\/2022\/11\/desfile-cuernavaca-30.jpg 1280w\" sizes=\"(max-width: 1024px) 100vw, 1024px\" \/><\/figure>\n\n\n\n<figure class=\"wp-block-image size-large\"><img loading=\"lazy\" width=\"1024\" height=\"682\" data-id=\"21715\"  src=\"https:\/\/cuernavaca.gob.mx\/wp-content\/uploads\/2022\/11\/desfile-cuernavaca-31-1024x682.jpg\" alt=\"\" class=\"wp-image-21715\" srcset=\"https:\/\/cuernavaca.gob.mx\/wp-content\/uploads\/2022\/11\/desfile-cuernavaca-31-1024x682.jpg 1024w, https:\/\/cuernavaca.gob.mx\/wp-content\/uploads\/2022\/11\/desfile-cuernavaca-31-300x200.jpg 300w, https:\/\/cuernavaca.gob.mx\/wp-content\/uploads\/2022\/11\/desfile-cuernavaca-31-768x512.jpg 768w, https:\/\/cuernavaca.gob.mx\/wp-content\/uploads\/2022\/11\/desfile-cuernavaca-31-600x400.jpg 600w, https:\/\/cuernavaca.gob.mx\/wp-content\/uploads\/2022\/11\/desfile-cuernavaca-31-560x373.jpg 560w, https:\/\/cuernavaca.gob.mx\/wp-content\/uploads\/2022\/11\/desfile-cuernavaca-31.jpg 1280w\" sizes=\"(max-width: 1024px) 100vw, 1024px\" \/><\/figure>\n\n\n\n<figure class=\"wp-block-image size-large\"><img loading=\"lazy\" width=\"1024\" height=\"682\" data-id=\"21714\"  src=\"https:\/\/cuernavaca.gob.mx\/wp-content\/uploads\/2022\/11\/desfile-cuernavaca-32-1024x682.jpg\" alt=\"\" class=\"wp-image-21714\" srcset=\"https:\/\/cuernavaca.gob.mx\/wp-content\/uploads\/2022\/11\/desfile-cuernavaca-32-1024x682.jpg 1024w, https:\/\/cuernavaca.gob.mx\/wp-content\/uploads\/2022\/11\/desfile-cuernavaca-32-300x200.jpg 300w, https:\/\/cuernavaca.gob.mx\/wp-content\/uploads\/2022\/11\/desfile-cuernavaca-32-768x512.jpg 768w, https:\/\/cuernavaca.gob.mx\/wp-content\/uploads\/2022\/11\/desfile-cuernavaca-32-600x400.jpg 600w, https:\/\/cuernavaca.gob.mx\/wp-content\/uploads\/2022\/11\/desfile-cuernavaca-32-560x373.jpg 560w, https:\/\/cuernavaca.gob.mx\/wp-content\/uploads\/2022\/11\/desfile-cuernavaca-32.jpg 1280w\" sizes=\"(max-width: 1024px) 100vw, 1024px\" \/><\/figure>\n\n\n\n<figure class=\"wp-block-image size-large\"><img loading=\"lazy\" width=\"1024\" height=\"682\" data-id=\"21746\"  src=\"https:\/\/cuernavaca.gob.mx\/wp-content\/uploads\/2022\/11\/desfile-cuernavaca-33-1024x682.jpg\" alt=\"\" class=\"wp-image-21746\" srcset=\"https:\/\/cuernavaca.gob.mx\/wp-content\/uploads\/2022\/11\/desfile-cuernavaca-33-1024x682.jpg 1024w, https:\/\/cuernavaca.gob.mx\/wp-content\/uploads\/2022\/11\/desfile-cuernavaca-33-300x200.jpg 300w, https:\/\/cuernavaca.gob.mx\/wp-content\/uploads\/2022\/11\/desfile-cuernavaca-33-768x512.jpg 768w, https:\/\/cuernavaca.gob.mx\/wp-content\/uploads\/2022\/11\/desfile-cuernavaca-33-600x400.jpg 600w, https:\/\/cuernavaca.gob.mx\/wp-content\/uploads\/2022\/11\/desfile-cuernavaca-33-560x373.jpg 560w, https:\/\/cuernavaca.gob.mx\/wp-content\/uploads\/2022\/11\/desfile-cuernavaca-33.jpg 1280w\" sizes=\"(max-width: 1024px) 100vw, 1024px\" \/><\/figure>\n\n\n\n<figure class=\"wp-block-image\"><img alt=\"\"\/><\/figure>\n\n\n\n<figure class=\"wp-block-image size-large\"><img loading=\"lazy\" width=\"1024\" height=\"682\" data-id=\"21751\"  src=\"https:\/\/cuernavaca.gob.mx\/wp-content\/uploads\/2022\/11\/desfile-cuernavaca-35-1024x682.jpg\" alt=\"\" class=\"wp-image-21751\" srcset=\"https:\/\/cuernavaca.gob.mx\/wp-content\/uploads\/2022\/11\/desfile-cuernavaca-35-1024x682.jpg 1024w, https:\/\/cuernavaca.gob.mx\/wp-content\/uploads\/2022\/11\/desfile-cuernavaca-35-300x200.jpg 300w, https:\/\/cuernavaca.gob.mx\/wp-content\/uploads\/2022\/11\/desfile-cuernavaca-35-768x512.jpg 768w, https:\/\/cuernavaca.gob.mx\/wp-content\/uploads\/2022\/11\/desfile-cuernavaca-35-600x400.jpg 600w, https:\/\/cuernavaca.gob.mx\/wp-content\/uploads\/2022\/11\/desfile-cuernavaca-35-560x373.jpg 560w, https:\/\/cuernavaca.gob.mx\/wp-content\/uploads\/2022\/11\/desfile-cuernavaca-35.jpg 1280w\" sizes=\"(max-width: 1024px) 100vw, 1024px\" \/><\/figure>\n\n\n\n<figure class=\"wp-block-image size-large\"><img loading=\"lazy\" width=\"1024\" height=\"682\" data-id=\"21749\"  src=\"https:\/\/cuernavaca.gob.mx\/wp-content\/uploads\/2022\/11\/desfile-cuernavaca-36-1024x682.jpg\" alt=\"\" class=\"wp-image-21749\" srcset=\"https:\/\/cuernavaca.gob.mx\/wp-content\/uploads\/2022\/11\/desfile-cuernavaca-36-1024x682.jpg 1024w, https:\/\/cuernavaca.gob.mx\/wp-content\/uploads\/2022\/11\/desfile-cuernavaca-36-300x200.jpg 300w, https:\/\/cuernavaca.gob.mx\/wp-content\/uploads\/2022\/11\/desfile-cuernavaca-36-768x512.jpg 768w, https:\/\/cuernavaca.gob.mx\/wp-content\/uploads\/2022\/11\/desfile-cuernavaca-36-600x400.jpg 600w, https:\/\/cuernavaca.gob.mx\/wp-content\/uploads\/2022\/11\/desfile-cuernavaca-36-560x373.jpg 560w, https:\/\/cuernavaca.gob.mx\/wp-content\/uploads\/2022\/11\/desfile-cuernavaca-36.jpg 1280w\" sizes=\"(max-width: 1024px) 100vw, 1024px\" \/><\/figure>\n\n\n\n<figure class=\"wp-block-image size-large\"><img loading=\"lazy\" width=\"1024\" height=\"682\" data-id=\"21740\"  src=\"https:\/\/cuernavaca.gob.mx\/wp-content\/uploads\/2022\/11\/desfile-cuernavaca-37-1024x682.jpg\" alt=\"\" class=\"wp-image-21740\" srcset=\"https:\/\/cuernavaca.gob.mx\/wp-content\/uploads\/2022\/11\/desfile-cuernavaca-37-1024x682.jpg 1024w, https:\/\/cuernavaca.gob.mx\/wp-content\/uploads\/2022\/11\/desfile-cuernavaca-37-300x200.jpg 300w, https:\/\/cuernavaca.gob.mx\/wp-content\/uploads\/2022\/11\/desfile-cuernavaca-37-768x512.jpg 768w, https:\/\/cuernavaca.gob.mx\/wp-content\/uploads\/2022\/11\/desfile-cuernavaca-37-600x400.jpg 600w, https:\/\/cuernavaca.gob.mx\/wp-content\/uploads\/2022\/11\/desfile-cuernavaca-37-560x373.jpg 560w, https:\/\/cuernavaca.gob.mx\/wp-content\/uploads\/2022\/11\/desfile-cuernavaca-37.jpg 1280w\" sizes=\"(max-width: 1024px) 100vw, 1024px\" \/><\/figure>\n\n\n\n<figure class=\"wp-block-image size-large\"><img loading=\"lazy\" width=\"1024\" height=\"682\" data-id=\"21713\"  src=\"https:\/\/cuernavaca.gob.mx\/wp-content\/uploads\/2022\/11\/desfile-cuernavaca-38-1024x682.jpg\" alt=\"\" class=\"wp-image-21713\" srcset=\"https:\/\/cuernavaca.gob.mx\/wp-content\/uploads\/2022\/11\/desfile-cuernavaca-38-1024x682.jpg 1024w, https:\/\/cuernavaca.gob.mx\/wp-content\/uploads\/2022\/11\/desfile-cuernavaca-38-300x200.jpg 300w, https:\/\/cuernavaca.gob.mx\/wp-content\/uploads\/2022\/11\/desfile-cuernavaca-38-768x512.jpg 768w, https:\/\/cuernavaca.gob.mx\/wp-content\/uploads\/2022\/11\/desfile-cuernavaca-38-600x400.jpg 600w, https:\/\/cuernavaca.gob.mx\/wp-content\/uploads\/2022\/11\/desfile-cuernavaca-38-560x373.jpg 560w, https:\/\/cuernavaca.gob.mx\/wp-content\/uploads\/2022\/11\/desfile-cuernavaca-38.jpg 1280w\" sizes=\"(max-width: 1024px) 100vw, 1024px\" \/><\/figure>\n\n\n\n<figure class=\"wp-block-image size-large\"><img loading=\"lazy\" width=\"1024\" height=\"682\" data-id=\"21716\"  src=\"https:\/\/cuernavaca.gob.mx\/wp-content\/uploads\/2022\/11\/desfile-cuernavaca-39-1024x682.jpg\" alt=\"\" class=\"wp-image-21716\" srcset=\"https:\/\/cuernavaca.gob.mx\/wp-content\/uploads\/2022\/11\/desfile-cuernavaca-39-1024x682.jpg 1024w, https:\/\/cuernavaca.gob.mx\/wp-content\/uploads\/2022\/11\/desfile-cuernavaca-39-300x200.jpg 300w, https:\/\/cuernavaca.gob.mx\/wp-content\/uploads\/2022\/11\/desfile-cuernavaca-39-768x512.jpg 768w, https:\/\/cuernavaca.gob.mx\/wp-content\/uploads\/2022\/11\/desfile-cuernavaca-39-600x400.jpg 600w, https:\/\/cuernavaca.gob.mx\/wp-content\/uploads\/2022\/11\/desfile-cuernavaca-39-560x373.jpg 560w, https:\/\/cuernavaca.gob.mx\/wp-content\/uploads\/2022\/11\/desfile-cuernavaca-39.jpg 1280w\" sizes=\"(max-width: 1024px) 100vw, 1024px\" \/><\/figure>\n\n\n\n<figure class=\"wp-block-image size-large\"><img loading=\"lazy\" width=\"1024\" height=\"682\" data-id=\"21737\"  src=\"https:\/\/cuernavaca.gob.mx\/wp-content\/uploads\/2022\/11\/desfile-cuernavaca-40-1024x682.jpg\" alt=\"\" class=\"wp-image-21737\" srcset=\"https:\/\/cuernavaca.gob.mx\/wp-content\/uploads\/2022\/11\/desfile-cuernavaca-40-1024x682.jpg 1024w, https:\/\/cuernavaca.gob.mx\/wp-content\/uploads\/2022\/11\/desfile-cuernavaca-40-300x200.jpg 300w, https:\/\/cuernavaca.gob.mx\/wp-content\/uploads\/2022\/11\/desfile-cuernavaca-40-768x512.jpg 768w, https:\/\/cuernavaca.gob.mx\/wp-content\/uploads\/2022\/11\/desfile-cuernavaca-40-600x400.jpg 600w, https:\/\/cuernavaca.gob.mx\/wp-content\/uploads\/2022\/11\/desfile-cuernavaca-40-560x373.jpg 560w, https:\/\/cuernavaca.gob.mx\/wp-content\/uploads\/2022\/11\/desfile-cuernavaca-40.jpg 1280w\" sizes=\"(max-width: 1024px) 100vw, 1024px\" \/><\/figure>\n\n\n\n<figure class=\"wp-block-image size-large\"><img loading=\"lazy\" width=\"1024\" height=\"682\" data-id=\"21718\"  src=\"https:\/\/cuernavaca.gob.mx\/wp-content\/uploads\/2022\/11\/desfile-cuernavaca-41-1024x682.jpg\" alt=\"\" class=\"wp-image-21718\" srcset=\"https:\/\/cuernavaca.gob.mx\/wp-content\/uploads\/2022\/11\/desfile-cuernavaca-41-1024x682.jpg 1024w, https:\/\/cuernavaca.gob.mx\/wp-content\/uploads\/2022\/11\/desfile-cuernavaca-41-300x200.jpg 300w, https:\/\/cuernavaca.gob.mx\/wp-content\/uploads\/2022\/11\/desfile-cuernavaca-41-768x512.jpg 768w, https:\/\/cuernavaca.gob.mx\/wp-content\/uploads\/2022\/11\/desfile-cuernavaca-41-600x400.jpg 600w, https:\/\/cuernavaca.gob.mx\/wp-content\/uploads\/2022\/11\/desfile-cuernavaca-41-560x373.jpg 560w, https:\/\/cuernavaca.gob.mx\/wp-content\/uploads\/2022\/11\/desfile-cuernavaca-41.jpg 1280w\" sizes=\"(max-width: 1024px) 100vw, 1024px\" \/><\/figure>\n\n\n\n<figure class=\"wp-block-image size-large\"><img loading=\"lazy\" width=\"1024\" height=\"682\" data-id=\"21750\"  src=\"https:\/\/cuernavaca.gob.mx\/wp-content\/uploads\/2022\/11\/desfile-cuernavaca-42-1024x682.jpg\" alt=\"\" class=\"wp-image-21750\" srcset=\"https:\/\/cuernavaca.gob.mx\/wp-content\/uploads\/2022\/11\/desfile-cuernavaca-42-1024x682.jpg 1024w, https:\/\/cuernavaca.gob.mx\/wp-content\/uploads\/2022\/11\/desfile-cuernavaca-42-300x200.jpg 300w, https:\/\/cuernavaca.gob.mx\/wp-content\/uploads\/2022\/11\/desfile-cuernavaca-42-768x512.jpg 768w, https:\/\/cuernavaca.gob.mx\/wp-content\/uploads\/2022\/11\/desfile-cuernavaca-42-600x400.jpg 600w, https:\/\/cuernavaca.gob.mx\/wp-content\/uploads\/2022\/11\/desfile-cuernavaca-42-560x373.jpg 560w, https:\/\/cuernavaca.gob.mx\/wp-content\/uploads\/2022\/11\/desfile-cuernavaca-42.jpg 1280w\" sizes=\"(max-width: 1024px) 100vw, 1024px\" \/><\/figure>\n\n\n\n<figure class=\"wp-block-image size-large\"><img loading=\"lazy\" width=\"1024\" height=\"682\" data-id=\"21733\"  src=\"https:\/\/cuernavaca.gob.mx\/wp-content\/uploads\/2022\/11\/desfile-cuernavaca-47-1024x682.jpg\" alt=\"\" class=\"wp-image-21733\" srcset=\"https:\/\/cuernavaca.gob.mx\/wp-content\/uploads\/2022\/11\/desfile-cuernavaca-47-1024x682.jpg 1024w, https:\/\/cuernavaca.gob.mx\/wp-content\/uploads\/2022\/11\/desfile-cuernavaca-47-300x200.jpg 300w, https:\/\/cuernavaca.gob.mx\/wp-content\/uploads\/2022\/11\/desfile-cuernavaca-47-768x512.jpg 768w, https:\/\/cuernavaca.gob.mx\/wp-content\/uploads\/2022\/11\/desfile-cuernavaca-47-600x400.jpg 600w, https:\/\/cuernavaca.gob.mx\/wp-content\/uploads\/2022\/11\/desfile-cuernavaca-47-560x373.jpg 560w, https:\/\/cuernavaca.gob.mx\/wp-content\/uploads\/2022\/11\/desfile-cuernavaca-47.jpg 1280w\" sizes=\"(max-width: 1024px) 100vw, 1024px\" \/><\/figure>\n\n\n\n<figure class=\"wp-block-image size-large\"><img loading=\"lazy\" width=\"1024\" height=\"682\" data-id=\"21754\"  src=\"https:\/\/cuernavaca.gob.mx\/wp-content\/uploads\/2022\/11\/desfile-cuernavaca-48-1024x682.jpg\" alt=\"\" class=\"wp-image-21754\" srcset=\"https:\/\/cuernavaca.gob.mx\/wp-content\/uploads\/2022\/11\/desfile-cuernavaca-48-1024x682.jpg 1024w, https:\/\/cuernavaca.gob.mx\/wp-content\/uploads\/2022\/11\/desfile-cuernavaca-48-300x200.jpg 300w, https:\/\/cuernavaca.gob.mx\/wp-content\/uploads\/2022\/11\/desfile-cuernavaca-48-768x512.jpg 768w, https:\/\/cuernavaca.gob.mx\/wp-content\/uploads\/2022\/11\/desfile-cuernavaca-48-600x400.jpg 600w, https:\/\/cuernavaca.gob.mx\/wp-content\/uploads\/2022\/11\/desfile-cuernavaca-48-560x373.jpg 560w, https:\/\/cuernavaca.gob.mx\/wp-content\/uploads\/2022\/11\/desfile-cuernavaca-48.jpg 1280w\" sizes=\"(max-width: 1024px) 100vw, 1024px\" \/><\/figure>\n\n\n\n<figure class=\"wp-block-image\"><img alt=\"\"\/><\/figure>\n\n\n\n<figure class=\"wp-block-image size-large\"><img loading=\"lazy\" width=\"1024\" height=\"682\" data-id=\"21721\"  src=\"https:\/\/cuernavaca.gob.mx\/wp-content\/uploads\/2022\/11\/desfile-cuernavaca-50-1024x682.jpg\" alt=\"\" class=\"wp-image-21721\" srcset=\"https:\/\/cuernavaca.gob.mx\/wp-content\/uploads\/2022\/11\/desfile-cuernavaca-50-1024x682.jpg 1024w, https:\/\/cuernavaca.gob.mx\/wp-content\/uploads\/2022\/11\/desfile-cuernavaca-50-300x200.jpg 300w, https:\/\/cuernavaca.gob.mx\/wp-content\/uploads\/2022\/11\/desfile-cuernavaca-50-768x512.jpg 768w, https:\/\/cuernavaca.gob.mx\/wp-content\/uploads\/2022\/11\/desfile-cuernavaca-50-600x400.jpg 600w, https:\/\/cuernavaca.gob.mx\/wp-content\/uploads\/2022\/11\/desfile-cuernavaca-50-560x373.jpg 560w, https:\/\/cuernavaca.gob.mx\/wp-content\/uploads\/2022\/11\/desfile-cuernavaca-50.jpg 1280w\" sizes=\"(max-width: 1024px) 100vw, 1024px\" \/><\/figure>\n\n\n\n<figure class=\"wp-block-image size-large\"><img loading=\"lazy\" width=\"1024\" height=\"682\" data-id=\"21722\"  src=\"https:\/\/cuernavaca.gob.mx\/wp-content\/uploads\/2022\/11\/desfile-cuernavaca-51-1024x682.jpg\" alt=\"\" class=\"wp-image-21722\" srcset=\"https:\/\/cuernavaca.gob.mx\/wp-content\/uploads\/2022\/11\/desfile-cuernavaca-51-1024x682.jpg 1024w, https:\/\/cuernavaca.gob.mx\/wp-content\/uploads\/2022\/11\/desfile-cuernavaca-51-300x200.jpg 300w, https:\/\/cuernavaca.gob.mx\/wp-content\/uploads\/2022\/11\/desfile-cuernavaca-51-768x512.jpg 768w, https:\/\/cuernavaca.gob.mx\/wp-content\/uploads\/2022\/11\/desfile-cuernavaca-51-600x400.jpg 600w, https:\/\/cuernavaca.gob.mx\/wp-content\/uploads\/2022\/11\/desfile-cuernavaca-51-560x373.jpg 560w, https:\/\/cuernavaca.gob.mx\/wp-content\/uploads\/2022\/11\/desfile-cuernavaca-51.jpg 1280w\" sizes=\"(max-width: 1024px) 100vw, 1024px\" \/><\/figure>\n\n\n\n<figure class=\"wp-block-image size-large\"><img loading=\"lazy\" width=\"1024\" height=\"682\" data-id=\"21719\"  src=\"https:\/\/cuernavaca.gob.mx\/wp-content\/uploads\/2022\/11\/desfile-cuernavaca-52-1024x682.jpg\" alt=\"\" class=\"wp-image-21719\" srcset=\"https:\/\/cuernavaca.gob.mx\/wp-content\/uploads\/2022\/11\/desfile-cuernavaca-52-1024x682.jpg 1024w, https:\/\/cuernavaca.gob.mx\/wp-content\/uploads\/2022\/11\/desfile-cuernavaca-52-300x200.jpg 300w, https:\/\/cuernavaca.gob.mx\/wp-content\/uploads\/2022\/11\/desfile-cuernavaca-52-768x512.jpg 768w, https:\/\/cuernavaca.gob.mx\/wp-content\/uploads\/2022\/11\/desfile-cuernavaca-52-600x400.jpg 600w, https:\/\/cuernavaca.gob.mx\/wp-content\/uploads\/2022\/11\/desfile-cuernavaca-52-560x373.jpg 560w, https:\/\/cuernavaca.gob.mx\/wp-content\/uploads\/2022\/11\/desfile-cuernavaca-52.jpg 1280w\" sizes=\"(max-width: 1024px) 100vw, 1024px\" \/><\/figure>\n\n\n\n<figure class=\"wp-block-image size-large\"><img loading=\"lazy\" width=\"1024\" height=\"682\" data-id=\"21745\"  src=\"https:\/\/cuernavaca.gob.mx\/wp-content\/uploads\/2022\/11\/desfile-cuernavaca-53-1024x682.jpg\" alt=\"\" class=\"wp-image-21745\" srcset=\"https:\/\/cuernavaca.gob.mx\/wp-content\/uploads\/2022\/11\/desfile-cuernavaca-53-1024x682.jpg 1024w, https:\/\/cuernavaca.gob.mx\/wp-content\/uploads\/2022\/11\/desfile-cuernavaca-53-300x200.jpg 300w, https:\/\/cuernavaca.gob.mx\/wp-content\/uploads\/2022\/11\/desfile-cuernavaca-53-768x512.jpg 768w, https:\/\/cuernavaca.gob.mx\/wp-content\/uploads\/2022\/11\/desfile-cuernavaca-53-600x400.jpg 600w, https:\/\/cuernavaca.gob.mx\/wp-content\/uploads\/2022\/11\/desfile-cuernavaca-53-560x373.jpg 560w, https:\/\/cuernavaca.gob.mx\/wp-content\/uploads\/2022\/11\/desfile-cuernavaca-53.jpg 1280w\" sizes=\"(max-width: 1024px) 100vw, 1024px\" \/><\/figure>\n\n\n\n<figure class=\"wp-block-image size-large\"><img loading=\"lazy\" width=\"1024\" height=\"682\" data-id=\"21738\"  src=\"https:\/\/cuernavaca.gob.mx\/wp-content\/uploads\/2022\/11\/desfile-cuernavaca-54-1024x682.jpg\" alt=\"\" class=\"wp-image-21738\" srcset=\"https:\/\/cuernavaca.gob.mx\/wp-content\/uploads\/2022\/11\/desfile-cuernavaca-54-1024x682.jpg 1024w, https:\/\/cuernavaca.gob.mx\/wp-content\/uploads\/2022\/11\/desfile-cuernavaca-54-300x200.jpg 300w, https:\/\/cuernavaca.gob.mx\/wp-content\/uploads\/2022\/11\/desfile-cuernavaca-54-768x512.jpg 768w, https:\/\/cuernavaca.gob.mx\/wp-content\/uploads\/2022\/11\/desfile-cuernavaca-54-600x400.jpg 600w, https:\/\/cuernavaca.gob.mx\/wp-content\/uploads\/2022\/11\/desfile-cuernavaca-54-560x373.jpg 560w, https:\/\/cuernavaca.gob.mx\/wp-content\/uploads\/2022\/11\/desfile-cuernavaca-54.jpg 1280w\" sizes=\"(max-width: 1024px) 100vw, 1024px\" \/><\/figure>\n\n\n\n<figure class=\"wp-block-image size-large\"><img loading=\"lazy\" width=\"1024\" height=\"682\" data-id=\"21741\"  src=\"https:\/\/cuernavaca.gob.mx\/wp-content\/uploads\/2022\/11\/desfile-cuernavaca-55-1024x682.jpg\" alt=\"\" class=\"wp-image-21741\" srcset=\"https:\/\/cuernavaca.gob.mx\/wp-content\/uploads\/2022\/11\/desfile-cuernavaca-55-1024x682.jpg 1024w, https:\/\/cuernavaca.gob.mx\/wp-content\/uploads\/2022\/11\/desfile-cuernavaca-55-300x200.jpg 300w, https:\/\/cuernavaca.gob.mx\/wp-content\/uploads\/2022\/11\/desfile-cuernavaca-55-768x512.jpg 768w, https:\/\/cuernavaca.gob.mx\/wp-content\/uploads\/2022\/11\/desfile-cuernavaca-55-600x400.jpg 600w, https:\/\/cuernavaca.gob.mx\/wp-content\/uploads\/2022\/11\/desfile-cuernavaca-55-560x373.jpg 560w, https:\/\/cuernavaca.gob.mx\/wp-content\/uploads\/2022\/11\/desfile-cuernavaca-55.jpg 1280w\" sizes=\"(max-width: 1024px) 100vw, 1024px\" \/><\/figure>\n\n\n\n<figure class=\"wp-block-image size-large\"><img loading=\"lazy\" width=\"1024\" height=\"682\" data-id=\"21739\"  src=\"https:\/\/cuernavaca.gob.mx\/wp-content\/uploads\/2022\/11\/desfile-cuernavaca-56-1024x682.jpg\" alt=\"\" class=\"wp-image-21739\" srcset=\"https:\/\/cuernavaca.gob.mx\/wp-content\/uploads\/2022\/11\/desfile-cuernavaca-56-1024x682.jpg 1024w, https:\/\/cuernavaca.gob.mx\/wp-content\/uploads\/2022\/11\/desfile-cuernavaca-56-300x200.jpg 300w, https:\/\/cuernavaca.gob.mx\/wp-content\/uploads\/2022\/11\/desfile-cuernavaca-56-768x512.jpg 768w, https:\/\/cuernavaca.gob.mx\/wp-content\/uploads\/2022\/11\/desfile-cuernavaca-56-600x400.jpg 600w, https:\/\/cuernavaca.gob.mx\/wp-content\/uploads\/2022\/11\/desfile-cuernavaca-56-560x373.jpg 560w, https:\/\/cuernavaca.gob.mx\/wp-content\/uploads\/2022\/11\/desfile-cuernavaca-56.jpg 1280w\" sizes=\"(max-width: 1024px) 100vw, 1024px\" \/><\/figure>\n\n\n\n<figure class=\"wp-block-image size-large\"><img loading=\"lazy\" width=\"1024\" height=\"682\" data-id=\"21753\"  src=\"https:\/\/cuernavaca.gob.mx\/wp-content\/uploads\/2022\/11\/desfile-cuernavaca-57-1024x682.jpg\" alt=\"\" class=\"wp-image-21753\" srcset=\"https:\/\/cuernavaca.gob.mx\/wp-content\/uploads\/2022\/11\/desfile-cuernavaca-57-1024x682.jpg 1024w, https:\/\/cuernavaca.gob.mx\/wp-content\/uploads\/2022\/11\/desfile-cuernavaca-57-300x200.jpg 300w, https:\/\/cuernavaca.gob.mx\/wp-content\/uploads\/2022\/11\/desfile-cuernavaca-57-768x512.jpg 768w, https:\/\/cuernavaca.gob.mx\/wp-content\/uploads\/2022\/11\/desfile-cuernavaca-57-600x400.jpg 600w, https:\/\/cuernavaca.gob.mx\/wp-content\/uploads\/2022\/11\/desfile-cuernavaca-57-560x373.jpg 560w, https:\/\/cuernavaca.gob.mx\/wp-content\/uploads\/2022\/11\/desfile-cuernavaca-57.jpg 1280w\" sizes=\"(max-width: 1024px) 100vw, 1024px\" \/><\/figure>\n\n\n\n<figure class=\"wp-block-image size-large\"><img loading=\"lazy\" width=\"1024\" height=\"682\" data-id=\"21734\"  src=\"https:\/\/cuernavaca.gob.mx\/wp-content\/uploads\/2022\/11\/desfile-cuernavaca-58-1024x682.jpg\" alt=\"\" class=\"wp-image-21734\" srcset=\"https:\/\/cuernavaca.gob.mx\/wp-content\/uploads\/2022\/11\/desfile-cuernavaca-58-1024x682.jpg 1024w, https:\/\/cuernavaca.gob.mx\/wp-content\/uploads\/2022\/11\/desfile-cuernavaca-58-300x200.jpg 300w, https:\/\/cuernavaca.gob.mx\/wp-content\/uploads\/2022\/11\/desfile-cuernavaca-58-768x512.jpg 768w, https:\/\/cuernavaca.gob.mx\/wp-content\/uploads\/2022\/11\/desfile-cuernavaca-58-600x400.jpg 600w, https:\/\/cuernavaca.gob.mx\/wp-content\/uploads\/2022\/11\/desfile-cuernavaca-58-560x373.jpg 560w, https:\/\/cuernavaca.gob.mx\/wp-content\/uploads\/2022\/11\/desfile-cuernavaca-58.jpg 1280w\" sizes=\"(max-width: 1024px) 100vw, 1024px\" \/><\/figure>\n\n\n\n<figure class=\"wp-block-image size-large\"><img loading=\"lazy\" width=\"1024\" height=\"682\" data-id=\"21742\"  src=\"https:\/\/cuernavaca.gob.mx\/wp-content\/uploads\/2022\/11\/desfile-cuernavaca-59-1024x682.jpg\" alt=\"\" class=\"wp-image-21742\" srcset=\"https:\/\/cuernavaca.gob.mx\/wp-content\/uploads\/2022\/11\/desfile-cuernavaca-59-1024x682.jpg 1024w, https:\/\/cuernavaca.gob.mx\/wp-content\/uploads\/2022\/11\/desfile-cuernavaca-59-300x200.jpg 300w, https:\/\/cuernavaca.gob.mx\/wp-content\/uploads\/2022\/11\/desfile-cuernavaca-59-768x512.jpg 768w, https:\/\/cuernavaca.gob.mx\/wp-content\/uploads\/2022\/11\/desfile-cuernavaca-59-600x400.jpg 600w, https:\/\/cuernavaca.gob.mx\/wp-content\/uploads\/2022\/11\/desfile-cuernavaca-59-560x373.jpg 560w, https:\/\/cuernavaca.gob.mx\/wp-content\/uploads\/2022\/11\/desfile-cuernavaca-59.jpg 1280w\" sizes=\"(max-width: 1024px) 100vw, 1024px\" \/><\/figure>\n\n\n\n<figure class=\"wp-block-image size-large\"><img loading=\"lazy\" width=\"1024\" height=\"682\" data-id=\"21747\"  src=\"https:\/\/cuernavaca.gob.mx\/wp-content\/uploads\/2022\/11\/desfile-cuernavaca-60-1024x682.jpg\" alt=\"\" class=\"wp-image-21747\" srcset=\"https:\/\/cuernavaca.gob.mx\/wp-content\/uploads\/2022\/11\/desfile-cuernavaca-60-1024x682.jpg 1024w, https:\/\/cuernavaca.gob.mx\/wp-content\/uploads\/2022\/11\/desfile-cuernavaca-60-300x200.jpg 300w, https:\/\/cuernavaca.gob.mx\/wp-content\/uploads\/2022\/11\/desfile-cuernavaca-60-768x512.jpg 768w, https:\/\/cuernavaca.gob.mx\/wp-content\/uploads\/2022\/11\/desfile-cuernavaca-60-600x400.jpg 600w, https:\/\/cuernavaca.gob.mx\/wp-content\/uploads\/2022\/11\/desfile-cuernavaca-60-560x373.jpg 560w, https:\/\/cuernavaca.gob.mx\/wp-content\/uploads\/2022\/11\/desfile-cuernavaca-60.jpg 1280w\" sizes=\"(max-width: 1024px) 100vw, 1024px\" \/><\/figure>\n\n\n\n<figure class=\"wp-block-image size-large\"><img loading=\"lazy\" width=\"1024\" height=\"682\" data-id=\"21736\"  src=\"https:\/\/cuernavaca.gob.mx\/wp-content\/uploads\/2022\/11\/desfile-cuernavaca-61-1024x682.jpg\" alt=\"\" class=\"wp-image-21736\" srcset=\"https:\/\/cuernavaca.gob.mx\/wp-content\/uploads\/2022\/11\/desfile-cuernavaca-61-1024x682.jpg 1024w, https:\/\/cuernavaca.gob.mx\/wp-content\/uploads\/2022\/11\/desfile-cuernavaca-61-300x200.jpg 300w, https:\/\/cuernavaca.gob.mx\/wp-content\/uploads\/2022\/11\/desfile-cuernavaca-61-768x512.jpg 768w, https:\/\/cuernavaca.gob.mx\/wp-content\/uploads\/2022\/11\/desfile-cuernavaca-61-600x400.jpg 600w, https:\/\/cuernavaca.gob.mx\/wp-content\/uploads\/2022\/11\/desfile-cuernavaca-61-560x373.jpg 560w, https:\/\/cuernavaca.gob.mx\/wp-content\/uploads\/2022\/11\/desfile-cuernavaca-61.jpg 1280w\" sizes=\"(max-width: 1024px) 100vw, 1024px\" \/><\/figure>\n\n\n\n<figure class=\"wp-block-image size-large\"><img loading=\"lazy\" width=\"1024\" height=\"682\" data-id=\"21720\"  src=\"https:\/\/cuernavaca.gob.mx\/wp-content\/uploads\/2022\/11\/desfile-cuernavaca-62-1024x682.jpg\" alt=\"\" class=\"wp-image-21720\" srcset=\"https:\/\/cuernavaca.gob.mx\/wp-content\/uploads\/2022\/11\/desfile-cuernavaca-62-1024x682.jpg 1024w, https:\/\/cuernavaca.gob.mx\/wp-content\/uploads\/2022\/11\/desfile-cuernavaca-62-300x200.jpg 300w, https:\/\/cuernavaca.gob.mx\/wp-content\/uploads\/2022\/11\/desfile-cuernavaca-62-768x512.jpg 768w, https:\/\/cuernavaca.gob.mx\/wp-content\/uploads\/2022\/11\/desfile-cuernavaca-62-600x400.jpg 600w, https:\/\/cuernavaca.gob.mx\/wp-content\/uploads\/2022\/11\/desfile-cuernavaca-62-560x373.jpg 560w, https:\/\/cuernavaca.gob.mx\/wp-content\/uploads\/2022\/11\/desfile-cuernavaca-62.jpg 1280w\" sizes=\"(max-width: 1024px) 100vw, 1024px\" \/><\/figure>\n\n\n\n<figure class=\"wp-block-image\"><img alt=\"\"\/><\/figure>\n\n\n\n<figure class=\"wp-block-image\"><img alt=\"\"\/><\/figure>\n\n\n\n<figure class=\"wp-block-image\"><img alt=\"\"\/><\/figure>\n\n\n\n<figure class=\"wp-block-image\"><img alt=\"\"\/><\/figure>\n\n\n\n<figure class=\"wp-block-image\"><img alt=\"\"\/><\/figure>\n\n\n\n<figure class=\"wp-block-image\"><img alt=\"\"\/><\/figure>\n\n\n\n<figure class=\"wp-block-image\"><img alt=\"\"\/><\/figure>\n\n\n\n<figure class=\"wp-block-image\"><img alt=\"\"\/><\/figure>\n\n\n\n<figure class=\"wp-block-image\"><img alt=\"\"\/><\/figure>\n\n\n\n<figure class=\"wp-block-image\"><img alt=\"\"\/><\/figure>\n\n\n\n<figure class=\"wp-block-image\"><img alt=\"\"\/><\/figure>\n<\/figure>\n","protected":false},"excerpt":{"rendered":"<p>\u2022 El presidente municipal de Cuernavaca particip\u00f3 en la Ceremonia y Desfile C\u00edvico-Deportivo que convoc\u00f3 a los tres poderes del Estado en Plaza de Armas \u2022 Tambi\u00e9n felicit\u00f3 y reconoci\u00f3 la dedicaci\u00f3n de los ganadores del Premio Estatal del Deporte 2022 y a participantes del Desfile C\u00edvico-Deportivo Enaltecer los valores c\u00edvicos y preservar los principios [&hellip;]<\/p>\n","protected":false},"author":1,"featured_media":21752,"comment_status":"closed","ping_status":"open","sticky":false,"template":"","format":"standard","meta":[],"categories":[20],"tags":[1568,2305,121,2651,586,120,2267,206,2652],"aioseo_notices":[],"_links":{"self":[{"href":"https:\/\/cuernavaca.gob.mx\/index.php?rest_route=\/wp\/v2\/posts\/21700"}],"collection":[{"href":"https:\/\/cuernavaca.gob.mx\/index.php?rest_route=\/wp\/v2\/posts"}],"about":[{"href":"https:\/\/cuernavaca.gob.mx\/index.php?rest_route=\/wp\/v2\/types\/post"}],"author":[{"embeddable":true,"href":"https:\/\/cuernavaca.gob.mx\/index.php?rest_route=\/wp\/v2\/users\/1"}],"replies":[{"embeddable":true,"href":"https:\/\/cuernavaca.gob.mx\/index.php?rest_route=%2Fwp%2Fv2%2Fcomments&post=21700"}],"version-history":[{"count":2,"href":"https:\/\/cuernavaca.gob.mx\/index.php?rest_route=\/wp\/v2\/posts\/21700\/revisions"}],"predecessor-version":[{"id":21759,"href":"https:\/\/cuernavaca.gob.mx\/index.php?rest_route=\/wp\/v2\/posts\/21700\/revisions\/21759"}],"wp:featuredmedia":[{"embeddable":true,"href":"https:\/\/cuernavaca.gob.mx\/index.php?rest_route=\/wp\/v2\/media\/21752"}],"wp:attachment":[{"href":"https:\/\/cuernavaca.gob.mx\/index.php?rest_route=%2Fwp%2Fv2%2Fmedia&parent=21700"}],"wp:term":[{"taxonomy":"category","embeddable":true,"href":"https:\/\/cuernavaca.gob.mx\/index.php?rest_route=%2Fwp%2Fv2%2Fcategories&post=21700"},{"taxonomy":"post_tag","embeddable":true,"href":"https:\/\/cuernavaca.gob.mx\/index.php?rest_route=%2Fwp%2Fv2%2Ftags&post=21700"}],"curies":[{"name":"wp","href":"https:\/\/api.w.org\/{rel}","templated":true}]}}