{"id":21780,"date":"2022-11-19T19:00:00","date_gmt":"2022-11-20T01:00:00","guid":{"rendered":"https:\/\/cuernavaca.gob.mx\/?p=21780"},"modified":"2025-05-06T12:23:23","modified_gmt":"2025-05-06T18:23:23","slug":"f233-19-11-22-cabildo-de-cuernavaca-reconocera-el-centenario-y-mas-de-trabajo-de-voceadores-y-expendedores-de-periodicos-revistas-y-similares","status":"publish","type":"post","link":"https:\/\/cuernavaca.gob.mx\/?p=21780","title":{"rendered":"F233 19\/11\/22 CABILDO DE CUERNAVACA RECONOCER\u00c1 EL CENTENARIO Y M\u00c0S DE TRABAJO DE VOCEADORES Y EXPENDEDORES DE PERI\u00d3DICOS, REVISTAS Y SIMILARES"},"content":{"rendered":"\n<p>Integrantes del Cabildo de Cuernavaca entregar\u00e1n un reconocimiento a la Uni\u00f3n de Voceadores y Expendedores de Peri\u00f3dicos, Revistas y Similares del Estado de Morelos A.C., por sus m\u00e1s de cien a\u00f1os de origen informando a la sociedad cuernavacense y abonando al desarrollo de la econom\u00eda de la ciudad.<\/p>\n\n\n\n<p>En sesi\u00f3n ordinaria, el presidente municipal, Jos\u00e9 Luis Uri\u00f3stegui Salgado, inform\u00f3 que de acuerdo a representantes de la Uni\u00f3n de Voceadores y Expendedores de Peri\u00f3dicos del municipio este gremio tiene m\u00e1s de 104 a\u00f1os de existencia, sirviendo para que mucha gente haga de este oficio una forma de vida l\u00edcita muy positiva que aporta a la poblaci\u00f3n.<\/p>\n\n\n\n<p>Se\u00f1al\u00f3 que el trabajo de los voceadores y expendedores ha sido de suma importancia en la sociedad, no solo al llevar informaci\u00f3n cercana a su domicilio a trav\u00e9s de la venta de peri\u00f3dicos y revistas, sino tambi\u00e9n al generar una comunidad importante, ya que este sector integra a cientos de personas que apuestan al desarrollo econ\u00f3mico de la ciudad.<\/p>\n\n\n\n<p>Por ello, y al estimar que todo ente colectivo que ha trascendido en el tiempo realizando actividades similares de una d\u00e9cada a otra, sirviendo a la sociedad desde esta forma de atenci\u00f3n, los miembros del cuerpo edilicio aprobaron el reconocimiento del municipio de Cuernavaca a la Uni\u00f3n de Voceadores y Expendedores de Peri\u00f3dicos, Revistas y Similares del Estado de Morelos A.C., que se llevar\u00e1 a cabo en pr\u00f3ximas fechas.<\/p>\n\n\n\n<figure class=\"wp-container-2 wp-block-gallery-1 wp-block-gallery has-nested-images columns-default is-cropped\">\n<figure class=\"wp-block-image size-large\"><img loading=\"lazy\" width=\"1024\" height=\"682\" data-id=\"21781\"  src=\"https:\/\/cuernavaca.gob.mx\/wp-content\/uploads\/2022\/11\/voceadores-cuernavaca-1-1024x682.jpg\" alt=\"\" class=\"wp-image-21781\" srcset=\"https:\/\/cuernavaca.gob.mx\/wp-content\/uploads\/2022\/11\/voceadores-cuernavaca-1-1024x682.jpg 1024w, https:\/\/cuernavaca.gob.mx\/wp-content\/uploads\/2022\/11\/voceadores-cuernavaca-1-300x200.jpg 300w, https:\/\/cuernavaca.gob.mx\/wp-content\/uploads\/2022\/11\/voceadores-cuernavaca-1-768x512.jpg 768w, https:\/\/cuernavaca.gob.mx\/wp-content\/uploads\/2022\/11\/voceadores-cuernavaca-1-600x400.jpg 600w, https:\/\/cuernavaca.gob.mx\/wp-content\/uploads\/2022\/11\/voceadores-cuernavaca-1-560x373.jpg 560w, https:\/\/cuernavaca.gob.mx\/wp-content\/uploads\/2022\/11\/voceadores-cuernavaca-1.jpg 1280w\" sizes=\"(max-width: 1024px) 100vw, 1024px\" \/><\/figure>\n\n\n\n<figure class=\"wp-block-image size-large\"><img loading=\"lazy\" width=\"1024\" height=\"682\" data-id=\"21782\"  src=\"https:\/\/cuernavaca.gob.mx\/wp-content\/uploads\/2022\/11\/voceadores-cuernavaca-2-1024x682.jpg\" alt=\"\" class=\"wp-image-21782\" srcset=\"https:\/\/cuernavaca.gob.mx\/wp-content\/uploads\/2022\/11\/voceadores-cuernavaca-2-1024x682.jpg 1024w, https:\/\/cuernavaca.gob.mx\/wp-content\/uploads\/2022\/11\/voceadores-cuernavaca-2-300x200.jpg 300w, https:\/\/cuernavaca.gob.mx\/wp-content\/uploads\/2022\/11\/voceadores-cuernavaca-2-768x512.jpg 768w, https:\/\/cuernavaca.gob.mx\/wp-content\/uploads\/2022\/11\/voceadores-cuernavaca-2-600x400.jpg 600w, https:\/\/cuernavaca.gob.mx\/wp-content\/uploads\/2022\/11\/voceadores-cuernavaca-2-560x373.jpg 560w, https:\/\/cuernavaca.gob.mx\/wp-content\/uploads\/2022\/11\/voceadores-cuernavaca-2.jpg 1280w\" sizes=\"(max-width: 1024px) 100vw, 1024px\" \/><\/figure>\n\n\n\n<figure class=\"wp-block-image size-large\"><img loading=\"lazy\" width=\"1024\" height=\"682\" data-id=\"21783\"  src=\"https:\/\/cuernavaca.gob.mx\/wp-content\/uploads\/2022\/11\/voceadores-cuernavaca-3-1024x682.jpg\" alt=\"\" class=\"wp-image-21783\" srcset=\"https:\/\/cuernavaca.gob.mx\/wp-content\/uploads\/2022\/11\/voceadores-cuernavaca-3-1024x682.jpg 1024w, https:\/\/cuernavaca.gob.mx\/wp-content\/uploads\/2022\/11\/voceadores-cuernavaca-3-300x200.jpg 300w, https:\/\/cuernavaca.gob.mx\/wp-content\/uploads\/2022\/11\/voceadores-cuernavaca-3-768x512.jpg 768w, https:\/\/cuernavaca.gob.mx\/wp-content\/uploads\/2022\/11\/voceadores-cuernavaca-3-600x400.jpg 600w, https:\/\/cuernavaca.gob.mx\/wp-content\/uploads\/2022\/11\/voceadores-cuernavaca-3-560x373.jpg 560w, https:\/\/cuernavaca.gob.mx\/wp-content\/uploads\/2022\/11\/voceadores-cuernavaca-3.jpg 1280w\" sizes=\"(max-width: 1024px) 100vw, 1024px\" \/><\/figure>\n<\/figure>\n","protected":false},"excerpt":{"rendered":"<p>Integrantes del Cabildo de Cuernavaca entregar\u00e1n un reconocimiento a la Uni\u00f3n de Voceadores y Expendedores de Peri\u00f3dicos, Revistas y Similares del Estado de Morelos A.C., por sus m\u00e1s de cien a\u00f1os de origen informando a la sociedad cuernavacense y abonando al desarrollo de la econom\u00eda de la ciudad. En sesi\u00f3n ordinaria, el presidente municipal, Jos\u00e9 [&hellip;]<\/p>\n","protected":false},"author":1,"featured_media":21783,"comment_status":"closed","ping_status":"open","sticky":false,"template":"","format":"standard","meta":[],"categories":[20],"tags":[158,121,1570,120,2655,712,2656,161,2654],"aioseo_notices":[],"_links":{"self":[{"href":"https:\/\/cuernavaca.gob.mx\/index.php?rest_route=\/wp\/v2\/posts\/21780"}],"collection":[{"href":"https:\/\/cuernavaca.gob.mx\/index.php?rest_route=\/wp\/v2\/posts"}],"about":[{"href":"https:\/\/cuernavaca.gob.mx\/index.php?rest_route=\/wp\/v2\/types\/post"}],"author":[{"embeddable":true,"href":"https:\/\/cuernavaca.gob.mx\/index.php?rest_route=\/wp\/v2\/users\/1"}],"replies":[{"embeddable":true,"href":"https:\/\/cuernavaca.gob.mx\/index.php?rest_route=%2Fwp%2Fv2%2Fcomments&post=21780"}],"version-history":[{"count":1,"href":"https:\/\/cuernavaca.gob.mx\/index.php?rest_route=\/wp\/v2\/posts\/21780\/revisions"}],"predecessor-version":[{"id":21784,"href":"https:\/\/cuernavaca.gob.mx\/index.php?rest_route=\/wp\/v2\/posts\/21780\/revisions\/21784"}],"wp:featuredmedia":[{"embeddable":true,"href":"https:\/\/cuernavaca.gob.mx\/index.php?rest_route=\/wp\/v2\/media\/21783"}],"wp:attachment":[{"href":"https:\/\/cuernavaca.gob.mx\/index.php?rest_route=%2Fwp%2Fv2%2Fmedia&parent=21780"}],"wp:term":[{"taxonomy":"category","embeddable":true,"href":"https:\/\/cuernavaca.gob.mx\/index.php?rest_route=%2Fwp%2Fv2%2Fcategories&post=21780"},{"taxonomy":"post_tag","embeddable":true,"href":"https:\/\/cuernavaca.gob.mx\/index.php?rest_route=%2Fwp%2Fv2%2Ftags&post=21780"}],"curies":[{"name":"wp","href":"https:\/\/api.w.org\/{rel}","templated":true}]}}