{"id":21893,"date":"2022-11-23T17:00:00","date_gmt":"2022-11-23T23:00:00","guid":{"rendered":"https:\/\/cuernavaca.gob.mx\/?p=21893"},"modified":"2025-05-06T12:23:20","modified_gmt":"2025-05-06T18:23:20","slug":"b532-23-11-22-presentan-regidores-programa-de-asistencia-y-apoyo-a-vecinos-de-cuernavaca","status":"publish","type":"post","link":"https:\/\/cuernavaca.gob.mx\/?p=21893","title":{"rendered":"B532 23\/11\/22 PRESENTAN REGIDORES PROGRAMA DE ASISTENCIA Y APOYO A VECINOS DE CUERNAVACA"},"content":{"rendered":"\n<p><strong>\u2022 El presidente municipal resalt\u00f3 la importancia de estas iniciativas que buscan mejorar la calidad de vida y desarrollo de la poblaci\u00f3n<\/strong><\/p>\n\n\n\n<p><strong>\u2022 Con la denominada \u201cRuta del Bienestar\u201d se acercar\u00e1n nueve programas sociales a las comunidades de la ciudad<\/strong><\/p>\n\n\n\n<p>El presidente municipal de Cuernavaca, Jos\u00e9 Luis Uri\u00f3stegui Salgado, atestigu\u00f3 este mi\u00e9rcoles la presentaci\u00f3n del programa \u201cRuta del Bienestar\u201d, que impuls\u00f3 el regidor Jes\u00fas Rosales Puebla con el apoyo de sus hom\u00f3logos del Cabildo, con lo que se acercaran nueve apoyos sociales a las comunidades de la ciudad y si as\u00ed se lo solicitan, para mejorar la calidad de vida y desarrollo de la poblaci\u00f3n.<\/p>\n\n\n\n<p>En la sede Papagayo del Ayuntamiento capitalino, Jos\u00e9 Luis Uri\u00f3stegui refiri\u00f3 que la autoridad municipal tiene hoy m\u00e1s obligaciones que antes porque en la Constituci\u00f3n Federal se contempla que les corresponden los servicios p\u00fablicos, pero en los \u00faltimos a\u00f1os se han agregado otros rubros, como la cultura, educaci\u00f3n, y salud, siendo la autoridad m\u00e1s cercana a la poblaci\u00f3n, por lo cual conf\u00edo que este programa, beneficiar\u00e1 a muchas personas.<\/p>\n\n\n\n<p>Precis\u00f3 que con el objetivo de transversalizar los programas y acciones de la presente administraci\u00f3n para resolver las problem\u00e1ticas que viven las familias cuernavacenses, tanto el Sistema DIF Municipal como la Secretar\u00eda de Desarrollo Humano y Participaci\u00f3n Social, cuentan con otros programas que podr\u00e1n complementarse, \u201ccuenten con que esta administraci\u00f3n seguir\u00e1 trabajando no solo para que renazca Cuernavaca, sino para lograr mejores \u00edndices de bienestar para quienes habitamos esta ciudad\u201d.<\/p>\n\n\n\n<p>Al uso de la palabra, el regidor presidente de la Comisi\u00f3n Participaci\u00f3n Ciudadana, Jes\u00fas Rosales, indic\u00f3 que los programas sociales que estar\u00e1 albergando la \u201cRuta del Bienestar\u201d son: \u201cIluminemos Cuernavaca\u201d, \u201cApoyo Alimentario\u201d, \u201cSalud para todos\u201d, \u201cJefas de Manzana\u201d, \u201cEnlace Ciudadano\u201d, \u201cCuerna Segura\u201d, \u201cJornadas de Mejoramiento de Barrio\u201d, \u201cParticipaci\u00f3n Ciudadana y Gesti\u00f3n Social\u201d, y \u201cDejando Huella\u201d.<\/p>\n\n\n\n<p>En este sentido, el regidor Debendrenath Salazar Solorio, manifest\u00f3 el respaldo de los integrantes del cuerpo edilicio para aportar, ayudar y sumarse con algunos otros programas a este proyecto que durante todo el trienio llegar\u00e1 a las personas que m\u00e1s lo necesitan.<\/p>\n\n\n\n<p>Al evento de presentaci\u00f3n y entrega de los primeros apoyos, asistieron los regidores en funciones Ximena Rom\u00e1n Peralta, Lucero Cuenca Noria, V\u00edctor Manzo God\u00ednez y Christian P\u00e9rez Jaimes, as\u00ed como la regidora con licencia Patricia Torres Rosales; como invitados especiales la regidora por Jojutla, Mirsa Su\u00e1rez Maldonado; el regidor de Tepoztl\u00e1n, Exaltaci\u00f3n Duarte Salmer\u00f3n; y las representaciones de la regidora de Temixco, Patricia Toledo Navarro y del diputado por el III Distrito, Alejandro Mart\u00ednez Berm\u00fadez.<\/p>\n\n\n\n<figure class=\"wp-container-2 wp-block-gallery-1 wp-block-gallery has-nested-images columns-default is-cropped\">\n<figure class=\"wp-block-image size-large\"><img loading=\"lazy\" width=\"1024\" height=\"682\" data-id=\"21894\"  src=\"https:\/\/cuernavaca.gob.mx\/wp-content\/uploads\/2022\/11\/ruta-del-bienestar-cuernavaca-1-1024x682.jpeg\" alt=\"\" class=\"wp-image-21894\" srcset=\"https:\/\/cuernavaca.gob.mx\/wp-content\/uploads\/2022\/11\/ruta-del-bienestar-cuernavaca-1-1024x682.jpeg 1024w, https:\/\/cuernavaca.gob.mx\/wp-content\/uploads\/2022\/11\/ruta-del-bienestar-cuernavaca-1-300x200.jpeg 300w, https:\/\/cuernavaca.gob.mx\/wp-content\/uploads\/2022\/11\/ruta-del-bienestar-cuernavaca-1-768x512.jpeg 768w, https:\/\/cuernavaca.gob.mx\/wp-content\/uploads\/2022\/11\/ruta-del-bienestar-cuernavaca-1-600x400.jpeg 600w, https:\/\/cuernavaca.gob.mx\/wp-content\/uploads\/2022\/11\/ruta-del-bienestar-cuernavaca-1-560x373.jpeg 560w, https:\/\/cuernavaca.gob.mx\/wp-content\/uploads\/2022\/11\/ruta-del-bienestar-cuernavaca-1.jpeg 1280w\" sizes=\"(max-width: 1024px) 100vw, 1024px\" \/><\/figure>\n\n\n\n<figure class=\"wp-block-image size-large\"><img loading=\"lazy\" width=\"1024\" height=\"682\" data-id=\"21897\"  src=\"https:\/\/cuernavaca.gob.mx\/wp-content\/uploads\/2022\/11\/ruta-del-bienestar-cuernavaca-2-1024x682.jpeg\" alt=\"\" class=\"wp-image-21897\" srcset=\"https:\/\/cuernavaca.gob.mx\/wp-content\/uploads\/2022\/11\/ruta-del-bienestar-cuernavaca-2-1024x682.jpeg 1024w, https:\/\/cuernavaca.gob.mx\/wp-content\/uploads\/2022\/11\/ruta-del-bienestar-cuernavaca-2-300x200.jpeg 300w, https:\/\/cuernavaca.gob.mx\/wp-content\/uploads\/2022\/11\/ruta-del-bienestar-cuernavaca-2-768x512.jpeg 768w, https:\/\/cuernavaca.gob.mx\/wp-content\/uploads\/2022\/11\/ruta-del-bienestar-cuernavaca-2-600x400.jpeg 600w, https:\/\/cuernavaca.gob.mx\/wp-content\/uploads\/2022\/11\/ruta-del-bienestar-cuernavaca-2-560x373.jpeg 560w, https:\/\/cuernavaca.gob.mx\/wp-content\/uploads\/2022\/11\/ruta-del-bienestar-cuernavaca-2.jpeg 1280w\" sizes=\"(max-width: 1024px) 100vw, 1024px\" \/><\/figure>\n\n\n\n<figure class=\"wp-block-image size-large\"><img loading=\"lazy\" width=\"1024\" height=\"682\" data-id=\"21898\"  src=\"https:\/\/cuernavaca.gob.mx\/wp-content\/uploads\/2022\/11\/ruta-del-bienestar-cuernavaca-3-1024x682.jpeg\" alt=\"\" class=\"wp-image-21898\" srcset=\"https:\/\/cuernavaca.gob.mx\/wp-content\/uploads\/2022\/11\/ruta-del-bienestar-cuernavaca-3-1024x682.jpeg 1024w, https:\/\/cuernavaca.gob.mx\/wp-content\/uploads\/2022\/11\/ruta-del-bienestar-cuernavaca-3-300x200.jpeg 300w, https:\/\/cuernavaca.gob.mx\/wp-content\/uploads\/2022\/11\/ruta-del-bienestar-cuernavaca-3-768x512.jpeg 768w, https:\/\/cuernavaca.gob.mx\/wp-content\/uploads\/2022\/11\/ruta-del-bienestar-cuernavaca-3-600x400.jpeg 600w, https:\/\/cuernavaca.gob.mx\/wp-content\/uploads\/2022\/11\/ruta-del-bienestar-cuernavaca-3-560x373.jpeg 560w, https:\/\/cuernavaca.gob.mx\/wp-content\/uploads\/2022\/11\/ruta-del-bienestar-cuernavaca-3.jpeg 1280w\" sizes=\"(max-width: 1024px) 100vw, 1024px\" \/><\/figure>\n\n\n\n<figure class=\"wp-block-image size-large\"><img loading=\"lazy\" width=\"1024\" height=\"682\" data-id=\"21895\"  src=\"https:\/\/cuernavaca.gob.mx\/wp-content\/uploads\/2022\/11\/ruta-del-bienestar-cuernavaca-4-1024x682.jpeg\" alt=\"\" class=\"wp-image-21895\" srcset=\"https:\/\/cuernavaca.gob.mx\/wp-content\/uploads\/2022\/11\/ruta-del-bienestar-cuernavaca-4-1024x682.jpeg 1024w, https:\/\/cuernavaca.gob.mx\/wp-content\/uploads\/2022\/11\/ruta-del-bienestar-cuernavaca-4-300x200.jpeg 300w, https:\/\/cuernavaca.gob.mx\/wp-content\/uploads\/2022\/11\/ruta-del-bienestar-cuernavaca-4-768x512.jpeg 768w, https:\/\/cuernavaca.gob.mx\/wp-content\/uploads\/2022\/11\/ruta-del-bienestar-cuernavaca-4-600x400.jpeg 600w, https:\/\/cuernavaca.gob.mx\/wp-content\/uploads\/2022\/11\/ruta-del-bienestar-cuernavaca-4-560x373.jpeg 560w, https:\/\/cuernavaca.gob.mx\/wp-content\/uploads\/2022\/11\/ruta-del-bienestar-cuernavaca-4.jpeg 1280w\" sizes=\"(max-width: 1024px) 100vw, 1024px\" \/><\/figure>\n\n\n\n<figure class=\"wp-block-image size-large\"><img loading=\"lazy\" width=\"1024\" height=\"682\" data-id=\"21900\"  src=\"https:\/\/cuernavaca.gob.mx\/wp-content\/uploads\/2022\/11\/ruta-del-bienestar-cuernavaca-5-1024x682.jpeg\" alt=\"\" class=\"wp-image-21900\" srcset=\"https:\/\/cuernavaca.gob.mx\/wp-content\/uploads\/2022\/11\/ruta-del-bienestar-cuernavaca-5-1024x682.jpeg 1024w, https:\/\/cuernavaca.gob.mx\/wp-content\/uploads\/2022\/11\/ruta-del-bienestar-cuernavaca-5-300x200.jpeg 300w, https:\/\/cuernavaca.gob.mx\/wp-content\/uploads\/2022\/11\/ruta-del-bienestar-cuernavaca-5-768x512.jpeg 768w, https:\/\/cuernavaca.gob.mx\/wp-content\/uploads\/2022\/11\/ruta-del-bienestar-cuernavaca-5-600x400.jpeg 600w, https:\/\/cuernavaca.gob.mx\/wp-content\/uploads\/2022\/11\/ruta-del-bienestar-cuernavaca-5-560x373.jpeg 560w, https:\/\/cuernavaca.gob.mx\/wp-content\/uploads\/2022\/11\/ruta-del-bienestar-cuernavaca-5.jpeg 1280w\" sizes=\"(max-width: 1024px) 100vw, 1024px\" \/><\/figure>\n\n\n\n<figure class=\"wp-block-image size-large\"><img loading=\"lazy\" width=\"1024\" height=\"682\" data-id=\"21896\"  src=\"https:\/\/cuernavaca.gob.mx\/wp-content\/uploads\/2022\/11\/ruta-del-bienestar-cuernavaca-6-1024x682.jpeg\" alt=\"\" class=\"wp-image-21896\" srcset=\"https:\/\/cuernavaca.gob.mx\/wp-content\/uploads\/2022\/11\/ruta-del-bienestar-cuernavaca-6-1024x682.jpeg 1024w, https:\/\/cuernavaca.gob.mx\/wp-content\/uploads\/2022\/11\/ruta-del-bienestar-cuernavaca-6-300x200.jpeg 300w, https:\/\/cuernavaca.gob.mx\/wp-content\/uploads\/2022\/11\/ruta-del-bienestar-cuernavaca-6-768x512.jpeg 768w, https:\/\/cuernavaca.gob.mx\/wp-content\/uploads\/2022\/11\/ruta-del-bienestar-cuernavaca-6-600x400.jpeg 600w, https:\/\/cuernavaca.gob.mx\/wp-content\/uploads\/2022\/11\/ruta-del-bienestar-cuernavaca-6-560x373.jpeg 560w, https:\/\/cuernavaca.gob.mx\/wp-content\/uploads\/2022\/11\/ruta-del-bienestar-cuernavaca-6.jpeg 1280w\" sizes=\"(max-width: 1024px) 100vw, 1024px\" \/><\/figure>\n\n\n\n<figure class=\"wp-block-image size-large\"><img loading=\"lazy\" width=\"1024\" height=\"682\" data-id=\"21899\"  src=\"https:\/\/cuernavaca.gob.mx\/wp-content\/uploads\/2022\/11\/ruta-del-bienestar-cuernavaca-7-1024x682.jpeg\" alt=\"\" class=\"wp-image-21899\" srcset=\"https:\/\/cuernavaca.gob.mx\/wp-content\/uploads\/2022\/11\/ruta-del-bienestar-cuernavaca-7-1024x682.jpeg 1024w, https:\/\/cuernavaca.gob.mx\/wp-content\/uploads\/2022\/11\/ruta-del-bienestar-cuernavaca-7-300x200.jpeg 300w, https:\/\/cuernavaca.gob.mx\/wp-content\/uploads\/2022\/11\/ruta-del-bienestar-cuernavaca-7-768x512.jpeg 768w, https:\/\/cuernavaca.gob.mx\/wp-content\/uploads\/2022\/11\/ruta-del-bienestar-cuernavaca-7-600x400.jpeg 600w, https:\/\/cuernavaca.gob.mx\/wp-content\/uploads\/2022\/11\/ruta-del-bienestar-cuernavaca-7-560x373.jpeg 560w, https:\/\/cuernavaca.gob.mx\/wp-content\/uploads\/2022\/11\/ruta-del-bienestar-cuernavaca-7.jpeg 1280w\" sizes=\"(max-width: 1024px) 100vw, 1024px\" \/><\/figure>\n<\/figure>\n","protected":false},"excerpt":{"rendered":"<p>\u2022 El presidente municipal resalt\u00f3 la importancia de estas iniciativas que buscan mejorar la calidad de vida y desarrollo de la poblaci\u00f3n \u2022 Con la denominada \u201cRuta del Bienestar\u201d se acercar\u00e1n nueve programas sociales a las comunidades de la ciudad El presidente municipal de Cuernavaca, Jos\u00e9 Luis Uri\u00f3stegui Salgado, atestigu\u00f3 este mi\u00e9rcoles la presentaci\u00f3n del [&hellip;]<\/p>\n","protected":false},"author":1,"featured_media":21900,"comment_status":"closed","ping_status":"open","sticky":false,"template":"","format":"standard","meta":[],"categories":[20],"tags":[2297,2523,2662,121,2663,120,206,2256],"aioseo_notices":[],"_links":{"self":[{"href":"https:\/\/cuernavaca.gob.mx\/index.php?rest_route=\/wp\/v2\/posts\/21893"}],"collection":[{"href":"https:\/\/cuernavaca.gob.mx\/index.php?rest_route=\/wp\/v2\/posts"}],"about":[{"href":"https:\/\/cuernavaca.gob.mx\/index.php?rest_route=\/wp\/v2\/types\/post"}],"author":[{"embeddable":true,"href":"https:\/\/cuernavaca.gob.mx\/index.php?rest_route=\/wp\/v2\/users\/1"}],"replies":[{"embeddable":true,"href":"https:\/\/cuernavaca.gob.mx\/index.php?rest_route=%2Fwp%2Fv2%2Fcomments&post=21893"}],"version-history":[{"count":1,"href":"https:\/\/cuernavaca.gob.mx\/index.php?rest_route=\/wp\/v2\/posts\/21893\/revisions"}],"predecessor-version":[{"id":21901,"href":"https:\/\/cuernavaca.gob.mx\/index.php?rest_route=\/wp\/v2\/posts\/21893\/revisions\/21901"}],"wp:featuredmedia":[{"embeddable":true,"href":"https:\/\/cuernavaca.gob.mx\/index.php?rest_route=\/wp\/v2\/media\/21900"}],"wp:attachment":[{"href":"https:\/\/cuernavaca.gob.mx\/index.php?rest_route=%2Fwp%2Fv2%2Fmedia&parent=21893"}],"wp:term":[{"taxonomy":"category","embeddable":true,"href":"https:\/\/cuernavaca.gob.mx\/index.php?rest_route=%2Fwp%2Fv2%2Fcategories&post=21893"},{"taxonomy":"post_tag","embeddable":true,"href":"https:\/\/cuernavaca.gob.mx\/index.php?rest_route=%2Fwp%2Fv2%2Ftags&post=21893"}],"curies":[{"name":"wp","href":"https:\/\/api.w.org\/{rel}","templated":true}]}}